{"id":252164,"date":"2025-04-11T11:35:00","date_gmt":"2025-04-11T14:35:00","guid":{"rendered":"https:\/\/www.gaveanews.com\/?p=252164"},"modified":"2025-04-11T11:32:09","modified_gmt":"2025-04-11T14:32:09","slug":"ele-deixou-o-flamengo-com-poucas-oportunidades-e-agora-esta-brilhando-na-elite-da-europa","status":"publish","type":"post","link":"https:\/\/www.gaveanews.com\/index.php\/2025\/04\/11\/ele-deixou-o-flamengo-com-poucas-oportunidades-e-agora-esta-brilhando-na-elite-da-europa\/","title":{"rendered":"Ele deixou o Flamengo com poucas oportunidades e agora est\u00e1 brilhando na elite da Europa"},"content":{"rendered":"\n<p>O futebol \u00e9 imprevis\u00edvel, e a trajet\u00f3ria de Kau\u00e3 Santos comprova isso. Sem muitas chances no Flamengo, o goleiro foi negociado com o Eintracht Frankfurt e, agora, brilha no futebol europeu. Nesta quinta-feira (10), ele foi o grande nome do empate em 1 a 1 contra o Tottenham, pelas quartas de final da Europa League, em Londres.<\/p>\n\n\n\n<h2 class=\"wp-block-heading\" id=\"h-atuacao-de-gala-contra-o-tottenham\">Atua\u00e7\u00e3o de gala contra o Tottenham<\/h2>\n\n\n\n<figure class=\"wp-block-image size-full\"><img loading=\"lazy\" decoding=\"async\" width=\"743\" height=\"478\" src=\"http:\/\/www.gaveanews.com\/wp-content\/uploads\/Kaua-Santos-cria-do-Flamengo-pelo-Eintracht-Frankfurt.webp\" alt=\"\" class=\"wp-image-172830\" srcset=\"https:\/\/www.gaveanews.com\/wp-content\/uploads\/Kaua-Santos-cria-do-Flamengo-pelo-Eintracht-Frankfurt.webp 743w, https:\/\/www.gaveanews.com\/wp-content\/uploads\/Kaua-Santos-cria-do-Flamengo-pelo-Eintracht-Frankfurt-300x194.webp 300w, https:\/\/www.gaveanews.com\/wp-content\/uploads\/Kaua-Santos-cria-do-Flamengo-pelo-Eintracht-Frankfurt-653x420.webp 653w, https:\/\/www.gaveanews.com\/wp-content\/uploads\/Kaua-Santos-cria-do-Flamengo-pelo-Eintracht-Frankfurt-341x220.webp 341w, https:\/\/www.gaveanews.com\/wp-content\/uploads\/Kaua-Santos-cria-do-Flamengo-pelo-Eintracht-Frankfurt-682x440.webp 682w, https:\/\/www.gaveanews.com\/wp-content\/uploads\/Kaua-Santos-cria-do-Flamengo-pelo-Eintracht-Frankfurt-640x412.webp 640w, https:\/\/www.gaveanews.com\/wp-content\/uploads\/Kaua-Santos-cria-do-Flamengo-pelo-Eintracht-Frankfurt-681x438.webp 681w, https:\/\/www.gaveanews.com\/wp-content\/uploads\/Kaua-Santos-cria-do-Flamengo-pelo-Eintracht-Frankfurt-100x64.webp 100w\" sizes=\"auto, (max-width: 743px) 100vw, 743px\" \/><figcaption class=\"wp-element-caption\">Kau\u00e3 Santos, cria do Flamengo, pelo Eintracht Frankfurt (Foto: Divulga\u00e7\u00e3o\/Eintracht Frankfurt)<\/figcaption><\/figure>\n\n\n\n<p>O Tottenham pressionou durante quase toda a partida e finalizou dez vezes ao longo dos 90 minutos, criando duas grandes oportunidades. No entanto, Kau\u00e3 Santos foi um verdadeiro pared\u00e3o.&nbsp;<\/p>\n\n\n\n<p>O jovem goleiro, revelado pelo Flamengo, fez cinco defesas decisivas e evitou a vit\u00f3ria da equipe inglesa mesmo jogando fora de casa. Isso porque os Spurs buscaram o gol o tempo todo, mas esbarraram na seguran\u00e7a do brasileiro.<\/p>\n\n\n\n<p>Os alem\u00e3es sa\u00edram na frente com Hugo Ekitik\u00e9, enquanto Pedro Porro empatou para os ingleses. Com isso, o Eintracht Frankfurt se manteve vivo na disputa por uma vaga na semifinal.<\/p>\n\n\n\n<h2 class=\"wp-block-heading\" id=\"h-cenario-aberto-para-a-decisao\">Cen\u00e1rio aberto para a decis\u00e3o<\/h2>\n\n\n\n<p>O empate em Londres deixou o Eintracht Frankfurt em boas condi\u00e7\u00f5es para avan\u00e7ar na Europa League. Isso porque, atuando em casa, a equipe alem\u00e3 precisa apenas de uma vit\u00f3ria simples para se classificar. Caso haja novo empate, a decis\u00e3o ir\u00e1 para a prorroga\u00e7\u00e3o e, se necess\u00e1rio, para os p\u00eanaltis.<\/p>\n\n\n\n<p>Portanto, Kau\u00e3 Santos pode ser novamente decisivo no duelo da volta, e seu desempenho segue chamando aten\u00e7\u00e3o no futebol europeu.<\/p>\n\n\n\n<h2 class=\"wp-block-heading\" id=\"h-venda-ao-frankfurt-e-porcentagem-do-flamengo\">Venda ao Frankfurt e porcentagem do Flamengo<\/h2>\n\n\n\n<p>O Flamengo negociou Kau\u00e3 Santos com o Eintracht Frankfurt em agosto de 2023 por 1,6 milh\u00e3o de euros (R$ 8,4 milh\u00f5es na cota\u00e7\u00e3o da \u00e9poca). Por\u00e9m, manteve 30% dos direitos econ\u00f4micos do goleiro. Dessa maneira, uma futura venda pode render bons valores aos cofres rubro-negros.<\/p>\n\n\n\n<h2 class=\"wp-block-heading\" id=\"h-o-flamengo-segue-focado-na-temporada\">O Flamengo segue focado na temporada<\/h2>\n\n\n\n<p>Enquanto Kau\u00e3 Santos se destaca na Europa, o Flamengo tem compromisso importante pela terceira rodada do Campeonato Brasileiro. A equipe de Filipe Lu\u00eds enfrenta o Gr\u00eamio, neste domingo (13), \u00e0s 17h30, em Porto Alegre.&nbsp;<\/p>\n\n\n\n<p>Vale destacar que o Rubro-Negro quer manter o bom in\u00edcio de campeonato e busca mais um triunfo fora de casa.<\/p>\n","protected":false},"excerpt":{"rendered":"<p>O futebol \u00e9 imprevis\u00edvel, e a trajet\u00f3ria de Kau\u00e3 Santos comprova isso. Sem muitas chances no Flamengo, o goleiro foi negociado com o Eintracht Frankfurt e, agora, brilha no futebol europeu. Nesta quinta-feira (10), ele foi o grande nome do empate em 1 a 1 contra o Tottenham, pelas quartas de final da Europa League, [&hellip;]<\/p>\n","protected":false},"author":25,"featured_media":124684,"comment_status":"open","ping_status":"closed","sticky":false,"template":"","format":"standard","meta":{"footnotes":""},"categories":[1],"tags":[],"class_list":["post-252164","post","type-post","status-publish","format-standard","has-post-thumbnail","hentry","category-flamengo"],"yoast_head":"<!-- This site is optimized with the Yoast SEO Premium plugin v24.2 (Yoast SEO v26.9) - https:\/\/yoast.com\/product\/yoast-seo-premium-wordpress\/ -->\n<title>Ele deixou o Flamengo com poucas oportunidades e agora est\u00e1 brilhando na elite da Europa<\/title>\n<meta name=\"robots\" content=\"index, follow, max-snippet:-1, max-image-preview:large, max-video-preview:-1\" \/>\n<link rel=\"canonical\" href=\"https:\/\/www.gaveanews.com\/index.php\/2025\/04\/11\/ele-deixou-o-flamengo-com-poucas-oportunidades-e-agora-esta-brilhando-na-elite-da-europa\/\" \/>\n<meta property=\"og:locale\" content=\"pt_BR\" \/>\n<meta property=\"og:type\" content=\"article\" \/>\n<meta property=\"og:title\" content=\"Ele deixou o Flamengo com poucas oportunidades e agora est\u00e1 brilhando na elite da Europa\" \/>\n<meta property=\"og:description\" content=\"O futebol \u00e9 imprevis\u00edvel, e a trajet\u00f3ria de Kau\u00e3 Santos comprova isso. Sem muitas chances no Flamengo, o goleiro foi negociado com o Eintracht Frankfurt e, agora, brilha no futebol europeu. Nesta quinta-feira (10), ele foi o grande nome do empate em 1 a 1 contra o Tottenham, pelas quartas de final da Europa League, [&hellip;]\" \/>\n<meta property=\"og:url\" content=\"https:\/\/www.gaveanews.com\/index.php\/2025\/04\/11\/ele-deixou-o-flamengo-com-poucas-oportunidades-e-agora-esta-brilhando-na-elite-da-europa\/\" \/>\n<meta property=\"og:site_name\" content=\"G\u00e1vea News\" \/>\n<meta property=\"article:publisher\" content=\"https:\/\/facebook.com\/gaveaNews\/\" \/>\n<meta property=\"article:published_time\" content=\"2025-04-11T14:35:00+00:00\" \/>\n<meta property=\"og:image\" content=\"https:\/\/www.gaveanews.com\/wp-content\/uploads\/escudoDoFlamengo.webp\" \/>\n\t<meta property=\"og:image:width\" content=\"1095\" \/>\n\t<meta property=\"og:image:height\" content=\"730\" \/>\n\t<meta property=\"og:image:type\" content=\"image\/webp\" \/>\n<meta name=\"author\" content=\"Rafaela Ladeira\" \/>\n<meta name=\"twitter:card\" content=\"summary_large_image\" \/>\n<meta name=\"twitter:label1\" content=\"Escrito por\" \/>\n\t<meta name=\"twitter:data1\" content=\"Rafaela Ladeira\" \/>\n\t<meta name=\"twitter:label2\" content=\"Est. tempo de leitura\" \/>\n\t<meta name=\"twitter:data2\" content=\"3 minutos\" \/>\n<script type=\"application\/ld+json\" class=\"yoast-schema-graph\">{\"@context\":\"https:\/\/schema.org\",\"@graph\":[{\"@type\":\"NewsArticle\",\"@id\":\"https:\/\/www.gaveanews.com\/index.php\/2025\/04\/11\/ele-deixou-o-flamengo-com-poucas-oportunidades-e-agora-esta-brilhando-na-elite-da-europa\/#article\",\"isPartOf\":{\"@id\":\"https:\/\/www.gaveanews.com\/index.php\/2025\/04\/11\/ele-deixou-o-flamengo-com-poucas-oportunidades-e-agora-esta-brilhando-na-elite-da-europa\/\"},\"author\":{\"name\":\"Rafaela Ladeira\",\"@id\":\"https:\/\/www.gaveanews.com\/#\/schema\/person\/0eb3e3fe1754f0205218538adbe8f5ed\"},\"headline\":\"Ele deixou o Flamengo com poucas oportunidades e agora est\u00e1 brilhando na elite da Europa\",\"datePublished\":\"2025-04-11T14:35:00+00:00\",\"mainEntityOfPage\":{\"@id\":\"https:\/\/www.gaveanews.com\/index.php\/2025\/04\/11\/ele-deixou-o-flamengo-com-poucas-oportunidades-e-agora-esta-brilhando-na-elite-da-europa\/\"},\"wordCount\":392,\"commentCount\":0,\"image\":{\"@id\":\"https:\/\/www.gaveanews.com\/index.php\/2025\/04\/11\/ele-deixou-o-flamengo-com-poucas-oportunidades-e-agora-esta-brilhando-na-elite-da-europa\/#primaryimage\"},\"thumbnailUrl\":\"https:\/\/www.gaveanews.com\/wp-content\/uploads\/escudoDoFlamengo.webp\",\"articleSection\":[\"Flamengo\"],\"inLanguage\":\"pt-BR\",\"potentialAction\":[{\"@type\":\"CommentAction\",\"name\":\"Comment\",\"target\":[\"https:\/\/www.gaveanews.com\/index.php\/2025\/04\/11\/ele-deixou-o-flamengo-com-poucas-oportunidades-e-agora-esta-brilhando-na-elite-da-europa\/#respond\"]}],\"copyrightYear\":\"2025\",\"copyrightHolder\":{\"@id\":\"https:\/\/www.gaveanews.com\/#organization\"}},{\"@type\":\"WebPage\",\"@id\":\"https:\/\/www.gaveanews.com\/index.php\/2025\/04\/11\/ele-deixou-o-flamengo-com-poucas-oportunidades-e-agora-esta-brilhando-na-elite-da-europa\/\",\"url\":\"https:\/\/www.gaveanews.com\/index.php\/2025\/04\/11\/ele-deixou-o-flamengo-com-poucas-oportunidades-e-agora-esta-brilhando-na-elite-da-europa\/\",\"name\":\"Ele deixou o Flamengo com poucas oportunidades e agora est\u00e1 brilhando na elite da Europa\",\"isPartOf\":{\"@id\":\"https:\/\/www.gaveanews.com\/#website\"},\"primaryImageOfPage\":{\"@id\":\"https:\/\/www.gaveanews.com\/index.php\/2025\/04\/11\/ele-deixou-o-flamengo-com-poucas-oportunidades-e-agora-esta-brilhando-na-elite-da-europa\/#primaryimage\"},\"image\":{\"@id\":\"https:\/\/www.gaveanews.com\/index.php\/2025\/04\/11\/ele-deixou-o-flamengo-com-poucas-oportunidades-e-agora-esta-brilhando-na-elite-da-europa\/#primaryimage\"},\"thumbnailUrl\":\"https:\/\/www.gaveanews.com\/wp-content\/uploads\/escudoDoFlamengo.webp\",\"datePublished\":\"2025-04-11T14:35:00+00:00\",\"author\":{\"@id\":\"https:\/\/www.gaveanews.com\/#\/schema\/person\/0eb3e3fe1754f0205218538adbe8f5ed\"},\"breadcrumb\":{\"@id\":\"https:\/\/www.gaveanews.com\/index.php\/2025\/04\/11\/ele-deixou-o-flamengo-com-poucas-oportunidades-e-agora-esta-brilhando-na-elite-da-europa\/#breadcrumb\"},\"inLanguage\":\"pt-BR\",\"potentialAction\":[{\"@type\":\"ReadAction\",\"target\":[\"https:\/\/www.gaveanews.com\/index.php\/2025\/04\/11\/ele-deixou-o-flamengo-com-poucas-oportunidades-e-agora-esta-brilhando-na-elite-da-europa\/\"]}]},{\"@type\":\"ImageObject\",\"inLanguage\":\"pt-BR\",\"@id\":\"https:\/\/www.gaveanews.com\/index.php\/2025\/04\/11\/ele-deixou-o-flamengo-com-poucas-oportunidades-e-agora-esta-brilhando-na-elite-da-europa\/#primaryimage\",\"url\":\"https:\/\/www.gaveanews.com\/wp-content\/uploads\/escudoDoFlamengo.webp\",\"contentUrl\":\"https:\/\/www.gaveanews.com\/wp-content\/uploads\/escudoDoFlamengo.webp\",\"width\":1095,\"height\":730,\"caption\":\"Centro de treinamento do Flamengo (Foto: Reprodu\u00e7\u00e3o)\"},{\"@type\":\"BreadcrumbList\",\"@id\":\"https:\/\/www.gaveanews.com\/index.php\/2025\/04\/11\/ele-deixou-o-flamengo-com-poucas-oportunidades-e-agora-esta-brilhando-na-elite-da-europa\/#breadcrumb\",\"itemListElement\":[{\"@type\":\"ListItem\",\"position\":1,\"name\":\"Home\",\"item\":\"https:\/\/www.gaveanews.com\/\"},{\"@type\":\"ListItem\",\"position\":2,\"name\":\"Ele deixou o Flamengo com poucas oportunidades e agora est\u00e1 brilhando na elite da Europa\"}]},{\"@type\":\"WebSite\",\"@id\":\"https:\/\/www.gaveanews.com\/#website\",\"url\":\"https:\/\/www.gaveanews.com\/\",\"name\":\"G\u00e1vea News\",\"description\":\"Veja todas as not\u00edcias sobre o Flamengo: Contrata\u00e7\u00f5es, categorias de base, resultados das partidas, tabela de classifica\u00e7\u00e3o, pr\u00f3ximos jogos!\",\"potentialAction\":[{\"@type\":\"SearchAction\",\"target\":{\"@type\":\"EntryPoint\",\"urlTemplate\":\"https:\/\/www.gaveanews.com\/?s={search_term_string}\"},\"query-input\":{\"@type\":\"PropertyValueSpecification\",\"valueRequired\":true,\"valueName\":\"search_term_string\"}}],\"inLanguage\":\"pt-BR\"},{\"@type\":\"Person\",\"@id\":\"https:\/\/www.gaveanews.com\/#\/schema\/person\/0eb3e3fe1754f0205218538adbe8f5ed\",\"name\":\"Rafaela Ladeira\",\"image\":{\"@type\":\"ImageObject\",\"inLanguage\":\"pt-BR\",\"@id\":\"https:\/\/www.gaveanews.com\/#\/schema\/person\/image\/\",\"url\":\"https:\/\/secure.gravatar.com\/avatar\/c31f513acffd85eacab5730cbdfdbbf59f21ba5aeada8cd890acea879fbb2455?s=96&d=mm&r=g\",\"contentUrl\":\"https:\/\/secure.gravatar.com\/avatar\/c31f513acffd85eacab5730cbdfdbbf59f21ba5aeada8cd890acea879fbb2455?s=96&d=mm&r=g\",\"caption\":\"Rafaela Ladeira\"}}]}<\/script>\n<!-- \/ Yoast SEO Premium plugin. -->","yoast_head_json":{"title":"Ele deixou o Flamengo com poucas oportunidades e agora est\u00e1 brilhando na elite da Europa","robots":{"index":"index","follow":"follow","max-snippet":"max-snippet:-1","max-image-preview":"max-image-preview:large","max-video-preview":"max-video-preview:-1"},"canonical":"https:\/\/www.gaveanews.com\/index.php\/2025\/04\/11\/ele-deixou-o-flamengo-com-poucas-oportunidades-e-agora-esta-brilhando-na-elite-da-europa\/","og_locale":"pt_BR","og_type":"article","og_title":"Ele deixou o Flamengo com poucas oportunidades e agora est\u00e1 brilhando na elite da Europa","og_description":"O futebol \u00e9 imprevis\u00edvel, e a trajet\u00f3ria de Kau\u00e3 Santos comprova isso. Sem muitas chances no Flamengo, o goleiro foi negociado com o Eintracht Frankfurt e, agora, brilha no futebol europeu. Nesta quinta-feira (10), ele foi o grande nome do empate em 1 a 1 contra o Tottenham, pelas quartas de final da Europa League, [&hellip;]","og_url":"https:\/\/www.gaveanews.com\/index.php\/2025\/04\/11\/ele-deixou-o-flamengo-com-poucas-oportunidades-e-agora-esta-brilhando-na-elite-da-europa\/","og_site_name":"G\u00e1vea News","article_publisher":"https:\/\/facebook.com\/gaveaNews\/","article_published_time":"2025-04-11T14:35:00+00:00","og_image":[{"width":1095,"height":730,"url":"https:\/\/www.gaveanews.com\/wp-content\/uploads\/escudoDoFlamengo.webp","type":"image\/webp"}],"author":"Rafaela Ladeira","twitter_card":"summary_large_image","twitter_misc":{"Escrito por":"Rafaela Ladeira","Est. tempo de leitura":"3 minutos"},"schema":{"@context":"https:\/\/schema.org","@graph":[{"@type":"NewsArticle","@id":"https:\/\/www.gaveanews.com\/index.php\/2025\/04\/11\/ele-deixou-o-flamengo-com-poucas-oportunidades-e-agora-esta-brilhando-na-elite-da-europa\/#article","isPartOf":{"@id":"https:\/\/www.gaveanews.com\/index.php\/2025\/04\/11\/ele-deixou-o-flamengo-com-poucas-oportunidades-e-agora-esta-brilhando-na-elite-da-europa\/"},"author":{"name":"Rafaela Ladeira","@id":"https:\/\/www.gaveanews.com\/#\/schema\/person\/0eb3e3fe1754f0205218538adbe8f5ed"},"headline":"Ele deixou o Flamengo com poucas oportunidades e agora est\u00e1 brilhando na elite da Europa","datePublished":"2025-04-11T14:35:00+00:00","mainEntityOfPage":{"@id":"https:\/\/www.gaveanews.com\/index.php\/2025\/04\/11\/ele-deixou-o-flamengo-com-poucas-oportunidades-e-agora-esta-brilhando-na-elite-da-europa\/"},"wordCount":392,"commentCount":0,"image":{"@id":"https:\/\/www.gaveanews.com\/index.php\/2025\/04\/11\/ele-deixou-o-flamengo-com-poucas-oportunidades-e-agora-esta-brilhando-na-elite-da-europa\/#primaryimage"},"thumbnailUrl":"https:\/\/www.gaveanews.com\/wp-content\/uploads\/escudoDoFlamengo.webp","articleSection":["Flamengo"],"inLanguage":"pt-BR","potentialAction":[{"@type":"CommentAction","name":"Comment","target":["https:\/\/www.gaveanews.com\/index.php\/2025\/04\/11\/ele-deixou-o-flamengo-com-poucas-oportunidades-e-agora-esta-brilhando-na-elite-da-europa\/#respond"]}],"copyrightYear":"2025","copyrightHolder":{"@id":"https:\/\/www.gaveanews.com\/#organization"}},{"@type":"WebPage","@id":"https:\/\/www.gaveanews.com\/index.php\/2025\/04\/11\/ele-deixou-o-flamengo-com-poucas-oportunidades-e-agora-esta-brilhando-na-elite-da-europa\/","url":"https:\/\/www.gaveanews.com\/index.php\/2025\/04\/11\/ele-deixou-o-flamengo-com-poucas-oportunidades-e-agora-esta-brilhando-na-elite-da-europa\/","name":"Ele deixou o Flamengo com poucas oportunidades e agora est\u00e1 brilhando na elite da Europa","isPartOf":{"@id":"https:\/\/www.gaveanews.com\/#website"},"primaryImageOfPage":{"@id":"https:\/\/www.gaveanews.com\/index.php\/2025\/04\/11\/ele-deixou-o-flamengo-com-poucas-oportunidades-e-agora-esta-brilhando-na-elite-da-europa\/#primaryimage"},"image":{"@id":"https:\/\/www.gaveanews.com\/index.php\/2025\/04\/11\/ele-deixou-o-flamengo-com-poucas-oportunidades-e-agora-esta-brilhando-na-elite-da-europa\/#primaryimage"},"thumbnailUrl":"https:\/\/www.gaveanews.com\/wp-content\/uploads\/escudoDoFlamengo.webp","datePublished":"2025-04-11T14:35:00+00:00","author":{"@id":"https:\/\/www.gaveanews.com\/#\/schema\/person\/0eb3e3fe1754f0205218538adbe8f5ed"},"breadcrumb":{"@id":"https:\/\/www.gaveanews.com\/index.php\/2025\/04\/11\/ele-deixou-o-flamengo-com-poucas-oportunidades-e-agora-esta-brilhando-na-elite-da-europa\/#breadcrumb"},"inLanguage":"pt-BR","potentialAction":[{"@type":"ReadAction","target":["https:\/\/www.gaveanews.com\/index.php\/2025\/04\/11\/ele-deixou-o-flamengo-com-poucas-oportunidades-e-agora-esta-brilhando-na-elite-da-europa\/"]}]},{"@type":"ImageObject","inLanguage":"pt-BR","@id":"https:\/\/www.gaveanews.com\/index.php\/2025\/04\/11\/ele-deixou-o-flamengo-com-poucas-oportunidades-e-agora-esta-brilhando-na-elite-da-europa\/#primaryimage","url":"https:\/\/www.gaveanews.com\/wp-content\/uploads\/escudoDoFlamengo.webp","contentUrl":"https:\/\/www.gaveanews.com\/wp-content\/uploads\/escudoDoFlamengo.webp","width":1095,"height":730,"caption":"Centro de treinamento do Flamengo (Foto: Reprodu\u00e7\u00e3o)"},{"@type":"BreadcrumbList","@id":"https:\/\/www.gaveanews.com\/index.php\/2025\/04\/11\/ele-deixou-o-flamengo-com-poucas-oportunidades-e-agora-esta-brilhando-na-elite-da-europa\/#breadcrumb","itemListElement":[{"@type":"ListItem","position":1,"name":"Home","item":"https:\/\/www.gaveanews.com\/"},{"@type":"ListItem","position":2,"name":"Ele deixou o Flamengo com poucas oportunidades e agora est\u00e1 brilhando na elite da Europa"}]},{"@type":"WebSite","@id":"https:\/\/www.gaveanews.com\/#website","url":"https:\/\/www.gaveanews.com\/","name":"G\u00e1vea News","description":"Veja todas as not\u00edcias sobre o Flamengo: Contrata\u00e7\u00f5es, categorias de base, resultados das partidas, tabela de classifica\u00e7\u00e3o, pr\u00f3ximos jogos!","potentialAction":[{"@type":"SearchAction","target":{"@type":"EntryPoint","urlTemplate":"https:\/\/www.gaveanews.com\/?s={search_term_string}"},"query-input":{"@type":"PropertyValueSpecification","valueRequired":true,"valueName":"search_term_string"}}],"inLanguage":"pt-BR"},{"@type":"Person","@id":"https:\/\/www.gaveanews.com\/#\/schema\/person\/0eb3e3fe1754f0205218538adbe8f5ed","name":"Rafaela Ladeira","image":{"@type":"ImageObject","inLanguage":"pt-BR","@id":"https:\/\/www.gaveanews.com\/#\/schema\/person\/image\/","url":"https:\/\/secure.gravatar.com\/avatar\/c31f513acffd85eacab5730cbdfdbbf59f21ba5aeada8cd890acea879fbb2455?s=96&d=mm&r=g","contentUrl":"https:\/\/secure.gravatar.com\/avatar\/c31f513acffd85eacab5730cbdfdbbf59f21ba5aeada8cd890acea879fbb2455?s=96&d=mm&r=g","caption":"Rafaela Ladeira"}}]}},"_links":{"self":[{"href":"https:\/\/www.gaveanews.com\/index.php\/wp-json\/wp\/v2\/posts\/252164","targetHints":{"allow":["GET"]}}],"collection":[{"href":"https:\/\/www.gaveanews.com\/index.php\/wp-json\/wp\/v2\/posts"}],"about":[{"href":"https:\/\/www.gaveanews.com\/index.php\/wp-json\/wp\/v2\/types\/post"}],"author":[{"embeddable":true,"href":"https:\/\/www.gaveanews.com\/index.php\/wp-json\/wp\/v2\/users\/25"}],"replies":[{"embeddable":true,"href":"https:\/\/www.gaveanews.com\/index.php\/wp-json\/wp\/v2\/comments?post=252164"}],"version-history":[{"count":1,"href":"https:\/\/www.gaveanews.com\/index.php\/wp-json\/wp\/v2\/posts\/252164\/revisions"}],"predecessor-version":[{"id":252166,"href":"https:\/\/www.gaveanews.com\/index.php\/wp-json\/wp\/v2\/posts\/252164\/revisions\/252166"}],"wp:featuredmedia":[{"embeddable":true,"href":"https:\/\/www.gaveanews.com\/index.php\/wp-json\/wp\/v2\/media\/124684"}],"wp:attachment":[{"href":"https:\/\/www.gaveanews.com\/index.php\/wp-json\/wp\/v2\/media?parent=252164"}],"wp:term":[{"taxonomy":"category","embeddable":true,"href":"https:\/\/www.gaveanews.com\/index.php\/wp-json\/wp\/v2\/categories?post=252164"},{"taxonomy":"post_tag","embeddable":true,"href":"https:\/\/www.gaveanews.com\/index.php\/wp-json\/wp\/v2\/tags?post=252164"}],"curies":[{"name":"wp","href":"https:\/\/api.w.org\/{rel}","templated":true}]}}