{"id":252180,"date":"2025-04-11T19:30:00","date_gmt":"2025-04-11T22:30:00","guid":{"rendered":"https:\/\/www.gaveanews.com\/?p=252180"},"modified":"2025-04-11T15:42:56","modified_gmt":"2025-04-11T18:42:56","slug":"atletico-mg-a-declaracao-de-cuca-direcionada-a-rubens","status":"publish","type":"post","link":"https:\/\/www.gaveanews.com\/index.php\/2025\/04\/11\/atletico-mg-a-declaracao-de-cuca-direcionada-a-rubens\/","title":{"rendered":"Atl\u00e9tico-MG: a declara\u00e7\u00e3o de Cuca direcionada \u00e0 Rubens"},"content":{"rendered":"\n<h2 class=\"wp-block-heading\" id=\"h-e-um-jogador-polivalente-disse-o-treinador\">&#8220;\u00c9 um jogador polivalente&#8230;&#8221;, disse o treinador <\/h2>\n\n\n\n<p>Na \u00faltima quinta-feira (10) o Atl\u00e9tico-MG goleou o Deportes Iquique pelo placar de 4 a 0, com gols de Rony, Hulk, Natanael e Gustavo Scarpa. Ap\u00f3s o jogo, o t\u00e9cnico Cuca explicou a escala\u00e7\u00e3o de Rubens na equipe titular contra os chilenos. <\/p>\n\n\n\n<p>Rubens foi escolhido por Cuca para atuar no lugar de Gabriel Menino e ouviu elogios do treinador ap\u00f3s o jogo. O comandante do Galo disse que as caracter\u00edsticas que Rubens oferece \u00e0 equipe, principalmente a\u00a0intensidade e versatilidade foram fundamentais na escolha.<\/p>\n\n\n\n<p>\u201cN\u00e3o vou falar em rela\u00e7\u00e3o ao outro jogador, mas o Rubens me d\u00e1 muita consist\u00eancia no meio-campo, competitividade. \u00c9 um jogador muito din\u00e2mico, competitivo e importante para n\u00f3s na recupera\u00e7\u00e3o de espa\u00e7o. No momento da perda de bola a gente tem a recupera\u00e7\u00e3o dele\u201d, iniciou.<\/p>\n\n\n\n<p>Al\u00e9m da solidez defensiva, o t\u00e9cnico ressaltou a versatilidade de Rubens, que demonstrou habilidade para atuar em diversas fun\u00e7\u00f5es no meio-campo. Em determinado momento da partida, assumiu o papel de primeiro volante ap\u00f3s a sa\u00edda de Alan Franco.<\/p>\n\n\n\n<p>&#8220;\u00c9 um jogador polivalente tamb\u00e9m, faz tanto o segundo, como o primeiro volante quando o Alan Franco saiu, e pouco a pouco ele vai ganhando o espa\u00e7o dele natural dentro dos treinamentos e dos jogos\u201d, finalizou Cuca. <\/p>\n\n\n\n<p>O triunfo fez o Galo chegar a quatro pontos e assumir a ponta do Grupo H da Copa Sul-Americana. Neste domingo (13), o time mineiro enfrenta o Vit\u00f3ria no Est\u00e1dio do Mineir\u00e3o, pela terceira rodada do Campeonato Brasileiro. A bola rola \u00e0s 20h30 (hor\u00e1rio de Bras\u00edlia). <\/p>\n\n\n\n<p>O Galo volta a jogar pela Copa Sul-Americana apenas na quarta-feira (23), quando enfrenta o Caracas, da Venezuela, fora de casa, \u00e0s 21h30 (hor\u00e1rio de Bras\u00edlia). Antes disso, o Atl\u00e9tico de Cuca ainda ir\u00e1 enfrentar o Santos, na Vila Belmiro, e o Botafogo, em Belo Horizonte, ambos os jogos pelo Brasileir\u00e3o. <\/p>\n","protected":false},"excerpt":{"rendered":"<p>&#8220;\u00c9 um jogador polivalente&#8230;&#8221;, disse o treinador Na \u00faltima quinta-feira (10) o Atl\u00e9tico-MG goleou o Deportes Iquique pelo placar de 4 a 0, com gols de Rony, Hulk, Natanael e Gustavo Scarpa. Ap\u00f3s o jogo, o t\u00e9cnico Cuca explicou a escala\u00e7\u00e3o de Rubens na equipe titular contra os chilenos. Rubens foi escolhido por Cuca para [&hellip;]<\/p>\n","protected":false},"author":21,"featured_media":171357,"comment_status":"open","ping_status":"closed","sticky":false,"template":"","format":"standard","meta":{"footnotes":""},"categories":[136],"tags":[],"class_list":["post-252180","post","type-post","status-publish","format-standard","has-post-thumbnail","hentry","category-atletico-mg"],"yoast_head":"<!-- This site is optimized with the Yoast SEO Premium plugin v24.2 (Yoast SEO v26.9) - https:\/\/yoast.com\/product\/yoast-seo-premium-wordpress\/ -->\n<title>Atl\u00e9tico-MG: a declara\u00e7\u00e3o de Cuca direcionada \u00e0 Rubens<\/title>\n<meta name=\"robots\" content=\"index, follow, max-snippet:-1, max-image-preview:large, max-video-preview:-1\" \/>\n<link rel=\"canonical\" href=\"https:\/\/www.gaveanews.com\/index.php\/2025\/04\/11\/atletico-mg-a-declaracao-de-cuca-direcionada-a-rubens\/\" \/>\n<meta property=\"og:locale\" content=\"pt_BR\" \/>\n<meta property=\"og:type\" content=\"article\" \/>\n<meta property=\"og:title\" content=\"Atl\u00e9tico-MG: a declara\u00e7\u00e3o de Cuca direcionada \u00e0 Rubens\" \/>\n<meta property=\"og:description\" content=\"&#8220;\u00c9 um jogador polivalente&#8230;&#8221;, disse o treinador Na \u00faltima quinta-feira (10) o Atl\u00e9tico-MG goleou o Deportes Iquique pelo placar de 4 a 0, com gols de Rony, Hulk, Natanael e Gustavo Scarpa. Ap\u00f3s o jogo, o t\u00e9cnico Cuca explicou a escala\u00e7\u00e3o de Rubens na equipe titular contra os chilenos. Rubens foi escolhido por Cuca para [&hellip;]\" \/>\n<meta property=\"og:url\" content=\"https:\/\/www.gaveanews.com\/index.php\/2025\/04\/11\/atletico-mg-a-declaracao-de-cuca-direcionada-a-rubens\/\" \/>\n<meta property=\"og:site_name\" content=\"G\u00e1vea News\" \/>\n<meta property=\"article:publisher\" content=\"https:\/\/facebook.com\/gaveaNews\/\" \/>\n<meta property=\"article:published_time\" content=\"2025-04-11T22:30:00+00:00\" \/>\n<meta property=\"og:image\" content=\"https:\/\/www.gaveanews.com\/wp-content\/uploads\/Rubens-em-acao-pelo-Atletico-MG.webp\" \/>\n\t<meta property=\"og:image:width\" content=\"1106\" \/>\n\t<meta property=\"og:image:height\" content=\"900\" \/>\n\t<meta property=\"og:image:type\" content=\"image\/jpeg\" \/>\n<meta name=\"author\" content=\"Andr\u00e9 Serra\" \/>\n<meta name=\"twitter:card\" content=\"summary_large_image\" \/>\n<meta name=\"twitter:label1\" content=\"Escrito por\" \/>\n\t<meta name=\"twitter:data1\" content=\"Andr\u00e9 Serra\" \/>\n\t<meta name=\"twitter:label2\" content=\"Est. tempo de leitura\" \/>\n\t<meta name=\"twitter:data2\" content=\"2 minutos\" \/>\n<script type=\"application\/ld+json\" class=\"yoast-schema-graph\">{\"@context\":\"https:\/\/schema.org\",\"@graph\":[{\"@type\":\"NewsArticle\",\"@id\":\"https:\/\/www.gaveanews.com\/index.php\/2025\/04\/11\/atletico-mg-a-declaracao-de-cuca-direcionada-a-rubens\/#article\",\"isPartOf\":{\"@id\":\"https:\/\/www.gaveanews.com\/index.php\/2025\/04\/11\/atletico-mg-a-declaracao-de-cuca-direcionada-a-rubens\/\"},\"author\":{\"name\":\"Andr\u00e9 Serra\",\"@id\":\"https:\/\/www.gaveanews.com\/#\/schema\/person\/0277a79a1289c451c281ec0411d84f0c\"},\"headline\":\"Atl\u00e9tico-MG: a declara\u00e7\u00e3o de Cuca direcionada \u00e0 Rubens\",\"datePublished\":\"2025-04-11T22:30:00+00:00\",\"mainEntityOfPage\":{\"@id\":\"https:\/\/www.gaveanews.com\/index.php\/2025\/04\/11\/atletico-mg-a-declaracao-de-cuca-direcionada-a-rubens\/\"},\"wordCount\":338,\"commentCount\":0,\"image\":{\"@id\":\"https:\/\/www.gaveanews.com\/index.php\/2025\/04\/11\/atletico-mg-a-declaracao-de-cuca-direcionada-a-rubens\/#primaryimage\"},\"thumbnailUrl\":\"https:\/\/www.gaveanews.com\/wp-content\/uploads\/Rubens-em-acao-pelo-Atletico-MG.webp\",\"articleSection\":[\"Atl\u00e9tico-MG\"],\"inLanguage\":\"pt-BR\",\"potentialAction\":[{\"@type\":\"CommentAction\",\"name\":\"Comment\",\"target\":[\"https:\/\/www.gaveanews.com\/index.php\/2025\/04\/11\/atletico-mg-a-declaracao-de-cuca-direcionada-a-rubens\/#respond\"]}],\"copyrightYear\":\"2025\",\"copyrightHolder\":{\"@id\":\"https:\/\/www.gaveanews.com\/#organization\"}},{\"@type\":\"WebPage\",\"@id\":\"https:\/\/www.gaveanews.com\/index.php\/2025\/04\/11\/atletico-mg-a-declaracao-de-cuca-direcionada-a-rubens\/\",\"url\":\"https:\/\/www.gaveanews.com\/index.php\/2025\/04\/11\/atletico-mg-a-declaracao-de-cuca-direcionada-a-rubens\/\",\"name\":\"Atl\u00e9tico-MG: a declara\u00e7\u00e3o de Cuca direcionada \u00e0 Rubens\",\"isPartOf\":{\"@id\":\"https:\/\/www.gaveanews.com\/#website\"},\"primaryImageOfPage\":{\"@id\":\"https:\/\/www.gaveanews.com\/index.php\/2025\/04\/11\/atletico-mg-a-declaracao-de-cuca-direcionada-a-rubens\/#primaryimage\"},\"image\":{\"@id\":\"https:\/\/www.gaveanews.com\/index.php\/2025\/04\/11\/atletico-mg-a-declaracao-de-cuca-direcionada-a-rubens\/#primaryimage\"},\"thumbnailUrl\":\"https:\/\/www.gaveanews.com\/wp-content\/uploads\/Rubens-em-acao-pelo-Atletico-MG.webp\",\"datePublished\":\"2025-04-11T22:30:00+00:00\",\"author\":{\"@id\":\"https:\/\/www.gaveanews.com\/#\/schema\/person\/0277a79a1289c451c281ec0411d84f0c\"},\"breadcrumb\":{\"@id\":\"https:\/\/www.gaveanews.com\/index.php\/2025\/04\/11\/atletico-mg-a-declaracao-de-cuca-direcionada-a-rubens\/#breadcrumb\"},\"inLanguage\":\"pt-BR\",\"potentialAction\":[{\"@type\":\"ReadAction\",\"target\":[\"https:\/\/www.gaveanews.com\/index.php\/2025\/04\/11\/atletico-mg-a-declaracao-de-cuca-direcionada-a-rubens\/\"]}]},{\"@type\":\"ImageObject\",\"inLanguage\":\"pt-BR\",\"@id\":\"https:\/\/www.gaveanews.com\/index.php\/2025\/04\/11\/atletico-mg-a-declaracao-de-cuca-direcionada-a-rubens\/#primaryimage\",\"url\":\"https:\/\/www.gaveanews.com\/wp-content\/uploads\/Rubens-em-acao-pelo-Atletico-MG.webp\",\"contentUrl\":\"https:\/\/www.gaveanews.com\/wp-content\/uploads\/Rubens-em-acao-pelo-Atletico-MG.webp\",\"width\":1106,\"height\":900,\"caption\":\"Rubens em a\u00e7\u00e3o pelo Atl\u00e9tico-MG (Foto: Divulga\u00e7\u00e3o\/Atl\u00e9tico-MG)\"},{\"@type\":\"BreadcrumbList\",\"@id\":\"https:\/\/www.gaveanews.com\/index.php\/2025\/04\/11\/atletico-mg-a-declaracao-de-cuca-direcionada-a-rubens\/#breadcrumb\",\"itemListElement\":[{\"@type\":\"ListItem\",\"position\":1,\"name\":\"Home\",\"item\":\"https:\/\/www.gaveanews.com\/\"},{\"@type\":\"ListItem\",\"position\":2,\"name\":\"Atl\u00e9tico-MG: a declara\u00e7\u00e3o de Cuca direcionada \u00e0 Rubens\"}]},{\"@type\":\"WebSite\",\"@id\":\"https:\/\/www.gaveanews.com\/#website\",\"url\":\"https:\/\/www.gaveanews.com\/\",\"name\":\"G\u00e1vea News\",\"description\":\"Veja todas as not\u00edcias sobre o Flamengo: Contrata\u00e7\u00f5es, categorias de base, resultados das partidas, tabela de classifica\u00e7\u00e3o, pr\u00f3ximos jogos!\",\"potentialAction\":[{\"@type\":\"SearchAction\",\"target\":{\"@type\":\"EntryPoint\",\"urlTemplate\":\"https:\/\/www.gaveanews.com\/?s={search_term_string}\"},\"query-input\":{\"@type\":\"PropertyValueSpecification\",\"valueRequired\":true,\"valueName\":\"search_term_string\"}}],\"inLanguage\":\"pt-BR\"},{\"@type\":\"Person\",\"@id\":\"https:\/\/www.gaveanews.com\/#\/schema\/person\/0277a79a1289c451c281ec0411d84f0c\",\"name\":\"Andr\u00e9 Serra\",\"image\":{\"@type\":\"ImageObject\",\"inLanguage\":\"pt-BR\",\"@id\":\"https:\/\/www.gaveanews.com\/#\/schema\/person\/image\/\",\"url\":\"https:\/\/secure.gravatar.com\/avatar\/d7231369fe48db93292b3e88eb2162dbd9a34a47a8437d9ef3bcaca2a86a83d7?s=96&d=mm&r=g\",\"contentUrl\":\"https:\/\/secure.gravatar.com\/avatar\/d7231369fe48db93292b3e88eb2162dbd9a34a47a8437d9ef3bcaca2a86a83d7?s=96&d=mm&r=g\",\"caption\":\"Andr\u00e9 Serra\"}}]}<\/script>\n<!-- \/ Yoast SEO Premium plugin. -->","yoast_head_json":{"title":"Atl\u00e9tico-MG: a declara\u00e7\u00e3o de Cuca direcionada \u00e0 Rubens","robots":{"index":"index","follow":"follow","max-snippet":"max-snippet:-1","max-image-preview":"max-image-preview:large","max-video-preview":"max-video-preview:-1"},"canonical":"https:\/\/www.gaveanews.com\/index.php\/2025\/04\/11\/atletico-mg-a-declaracao-de-cuca-direcionada-a-rubens\/","og_locale":"pt_BR","og_type":"article","og_title":"Atl\u00e9tico-MG: a declara\u00e7\u00e3o de Cuca direcionada \u00e0 Rubens","og_description":"&#8220;\u00c9 um jogador polivalente&#8230;&#8221;, disse o treinador Na \u00faltima quinta-feira (10) o Atl\u00e9tico-MG goleou o Deportes Iquique pelo placar de 4 a 0, com gols de Rony, Hulk, Natanael e Gustavo Scarpa. Ap\u00f3s o jogo, o t\u00e9cnico Cuca explicou a escala\u00e7\u00e3o de Rubens na equipe titular contra os chilenos. Rubens foi escolhido por Cuca para [&hellip;]","og_url":"https:\/\/www.gaveanews.com\/index.php\/2025\/04\/11\/atletico-mg-a-declaracao-de-cuca-direcionada-a-rubens\/","og_site_name":"G\u00e1vea News","article_publisher":"https:\/\/facebook.com\/gaveaNews\/","article_published_time":"2025-04-11T22:30:00+00:00","og_image":[{"width":1106,"height":900,"url":"https:\/\/www.gaveanews.com\/wp-content\/uploads\/Rubens-em-acao-pelo-Atletico-MG.webp","type":"image\/jpeg"}],"author":"Andr\u00e9 Serra","twitter_card":"summary_large_image","twitter_misc":{"Escrito por":"Andr\u00e9 Serra","Est. tempo de leitura":"2 minutos"},"schema":{"@context":"https:\/\/schema.org","@graph":[{"@type":"NewsArticle","@id":"https:\/\/www.gaveanews.com\/index.php\/2025\/04\/11\/atletico-mg-a-declaracao-de-cuca-direcionada-a-rubens\/#article","isPartOf":{"@id":"https:\/\/www.gaveanews.com\/index.php\/2025\/04\/11\/atletico-mg-a-declaracao-de-cuca-direcionada-a-rubens\/"},"author":{"name":"Andr\u00e9 Serra","@id":"https:\/\/www.gaveanews.com\/#\/schema\/person\/0277a79a1289c451c281ec0411d84f0c"},"headline":"Atl\u00e9tico-MG: a declara\u00e7\u00e3o de Cuca direcionada \u00e0 Rubens","datePublished":"2025-04-11T22:30:00+00:00","mainEntityOfPage":{"@id":"https:\/\/www.gaveanews.com\/index.php\/2025\/04\/11\/atletico-mg-a-declaracao-de-cuca-direcionada-a-rubens\/"},"wordCount":338,"commentCount":0,"image":{"@id":"https:\/\/www.gaveanews.com\/index.php\/2025\/04\/11\/atletico-mg-a-declaracao-de-cuca-direcionada-a-rubens\/#primaryimage"},"thumbnailUrl":"https:\/\/www.gaveanews.com\/wp-content\/uploads\/Rubens-em-acao-pelo-Atletico-MG.webp","articleSection":["Atl\u00e9tico-MG"],"inLanguage":"pt-BR","potentialAction":[{"@type":"CommentAction","name":"Comment","target":["https:\/\/www.gaveanews.com\/index.php\/2025\/04\/11\/atletico-mg-a-declaracao-de-cuca-direcionada-a-rubens\/#respond"]}],"copyrightYear":"2025","copyrightHolder":{"@id":"https:\/\/www.gaveanews.com\/#organization"}},{"@type":"WebPage","@id":"https:\/\/www.gaveanews.com\/index.php\/2025\/04\/11\/atletico-mg-a-declaracao-de-cuca-direcionada-a-rubens\/","url":"https:\/\/www.gaveanews.com\/index.php\/2025\/04\/11\/atletico-mg-a-declaracao-de-cuca-direcionada-a-rubens\/","name":"Atl\u00e9tico-MG: a declara\u00e7\u00e3o de Cuca direcionada \u00e0 Rubens","isPartOf":{"@id":"https:\/\/www.gaveanews.com\/#website"},"primaryImageOfPage":{"@id":"https:\/\/www.gaveanews.com\/index.php\/2025\/04\/11\/atletico-mg-a-declaracao-de-cuca-direcionada-a-rubens\/#primaryimage"},"image":{"@id":"https:\/\/www.gaveanews.com\/index.php\/2025\/04\/11\/atletico-mg-a-declaracao-de-cuca-direcionada-a-rubens\/#primaryimage"},"thumbnailUrl":"https:\/\/www.gaveanews.com\/wp-content\/uploads\/Rubens-em-acao-pelo-Atletico-MG.webp","datePublished":"2025-04-11T22:30:00+00:00","author":{"@id":"https:\/\/www.gaveanews.com\/#\/schema\/person\/0277a79a1289c451c281ec0411d84f0c"},"breadcrumb":{"@id":"https:\/\/www.gaveanews.com\/index.php\/2025\/04\/11\/atletico-mg-a-declaracao-de-cuca-direcionada-a-rubens\/#breadcrumb"},"inLanguage":"pt-BR","potentialAction":[{"@type":"ReadAction","target":["https:\/\/www.gaveanews.com\/index.php\/2025\/04\/11\/atletico-mg-a-declaracao-de-cuca-direcionada-a-rubens\/"]}]},{"@type":"ImageObject","inLanguage":"pt-BR","@id":"https:\/\/www.gaveanews.com\/index.php\/2025\/04\/11\/atletico-mg-a-declaracao-de-cuca-direcionada-a-rubens\/#primaryimage","url":"https:\/\/www.gaveanews.com\/wp-content\/uploads\/Rubens-em-acao-pelo-Atletico-MG.webp","contentUrl":"https:\/\/www.gaveanews.com\/wp-content\/uploads\/Rubens-em-acao-pelo-Atletico-MG.webp","width":1106,"height":900,"caption":"Rubens em a\u00e7\u00e3o pelo Atl\u00e9tico-MG (Foto: Divulga\u00e7\u00e3o\/Atl\u00e9tico-MG)"},{"@type":"BreadcrumbList","@id":"https:\/\/www.gaveanews.com\/index.php\/2025\/04\/11\/atletico-mg-a-declaracao-de-cuca-direcionada-a-rubens\/#breadcrumb","itemListElement":[{"@type":"ListItem","position":1,"name":"Home","item":"https:\/\/www.gaveanews.com\/"},{"@type":"ListItem","position":2,"name":"Atl\u00e9tico-MG: a declara\u00e7\u00e3o de Cuca direcionada \u00e0 Rubens"}]},{"@type":"WebSite","@id":"https:\/\/www.gaveanews.com\/#website","url":"https:\/\/www.gaveanews.com\/","name":"G\u00e1vea News","description":"Veja todas as not\u00edcias sobre o Flamengo: Contrata\u00e7\u00f5es, categorias de base, resultados das partidas, tabela de classifica\u00e7\u00e3o, pr\u00f3ximos jogos!","potentialAction":[{"@type":"SearchAction","target":{"@type":"EntryPoint","urlTemplate":"https:\/\/www.gaveanews.com\/?s={search_term_string}"},"query-input":{"@type":"PropertyValueSpecification","valueRequired":true,"valueName":"search_term_string"}}],"inLanguage":"pt-BR"},{"@type":"Person","@id":"https:\/\/www.gaveanews.com\/#\/schema\/person\/0277a79a1289c451c281ec0411d84f0c","name":"Andr\u00e9 Serra","image":{"@type":"ImageObject","inLanguage":"pt-BR","@id":"https:\/\/www.gaveanews.com\/#\/schema\/person\/image\/","url":"https:\/\/secure.gravatar.com\/avatar\/d7231369fe48db93292b3e88eb2162dbd9a34a47a8437d9ef3bcaca2a86a83d7?s=96&d=mm&r=g","contentUrl":"https:\/\/secure.gravatar.com\/avatar\/d7231369fe48db93292b3e88eb2162dbd9a34a47a8437d9ef3bcaca2a86a83d7?s=96&d=mm&r=g","caption":"Andr\u00e9 Serra"}}]}},"_links":{"self":[{"href":"https:\/\/www.gaveanews.com\/index.php\/wp-json\/wp\/v2\/posts\/252180","targetHints":{"allow":["GET"]}}],"collection":[{"href":"https:\/\/www.gaveanews.com\/index.php\/wp-json\/wp\/v2\/posts"}],"about":[{"href":"https:\/\/www.gaveanews.com\/index.php\/wp-json\/wp\/v2\/types\/post"}],"author":[{"embeddable":true,"href":"https:\/\/www.gaveanews.com\/index.php\/wp-json\/wp\/v2\/users\/21"}],"replies":[{"embeddable":true,"href":"https:\/\/www.gaveanews.com\/index.php\/wp-json\/wp\/v2\/comments?post=252180"}],"version-history":[{"count":1,"href":"https:\/\/www.gaveanews.com\/index.php\/wp-json\/wp\/v2\/posts\/252180\/revisions"}],"predecessor-version":[{"id":252194,"href":"https:\/\/www.gaveanews.com\/index.php\/wp-json\/wp\/v2\/posts\/252180\/revisions\/252194"}],"wp:featuredmedia":[{"embeddable":true,"href":"https:\/\/www.gaveanews.com\/index.php\/wp-json\/wp\/v2\/media\/171357"}],"wp:attachment":[{"href":"https:\/\/www.gaveanews.com\/index.php\/wp-json\/wp\/v2\/media?parent=252180"}],"wp:term":[{"taxonomy":"category","embeddable":true,"href":"https:\/\/www.gaveanews.com\/index.php\/wp-json\/wp\/v2\/categories?post=252180"},{"taxonomy":"post_tag","embeddable":true,"href":"https:\/\/www.gaveanews.com\/index.php\/wp-json\/wp\/v2\/tags?post=252180"}],"curies":[{"name":"wp","href":"https:\/\/api.w.org\/{rel}","templated":true}]}}