{"id":252195,"date":"2025-04-11T19:35:00","date_gmt":"2025-04-11T22:35:00","guid":{"rendered":"https:\/\/www.gaveanews.com\/?p=252195"},"modified":"2025-04-11T15:43:00","modified_gmt":"2025-04-11T18:43:00","slug":"colo-colo-x-fortaleza-a-declaracao-de-marcelo-paz","status":"publish","type":"post","link":"https:\/\/www.gaveanews.com\/index.php\/2025\/04\/11\/colo-colo-x-fortaleza-a-declaracao-de-marcelo-paz\/","title":{"rendered":"Colo-Colo x Fortaleza: a declara\u00e7\u00e3o de Marcelo Paz"},"content":{"rendered":"\n<h2 class=\"wp-block-heading\" id=\"h-isso-causa-um-pouco-mais-de-dificuldade\">&#8220;Isso causa um pouco mais de dificuldade&#8221;<\/h2>\n\n\n\n<p>O Fortaleza foi at\u00e9 o Chile enfrentar o Colo-Colo pela segunda rodada da Copa Libertadores e empatava pelo placar de 0 a 0, quando o jogo foi suspenso. De acordo com ve\u00edculos de imprensa chilenos, dois torcedores dos donos da casa morreram fora do est\u00e1dio. Al\u00e9m disso, a torcida do Colo-Colo invadiu o gramado e a partida foi cancelada. <\/p>\n\n\n\n<p>CEO do Fortaleza, Marcelo Paz, lamentou a invas\u00e3o de campo da torcida do Colo-Colo e fez cr\u00edticas \u00e0 Conmebol pela seguran\u00e7a do jogo. No Chile, a pol\u00edcia n\u00e3o pode entrar no est\u00e1dio e a seguran\u00e7a fica sob responsabilidade de uma empresa privada. <\/p>\n\n\n\n<p>&#8220;Tem uma quest\u00e3o espec\u00edfica aqui no Chile. A pol\u00edcia n\u00e3o pode entrar no est\u00e1dio. Quem faz a seguran\u00e7a do est\u00e1dio \u00e9 seguran\u00e7a privada. Isso causa um pouco mais de dificuldade. E a not\u00edcia que a gente tem \u00e9 que h\u00e1 um confronto da torcida do Colo-Colo com pol\u00edcia do lado de fora&#8221;, iniciou.<\/p>\n\n\n\n<p>&#8220;N\u00e3o tem condi\u00e7\u00e3o nenhuma de (o jogo) continuar. \u00c9 not\u00f3rio que n\u00e3o tem como. Nossa torcida est\u00e1 uma situa\u00e7\u00e3o tensa tamb\u00e9m. A pol\u00edcia n\u00e3o estar\u00e1 com nossa delega\u00e7\u00e3o nem com a nossa torcida&#8221;, finalizou Marcelo Paz. <\/p>\n\n\n\n<p>Logo no in\u00edcio do segundo tempo, o atacante Deyverson, que estava no banco, apontou ao \u00e1rbitro alguns objetos lan\u00e7ados pela torcida da casa. Em seguida, a situa\u00e7\u00e3o se agravou com a quebra do vidro que separa as arquibancadas do gramado, assim originando a invas\u00e3o de campo. <\/p>\n\n\n\n<p>Assim que os torcedores do Colo-Colo invadiram o campo, os jogadores do Fortaleza sa\u00edram correndo em dire\u00e7\u00e3o ao vesti\u00e1rio, assim como a arbitragem. Ao perceberem a situa\u00e7\u00e3o, os jogadores chilenos tentaram impedir e controlar a situa\u00e7\u00e3o com seus torcedores. <\/p>\n\n\n\n<p>De acordo com informa\u00e7\u00f5es apuradas pela ESPN, dois torcedores do Colo-Colo, um de 18 e outro de 13 anos morreram ap\u00f3s serem atropelados por uma viatura da pol\u00edcia do lado de fora do est\u00e1dio, o que provocou indigna\u00e7\u00e3o entre parte da torcida. O jogo foi cancelado. <\/p>\n","protected":false},"excerpt":{"rendered":"<p>&#8220;Isso causa um pouco mais de dificuldade&#8221; O Fortaleza foi at\u00e9 o Chile enfrentar o Colo-Colo pela segunda rodada da Copa Libertadores e empatava pelo placar de 0 a 0, quando o jogo foi suspenso. De acordo com ve\u00edculos de imprensa chilenos, dois torcedores dos donos da casa morreram fora do est\u00e1dio. Al\u00e9m disso, a [&hellip;]<\/p>\n","protected":false},"author":21,"featured_media":109227,"comment_status":"open","ping_status":"closed","sticky":false,"template":"","format":"standard","meta":{"footnotes":""},"categories":[146],"tags":[],"class_list":["post-252195","post","type-post","status-publish","format-standard","has-post-thumbnail","hentry","category-fortaleza"],"yoast_head":"<!-- This site is optimized with the Yoast SEO Premium plugin v24.2 (Yoast SEO v26.9) - https:\/\/yoast.com\/product\/yoast-seo-premium-wordpress\/ -->\n<title>Colo-Colo x Fortaleza: a declara\u00e7\u00e3o de Marcelo Paz<\/title>\n<meta name=\"robots\" content=\"index, follow, max-snippet:-1, max-image-preview:large, max-video-preview:-1\" \/>\n<link rel=\"canonical\" href=\"https:\/\/www.gaveanews.com\/index.php\/2025\/04\/11\/colo-colo-x-fortaleza-a-declaracao-de-marcelo-paz\/\" \/>\n<meta property=\"og:locale\" content=\"pt_BR\" \/>\n<meta property=\"og:type\" content=\"article\" \/>\n<meta property=\"og:title\" content=\"Colo-Colo x Fortaleza: a declara\u00e7\u00e3o de Marcelo Paz\" \/>\n<meta property=\"og:description\" content=\"&#8220;Isso causa um pouco mais de dificuldade&#8221; O Fortaleza foi at\u00e9 o Chile enfrentar o Colo-Colo pela segunda rodada da Copa Libertadores e empatava pelo placar de 0 a 0, quando o jogo foi suspenso. De acordo com ve\u00edculos de imprensa chilenos, dois torcedores dos donos da casa morreram fora do est\u00e1dio. Al\u00e9m disso, a [&hellip;]\" \/>\n<meta property=\"og:url\" content=\"https:\/\/www.gaveanews.com\/index.php\/2025\/04\/11\/colo-colo-x-fortaleza-a-declaracao-de-marcelo-paz\/\" \/>\n<meta property=\"og:site_name\" content=\"G\u00e1vea News\" \/>\n<meta property=\"article:publisher\" content=\"https:\/\/facebook.com\/gaveaNews\/\" \/>\n<meta property=\"article:published_time\" content=\"2025-04-11T22:35:00+00:00\" \/>\n<meta property=\"og:image\" content=\"https:\/\/www.gaveanews.com\/wp-content\/uploads\/Marcelo-Paz-durante-uma-entrevista-com-a-camisa-do-Fortaleza.webp\" \/>\n\t<meta property=\"og:image:width\" content=\"1280\" \/>\n\t<meta property=\"og:image:height\" content=\"720\" \/>\n\t<meta property=\"og:image:type\" content=\"image\/webp\" \/>\n<meta name=\"author\" content=\"Andr\u00e9 Serra\" \/>\n<meta name=\"twitter:card\" content=\"summary_large_image\" \/>\n<meta name=\"twitter:label1\" content=\"Escrito por\" \/>\n\t<meta name=\"twitter:data1\" content=\"Andr\u00e9 Serra\" \/>\n\t<meta name=\"twitter:label2\" content=\"Est. tempo de leitura\" \/>\n\t<meta name=\"twitter:data2\" content=\"3 minutos\" \/>\n<script type=\"application\/ld+json\" class=\"yoast-schema-graph\">{\"@context\":\"https:\/\/schema.org\",\"@graph\":[{\"@type\":\"NewsArticle\",\"@id\":\"https:\/\/www.gaveanews.com\/index.php\/2025\/04\/11\/colo-colo-x-fortaleza-a-declaracao-de-marcelo-paz\/#article\",\"isPartOf\":{\"@id\":\"https:\/\/www.gaveanews.com\/index.php\/2025\/04\/11\/colo-colo-x-fortaleza-a-declaracao-de-marcelo-paz\/\"},\"author\":{\"name\":\"Andr\u00e9 Serra\",\"@id\":\"https:\/\/www.gaveanews.com\/#\/schema\/person\/0277a79a1289c451c281ec0411d84f0c\"},\"headline\":\"Colo-Colo x Fortaleza: a declara\u00e7\u00e3o de Marcelo Paz\",\"datePublished\":\"2025-04-11T22:35:00+00:00\",\"mainEntityOfPage\":{\"@id\":\"https:\/\/www.gaveanews.com\/index.php\/2025\/04\/11\/colo-colo-x-fortaleza-a-declaracao-de-marcelo-paz\/\"},\"wordCount\":372,\"commentCount\":0,\"image\":{\"@id\":\"https:\/\/www.gaveanews.com\/index.php\/2025\/04\/11\/colo-colo-x-fortaleza-a-declaracao-de-marcelo-paz\/#primaryimage\"},\"thumbnailUrl\":\"https:\/\/www.gaveanews.com\/wp-content\/uploads\/Marcelo-Paz-durante-uma-entrevista-com-a-camisa-do-Fortaleza.webp\",\"articleSection\":[\"Fortaleza\"],\"inLanguage\":\"pt-BR\",\"potentialAction\":[{\"@type\":\"CommentAction\",\"name\":\"Comment\",\"target\":[\"https:\/\/www.gaveanews.com\/index.php\/2025\/04\/11\/colo-colo-x-fortaleza-a-declaracao-de-marcelo-paz\/#respond\"]}],\"copyrightYear\":\"2025\",\"copyrightHolder\":{\"@id\":\"https:\/\/www.gaveanews.com\/#organization\"}},{\"@type\":\"WebPage\",\"@id\":\"https:\/\/www.gaveanews.com\/index.php\/2025\/04\/11\/colo-colo-x-fortaleza-a-declaracao-de-marcelo-paz\/\",\"url\":\"https:\/\/www.gaveanews.com\/index.php\/2025\/04\/11\/colo-colo-x-fortaleza-a-declaracao-de-marcelo-paz\/\",\"name\":\"Colo-Colo x Fortaleza: a declara\u00e7\u00e3o de Marcelo Paz\",\"isPartOf\":{\"@id\":\"https:\/\/www.gaveanews.com\/#website\"},\"primaryImageOfPage\":{\"@id\":\"https:\/\/www.gaveanews.com\/index.php\/2025\/04\/11\/colo-colo-x-fortaleza-a-declaracao-de-marcelo-paz\/#primaryimage\"},\"image\":{\"@id\":\"https:\/\/www.gaveanews.com\/index.php\/2025\/04\/11\/colo-colo-x-fortaleza-a-declaracao-de-marcelo-paz\/#primaryimage\"},\"thumbnailUrl\":\"https:\/\/www.gaveanews.com\/wp-content\/uploads\/Marcelo-Paz-durante-uma-entrevista-com-a-camisa-do-Fortaleza.webp\",\"datePublished\":\"2025-04-11T22:35:00+00:00\",\"author\":{\"@id\":\"https:\/\/www.gaveanews.com\/#\/schema\/person\/0277a79a1289c451c281ec0411d84f0c\"},\"breadcrumb\":{\"@id\":\"https:\/\/www.gaveanews.com\/index.php\/2025\/04\/11\/colo-colo-x-fortaleza-a-declaracao-de-marcelo-paz\/#breadcrumb\"},\"inLanguage\":\"pt-BR\",\"potentialAction\":[{\"@type\":\"ReadAction\",\"target\":[\"https:\/\/www.gaveanews.com\/index.php\/2025\/04\/11\/colo-colo-x-fortaleza-a-declaracao-de-marcelo-paz\/\"]}]},{\"@type\":\"ImageObject\",\"inLanguage\":\"pt-BR\",\"@id\":\"https:\/\/www.gaveanews.com\/index.php\/2025\/04\/11\/colo-colo-x-fortaleza-a-declaracao-de-marcelo-paz\/#primaryimage\",\"url\":\"https:\/\/www.gaveanews.com\/wp-content\/uploads\/Marcelo-Paz-durante-uma-entrevista-com-a-camisa-do-Fortaleza.webp\",\"contentUrl\":\"https:\/\/www.gaveanews.com\/wp-content\/uploads\/Marcelo-Paz-durante-uma-entrevista-com-a-camisa-do-Fortaleza.webp\",\"width\":1280,\"height\":720,\"caption\":\"Marcelo Paz durante uma entrevista com a camisa do Fortaleza (Foto: Fabiane de Paula\/Reprodu\u00e7\u00e3o\/Di\u00e1rio do Nordeste)\"},{\"@type\":\"BreadcrumbList\",\"@id\":\"https:\/\/www.gaveanews.com\/index.php\/2025\/04\/11\/colo-colo-x-fortaleza-a-declaracao-de-marcelo-paz\/#breadcrumb\",\"itemListElement\":[{\"@type\":\"ListItem\",\"position\":1,\"name\":\"Home\",\"item\":\"https:\/\/www.gaveanews.com\/\"},{\"@type\":\"ListItem\",\"position\":2,\"name\":\"Colo-Colo x Fortaleza: a declara\u00e7\u00e3o de Marcelo Paz\"}]},{\"@type\":\"WebSite\",\"@id\":\"https:\/\/www.gaveanews.com\/#website\",\"url\":\"https:\/\/www.gaveanews.com\/\",\"name\":\"G\u00e1vea News\",\"description\":\"Veja todas as not\u00edcias sobre o Flamengo: Contrata\u00e7\u00f5es, categorias de base, resultados das partidas, tabela de classifica\u00e7\u00e3o, pr\u00f3ximos jogos!\",\"potentialAction\":[{\"@type\":\"SearchAction\",\"target\":{\"@type\":\"EntryPoint\",\"urlTemplate\":\"https:\/\/www.gaveanews.com\/?s={search_term_string}\"},\"query-input\":{\"@type\":\"PropertyValueSpecification\",\"valueRequired\":true,\"valueName\":\"search_term_string\"}}],\"inLanguage\":\"pt-BR\"},{\"@type\":\"Person\",\"@id\":\"https:\/\/www.gaveanews.com\/#\/schema\/person\/0277a79a1289c451c281ec0411d84f0c\",\"name\":\"Andr\u00e9 Serra\",\"image\":{\"@type\":\"ImageObject\",\"inLanguage\":\"pt-BR\",\"@id\":\"https:\/\/www.gaveanews.com\/#\/schema\/person\/image\/\",\"url\":\"https:\/\/secure.gravatar.com\/avatar\/d7231369fe48db93292b3e88eb2162dbd9a34a47a8437d9ef3bcaca2a86a83d7?s=96&d=mm&r=g\",\"contentUrl\":\"https:\/\/secure.gravatar.com\/avatar\/d7231369fe48db93292b3e88eb2162dbd9a34a47a8437d9ef3bcaca2a86a83d7?s=96&d=mm&r=g\",\"caption\":\"Andr\u00e9 Serra\"}}]}<\/script>\n<!-- \/ Yoast SEO Premium plugin. -->","yoast_head_json":{"title":"Colo-Colo x Fortaleza: a declara\u00e7\u00e3o de Marcelo Paz","robots":{"index":"index","follow":"follow","max-snippet":"max-snippet:-1","max-image-preview":"max-image-preview:large","max-video-preview":"max-video-preview:-1"},"canonical":"https:\/\/www.gaveanews.com\/index.php\/2025\/04\/11\/colo-colo-x-fortaleza-a-declaracao-de-marcelo-paz\/","og_locale":"pt_BR","og_type":"article","og_title":"Colo-Colo x Fortaleza: a declara\u00e7\u00e3o de Marcelo Paz","og_description":"&#8220;Isso causa um pouco mais de dificuldade&#8221; O Fortaleza foi at\u00e9 o Chile enfrentar o Colo-Colo pela segunda rodada da Copa Libertadores e empatava pelo placar de 0 a 0, quando o jogo foi suspenso. De acordo com ve\u00edculos de imprensa chilenos, dois torcedores dos donos da casa morreram fora do est\u00e1dio. Al\u00e9m disso, a [&hellip;]","og_url":"https:\/\/www.gaveanews.com\/index.php\/2025\/04\/11\/colo-colo-x-fortaleza-a-declaracao-de-marcelo-paz\/","og_site_name":"G\u00e1vea News","article_publisher":"https:\/\/facebook.com\/gaveaNews\/","article_published_time":"2025-04-11T22:35:00+00:00","og_image":[{"width":1280,"height":720,"url":"https:\/\/www.gaveanews.com\/wp-content\/uploads\/Marcelo-Paz-durante-uma-entrevista-com-a-camisa-do-Fortaleza.webp","type":"image\/webp"}],"author":"Andr\u00e9 Serra","twitter_card":"summary_large_image","twitter_misc":{"Escrito por":"Andr\u00e9 Serra","Est. tempo de leitura":"3 minutos"},"schema":{"@context":"https:\/\/schema.org","@graph":[{"@type":"NewsArticle","@id":"https:\/\/www.gaveanews.com\/index.php\/2025\/04\/11\/colo-colo-x-fortaleza-a-declaracao-de-marcelo-paz\/#article","isPartOf":{"@id":"https:\/\/www.gaveanews.com\/index.php\/2025\/04\/11\/colo-colo-x-fortaleza-a-declaracao-de-marcelo-paz\/"},"author":{"name":"Andr\u00e9 Serra","@id":"https:\/\/www.gaveanews.com\/#\/schema\/person\/0277a79a1289c451c281ec0411d84f0c"},"headline":"Colo-Colo x Fortaleza: a declara\u00e7\u00e3o de Marcelo Paz","datePublished":"2025-04-11T22:35:00+00:00","mainEntityOfPage":{"@id":"https:\/\/www.gaveanews.com\/index.php\/2025\/04\/11\/colo-colo-x-fortaleza-a-declaracao-de-marcelo-paz\/"},"wordCount":372,"commentCount":0,"image":{"@id":"https:\/\/www.gaveanews.com\/index.php\/2025\/04\/11\/colo-colo-x-fortaleza-a-declaracao-de-marcelo-paz\/#primaryimage"},"thumbnailUrl":"https:\/\/www.gaveanews.com\/wp-content\/uploads\/Marcelo-Paz-durante-uma-entrevista-com-a-camisa-do-Fortaleza.webp","articleSection":["Fortaleza"],"inLanguage":"pt-BR","potentialAction":[{"@type":"CommentAction","name":"Comment","target":["https:\/\/www.gaveanews.com\/index.php\/2025\/04\/11\/colo-colo-x-fortaleza-a-declaracao-de-marcelo-paz\/#respond"]}],"copyrightYear":"2025","copyrightHolder":{"@id":"https:\/\/www.gaveanews.com\/#organization"}},{"@type":"WebPage","@id":"https:\/\/www.gaveanews.com\/index.php\/2025\/04\/11\/colo-colo-x-fortaleza-a-declaracao-de-marcelo-paz\/","url":"https:\/\/www.gaveanews.com\/index.php\/2025\/04\/11\/colo-colo-x-fortaleza-a-declaracao-de-marcelo-paz\/","name":"Colo-Colo x Fortaleza: a declara\u00e7\u00e3o de Marcelo Paz","isPartOf":{"@id":"https:\/\/www.gaveanews.com\/#website"},"primaryImageOfPage":{"@id":"https:\/\/www.gaveanews.com\/index.php\/2025\/04\/11\/colo-colo-x-fortaleza-a-declaracao-de-marcelo-paz\/#primaryimage"},"image":{"@id":"https:\/\/www.gaveanews.com\/index.php\/2025\/04\/11\/colo-colo-x-fortaleza-a-declaracao-de-marcelo-paz\/#primaryimage"},"thumbnailUrl":"https:\/\/www.gaveanews.com\/wp-content\/uploads\/Marcelo-Paz-durante-uma-entrevista-com-a-camisa-do-Fortaleza.webp","datePublished":"2025-04-11T22:35:00+00:00","author":{"@id":"https:\/\/www.gaveanews.com\/#\/schema\/person\/0277a79a1289c451c281ec0411d84f0c"},"breadcrumb":{"@id":"https:\/\/www.gaveanews.com\/index.php\/2025\/04\/11\/colo-colo-x-fortaleza-a-declaracao-de-marcelo-paz\/#breadcrumb"},"inLanguage":"pt-BR","potentialAction":[{"@type":"ReadAction","target":["https:\/\/www.gaveanews.com\/index.php\/2025\/04\/11\/colo-colo-x-fortaleza-a-declaracao-de-marcelo-paz\/"]}]},{"@type":"ImageObject","inLanguage":"pt-BR","@id":"https:\/\/www.gaveanews.com\/index.php\/2025\/04\/11\/colo-colo-x-fortaleza-a-declaracao-de-marcelo-paz\/#primaryimage","url":"https:\/\/www.gaveanews.com\/wp-content\/uploads\/Marcelo-Paz-durante-uma-entrevista-com-a-camisa-do-Fortaleza.webp","contentUrl":"https:\/\/www.gaveanews.com\/wp-content\/uploads\/Marcelo-Paz-durante-uma-entrevista-com-a-camisa-do-Fortaleza.webp","width":1280,"height":720,"caption":"Marcelo Paz durante uma entrevista com a camisa do Fortaleza (Foto: Fabiane de Paula\/Reprodu\u00e7\u00e3o\/Di\u00e1rio do Nordeste)"},{"@type":"BreadcrumbList","@id":"https:\/\/www.gaveanews.com\/index.php\/2025\/04\/11\/colo-colo-x-fortaleza-a-declaracao-de-marcelo-paz\/#breadcrumb","itemListElement":[{"@type":"ListItem","position":1,"name":"Home","item":"https:\/\/www.gaveanews.com\/"},{"@type":"ListItem","position":2,"name":"Colo-Colo x Fortaleza: a declara\u00e7\u00e3o de Marcelo Paz"}]},{"@type":"WebSite","@id":"https:\/\/www.gaveanews.com\/#website","url":"https:\/\/www.gaveanews.com\/","name":"G\u00e1vea News","description":"Veja todas as not\u00edcias sobre o Flamengo: Contrata\u00e7\u00f5es, categorias de base, resultados das partidas, tabela de classifica\u00e7\u00e3o, pr\u00f3ximos jogos!","potentialAction":[{"@type":"SearchAction","target":{"@type":"EntryPoint","urlTemplate":"https:\/\/www.gaveanews.com\/?s={search_term_string}"},"query-input":{"@type":"PropertyValueSpecification","valueRequired":true,"valueName":"search_term_string"}}],"inLanguage":"pt-BR"},{"@type":"Person","@id":"https:\/\/www.gaveanews.com\/#\/schema\/person\/0277a79a1289c451c281ec0411d84f0c","name":"Andr\u00e9 Serra","image":{"@type":"ImageObject","inLanguage":"pt-BR","@id":"https:\/\/www.gaveanews.com\/#\/schema\/person\/image\/","url":"https:\/\/secure.gravatar.com\/avatar\/d7231369fe48db93292b3e88eb2162dbd9a34a47a8437d9ef3bcaca2a86a83d7?s=96&d=mm&r=g","contentUrl":"https:\/\/secure.gravatar.com\/avatar\/d7231369fe48db93292b3e88eb2162dbd9a34a47a8437d9ef3bcaca2a86a83d7?s=96&d=mm&r=g","caption":"Andr\u00e9 Serra"}}]}},"_links":{"self":[{"href":"https:\/\/www.gaveanews.com\/index.php\/wp-json\/wp\/v2\/posts\/252195","targetHints":{"allow":["GET"]}}],"collection":[{"href":"https:\/\/www.gaveanews.com\/index.php\/wp-json\/wp\/v2\/posts"}],"about":[{"href":"https:\/\/www.gaveanews.com\/index.php\/wp-json\/wp\/v2\/types\/post"}],"author":[{"embeddable":true,"href":"https:\/\/www.gaveanews.com\/index.php\/wp-json\/wp\/v2\/users\/21"}],"replies":[{"embeddable":true,"href":"https:\/\/www.gaveanews.com\/index.php\/wp-json\/wp\/v2\/comments?post=252195"}],"version-history":[{"count":1,"href":"https:\/\/www.gaveanews.com\/index.php\/wp-json\/wp\/v2\/posts\/252195\/revisions"}],"predecessor-version":[{"id":252214,"href":"https:\/\/www.gaveanews.com\/index.php\/wp-json\/wp\/v2\/posts\/252195\/revisions\/252214"}],"wp:featuredmedia":[{"embeddable":true,"href":"https:\/\/www.gaveanews.com\/index.php\/wp-json\/wp\/v2\/media\/109227"}],"wp:attachment":[{"href":"https:\/\/www.gaveanews.com\/index.php\/wp-json\/wp\/v2\/media?parent=252195"}],"wp:term":[{"taxonomy":"category","embeddable":true,"href":"https:\/\/www.gaveanews.com\/index.php\/wp-json\/wp\/v2\/categories?post=252195"},{"taxonomy":"post_tag","embeddable":true,"href":"https:\/\/www.gaveanews.com\/index.php\/wp-json\/wp\/v2\/tags?post=252195"}],"curies":[{"name":"wp","href":"https:\/\/api.w.org\/{rel}","templated":true}]}}