{"id":252218,"date":"2025-04-11T17:45:00","date_gmt":"2025-04-11T20:45:00","guid":{"rendered":"https:\/\/www.gaveanews.com\/?p=252218"},"modified":"2025-04-11T13:23:29","modified_gmt":"2025-04-11T16:23:29","slug":"saida-de-souza-situacao-de-carille-e-a-declaracao-de-ana-thais-as-ultimas-noticias-do-vasco","status":"publish","type":"post","link":"https:\/\/www.gaveanews.com\/index.php\/2025\/04\/11\/saida-de-souza-situacao-de-carille-e-a-declaracao-de-ana-thais-as-ultimas-noticias-do-vasco\/","title":{"rendered":"Sa\u00edda de Souza, situa\u00e7\u00e3o de Carille e a declara\u00e7\u00e3o de Ana Tha\u00eds: as \u00faltimas not\u00edcias do Vasco"},"content":{"rendered":"\n<p>Nas \u00faltimas horas, o foco das not\u00edcias sobre o Vasco se concentram nos bastidores do clube, com destaques do dia a dia do time.<\/p>\n\n\n\n<p>Por conta deste contexto, leia abaixo um resumo preparado pela equipe do portal G\u00e1vea News para lhe manter muito bem informado!<\/p>\n\n\n\n<div class=\"wp-block-group\"><div class=\"wp-block-group__inner-container is-layout-constrained wp-block-group-is-layout-constrained\">\n<div class=\"wp-block-group\"><div class=\"wp-block-group__inner-container is-layout-constrained wp-block-group-is-layout-constrained\">\n<h2 class=\"wp-block-heading\" id=\"h-a-declaracao-de-ana-thais\">A declara\u00e7\u00e3o de Ana Tha\u00eds<\/h2>\n\n\n\n<p>A comentarista Ana Tha\u00eds Matos fez duras cr\u00edticas ao Vasco da Gama durante o programa <em>Reda\u00e7\u00e3o SporTV<\/em>, afirmando que o clube corre s\u00e9rios riscos ao priorizar a Copa Sul-Americana em detrimento do Campeonato Brasileiro. Segundo ela, o in\u00edcio de temporada do time repete um padr\u00e3o de decis\u00f5es estrat\u00e9gicas mal calculadas, colocando em risco a perman\u00eancia na S\u00e9rie A. A jornalista destacou que o Brasileir\u00e3o n\u00e3o tolera erros prolongados e que um come\u00e7o fraco pode se transformar em uma campanha de recupera\u00e7\u00e3o muito dif\u00edcil <strong><a href=\"https:\/\/www.gaveanews.com\/index.php\/2025\/04\/09\/a-declaracao-de-ana-thais-mattos-direcionada-ao-vasco\/\">(leia a mat\u00e9ria completa).<\/a><\/strong><\/p>\n\n\n\n<figure class=\"wp-block-image size-large\"><img loading=\"lazy\" decoding=\"async\" width=\"1024\" height=\"576\" src=\"http:\/\/www.gaveanews.com\/wp-content\/uploads\/Ana-Thais-Matos-jornalista-do-Sportv-1024x576.webp\" alt=\"\" class=\"wp-image-55460\" srcset=\"https:\/\/www.gaveanews.com\/wp-content\/uploads\/Ana-Thais-Matos-jornalista-do-Sportv-1024x576.webp 1024w, https:\/\/www.gaveanews.com\/wp-content\/uploads\/Ana-Thais-Matos-jornalista-do-Sportv-300x169.webp 300w, https:\/\/www.gaveanews.com\/wp-content\/uploads\/Ana-Thais-Matos-jornalista-do-Sportv-768x432.webp 768w, https:\/\/www.gaveanews.com\/wp-content\/uploads\/Ana-Thais-Matos-jornalista-do-Sportv-746x420.webp 746w, https:\/\/www.gaveanews.com\/wp-content\/uploads\/Ana-Thais-Matos-jornalista-do-Sportv-640x360.webp 640w, https:\/\/www.gaveanews.com\/wp-content\/uploads\/Ana-Thais-Matos-jornalista-do-Sportv-1280x721.webp 1280w, https:\/\/www.gaveanews.com\/wp-content\/uploads\/Ana-Thais-Matos-jornalista-do-Sportv-681x383.webp 681w, https:\/\/www.gaveanews.com\/wp-content\/uploads\/Ana-Thais-Matos-jornalista-do-Sportv-1362x767.webp 1362w, https:\/\/www.gaveanews.com\/wp-content\/uploads\/Ana-Thais-Matos-jornalista-do-Sportv-100x56.webp 100w, https:\/\/www.gaveanews.com\/wp-content\/uploads\/Ana-Thais-Matos-jornalista-do-Sportv.webp 1366w\" sizes=\"auto, (max-width: 1024px) 100vw, 1024px\" \/><figcaption class=\"wp-element-caption\">Ana Thais Mattos, jornalista do Sportv (Foto: Reprodu\u00e7\u00e3o)<\/figcaption><\/figure>\n\n\n\n<p>Ana Tha\u00eds tamb\u00e9m questionou a ideia de que a Sul-Americana seja uma competi\u00e7\u00e3o mais acess\u00edvel para conquista de t\u00edtulo. Para ela, essa percep\u00e7\u00e3o \u00e9 ilus\u00f3ria, j\u00e1 que o torneio internacional exige alto n\u00edvel de desempenho e log\u00edstica complexa. <\/p>\n\n\n\n<p>Ela comparou a trajet\u00f3ria de clubes grandes em zonas de rebaixamento a um \u201cTitanic\u201d, que exige enorme esfor\u00e7o para ser redirecionado, refor\u00e7ando o alerta sobre a estrat\u00e9gia arriscada adotada pela diretoria vasca\u00edna.<\/p>\n\n\n\n<p>Apesar da vit\u00f3ria sobre o Puerto Cabello, a atua\u00e7\u00e3o do time n\u00e3o convenceu a torcida, que manifestou insatisfa\u00e7\u00e3o com vaias direcionadas ao t\u00e9cnico F\u00e1bio Carille. A press\u00e3o sobre o treinador aumenta \u00e0 medida que se aproxima o confronto contra o Sport, pelo Brasileir\u00e3o. Ana Tha\u00eds encerrou sua an\u00e1lise alertando que o Vasco precisa rever suas prioridades e apresentar desempenho convincente nas pr\u00f3ximas rodadas para evitar consequ\u00eancias graves no campeonato nacional.<\/p>\n\n\n\n<h2 class=\"wp-block-heading\" id=\"h-situacao-de-carille\">Situa\u00e7\u00e3o de Carille<\/h2>\n\n\n\n<p>Apesar do triunfo por 1 a 0 sobre o Puerto Cabello pela Copa Sul-Americana, o ambiente em S\u00e3o Janu\u00e1rio foi marcado por tens\u00e3o. Durante e ap\u00f3s a partida, F\u00e1bio Carille foi alvo de vaias e xingamentos por parte da torcida, que se mostrou insatisfeita com o desempenho ofensivo do time, especialmente na segunda etapa. Os gritos de \u201cfora, Carille\u201d ecoaram no est\u00e1dio, revelando que, mesmo com o resultado positivo, a rela\u00e7\u00e3o entre o t\u00e9cnico e os torcedores vive um momento delicado<strong><a href=\"https:\/\/www.gaveanews.com\/index.php\/2025\/04\/09\/acabou-o-amor-fabio-carille-e-xingado-por-torcedores-do-vasco\/\"> (leia a mat\u00e9ria completa).<\/a><\/strong><\/p>\n\n\n\n<figure class=\"wp-block-image size-full\"><img loading=\"lazy\" decoding=\"async\" width=\"1501\" height=\"1000\" src=\"http:\/\/www.gaveanews.com\/wp-content\/uploads\/Carille-apresentado-pelo-Vasco.webp\" alt=\"Carille apresentado pelo Vasco\" class=\"wp-image-220356\"\/><figcaption class=\"wp-element-caption\">Carille apresentado pelo Vasco (Foto: Divulga\u00e7\u00e3o)<\/figcaption><\/figure>\n\n\n\n<p>Na coletiva p\u00f3s-jogo, Carille abordou diretamente os protestos, reconhecendo o direito do torcedor de se manifestar, mas pediu apoio durante os 90 minutos. Segundo ele, as cr\u00edticas em meio \u00e0 partida afetam emocionalmente os jogadores e atrapalham a execu\u00e7\u00e3o do plano t\u00e1tico. O treinador destacou que, embora o placar tenha sido magro, a equipe executou bem o que foi treinado, criou chances e apresentou consist\u00eancia defensiva, o que, para ele, \u00e9 motivo de comemora\u00e7\u00e3o.<\/p>\n\n\n\n<p>Mesmo com os tr\u00eas pontos conquistados, a cobran\u00e7a da torcida refor\u00e7a a necessidade de evolu\u00e7\u00e3o no rendimento do time. O t\u00e9cnico agora enfrenta o desafio de restaurar a confian\u00e7a da arquibancada e do elenco, equilibrando resultados com desempenho convincente. O Vasco aguarda o desfecho da rodada para confirmar sua posi\u00e7\u00e3o no grupo, enquanto Carille busca uma resposta mais positiva nos pr\u00f3ximos jogos, dentro e fora de campo.<\/p>\n\n\n\n<h2 class=\"wp-block-heading\" id=\"h-saida-de-souza\">Sa\u00edda de Souza<\/h2>\n\n\n\n<p>O volante Souza, de 36 anos, vive uma situa\u00e7\u00e3o delicada no Vasco da Gama e avalia deixar o clube nos pr\u00f3ximos dias. Sem espa\u00e7o no elenco comandado por F\u00e1bio Carille e fora at\u00e9 mesmo da lista de relacionados na derrota contra o Corinthians, o jogador n\u00e3o entra em campo desde janeiro, quando atuou pela Ta\u00e7a Guanabara. A falta de oportunidades aliada ao encerramento iminente da janela de transfer\u00eancias internas pode acelerar sua sa\u00edda de S\u00e3o Janu\u00e1rio<strong><a href=\"https:\/\/www.gaveanews.com\/index.php\/2025\/04\/09\/sem-espaco-ele-avalia-deixar-o-vasco\/\"> (leia a mat\u00e9ria completa).<\/a><\/strong><\/p>\n\n\n\n<figure class=\"wp-block-image size-large\"><img loading=\"lazy\" decoding=\"async\" width=\"1024\" height=\"768\" src=\"http:\/\/www.gaveanews.com\/wp-content\/uploads\/Camisa-do-Vasco-2024-1024x768.webp\" alt=\"\" class=\"wp-image-161261\" srcset=\"https:\/\/www.gaveanews.com\/wp-content\/uploads\/Camisa-do-Vasco-2024-1024x768.webp 1024w, https:\/\/www.gaveanews.com\/wp-content\/uploads\/Camisa-do-Vasco-2024-300x225.webp 300w, https:\/\/www.gaveanews.com\/wp-content\/uploads\/Camisa-do-Vasco-2024-768x576.webp 768w, https:\/\/www.gaveanews.com\/wp-content\/uploads\/Camisa-do-Vasco-2024-560x420.webp 560w, https:\/\/www.gaveanews.com\/wp-content\/uploads\/Camisa-do-Vasco-2024-80x60.webp 80w, https:\/\/www.gaveanews.com\/wp-content\/uploads\/Camisa-do-Vasco-2024-160x120.webp 160w, https:\/\/www.gaveanews.com\/wp-content\/uploads\/Camisa-do-Vasco-2024-100x75.webp 100w, https:\/\/www.gaveanews.com\/wp-content\/uploads\/Camisa-do-Vasco-2024-200x150.webp 200w, https:\/\/www.gaveanews.com\/wp-content\/uploads\/Camisa-do-Vasco-2024-180x135.webp 180w, https:\/\/www.gaveanews.com\/wp-content\/uploads\/Camisa-do-Vasco-2024-360x270.webp 360w, https:\/\/www.gaveanews.com\/wp-content\/uploads\/Camisa-do-Vasco-2024-238x178.webp 238w, https:\/\/www.gaveanews.com\/wp-content\/uploads\/Camisa-do-Vasco-2024-476x356.webp 476w, https:\/\/www.gaveanews.com\/wp-content\/uploads\/Camisa-do-Vasco-2024-640x480.webp 640w, https:\/\/www.gaveanews.com\/wp-content\/uploads\/Camisa-do-Vasco-2024-681x511.webp 681w, https:\/\/www.gaveanews.com\/wp-content\/uploads\/Camisa-do-Vasco-2024.webp 1059w\" sizes=\"auto, (max-width: 1024px) 100vw, 1024px\" \/><figcaption class=\"wp-element-caption\">Camisa do Vasco 2024 (Foto: Reprodu\u00e7\u00e3o\/Instagram)<\/figcaption><\/figure>\n\n\n\n<p>Segundo o jornalista Andr\u00e9 Hernan, o pr\u00f3prio Souza j\u00e1 considera buscar uma nova equipe onde possa atuar com maior regularidade. Embora mantenha carinho pelo clube que o revelou, o veterano reconhece que precisa jogar para manter a forma e contribuir em campo nesta reta final de carreira. A possibilidade de uma rescis\u00e3o amig\u00e1vel est\u00e1 em pauta, o que facilitaria sua movimenta\u00e7\u00e3o para outro clube do futebol brasileiro.<\/p>\n\n\n\n<p>Desde seu retorno ao Vasco, ap\u00f3s passagem pelo futebol turco, Souza demonstrou comprometimento, inclusive se oferecendo para atuar como zagueiro nos treinos, mas n\u00e3o foi aproveitado. Com contrato v\u00e1lido at\u00e9 o fim de 2025, o volante busca uma defini\u00e7\u00e3o r\u00e1pida sobre seu futuro. Caso a sa\u00edda se concretize, ser\u00e1 o fim de um ciclo marcado por esfor\u00e7o e lealdade, mas frustrado pela aus\u00eancia de minutos em campo nesta temporada.<\/p>\n<\/div><\/div>\n<\/div><\/div>\n","protected":false},"excerpt":{"rendered":"<p>Nas \u00faltimas horas, o foco das not\u00edcias sobre o Vasco se concentram nos bastidores do clube, com destaques do dia a dia do time. Por conta deste contexto, leia abaixo um resumo preparado pela equipe do portal G\u00e1vea News para lhe manter muito bem informado! A declara\u00e7\u00e3o de Ana Tha\u00eds A comentarista Ana Tha\u00eds Matos [&hellip;]<\/p>\n","protected":false},"author":33,"featured_media":152090,"comment_status":"open","ping_status":"closed","sticky":false,"template":"","format":"standard","meta":{"footnotes":""},"categories":[152],"tags":[],"class_list":["post-252218","post","type-post","status-publish","format-standard","has-post-thumbnail","hentry","category-vasco"],"yoast_head":"<!-- This site is optimized with the Yoast SEO Premium plugin v24.2 (Yoast SEO v26.9) - https:\/\/yoast.com\/product\/yoast-seo-premium-wordpress\/ -->\n<title>Sa\u00edda de Souza, situa\u00e7\u00e3o de Carille e a declara\u00e7\u00e3o de Ana Tha\u00eds: as \u00faltimas not\u00edcias do Vasco<\/title>\n<meta name=\"robots\" content=\"index, follow, max-snippet:-1, max-image-preview:large, max-video-preview:-1\" \/>\n<link rel=\"canonical\" href=\"https:\/\/www.gaveanews.com\/index.php\/2025\/04\/11\/saida-de-souza-situacao-de-carille-e-a-declaracao-de-ana-thais-as-ultimas-noticias-do-vasco\/\" \/>\n<meta property=\"og:locale\" content=\"pt_BR\" \/>\n<meta property=\"og:type\" content=\"article\" \/>\n<meta property=\"og:title\" content=\"Sa\u00edda de Souza, situa\u00e7\u00e3o de Carille e a declara\u00e7\u00e3o de Ana Tha\u00eds: as \u00faltimas not\u00edcias do Vasco\" \/>\n<meta property=\"og:description\" content=\"Nas \u00faltimas horas, o foco das not\u00edcias sobre o Vasco se concentram nos bastidores do clube, com destaques do dia a dia do time. Por conta deste contexto, leia abaixo um resumo preparado pela equipe do portal G\u00e1vea News para lhe manter muito bem informado! A declara\u00e7\u00e3o de Ana Tha\u00eds A comentarista Ana Tha\u00eds Matos [&hellip;]\" \/>\n<meta property=\"og:url\" content=\"https:\/\/www.gaveanews.com\/index.php\/2025\/04\/11\/saida-de-souza-situacao-de-carille-e-a-declaracao-de-ana-thais-as-ultimas-noticias-do-vasco\/\" \/>\n<meta property=\"og:site_name\" content=\"G\u00e1vea News\" \/>\n<meta property=\"article:publisher\" content=\"https:\/\/facebook.com\/gaveaNews\/\" \/>\n<meta property=\"article:published_time\" content=\"2025-04-11T20:45:00+00:00\" \/>\n<meta property=\"og:image\" content=\"https:\/\/www.gaveanews.com\/wp-content\/uploads\/Bandeira-do-Vasco-da-Gama.webp\" \/>\n\t<meta property=\"og:image:width\" content=\"1159\" \/>\n\t<meta property=\"og:image:height\" content=\"772\" \/>\n\t<meta property=\"og:image:type\" content=\"image\/webp\" \/>\n<meta name=\"author\" content=\"Brenda Cezillo\" \/>\n<meta name=\"twitter:card\" content=\"summary_large_image\" \/>\n<meta name=\"twitter:label1\" content=\"Escrito por\" \/>\n\t<meta name=\"twitter:data1\" content=\"Brenda Cezillo\" \/>\n\t<meta name=\"twitter:label2\" content=\"Est. tempo de leitura\" \/>\n\t<meta name=\"twitter:data2\" content=\"5 minutos\" \/>\n<script type=\"application\/ld+json\" class=\"yoast-schema-graph\">{\"@context\":\"https:\/\/schema.org\",\"@graph\":[{\"@type\":\"NewsArticle\",\"@id\":\"https:\/\/www.gaveanews.com\/index.php\/2025\/04\/11\/saida-de-souza-situacao-de-carille-e-a-declaracao-de-ana-thais-as-ultimas-noticias-do-vasco\/#article\",\"isPartOf\":{\"@id\":\"https:\/\/www.gaveanews.com\/index.php\/2025\/04\/11\/saida-de-souza-situacao-de-carille-e-a-declaracao-de-ana-thais-as-ultimas-noticias-do-vasco\/\"},\"author\":{\"name\":\"Brenda Cezillo\",\"@id\":\"https:\/\/www.gaveanews.com\/#\/schema\/person\/c79759ca337c40791ae8d08e2923d403\"},\"headline\":\"Sa\u00edda de Souza, situa\u00e7\u00e3o de Carille e a declara\u00e7\u00e3o de Ana Tha\u00eds: as \u00faltimas not\u00edcias do Vasco\",\"datePublished\":\"2025-04-11T20:45:00+00:00\",\"mainEntityOfPage\":{\"@id\":\"https:\/\/www.gaveanews.com\/index.php\/2025\/04\/11\/saida-de-souza-situacao-de-carille-e-a-declaracao-de-ana-thais-as-ultimas-noticias-do-vasco\/\"},\"wordCount\":855,\"commentCount\":0,\"image\":{\"@id\":\"https:\/\/www.gaveanews.com\/index.php\/2025\/04\/11\/saida-de-souza-situacao-de-carille-e-a-declaracao-de-ana-thais-as-ultimas-noticias-do-vasco\/#primaryimage\"},\"thumbnailUrl\":\"https:\/\/www.gaveanews.com\/wp-content\/uploads\/Bandeira-do-Vasco-da-Gama.webp\",\"articleSection\":[\"Vasco\"],\"inLanguage\":\"pt-BR\",\"potentialAction\":[{\"@type\":\"CommentAction\",\"name\":\"Comment\",\"target\":[\"https:\/\/www.gaveanews.com\/index.php\/2025\/04\/11\/saida-de-souza-situacao-de-carille-e-a-declaracao-de-ana-thais-as-ultimas-noticias-do-vasco\/#respond\"]}],\"copyrightYear\":\"2025\",\"copyrightHolder\":{\"@id\":\"https:\/\/www.gaveanews.com\/#organization\"}},{\"@type\":\"WebPage\",\"@id\":\"https:\/\/www.gaveanews.com\/index.php\/2025\/04\/11\/saida-de-souza-situacao-de-carille-e-a-declaracao-de-ana-thais-as-ultimas-noticias-do-vasco\/\",\"url\":\"https:\/\/www.gaveanews.com\/index.php\/2025\/04\/11\/saida-de-souza-situacao-de-carille-e-a-declaracao-de-ana-thais-as-ultimas-noticias-do-vasco\/\",\"name\":\"Sa\u00edda de Souza, situa\u00e7\u00e3o de Carille e a declara\u00e7\u00e3o de Ana Tha\u00eds: as \u00faltimas not\u00edcias do Vasco\",\"isPartOf\":{\"@id\":\"https:\/\/www.gaveanews.com\/#website\"},\"primaryImageOfPage\":{\"@id\":\"https:\/\/www.gaveanews.com\/index.php\/2025\/04\/11\/saida-de-souza-situacao-de-carille-e-a-declaracao-de-ana-thais-as-ultimas-noticias-do-vasco\/#primaryimage\"},\"image\":{\"@id\":\"https:\/\/www.gaveanews.com\/index.php\/2025\/04\/11\/saida-de-souza-situacao-de-carille-e-a-declaracao-de-ana-thais-as-ultimas-noticias-do-vasco\/#primaryimage\"},\"thumbnailUrl\":\"https:\/\/www.gaveanews.com\/wp-content\/uploads\/Bandeira-do-Vasco-da-Gama.webp\",\"datePublished\":\"2025-04-11T20:45:00+00:00\",\"author\":{\"@id\":\"https:\/\/www.gaveanews.com\/#\/schema\/person\/c79759ca337c40791ae8d08e2923d403\"},\"breadcrumb\":{\"@id\":\"https:\/\/www.gaveanews.com\/index.php\/2025\/04\/11\/saida-de-souza-situacao-de-carille-e-a-declaracao-de-ana-thais-as-ultimas-noticias-do-vasco\/#breadcrumb\"},\"inLanguage\":\"pt-BR\",\"potentialAction\":[{\"@type\":\"ReadAction\",\"target\":[\"https:\/\/www.gaveanews.com\/index.php\/2025\/04\/11\/saida-de-souza-situacao-de-carille-e-a-declaracao-de-ana-thais-as-ultimas-noticias-do-vasco\/\"]}]},{\"@type\":\"ImageObject\",\"inLanguage\":\"pt-BR\",\"@id\":\"https:\/\/www.gaveanews.com\/index.php\/2025\/04\/11\/saida-de-souza-situacao-de-carille-e-a-declaracao-de-ana-thais-as-ultimas-noticias-do-vasco\/#primaryimage\",\"url\":\"https:\/\/www.gaveanews.com\/wp-content\/uploads\/Bandeira-do-Vasco-da-Gama.webp\",\"contentUrl\":\"https:\/\/www.gaveanews.com\/wp-content\/uploads\/Bandeira-do-Vasco-da-Gama.webp\",\"width\":1159,\"height\":772,\"caption\":\"Bandeira do Vasco da Gama (Foto: Reprodu\u00e7\u00e3o\/Vasco)\"},{\"@type\":\"BreadcrumbList\",\"@id\":\"https:\/\/www.gaveanews.com\/index.php\/2025\/04\/11\/saida-de-souza-situacao-de-carille-e-a-declaracao-de-ana-thais-as-ultimas-noticias-do-vasco\/#breadcrumb\",\"itemListElement\":[{\"@type\":\"ListItem\",\"position\":1,\"name\":\"Home\",\"item\":\"https:\/\/www.gaveanews.com\/\"},{\"@type\":\"ListItem\",\"position\":2,\"name\":\"Sa\u00edda de Souza, situa\u00e7\u00e3o de Carille e a declara\u00e7\u00e3o de Ana Tha\u00eds: as \u00faltimas not\u00edcias do Vasco\"}]},{\"@type\":\"WebSite\",\"@id\":\"https:\/\/www.gaveanews.com\/#website\",\"url\":\"https:\/\/www.gaveanews.com\/\",\"name\":\"G\u00e1vea News\",\"description\":\"Veja todas as not\u00edcias sobre o Flamengo: Contrata\u00e7\u00f5es, categorias de base, resultados das partidas, tabela de classifica\u00e7\u00e3o, pr\u00f3ximos jogos!\",\"potentialAction\":[{\"@type\":\"SearchAction\",\"target\":{\"@type\":\"EntryPoint\",\"urlTemplate\":\"https:\/\/www.gaveanews.com\/?s={search_term_string}\"},\"query-input\":{\"@type\":\"PropertyValueSpecification\",\"valueRequired\":true,\"valueName\":\"search_term_string\"}}],\"inLanguage\":\"pt-BR\"},{\"@type\":\"Person\",\"@id\":\"https:\/\/www.gaveanews.com\/#\/schema\/person\/c79759ca337c40791ae8d08e2923d403\",\"name\":\"Brenda Cezillo\",\"image\":{\"@type\":\"ImageObject\",\"inLanguage\":\"pt-BR\",\"@id\":\"https:\/\/www.gaveanews.com\/#\/schema\/person\/image\/\",\"url\":\"https:\/\/secure.gravatar.com\/avatar\/1738d75cee7317f9c29ae61dd67620c5883d80a92e42a6fff88ae5d527af217a?s=96&d=mm&r=g\",\"contentUrl\":\"https:\/\/secure.gravatar.com\/avatar\/1738d75cee7317f9c29ae61dd67620c5883d80a92e42a6fff88ae5d527af217a?s=96&d=mm&r=g\",\"caption\":\"Brenda Cezillo\"}}]}<\/script>\n<!-- \/ Yoast SEO Premium plugin. -->","yoast_head_json":{"title":"Sa\u00edda de Souza, situa\u00e7\u00e3o de Carille e a declara\u00e7\u00e3o de Ana Tha\u00eds: as \u00faltimas not\u00edcias do Vasco","robots":{"index":"index","follow":"follow","max-snippet":"max-snippet:-1","max-image-preview":"max-image-preview:large","max-video-preview":"max-video-preview:-1"},"canonical":"https:\/\/www.gaveanews.com\/index.php\/2025\/04\/11\/saida-de-souza-situacao-de-carille-e-a-declaracao-de-ana-thais-as-ultimas-noticias-do-vasco\/","og_locale":"pt_BR","og_type":"article","og_title":"Sa\u00edda de Souza, situa\u00e7\u00e3o de Carille e a declara\u00e7\u00e3o de Ana Tha\u00eds: as \u00faltimas not\u00edcias do Vasco","og_description":"Nas \u00faltimas horas, o foco das not\u00edcias sobre o Vasco se concentram nos bastidores do clube, com destaques do dia a dia do time. Por conta deste contexto, leia abaixo um resumo preparado pela equipe do portal G\u00e1vea News para lhe manter muito bem informado! A declara\u00e7\u00e3o de Ana Tha\u00eds A comentarista Ana Tha\u00eds Matos [&hellip;]","og_url":"https:\/\/www.gaveanews.com\/index.php\/2025\/04\/11\/saida-de-souza-situacao-de-carille-e-a-declaracao-de-ana-thais-as-ultimas-noticias-do-vasco\/","og_site_name":"G\u00e1vea News","article_publisher":"https:\/\/facebook.com\/gaveaNews\/","article_published_time":"2025-04-11T20:45:00+00:00","og_image":[{"width":1159,"height":772,"url":"https:\/\/www.gaveanews.com\/wp-content\/uploads\/Bandeira-do-Vasco-da-Gama.webp","type":"image\/webp"}],"author":"Brenda Cezillo","twitter_card":"summary_large_image","twitter_misc":{"Escrito por":"Brenda Cezillo","Est. tempo de leitura":"5 minutos"},"schema":{"@context":"https:\/\/schema.org","@graph":[{"@type":"NewsArticle","@id":"https:\/\/www.gaveanews.com\/index.php\/2025\/04\/11\/saida-de-souza-situacao-de-carille-e-a-declaracao-de-ana-thais-as-ultimas-noticias-do-vasco\/#article","isPartOf":{"@id":"https:\/\/www.gaveanews.com\/index.php\/2025\/04\/11\/saida-de-souza-situacao-de-carille-e-a-declaracao-de-ana-thais-as-ultimas-noticias-do-vasco\/"},"author":{"name":"Brenda Cezillo","@id":"https:\/\/www.gaveanews.com\/#\/schema\/person\/c79759ca337c40791ae8d08e2923d403"},"headline":"Sa\u00edda de Souza, situa\u00e7\u00e3o de Carille e a declara\u00e7\u00e3o de Ana Tha\u00eds: as \u00faltimas not\u00edcias do Vasco","datePublished":"2025-04-11T20:45:00+00:00","mainEntityOfPage":{"@id":"https:\/\/www.gaveanews.com\/index.php\/2025\/04\/11\/saida-de-souza-situacao-de-carille-e-a-declaracao-de-ana-thais-as-ultimas-noticias-do-vasco\/"},"wordCount":855,"commentCount":0,"image":{"@id":"https:\/\/www.gaveanews.com\/index.php\/2025\/04\/11\/saida-de-souza-situacao-de-carille-e-a-declaracao-de-ana-thais-as-ultimas-noticias-do-vasco\/#primaryimage"},"thumbnailUrl":"https:\/\/www.gaveanews.com\/wp-content\/uploads\/Bandeira-do-Vasco-da-Gama.webp","articleSection":["Vasco"],"inLanguage":"pt-BR","potentialAction":[{"@type":"CommentAction","name":"Comment","target":["https:\/\/www.gaveanews.com\/index.php\/2025\/04\/11\/saida-de-souza-situacao-de-carille-e-a-declaracao-de-ana-thais-as-ultimas-noticias-do-vasco\/#respond"]}],"copyrightYear":"2025","copyrightHolder":{"@id":"https:\/\/www.gaveanews.com\/#organization"}},{"@type":"WebPage","@id":"https:\/\/www.gaveanews.com\/index.php\/2025\/04\/11\/saida-de-souza-situacao-de-carille-e-a-declaracao-de-ana-thais-as-ultimas-noticias-do-vasco\/","url":"https:\/\/www.gaveanews.com\/index.php\/2025\/04\/11\/saida-de-souza-situacao-de-carille-e-a-declaracao-de-ana-thais-as-ultimas-noticias-do-vasco\/","name":"Sa\u00edda de Souza, situa\u00e7\u00e3o de Carille e a declara\u00e7\u00e3o de Ana Tha\u00eds: as \u00faltimas not\u00edcias do Vasco","isPartOf":{"@id":"https:\/\/www.gaveanews.com\/#website"},"primaryImageOfPage":{"@id":"https:\/\/www.gaveanews.com\/index.php\/2025\/04\/11\/saida-de-souza-situacao-de-carille-e-a-declaracao-de-ana-thais-as-ultimas-noticias-do-vasco\/#primaryimage"},"image":{"@id":"https:\/\/www.gaveanews.com\/index.php\/2025\/04\/11\/saida-de-souza-situacao-de-carille-e-a-declaracao-de-ana-thais-as-ultimas-noticias-do-vasco\/#primaryimage"},"thumbnailUrl":"https:\/\/www.gaveanews.com\/wp-content\/uploads\/Bandeira-do-Vasco-da-Gama.webp","datePublished":"2025-04-11T20:45:00+00:00","author":{"@id":"https:\/\/www.gaveanews.com\/#\/schema\/person\/c79759ca337c40791ae8d08e2923d403"},"breadcrumb":{"@id":"https:\/\/www.gaveanews.com\/index.php\/2025\/04\/11\/saida-de-souza-situacao-de-carille-e-a-declaracao-de-ana-thais-as-ultimas-noticias-do-vasco\/#breadcrumb"},"inLanguage":"pt-BR","potentialAction":[{"@type":"ReadAction","target":["https:\/\/www.gaveanews.com\/index.php\/2025\/04\/11\/saida-de-souza-situacao-de-carille-e-a-declaracao-de-ana-thais-as-ultimas-noticias-do-vasco\/"]}]},{"@type":"ImageObject","inLanguage":"pt-BR","@id":"https:\/\/www.gaveanews.com\/index.php\/2025\/04\/11\/saida-de-souza-situacao-de-carille-e-a-declaracao-de-ana-thais-as-ultimas-noticias-do-vasco\/#primaryimage","url":"https:\/\/www.gaveanews.com\/wp-content\/uploads\/Bandeira-do-Vasco-da-Gama.webp","contentUrl":"https:\/\/www.gaveanews.com\/wp-content\/uploads\/Bandeira-do-Vasco-da-Gama.webp","width":1159,"height":772,"caption":"Bandeira do Vasco da Gama (Foto: Reprodu\u00e7\u00e3o\/Vasco)"},{"@type":"BreadcrumbList","@id":"https:\/\/www.gaveanews.com\/index.php\/2025\/04\/11\/saida-de-souza-situacao-de-carille-e-a-declaracao-de-ana-thais-as-ultimas-noticias-do-vasco\/#breadcrumb","itemListElement":[{"@type":"ListItem","position":1,"name":"Home","item":"https:\/\/www.gaveanews.com\/"},{"@type":"ListItem","position":2,"name":"Sa\u00edda de Souza, situa\u00e7\u00e3o de Carille e a declara\u00e7\u00e3o de Ana Tha\u00eds: as \u00faltimas not\u00edcias do Vasco"}]},{"@type":"WebSite","@id":"https:\/\/www.gaveanews.com\/#website","url":"https:\/\/www.gaveanews.com\/","name":"G\u00e1vea News","description":"Veja todas as not\u00edcias sobre o Flamengo: Contrata\u00e7\u00f5es, categorias de base, resultados das partidas, tabela de classifica\u00e7\u00e3o, pr\u00f3ximos jogos!","potentialAction":[{"@type":"SearchAction","target":{"@type":"EntryPoint","urlTemplate":"https:\/\/www.gaveanews.com\/?s={search_term_string}"},"query-input":{"@type":"PropertyValueSpecification","valueRequired":true,"valueName":"search_term_string"}}],"inLanguage":"pt-BR"},{"@type":"Person","@id":"https:\/\/www.gaveanews.com\/#\/schema\/person\/c79759ca337c40791ae8d08e2923d403","name":"Brenda Cezillo","image":{"@type":"ImageObject","inLanguage":"pt-BR","@id":"https:\/\/www.gaveanews.com\/#\/schema\/person\/image\/","url":"https:\/\/secure.gravatar.com\/avatar\/1738d75cee7317f9c29ae61dd67620c5883d80a92e42a6fff88ae5d527af217a?s=96&d=mm&r=g","contentUrl":"https:\/\/secure.gravatar.com\/avatar\/1738d75cee7317f9c29ae61dd67620c5883d80a92e42a6fff88ae5d527af217a?s=96&d=mm&r=g","caption":"Brenda Cezillo"}}]}},"_links":{"self":[{"href":"https:\/\/www.gaveanews.com\/index.php\/wp-json\/wp\/v2\/posts\/252218","targetHints":{"allow":["GET"]}}],"collection":[{"href":"https:\/\/www.gaveanews.com\/index.php\/wp-json\/wp\/v2\/posts"}],"about":[{"href":"https:\/\/www.gaveanews.com\/index.php\/wp-json\/wp\/v2\/types\/post"}],"author":[{"embeddable":true,"href":"https:\/\/www.gaveanews.com\/index.php\/wp-json\/wp\/v2\/users\/33"}],"replies":[{"embeddable":true,"href":"https:\/\/www.gaveanews.com\/index.php\/wp-json\/wp\/v2\/comments?post=252218"}],"version-history":[{"count":1,"href":"https:\/\/www.gaveanews.com\/index.php\/wp-json\/wp\/v2\/posts\/252218\/revisions"}],"predecessor-version":[{"id":252258,"href":"https:\/\/www.gaveanews.com\/index.php\/wp-json\/wp\/v2\/posts\/252218\/revisions\/252258"}],"wp:featuredmedia":[{"embeddable":true,"href":"https:\/\/www.gaveanews.com\/index.php\/wp-json\/wp\/v2\/media\/152090"}],"wp:attachment":[{"href":"https:\/\/www.gaveanews.com\/index.php\/wp-json\/wp\/v2\/media?parent=252218"}],"wp:term":[{"taxonomy":"category","embeddable":true,"href":"https:\/\/www.gaveanews.com\/index.php\/wp-json\/wp\/v2\/categories?post=252218"},{"taxonomy":"post_tag","embeddable":true,"href":"https:\/\/www.gaveanews.com\/index.php\/wp-json\/wp\/v2\/tags?post=252218"}],"curies":[{"name":"wp","href":"https:\/\/api.w.org\/{rel}","templated":true}]}}