{"id":252220,"date":"2025-04-11T18:45:00","date_gmt":"2025-04-11T21:45:00","guid":{"rendered":"https:\/\/www.gaveanews.com\/?p=252220"},"modified":"2025-04-11T13:24:06","modified_gmt":"2025-04-11T16:24:06","slug":"atacante-na-mira-da-europa-decisao-do-governo-e-a-declaracao-de-casimiro-as-ultimas-noticias-do-vasco","status":"publish","type":"post","link":"https:\/\/www.gaveanews.com\/index.php\/2025\/04\/11\/atacante-na-mira-da-europa-decisao-do-governo-e-a-declaracao-de-casimiro-as-ultimas-noticias-do-vasco\/","title":{"rendered":"Atacante na mira da Europa, decis\u00e3o do Governo e a declara\u00e7\u00e3o de Casimiro: as \u00faltimas not\u00edcias do Vasco"},"content":{"rendered":"\n<p>Nas \u00faltimas horas, o foco das not\u00edcias sobre o Vasco se concentram nos bastidores do clube, com destaques do dia a dia do time.<\/p>\n\n\n\n<p>Por conta deste contexto, leia abaixo um resumo preparado pela equipe do portal G\u00e1vea News para lhe manter muito bem informado!<\/p>\n\n\n\n<div class=\"wp-block-group\"><div class=\"wp-block-group__inner-container is-layout-constrained wp-block-group-is-layout-constrained\">\n<h2 class=\"wp-block-heading\" id=\"h-declaracao-de-casimiro\">Declara\u00e7\u00e3o de Casimiro<\/h2>\n\n\n\n<p>A goleada sofrida pelo Vasco diante do Corinthians, por 3 a 0, causou indigna\u00e7\u00e3o entre os torcedores, e uma das rea\u00e7\u00f5es que mais repercutiu foi a do influenciador Casimiro. Durante uma transmiss\u00e3o ao vivo, o streamer vasca\u00edno criticou duramente a decis\u00e3o do t\u00e9cnico F\u00e1bio Carille de escalar um time reserva, ironizando sua pr\u00f3pria expectativa pelo jogo: \u201cVou sentar aqui para ver o jogo porque sou ot\u00e1rio\u201d. Casimiro tamb\u00e9m citou nominalmente jogadores que, em sua vis\u00e3o, n\u00e3o deveriam estar em campo, refor\u00e7ando a frustra\u00e7\u00e3o da torcida com a estrat\u00e9gia adotada pela comiss\u00e3o t\u00e9cnica <strong><a href=\"https:\/\/www.gaveanews.com\/index.php\/2025\/04\/09\/video-a-declaracao-de-casimiro-direcionada-a-fabio-carille\/\">(leia a mat\u00e9ria completa).<\/a><\/strong><\/p>\n\n\n\n<figure class=\"wp-block-image size-large\"><img loading=\"lazy\" decoding=\"async\" width=\"1024\" height=\"576\" src=\"http:\/\/www.gaveanews.com\/wp-content\/uploads\/Casimiro-Miguel-dono-da-CazeTv-1024x576.webp\" alt=\"\" class=\"wp-image-157048\" srcset=\"https:\/\/www.gaveanews.com\/wp-content\/uploads\/Casimiro-Miguel-dono-da-CazeTv-1024x576.webp 1024w, https:\/\/www.gaveanews.com\/wp-content\/uploads\/Casimiro-Miguel-dono-da-CazeTv-300x169.webp 300w, https:\/\/www.gaveanews.com\/wp-content\/uploads\/Casimiro-Miguel-dono-da-CazeTv-768x432.webp 768w, https:\/\/www.gaveanews.com\/wp-content\/uploads\/Casimiro-Miguel-dono-da-CazeTv-746x420.webp 746w, https:\/\/www.gaveanews.com\/wp-content\/uploads\/Casimiro-Miguel-dono-da-CazeTv-640x360.webp 640w, https:\/\/www.gaveanews.com\/wp-content\/uploads\/Casimiro-Miguel-dono-da-CazeTv-681x383.webp 681w, https:\/\/www.gaveanews.com\/wp-content\/uploads\/Casimiro-Miguel-dono-da-CazeTv-100x56.webp 100w, https:\/\/www.gaveanews.com\/wp-content\/uploads\/Casimiro-Miguel-dono-da-CazeTv.webp 1080w\" sizes=\"auto, (max-width: 1024px) 100vw, 1024px\" \/><figcaption class=\"wp-element-caption\">Casimiro Miguel, dono da Caz\u00e9Tv (Foto: Infomoney\/Reprodu\u00e7\u00e3o)<\/figcaption><\/figure>\n\n\n\n<p>O Vasco entrou em campo sem suas principais pe\u00e7as ofensivas, como Vegetti, que s\u00f3 foi utilizado na etapa final, quando o jogo j\u00e1 estava comprometido. <\/p>\n\n\n\n<p>O Corinthians, por sua vez, dominou amplamente e garantiu sua primeira vit\u00f3ria no Brasileir\u00e3o com gols de Yuri Alberto, Memphis e um gol contra de Jo\u00e3o Victor. Memphis, inclusive, voltou a marcar ap\u00f3s seis partidas de jejum, mostrando superioridade t\u00e9cnica diante de um advers\u00e1rio fragilizado.<\/p>\n\n\n\n<p>A repercuss\u00e3o negativa da escolha de Carille pressiona ainda mais o treinador, que j\u00e1 vinha sendo questionado pelo desempenho abaixo do esperado. Mesmo ap\u00f3s vencer o Puerto Cabello pela Sul-Americana, o time n\u00e3o convenceu. O pr\u00f3ximo jogo, contra o Sport, ser\u00e1 crucial para que o Vasco mostre poder de rea\u00e7\u00e3o e recupere a confian\u00e7a da torcida. Caso contr\u00e1rio, a instabilidade no comando t\u00e9cnico tende a crescer ainda mais.<\/p>\n\n\n\n<h2 class=\"wp-block-heading\" id=\"h-decisao-do-governo\">Decis\u00e3o do Governo <\/h2>\n\n\n\n<p>O Vasco da Gama entrar\u00e1 em campo para enfrentar o Cear\u00e1 no pr\u00f3ximo dia 15 de abril em uma situa\u00e7\u00e3o incomum. O jogo ser\u00e1 realizado na Arena Castel\u00e3o, que sediar\u00e1 duas partidas em um intervalo inferior ao previsto por norma estadual. Desde fevereiro de 2025, a regra vigente estipula 66 horas entre jogos no est\u00e1dio para preservar o gramado, mas uma exce\u00e7\u00e3o foi autorizada pelo Governo do Cear\u00e1, reduzindo esse tempo para apenas 49 horas no caso espec\u00edfico dos confrontos envolvendo Cear\u00e1 e Fortaleza<strong><a href=\"https:\/\/www.gaveanews.com\/index.php\/2025\/04\/09\/governo-abre-excecao-que-afetara-diretamente-o-vasco\/\"> (leia a mat\u00e9ria completa).<\/a><\/strong><\/p>\n\n\n\n<figure class=\"wp-block-image size-large\"><img loading=\"lazy\" decoding=\"async\" width=\"1024\" height=\"683\" src=\"http:\/\/www.gaveanews.com\/wp-content\/uploads\/Torcida-do-Ceara-no-Castelao-1024x683.webp\" alt=\"\" class=\"wp-image-185926\" srcset=\"https:\/\/www.gaveanews.com\/wp-content\/uploads\/Torcida-do-Ceara-no-Castelao-1024x683.webp 1024w, https:\/\/www.gaveanews.com\/wp-content\/uploads\/Torcida-do-Ceara-no-Castelao-300x200.webp 300w, https:\/\/www.gaveanews.com\/wp-content\/uploads\/Torcida-do-Ceara-no-Castelao-768x512.webp 768w, https:\/\/www.gaveanews.com\/wp-content\/uploads\/Torcida-do-Ceara-no-Castelao-630x420.webp 630w, https:\/\/www.gaveanews.com\/wp-content\/uploads\/Torcida-do-Ceara-no-Castelao-640x427.webp 640w, https:\/\/www.gaveanews.com\/wp-content\/uploads\/Torcida-do-Ceara-no-Castelao-681x454.webp 681w, https:\/\/www.gaveanews.com\/wp-content\/uploads\/Torcida-do-Ceara-no-Castelao-100x67.webp 100w, https:\/\/www.gaveanews.com\/wp-content\/uploads\/Torcida-do-Ceara-no-Castelao.webp 1080w\" sizes=\"auto, (max-width: 1024px) 100vw, 1024px\" \/><figcaption class=\"wp-element-caption\">Torcida do Cear\u00e1 no Castel\u00e3o (Foto: Reprodu\u00e7\u00e3o\/Instagram Murillo)<\/figcaption><\/figure>\n\n\n\n<p>A medida gerou debate, pois, embora prevista na pr\u00f3pria portaria, vai contra o objetivo principal da norma: evitar desgastes que possam comprometer o estado do campo ao longo da temporada. O secret\u00e1rio-chefe da Casa Civil, Chagas Vieira, confirmou a exce\u00e7\u00e3o por meio das redes sociais, destacando que houve di\u00e1logo com a Secretaria do Esporte e com a CBF para garantir a viabilidade dos jogos. Essa concess\u00e3o especial busca atender \u00e0s necessidades do calend\u00e1rio das equipes locais, mesmo sob o risco de deteriora\u00e7\u00e3o do gramado.<\/p>\n\n\n\n<p>Com essa decis\u00e3o, o jogo entre Vasco e Cear\u00e1 ser\u00e1 um verdadeiro teste para a resist\u00eancia da grama do Castel\u00e3o. A expectativa \u00e9 que o campo suporte bem a sequ\u00eancia, mas o caso pode abrir precedentes para futuras flexibiliza\u00e7\u00f5es, o que preocupa especialistas e dirigentes. No entanto, para o Vasco, o foco segue na prepara\u00e7\u00e3o para esse duelo fora de casa, que pode ser decisivo na sequ\u00eancia de sua temporada. A press\u00e3o por resultados e o desgaste emocional recente tornam o jogo ainda mais importante no contexto vasca\u00edno.<\/p>\n\n\n\n<h2 class=\"wp-block-heading\" id=\"h-atacante-na-mira-da-europa\">Atacante na mira da Europa<\/h2>\n\n\n\n<p>O jovem atacante Rayan, uma das maiores promessas das categorias de base do Vasco da Gama, entrou na mira do Arsenal, da Inglaterra. O tradicional clube da Premier League estuda apresentar uma proposta pelo jogador, que tamb\u00e9m vem sendo observado por outras equipes da Europa. A diretoria cruzmaltina, ciente da valoriza\u00e7\u00e3o do atleta no mercado internacional, j\u00e1 estipulou um valor inicial de R$ 90 milh\u00f5es para liberar seus direitos econ\u00f4micos, o que poder\u00e1 representar uma das maiores vendas da hist\u00f3ria recente do clube <strong><a href=\"https:\/\/www.gaveanews.com\/index.php\/2025\/04\/09\/arsenal-quer-contratar-atacante-do-vasco\/\">(leia a mat\u00e9ria completa).<\/a><\/strong><\/p>\n\n\n\n<figure class=\"wp-block-image size-large\"><img loading=\"lazy\" decoding=\"async\" width=\"1024\" height=\"576\" src=\"http:\/\/www.gaveanews.com\/wp-content\/uploads\/Rayan-em-treino-do-Vasco-1024x576.webp\" alt=\"\" class=\"wp-image-169867\" srcset=\"https:\/\/www.gaveanews.com\/wp-content\/uploads\/Rayan-em-treino-do-Vasco-1024x576.webp 1024w, https:\/\/www.gaveanews.com\/wp-content\/uploads\/Rayan-em-treino-do-Vasco-300x169.webp 300w, https:\/\/www.gaveanews.com\/wp-content\/uploads\/Rayan-em-treino-do-Vasco-768x432.webp 768w, https:\/\/www.gaveanews.com\/wp-content\/uploads\/Rayan-em-treino-do-Vasco-747x420.webp 747w, https:\/\/www.gaveanews.com\/wp-content\/uploads\/Rayan-em-treino-do-Vasco-640x360.webp 640w, https:\/\/www.gaveanews.com\/wp-content\/uploads\/Rayan-em-treino-do-Vasco-681x383.webp 681w, https:\/\/www.gaveanews.com\/wp-content\/uploads\/Rayan-em-treino-do-Vasco-100x56.webp 100w, https:\/\/www.gaveanews.com\/wp-content\/uploads\/Rayan-em-treino-do-Vasco.webp 1140w\" sizes=\"auto, (max-width: 1024px) 100vw, 1024px\" \/><figcaption class=\"wp-element-caption\">Rayan em treino do Vasco (Foto: Daniel Ramalho\/CRVG)<\/figcaption><\/figure>\n\n\n\n<p>Rayan tem chamado aten\u00e7\u00e3o n\u00e3o s\u00f3 por seu desempenho t\u00e9cnico, mas tamb\u00e9m por seu potencial de crescimento. O estafe do atleta acredita que uma experi\u00eancia no futebol europeu ser\u00e1 fundamental para acelerar seu desenvolvimento e alcan\u00e7ar novos patamares profissionais. Enquanto isso, o Vasco pretende conduzir qualquer negocia\u00e7\u00e3o com cautela, visando garantir o melhor retorno financeiro poss\u00edvel. Cl\u00e1usulas de revenda futura tamb\u00e9m est\u00e3o sendo consideradas para maximizar os ganhos do clube em poss\u00edveis transfer\u00eancias subsequentes.<\/p>\n\n\n\n<p>Embora o Arsenal esteja na dianteira das sondagens, a concorr\u00eancia por Rayan pode esquentar nas pr\u00f3ximas semanas. O interesse de diversos clubes europeus tende a elevar o valor de mercado do jogador e colocar o Vasco em posi\u00e7\u00e3o privilegiada para negociar. Com as finan\u00e7as em foco, a diretoria v\u00ea na venda uma oportunidade estrat\u00e9gica de injetar recursos no elenco e refor\u00e7ar o planejamento a longo prazo. O desfecho das conversas pode ser decisivo para o futuro esportivo e econ\u00f4mico do Gigante da Colina.<\/p>\n<\/div><\/div>\n","protected":false},"excerpt":{"rendered":"<p>Nas \u00faltimas horas, o foco das not\u00edcias sobre o Vasco se concentram nos bastidores do clube, com destaques do dia a dia do time. Por conta deste contexto, leia abaixo um resumo preparado pela equipe do portal G\u00e1vea News para lhe manter muito bem informado! Declara\u00e7\u00e3o de Casimiro A goleada sofrida pelo Vasco diante do [&hellip;]<\/p>\n","protected":false},"author":33,"featured_media":147443,"comment_status":"open","ping_status":"closed","sticky":false,"template":"","format":"standard","meta":{"footnotes":""},"categories":[152],"tags":[],"class_list":["post-252220","post","type-post","status-publish","format-standard","has-post-thumbnail","hentry","category-vasco"],"yoast_head":"<!-- This site is optimized with the Yoast SEO Premium plugin v24.2 (Yoast SEO v26.9) - https:\/\/yoast.com\/product\/yoast-seo-premium-wordpress\/ -->\n<title>Atacante na mira da Europa, decis\u00e3o do Governo e a declara\u00e7\u00e3o de Casimiro: as \u00faltimas not\u00edcias do Vasco<\/title>\n<meta name=\"robots\" content=\"index, follow, max-snippet:-1, max-image-preview:large, max-video-preview:-1\" \/>\n<link rel=\"canonical\" href=\"https:\/\/www.gaveanews.com\/index.php\/2025\/04\/11\/atacante-na-mira-da-europa-decisao-do-governo-e-a-declaracao-de-casimiro-as-ultimas-noticias-do-vasco\/\" \/>\n<meta property=\"og:locale\" content=\"pt_BR\" \/>\n<meta property=\"og:type\" content=\"article\" \/>\n<meta property=\"og:title\" content=\"Atacante na mira da Europa, decis\u00e3o do Governo e a declara\u00e7\u00e3o de Casimiro: as \u00faltimas not\u00edcias do Vasco\" \/>\n<meta property=\"og:description\" content=\"Nas \u00faltimas horas, o foco das not\u00edcias sobre o Vasco se concentram nos bastidores do clube, com destaques do dia a dia do time. Por conta deste contexto, leia abaixo um resumo preparado pela equipe do portal G\u00e1vea News para lhe manter muito bem informado! Declara\u00e7\u00e3o de Casimiro A goleada sofrida pelo Vasco diante do [&hellip;]\" \/>\n<meta property=\"og:url\" content=\"https:\/\/www.gaveanews.com\/index.php\/2025\/04\/11\/atacante-na-mira-da-europa-decisao-do-governo-e-a-declaracao-de-casimiro-as-ultimas-noticias-do-vasco\/\" \/>\n<meta property=\"og:site_name\" content=\"G\u00e1vea News\" \/>\n<meta property=\"article:publisher\" content=\"https:\/\/facebook.com\/gaveaNews\/\" \/>\n<meta property=\"article:published_time\" content=\"2025-04-11T21:45:00+00:00\" \/>\n<meta property=\"og:image\" content=\"https:\/\/www.gaveanews.com\/wp-content\/uploads\/Camisa-do-Vasco-da-Gama.webp\" \/>\n\t<meta property=\"og:image:width\" content=\"1440\" \/>\n\t<meta property=\"og:image:height\" content=\"960\" \/>\n\t<meta property=\"og:image:type\" content=\"image\/jpeg\" \/>\n<meta name=\"author\" content=\"Brenda Cezillo\" \/>\n<meta name=\"twitter:card\" content=\"summary_large_image\" \/>\n<meta name=\"twitter:label1\" content=\"Escrito por\" \/>\n\t<meta name=\"twitter:data1\" content=\"Brenda Cezillo\" \/>\n\t<meta name=\"twitter:label2\" content=\"Est. tempo de leitura\" \/>\n\t<meta name=\"twitter:data2\" content=\"6 minutos\" \/>\n<script type=\"application\/ld+json\" class=\"yoast-schema-graph\">{\"@context\":\"https:\/\/schema.org\",\"@graph\":[{\"@type\":\"NewsArticle\",\"@id\":\"https:\/\/www.gaveanews.com\/index.php\/2025\/04\/11\/atacante-na-mira-da-europa-decisao-do-governo-e-a-declaracao-de-casimiro-as-ultimas-noticias-do-vasco\/#article\",\"isPartOf\":{\"@id\":\"https:\/\/www.gaveanews.com\/index.php\/2025\/04\/11\/atacante-na-mira-da-europa-decisao-do-governo-e-a-declaracao-de-casimiro-as-ultimas-noticias-do-vasco\/\"},\"author\":{\"name\":\"Brenda Cezillo\",\"@id\":\"https:\/\/www.gaveanews.com\/#\/schema\/person\/c79759ca337c40791ae8d08e2923d403\"},\"headline\":\"Atacante na mira da Europa, decis\u00e3o do Governo e a declara\u00e7\u00e3o de Casimiro: as \u00faltimas not\u00edcias do Vasco\",\"datePublished\":\"2025-04-11T21:45:00+00:00\",\"mainEntityOfPage\":{\"@id\":\"https:\/\/www.gaveanews.com\/index.php\/2025\/04\/11\/atacante-na-mira-da-europa-decisao-do-governo-e-a-declaracao-de-casimiro-as-ultimas-noticias-do-vasco\/\"},\"wordCount\":923,\"commentCount\":0,\"image\":{\"@id\":\"https:\/\/www.gaveanews.com\/index.php\/2025\/04\/11\/atacante-na-mira-da-europa-decisao-do-governo-e-a-declaracao-de-casimiro-as-ultimas-noticias-do-vasco\/#primaryimage\"},\"thumbnailUrl\":\"https:\/\/www.gaveanews.com\/wp-content\/uploads\/Camisa-do-Vasco-da-Gama.webp\",\"articleSection\":[\"Vasco\"],\"inLanguage\":\"pt-BR\",\"potentialAction\":[{\"@type\":\"CommentAction\",\"name\":\"Comment\",\"target\":[\"https:\/\/www.gaveanews.com\/index.php\/2025\/04\/11\/atacante-na-mira-da-europa-decisao-do-governo-e-a-declaracao-de-casimiro-as-ultimas-noticias-do-vasco\/#respond\"]}],\"copyrightYear\":\"2025\",\"copyrightHolder\":{\"@id\":\"https:\/\/www.gaveanews.com\/#organization\"}},{\"@type\":\"WebPage\",\"@id\":\"https:\/\/www.gaveanews.com\/index.php\/2025\/04\/11\/atacante-na-mira-da-europa-decisao-do-governo-e-a-declaracao-de-casimiro-as-ultimas-noticias-do-vasco\/\",\"url\":\"https:\/\/www.gaveanews.com\/index.php\/2025\/04\/11\/atacante-na-mira-da-europa-decisao-do-governo-e-a-declaracao-de-casimiro-as-ultimas-noticias-do-vasco\/\",\"name\":\"Atacante na mira da Europa, decis\u00e3o do Governo e a declara\u00e7\u00e3o de Casimiro: as \u00faltimas not\u00edcias do Vasco\",\"isPartOf\":{\"@id\":\"https:\/\/www.gaveanews.com\/#website\"},\"primaryImageOfPage\":{\"@id\":\"https:\/\/www.gaveanews.com\/index.php\/2025\/04\/11\/atacante-na-mira-da-europa-decisao-do-governo-e-a-declaracao-de-casimiro-as-ultimas-noticias-do-vasco\/#primaryimage\"},\"image\":{\"@id\":\"https:\/\/www.gaveanews.com\/index.php\/2025\/04\/11\/atacante-na-mira-da-europa-decisao-do-governo-e-a-declaracao-de-casimiro-as-ultimas-noticias-do-vasco\/#primaryimage\"},\"thumbnailUrl\":\"https:\/\/www.gaveanews.com\/wp-content\/uploads\/Camisa-do-Vasco-da-Gama.webp\",\"datePublished\":\"2025-04-11T21:45:00+00:00\",\"author\":{\"@id\":\"https:\/\/www.gaveanews.com\/#\/schema\/person\/c79759ca337c40791ae8d08e2923d403\"},\"breadcrumb\":{\"@id\":\"https:\/\/www.gaveanews.com\/index.php\/2025\/04\/11\/atacante-na-mira-da-europa-decisao-do-governo-e-a-declaracao-de-casimiro-as-ultimas-noticias-do-vasco\/#breadcrumb\"},\"inLanguage\":\"pt-BR\",\"potentialAction\":[{\"@type\":\"ReadAction\",\"target\":[\"https:\/\/www.gaveanews.com\/index.php\/2025\/04\/11\/atacante-na-mira-da-europa-decisao-do-governo-e-a-declaracao-de-casimiro-as-ultimas-noticias-do-vasco\/\"]}]},{\"@type\":\"ImageObject\",\"inLanguage\":\"pt-BR\",\"@id\":\"https:\/\/www.gaveanews.com\/index.php\/2025\/04\/11\/atacante-na-mira-da-europa-decisao-do-governo-e-a-declaracao-de-casimiro-as-ultimas-noticias-do-vasco\/#primaryimage\",\"url\":\"https:\/\/www.gaveanews.com\/wp-content\/uploads\/Camisa-do-Vasco-da-Gama.webp\",\"contentUrl\":\"https:\/\/www.gaveanews.com\/wp-content\/uploads\/Camisa-do-Vasco-da-Gama.webp\",\"width\":1440,\"height\":960,\"caption\":\"Camisa do Vasco da Gama (Foto: Reprodu\u00e7\u00e3o\/Instagram)\"},{\"@type\":\"BreadcrumbList\",\"@id\":\"https:\/\/www.gaveanews.com\/index.php\/2025\/04\/11\/atacante-na-mira-da-europa-decisao-do-governo-e-a-declaracao-de-casimiro-as-ultimas-noticias-do-vasco\/#breadcrumb\",\"itemListElement\":[{\"@type\":\"ListItem\",\"position\":1,\"name\":\"Home\",\"item\":\"https:\/\/www.gaveanews.com\/\"},{\"@type\":\"ListItem\",\"position\":2,\"name\":\"Atacante na mira da Europa, decis\u00e3o do Governo e a declara\u00e7\u00e3o de Casimiro: as \u00faltimas not\u00edcias do Vasco\"}]},{\"@type\":\"WebSite\",\"@id\":\"https:\/\/www.gaveanews.com\/#website\",\"url\":\"https:\/\/www.gaveanews.com\/\",\"name\":\"G\u00e1vea News\",\"description\":\"Veja todas as not\u00edcias sobre o Flamengo: Contrata\u00e7\u00f5es, categorias de base, resultados das partidas, tabela de classifica\u00e7\u00e3o, pr\u00f3ximos jogos!\",\"potentialAction\":[{\"@type\":\"SearchAction\",\"target\":{\"@type\":\"EntryPoint\",\"urlTemplate\":\"https:\/\/www.gaveanews.com\/?s={search_term_string}\"},\"query-input\":{\"@type\":\"PropertyValueSpecification\",\"valueRequired\":true,\"valueName\":\"search_term_string\"}}],\"inLanguage\":\"pt-BR\"},{\"@type\":\"Person\",\"@id\":\"https:\/\/www.gaveanews.com\/#\/schema\/person\/c79759ca337c40791ae8d08e2923d403\",\"name\":\"Brenda Cezillo\",\"image\":{\"@type\":\"ImageObject\",\"inLanguage\":\"pt-BR\",\"@id\":\"https:\/\/www.gaveanews.com\/#\/schema\/person\/image\/\",\"url\":\"https:\/\/secure.gravatar.com\/avatar\/1738d75cee7317f9c29ae61dd67620c5883d80a92e42a6fff88ae5d527af217a?s=96&d=mm&r=g\",\"contentUrl\":\"https:\/\/secure.gravatar.com\/avatar\/1738d75cee7317f9c29ae61dd67620c5883d80a92e42a6fff88ae5d527af217a?s=96&d=mm&r=g\",\"caption\":\"Brenda Cezillo\"}}]}<\/script>\n<!-- \/ Yoast SEO Premium plugin. -->","yoast_head_json":{"title":"Atacante na mira da Europa, decis\u00e3o do Governo e a declara\u00e7\u00e3o de Casimiro: as \u00faltimas not\u00edcias do Vasco","robots":{"index":"index","follow":"follow","max-snippet":"max-snippet:-1","max-image-preview":"max-image-preview:large","max-video-preview":"max-video-preview:-1"},"canonical":"https:\/\/www.gaveanews.com\/index.php\/2025\/04\/11\/atacante-na-mira-da-europa-decisao-do-governo-e-a-declaracao-de-casimiro-as-ultimas-noticias-do-vasco\/","og_locale":"pt_BR","og_type":"article","og_title":"Atacante na mira da Europa, decis\u00e3o do Governo e a declara\u00e7\u00e3o de Casimiro: as \u00faltimas not\u00edcias do Vasco","og_description":"Nas \u00faltimas horas, o foco das not\u00edcias sobre o Vasco se concentram nos bastidores do clube, com destaques do dia a dia do time. Por conta deste contexto, leia abaixo um resumo preparado pela equipe do portal G\u00e1vea News para lhe manter muito bem informado! Declara\u00e7\u00e3o de Casimiro A goleada sofrida pelo Vasco diante do [&hellip;]","og_url":"https:\/\/www.gaveanews.com\/index.php\/2025\/04\/11\/atacante-na-mira-da-europa-decisao-do-governo-e-a-declaracao-de-casimiro-as-ultimas-noticias-do-vasco\/","og_site_name":"G\u00e1vea News","article_publisher":"https:\/\/facebook.com\/gaveaNews\/","article_published_time":"2025-04-11T21:45:00+00:00","og_image":[{"width":1440,"height":960,"url":"https:\/\/www.gaveanews.com\/wp-content\/uploads\/Camisa-do-Vasco-da-Gama.webp","type":"image\/jpeg"}],"author":"Brenda Cezillo","twitter_card":"summary_large_image","twitter_misc":{"Escrito por":"Brenda Cezillo","Est. tempo de leitura":"6 minutos"},"schema":{"@context":"https:\/\/schema.org","@graph":[{"@type":"NewsArticle","@id":"https:\/\/www.gaveanews.com\/index.php\/2025\/04\/11\/atacante-na-mira-da-europa-decisao-do-governo-e-a-declaracao-de-casimiro-as-ultimas-noticias-do-vasco\/#article","isPartOf":{"@id":"https:\/\/www.gaveanews.com\/index.php\/2025\/04\/11\/atacante-na-mira-da-europa-decisao-do-governo-e-a-declaracao-de-casimiro-as-ultimas-noticias-do-vasco\/"},"author":{"name":"Brenda Cezillo","@id":"https:\/\/www.gaveanews.com\/#\/schema\/person\/c79759ca337c40791ae8d08e2923d403"},"headline":"Atacante na mira da Europa, decis\u00e3o do Governo e a declara\u00e7\u00e3o de Casimiro: as \u00faltimas not\u00edcias do Vasco","datePublished":"2025-04-11T21:45:00+00:00","mainEntityOfPage":{"@id":"https:\/\/www.gaveanews.com\/index.php\/2025\/04\/11\/atacante-na-mira-da-europa-decisao-do-governo-e-a-declaracao-de-casimiro-as-ultimas-noticias-do-vasco\/"},"wordCount":923,"commentCount":0,"image":{"@id":"https:\/\/www.gaveanews.com\/index.php\/2025\/04\/11\/atacante-na-mira-da-europa-decisao-do-governo-e-a-declaracao-de-casimiro-as-ultimas-noticias-do-vasco\/#primaryimage"},"thumbnailUrl":"https:\/\/www.gaveanews.com\/wp-content\/uploads\/Camisa-do-Vasco-da-Gama.webp","articleSection":["Vasco"],"inLanguage":"pt-BR","potentialAction":[{"@type":"CommentAction","name":"Comment","target":["https:\/\/www.gaveanews.com\/index.php\/2025\/04\/11\/atacante-na-mira-da-europa-decisao-do-governo-e-a-declaracao-de-casimiro-as-ultimas-noticias-do-vasco\/#respond"]}],"copyrightYear":"2025","copyrightHolder":{"@id":"https:\/\/www.gaveanews.com\/#organization"}},{"@type":"WebPage","@id":"https:\/\/www.gaveanews.com\/index.php\/2025\/04\/11\/atacante-na-mira-da-europa-decisao-do-governo-e-a-declaracao-de-casimiro-as-ultimas-noticias-do-vasco\/","url":"https:\/\/www.gaveanews.com\/index.php\/2025\/04\/11\/atacante-na-mira-da-europa-decisao-do-governo-e-a-declaracao-de-casimiro-as-ultimas-noticias-do-vasco\/","name":"Atacante na mira da Europa, decis\u00e3o do Governo e a declara\u00e7\u00e3o de Casimiro: as \u00faltimas not\u00edcias do Vasco","isPartOf":{"@id":"https:\/\/www.gaveanews.com\/#website"},"primaryImageOfPage":{"@id":"https:\/\/www.gaveanews.com\/index.php\/2025\/04\/11\/atacante-na-mira-da-europa-decisao-do-governo-e-a-declaracao-de-casimiro-as-ultimas-noticias-do-vasco\/#primaryimage"},"image":{"@id":"https:\/\/www.gaveanews.com\/index.php\/2025\/04\/11\/atacante-na-mira-da-europa-decisao-do-governo-e-a-declaracao-de-casimiro-as-ultimas-noticias-do-vasco\/#primaryimage"},"thumbnailUrl":"https:\/\/www.gaveanews.com\/wp-content\/uploads\/Camisa-do-Vasco-da-Gama.webp","datePublished":"2025-04-11T21:45:00+00:00","author":{"@id":"https:\/\/www.gaveanews.com\/#\/schema\/person\/c79759ca337c40791ae8d08e2923d403"},"breadcrumb":{"@id":"https:\/\/www.gaveanews.com\/index.php\/2025\/04\/11\/atacante-na-mira-da-europa-decisao-do-governo-e-a-declaracao-de-casimiro-as-ultimas-noticias-do-vasco\/#breadcrumb"},"inLanguage":"pt-BR","potentialAction":[{"@type":"ReadAction","target":["https:\/\/www.gaveanews.com\/index.php\/2025\/04\/11\/atacante-na-mira-da-europa-decisao-do-governo-e-a-declaracao-de-casimiro-as-ultimas-noticias-do-vasco\/"]}]},{"@type":"ImageObject","inLanguage":"pt-BR","@id":"https:\/\/www.gaveanews.com\/index.php\/2025\/04\/11\/atacante-na-mira-da-europa-decisao-do-governo-e-a-declaracao-de-casimiro-as-ultimas-noticias-do-vasco\/#primaryimage","url":"https:\/\/www.gaveanews.com\/wp-content\/uploads\/Camisa-do-Vasco-da-Gama.webp","contentUrl":"https:\/\/www.gaveanews.com\/wp-content\/uploads\/Camisa-do-Vasco-da-Gama.webp","width":1440,"height":960,"caption":"Camisa do Vasco da Gama (Foto: Reprodu\u00e7\u00e3o\/Instagram)"},{"@type":"BreadcrumbList","@id":"https:\/\/www.gaveanews.com\/index.php\/2025\/04\/11\/atacante-na-mira-da-europa-decisao-do-governo-e-a-declaracao-de-casimiro-as-ultimas-noticias-do-vasco\/#breadcrumb","itemListElement":[{"@type":"ListItem","position":1,"name":"Home","item":"https:\/\/www.gaveanews.com\/"},{"@type":"ListItem","position":2,"name":"Atacante na mira da Europa, decis\u00e3o do Governo e a declara\u00e7\u00e3o de Casimiro: as \u00faltimas not\u00edcias do Vasco"}]},{"@type":"WebSite","@id":"https:\/\/www.gaveanews.com\/#website","url":"https:\/\/www.gaveanews.com\/","name":"G\u00e1vea News","description":"Veja todas as not\u00edcias sobre o Flamengo: Contrata\u00e7\u00f5es, categorias de base, resultados das partidas, tabela de classifica\u00e7\u00e3o, pr\u00f3ximos jogos!","potentialAction":[{"@type":"SearchAction","target":{"@type":"EntryPoint","urlTemplate":"https:\/\/www.gaveanews.com\/?s={search_term_string}"},"query-input":{"@type":"PropertyValueSpecification","valueRequired":true,"valueName":"search_term_string"}}],"inLanguage":"pt-BR"},{"@type":"Person","@id":"https:\/\/www.gaveanews.com\/#\/schema\/person\/c79759ca337c40791ae8d08e2923d403","name":"Brenda Cezillo","image":{"@type":"ImageObject","inLanguage":"pt-BR","@id":"https:\/\/www.gaveanews.com\/#\/schema\/person\/image\/","url":"https:\/\/secure.gravatar.com\/avatar\/1738d75cee7317f9c29ae61dd67620c5883d80a92e42a6fff88ae5d527af217a?s=96&d=mm&r=g","contentUrl":"https:\/\/secure.gravatar.com\/avatar\/1738d75cee7317f9c29ae61dd67620c5883d80a92e42a6fff88ae5d527af217a?s=96&d=mm&r=g","caption":"Brenda Cezillo"}}]}},"_links":{"self":[{"href":"https:\/\/www.gaveanews.com\/index.php\/wp-json\/wp\/v2\/posts\/252220","targetHints":{"allow":["GET"]}}],"collection":[{"href":"https:\/\/www.gaveanews.com\/index.php\/wp-json\/wp\/v2\/posts"}],"about":[{"href":"https:\/\/www.gaveanews.com\/index.php\/wp-json\/wp\/v2\/types\/post"}],"author":[{"embeddable":true,"href":"https:\/\/www.gaveanews.com\/index.php\/wp-json\/wp\/v2\/users\/33"}],"replies":[{"embeddable":true,"href":"https:\/\/www.gaveanews.com\/index.php\/wp-json\/wp\/v2\/comments?post=252220"}],"version-history":[{"count":1,"href":"https:\/\/www.gaveanews.com\/index.php\/wp-json\/wp\/v2\/posts\/252220\/revisions"}],"predecessor-version":[{"id":252261,"href":"https:\/\/www.gaveanews.com\/index.php\/wp-json\/wp\/v2\/posts\/252220\/revisions\/252261"}],"wp:featuredmedia":[{"embeddable":true,"href":"https:\/\/www.gaveanews.com\/index.php\/wp-json\/wp\/v2\/media\/147443"}],"wp:attachment":[{"href":"https:\/\/www.gaveanews.com\/index.php\/wp-json\/wp\/v2\/media?parent=252220"}],"wp:term":[{"taxonomy":"category","embeddable":true,"href":"https:\/\/www.gaveanews.com\/index.php\/wp-json\/wp\/v2\/categories?post=252220"},{"taxonomy":"post_tag","embeddable":true,"href":"https:\/\/www.gaveanews.com\/index.php\/wp-json\/wp\/v2\/tags?post=252220"}],"curies":[{"name":"wp","href":"https:\/\/api.w.org\/{rel}","templated":true}]}}