{"id":252262,"date":"2025-04-11T20:30:00","date_gmt":"2025-04-11T23:30:00","guid":{"rendered":"https:\/\/www.gaveanews.com\/?p=252262"},"modified":"2025-04-11T15:48:38","modified_gmt":"2025-04-11T18:48:38","slug":"relacao-de-mbappe-e-vini-jr-do-real-madrid-e-assunto-na-midia-da-europa","status":"publish","type":"post","link":"https:\/\/www.gaveanews.com\/index.php\/2025\/04\/11\/relacao-de-mbappe-e-vini-jr-do-real-madrid-e-assunto-na-midia-da-europa\/","title":{"rendered":"Rela\u00e7\u00e3o de Mbapp\u00e9 e Vini Jr, do Real Madrid, \u00e9 assunto na m\u00eddia da Europa"},"content":{"rendered":"\n<h2 class=\"wp-block-heading\" id=\"h-jornal-aponta-falta-de-encaixe-na-dupla\">Jornal aponta &#8220;falta de encaixe&#8221; na dupla<\/h2>\n\n\n\n<p>Para o jornal &#8220;Marca&#8221;, um dos principais da Espanha, a dupla Kylian Mbapp\u00e9 e Vini Jr ainda &#8220;n\u00e3o encaixou&#8221;. Nesta sexta-feira (11), o jornal destacou que quando a dupla joga junto, eles se procuram no campo para ajudar um ao outro, mas, que eles possuem n\u00fameros melhores quando um n\u00e3o atua. <\/p>\n\n\n\n<p>&#8220;Depois de 41 partidas juntos, a impress\u00e3o geral \u00e9 que Mbapp\u00e9 \u00e9 mais importante quando n\u00e3o compartilha o protagonismo com seu companheiro. Faz mais gols, aparece mais, faz melhores jogos. O certo \u00e9 que ambos contribuem mais jogando separados do que quando est\u00e3o juntos em campo. Se est\u00e3o os dois, n\u00e3o levam bem a divis\u00e3o das tarefas ofensivas&#8221;, escreveu o jornal &#8220;Marca&#8221;.<\/p>\n\n\n\n<p>A diferen\u00e7a mais not\u00f3ria que podemos ver em rela\u00e7\u00e3o ao atacante franc\u00eas s\u00e3o os gols marcados. Jogando sozinho, Kylian possui sete gols em sete partidas. J\u00e1 com Vini em campo, foram 26 bolas nas redes em 41 jogos. Al\u00e9m disso, quando o brasileiro n\u00e3o atua, Mbapp\u00e9 pode atuar mais pelo lado esquerdo do campo, faixa onde prefere atuar.<\/p>\n\n\n\n<p>No caso de Vini Jr, sua participa\u00e7\u00e3o no jogo aumenta na aus\u00eancia do companheiro. Sem Mbapp\u00e9 em campo, o brasileiro finaliza mais, tem mais presen\u00e7a na \u00e1rea e realiza dribles com maior frequ\u00eancia, um a cada 12 minutos, em compara\u00e7\u00e3o a um a cada 15 quando atuam juntos.<\/p>\n\n\n\n<p>Apesar disso, os n\u00fameros divulgados pelo jornal espanhol mostram que Vini e Mbapp\u00e9 se procuram dentro de campo com uma grande frequ\u00eancia. Vini Jr. \u00e9 quem mais d\u00e1 passes para Mbapp\u00e9 finalizar: 15. Esta \u00e9 a conex\u00e3o mais frequente do Real Madrid na temporada.<\/p>\n\n\n\n<p>Mas, vendo por outro lado, ambos deram poucas assist\u00eancias para o outro. Mbapp\u00e9 deu apenas duas assist\u00eancias para Vini, que realizou apenas tr\u00eas ao atacante franc\u00eas. Vale lembrar que Kylian chegou ao Real Madrid nesta temporada e ainda est\u00e1 se adaptando ao clube espanhol. Ao decorrer dos anos, a dupla dever\u00e1 engrenar e assim resultados melhores vir\u00e3o. <\/p>\n","protected":false},"excerpt":{"rendered":"<p>Jornal aponta &#8220;falta de encaixe&#8221; na dupla Para o jornal &#8220;Marca&#8221;, um dos principais da Espanha, a dupla Kylian Mbapp\u00e9 e Vini Jr ainda &#8220;n\u00e3o encaixou&#8221;. Nesta sexta-feira (11), o jornal destacou que quando a dupla joga junto, eles se procuram no campo para ajudar um ao outro, mas, que eles possuem n\u00fameros melhores quando [&hellip;]<\/p>\n","protected":false},"author":21,"featured_media":164168,"comment_status":"open","ping_status":"closed","sticky":false,"template":"","format":"standard","meta":{"footnotes":""},"categories":[88],"tags":[],"class_list":["post-252262","post","type-post","status-publish","format-standard","has-post-thumbnail","hentry","category-real-madrid"],"yoast_head":"<!-- This site is optimized with the Yoast SEO Premium plugin v24.2 (Yoast SEO v26.9) - https:\/\/yoast.com\/product\/yoast-seo-premium-wordpress\/ -->\n<title>Rela\u00e7\u00e3o de Mbapp\u00e9 e Vini Jr, do Real Madrid, \u00e9 assunto na m\u00eddia da Europa<\/title>\n<meta name=\"robots\" content=\"index, follow, max-snippet:-1, max-image-preview:large, max-video-preview:-1\" \/>\n<link rel=\"canonical\" href=\"https:\/\/www.gaveanews.com\/index.php\/2025\/04\/11\/relacao-de-mbappe-e-vini-jr-do-real-madrid-e-assunto-na-midia-da-europa\/\" \/>\n<meta property=\"og:locale\" content=\"pt_BR\" \/>\n<meta property=\"og:type\" content=\"article\" \/>\n<meta property=\"og:title\" content=\"Rela\u00e7\u00e3o de Mbapp\u00e9 e Vini Jr, do Real Madrid, \u00e9 assunto na m\u00eddia da Europa\" \/>\n<meta property=\"og:description\" content=\"Jornal aponta &#8220;falta de encaixe&#8221; na dupla Para o jornal &#8220;Marca&#8221;, um dos principais da Espanha, a dupla Kylian Mbapp\u00e9 e Vini Jr ainda &#8220;n\u00e3o encaixou&#8221;. Nesta sexta-feira (11), o jornal destacou que quando a dupla joga junto, eles se procuram no campo para ajudar um ao outro, mas, que eles possuem n\u00fameros melhores quando [&hellip;]\" \/>\n<meta property=\"og:url\" content=\"https:\/\/www.gaveanews.com\/index.php\/2025\/04\/11\/relacao-de-mbappe-e-vini-jr-do-real-madrid-e-assunto-na-midia-da-europa\/\" \/>\n<meta property=\"og:site_name\" content=\"G\u00e1vea News\" \/>\n<meta property=\"article:publisher\" content=\"https:\/\/facebook.com\/gaveaNews\/\" \/>\n<meta property=\"article:published_time\" content=\"2025-04-11T23:30:00+00:00\" \/>\n<meta property=\"og:image\" content=\"https:\/\/www.gaveanews.com\/wp-content\/uploads\/Kylian-Mbappe-e-Vini-Jr.-com-a-camisa-do-Real-Madrid-em-2024.webp\" \/>\n\t<meta property=\"og:image:width\" content=\"1328\" \/>\n\t<meta property=\"og:image:height\" content=\"886\" \/>\n\t<meta property=\"og:image:type\" content=\"image\/webp\" \/>\n<meta name=\"author\" content=\"Andr\u00e9 Serra\" \/>\n<meta name=\"twitter:card\" content=\"summary_large_image\" \/>\n<meta name=\"twitter:label1\" content=\"Escrito por\" \/>\n\t<meta name=\"twitter:data1\" content=\"Andr\u00e9 Serra\" \/>\n\t<meta name=\"twitter:label2\" content=\"Est. tempo de leitura\" \/>\n\t<meta name=\"twitter:data2\" content=\"3 minutos\" \/>\n<script type=\"application\/ld+json\" class=\"yoast-schema-graph\">{\"@context\":\"https:\/\/schema.org\",\"@graph\":[{\"@type\":\"NewsArticle\",\"@id\":\"https:\/\/www.gaveanews.com\/index.php\/2025\/04\/11\/relacao-de-mbappe-e-vini-jr-do-real-madrid-e-assunto-na-midia-da-europa\/#article\",\"isPartOf\":{\"@id\":\"https:\/\/www.gaveanews.com\/index.php\/2025\/04\/11\/relacao-de-mbappe-e-vini-jr-do-real-madrid-e-assunto-na-midia-da-europa\/\"},\"author\":{\"name\":\"Andr\u00e9 Serra\",\"@id\":\"https:\/\/www.gaveanews.com\/#\/schema\/person\/0277a79a1289c451c281ec0411d84f0c\"},\"headline\":\"Rela\u00e7\u00e3o de Mbapp\u00e9 e Vini Jr, do Real Madrid, \u00e9 assunto na m\u00eddia da Europa\",\"datePublished\":\"2025-04-11T23:30:00+00:00\",\"mainEntityOfPage\":{\"@id\":\"https:\/\/www.gaveanews.com\/index.php\/2025\/04\/11\/relacao-de-mbappe-e-vini-jr-do-real-madrid-e-assunto-na-midia-da-europa\/\"},\"wordCount\":360,\"commentCount\":0,\"image\":{\"@id\":\"https:\/\/www.gaveanews.com\/index.php\/2025\/04\/11\/relacao-de-mbappe-e-vini-jr-do-real-madrid-e-assunto-na-midia-da-europa\/#primaryimage\"},\"thumbnailUrl\":\"https:\/\/www.gaveanews.com\/wp-content\/uploads\/Kylian-Mbappe-e-Vini-Jr.-com-a-camisa-do-Real-Madrid-em-2024.webp\",\"articleSection\":[\"Real Madrid\"],\"inLanguage\":\"pt-BR\",\"potentialAction\":[{\"@type\":\"CommentAction\",\"name\":\"Comment\",\"target\":[\"https:\/\/www.gaveanews.com\/index.php\/2025\/04\/11\/relacao-de-mbappe-e-vini-jr-do-real-madrid-e-assunto-na-midia-da-europa\/#respond\"]}],\"copyrightYear\":\"2025\",\"copyrightHolder\":{\"@id\":\"https:\/\/www.gaveanews.com\/#organization\"}},{\"@type\":\"WebPage\",\"@id\":\"https:\/\/www.gaveanews.com\/index.php\/2025\/04\/11\/relacao-de-mbappe-e-vini-jr-do-real-madrid-e-assunto-na-midia-da-europa\/\",\"url\":\"https:\/\/www.gaveanews.com\/index.php\/2025\/04\/11\/relacao-de-mbappe-e-vini-jr-do-real-madrid-e-assunto-na-midia-da-europa\/\",\"name\":\"Rela\u00e7\u00e3o de Mbapp\u00e9 e Vini Jr, do Real Madrid, \u00e9 assunto na m\u00eddia da Europa\",\"isPartOf\":{\"@id\":\"https:\/\/www.gaveanews.com\/#website\"},\"primaryImageOfPage\":{\"@id\":\"https:\/\/www.gaveanews.com\/index.php\/2025\/04\/11\/relacao-de-mbappe-e-vini-jr-do-real-madrid-e-assunto-na-midia-da-europa\/#primaryimage\"},\"image\":{\"@id\":\"https:\/\/www.gaveanews.com\/index.php\/2025\/04\/11\/relacao-de-mbappe-e-vini-jr-do-real-madrid-e-assunto-na-midia-da-europa\/#primaryimage\"},\"thumbnailUrl\":\"https:\/\/www.gaveanews.com\/wp-content\/uploads\/Kylian-Mbappe-e-Vini-Jr.-com-a-camisa-do-Real-Madrid-em-2024.webp\",\"datePublished\":\"2025-04-11T23:30:00+00:00\",\"author\":{\"@id\":\"https:\/\/www.gaveanews.com\/#\/schema\/person\/0277a79a1289c451c281ec0411d84f0c\"},\"breadcrumb\":{\"@id\":\"https:\/\/www.gaveanews.com\/index.php\/2025\/04\/11\/relacao-de-mbappe-e-vini-jr-do-real-madrid-e-assunto-na-midia-da-europa\/#breadcrumb\"},\"inLanguage\":\"pt-BR\",\"potentialAction\":[{\"@type\":\"ReadAction\",\"target\":[\"https:\/\/www.gaveanews.com\/index.php\/2025\/04\/11\/relacao-de-mbappe-e-vini-jr-do-real-madrid-e-assunto-na-midia-da-europa\/\"]}]},{\"@type\":\"ImageObject\",\"inLanguage\":\"pt-BR\",\"@id\":\"https:\/\/www.gaveanews.com\/index.php\/2025\/04\/11\/relacao-de-mbappe-e-vini-jr-do-real-madrid-e-assunto-na-midia-da-europa\/#primaryimage\",\"url\":\"https:\/\/www.gaveanews.com\/wp-content\/uploads\/Kylian-Mbappe-e-Vini-Jr.-com-a-camisa-do-Real-Madrid-em-2024.webp\",\"contentUrl\":\"https:\/\/www.gaveanews.com\/wp-content\/uploads\/Kylian-Mbappe-e-Vini-Jr.-com-a-camisa-do-Real-Madrid-em-2024.webp\",\"width\":1328,\"height\":886,\"caption\":\"Kylian Mbappe\u0301 e Vini Jr. com a camisa do Real Madrid em 2024 (Foto: Reprodu\u00e7\u00e3o\/Instagram)\"},{\"@type\":\"BreadcrumbList\",\"@id\":\"https:\/\/www.gaveanews.com\/index.php\/2025\/04\/11\/relacao-de-mbappe-e-vini-jr-do-real-madrid-e-assunto-na-midia-da-europa\/#breadcrumb\",\"itemListElement\":[{\"@type\":\"ListItem\",\"position\":1,\"name\":\"Home\",\"item\":\"https:\/\/www.gaveanews.com\/\"},{\"@type\":\"ListItem\",\"position\":2,\"name\":\"Rela\u00e7\u00e3o de Mbapp\u00e9 e Vini Jr, do Real Madrid, \u00e9 assunto na m\u00eddia da Europa\"}]},{\"@type\":\"WebSite\",\"@id\":\"https:\/\/www.gaveanews.com\/#website\",\"url\":\"https:\/\/www.gaveanews.com\/\",\"name\":\"G\u00e1vea News\",\"description\":\"Veja todas as not\u00edcias sobre o Flamengo: Contrata\u00e7\u00f5es, categorias de base, resultados das partidas, tabela de classifica\u00e7\u00e3o, pr\u00f3ximos jogos!\",\"potentialAction\":[{\"@type\":\"SearchAction\",\"target\":{\"@type\":\"EntryPoint\",\"urlTemplate\":\"https:\/\/www.gaveanews.com\/?s={search_term_string}\"},\"query-input\":{\"@type\":\"PropertyValueSpecification\",\"valueRequired\":true,\"valueName\":\"search_term_string\"}}],\"inLanguage\":\"pt-BR\"},{\"@type\":\"Person\",\"@id\":\"https:\/\/www.gaveanews.com\/#\/schema\/person\/0277a79a1289c451c281ec0411d84f0c\",\"name\":\"Andr\u00e9 Serra\",\"image\":{\"@type\":\"ImageObject\",\"inLanguage\":\"pt-BR\",\"@id\":\"https:\/\/www.gaveanews.com\/#\/schema\/person\/image\/\",\"url\":\"https:\/\/secure.gravatar.com\/avatar\/d7231369fe48db93292b3e88eb2162dbd9a34a47a8437d9ef3bcaca2a86a83d7?s=96&d=mm&r=g\",\"contentUrl\":\"https:\/\/secure.gravatar.com\/avatar\/d7231369fe48db93292b3e88eb2162dbd9a34a47a8437d9ef3bcaca2a86a83d7?s=96&d=mm&r=g\",\"caption\":\"Andr\u00e9 Serra\"}}]}<\/script>\n<!-- \/ Yoast SEO Premium plugin. -->","yoast_head_json":{"title":"Rela\u00e7\u00e3o de Mbapp\u00e9 e Vini Jr, do Real Madrid, \u00e9 assunto na m\u00eddia da Europa","robots":{"index":"index","follow":"follow","max-snippet":"max-snippet:-1","max-image-preview":"max-image-preview:large","max-video-preview":"max-video-preview:-1"},"canonical":"https:\/\/www.gaveanews.com\/index.php\/2025\/04\/11\/relacao-de-mbappe-e-vini-jr-do-real-madrid-e-assunto-na-midia-da-europa\/","og_locale":"pt_BR","og_type":"article","og_title":"Rela\u00e7\u00e3o de Mbapp\u00e9 e Vini Jr, do Real Madrid, \u00e9 assunto na m\u00eddia da Europa","og_description":"Jornal aponta &#8220;falta de encaixe&#8221; na dupla Para o jornal &#8220;Marca&#8221;, um dos principais da Espanha, a dupla Kylian Mbapp\u00e9 e Vini Jr ainda &#8220;n\u00e3o encaixou&#8221;. Nesta sexta-feira (11), o jornal destacou que quando a dupla joga junto, eles se procuram no campo para ajudar um ao outro, mas, que eles possuem n\u00fameros melhores quando [&hellip;]","og_url":"https:\/\/www.gaveanews.com\/index.php\/2025\/04\/11\/relacao-de-mbappe-e-vini-jr-do-real-madrid-e-assunto-na-midia-da-europa\/","og_site_name":"G\u00e1vea News","article_publisher":"https:\/\/facebook.com\/gaveaNews\/","article_published_time":"2025-04-11T23:30:00+00:00","og_image":[{"width":1328,"height":886,"url":"https:\/\/www.gaveanews.com\/wp-content\/uploads\/Kylian-Mbappe-e-Vini-Jr.-com-a-camisa-do-Real-Madrid-em-2024.webp","type":"image\/webp"}],"author":"Andr\u00e9 Serra","twitter_card":"summary_large_image","twitter_misc":{"Escrito por":"Andr\u00e9 Serra","Est. tempo de leitura":"3 minutos"},"schema":{"@context":"https:\/\/schema.org","@graph":[{"@type":"NewsArticle","@id":"https:\/\/www.gaveanews.com\/index.php\/2025\/04\/11\/relacao-de-mbappe-e-vini-jr-do-real-madrid-e-assunto-na-midia-da-europa\/#article","isPartOf":{"@id":"https:\/\/www.gaveanews.com\/index.php\/2025\/04\/11\/relacao-de-mbappe-e-vini-jr-do-real-madrid-e-assunto-na-midia-da-europa\/"},"author":{"name":"Andr\u00e9 Serra","@id":"https:\/\/www.gaveanews.com\/#\/schema\/person\/0277a79a1289c451c281ec0411d84f0c"},"headline":"Rela\u00e7\u00e3o de Mbapp\u00e9 e Vini Jr, do Real Madrid, \u00e9 assunto na m\u00eddia da Europa","datePublished":"2025-04-11T23:30:00+00:00","mainEntityOfPage":{"@id":"https:\/\/www.gaveanews.com\/index.php\/2025\/04\/11\/relacao-de-mbappe-e-vini-jr-do-real-madrid-e-assunto-na-midia-da-europa\/"},"wordCount":360,"commentCount":0,"image":{"@id":"https:\/\/www.gaveanews.com\/index.php\/2025\/04\/11\/relacao-de-mbappe-e-vini-jr-do-real-madrid-e-assunto-na-midia-da-europa\/#primaryimage"},"thumbnailUrl":"https:\/\/www.gaveanews.com\/wp-content\/uploads\/Kylian-Mbappe-e-Vini-Jr.-com-a-camisa-do-Real-Madrid-em-2024.webp","articleSection":["Real Madrid"],"inLanguage":"pt-BR","potentialAction":[{"@type":"CommentAction","name":"Comment","target":["https:\/\/www.gaveanews.com\/index.php\/2025\/04\/11\/relacao-de-mbappe-e-vini-jr-do-real-madrid-e-assunto-na-midia-da-europa\/#respond"]}],"copyrightYear":"2025","copyrightHolder":{"@id":"https:\/\/www.gaveanews.com\/#organization"}},{"@type":"WebPage","@id":"https:\/\/www.gaveanews.com\/index.php\/2025\/04\/11\/relacao-de-mbappe-e-vini-jr-do-real-madrid-e-assunto-na-midia-da-europa\/","url":"https:\/\/www.gaveanews.com\/index.php\/2025\/04\/11\/relacao-de-mbappe-e-vini-jr-do-real-madrid-e-assunto-na-midia-da-europa\/","name":"Rela\u00e7\u00e3o de Mbapp\u00e9 e Vini Jr, do Real Madrid, \u00e9 assunto na m\u00eddia da Europa","isPartOf":{"@id":"https:\/\/www.gaveanews.com\/#website"},"primaryImageOfPage":{"@id":"https:\/\/www.gaveanews.com\/index.php\/2025\/04\/11\/relacao-de-mbappe-e-vini-jr-do-real-madrid-e-assunto-na-midia-da-europa\/#primaryimage"},"image":{"@id":"https:\/\/www.gaveanews.com\/index.php\/2025\/04\/11\/relacao-de-mbappe-e-vini-jr-do-real-madrid-e-assunto-na-midia-da-europa\/#primaryimage"},"thumbnailUrl":"https:\/\/www.gaveanews.com\/wp-content\/uploads\/Kylian-Mbappe-e-Vini-Jr.-com-a-camisa-do-Real-Madrid-em-2024.webp","datePublished":"2025-04-11T23:30:00+00:00","author":{"@id":"https:\/\/www.gaveanews.com\/#\/schema\/person\/0277a79a1289c451c281ec0411d84f0c"},"breadcrumb":{"@id":"https:\/\/www.gaveanews.com\/index.php\/2025\/04\/11\/relacao-de-mbappe-e-vini-jr-do-real-madrid-e-assunto-na-midia-da-europa\/#breadcrumb"},"inLanguage":"pt-BR","potentialAction":[{"@type":"ReadAction","target":["https:\/\/www.gaveanews.com\/index.php\/2025\/04\/11\/relacao-de-mbappe-e-vini-jr-do-real-madrid-e-assunto-na-midia-da-europa\/"]}]},{"@type":"ImageObject","inLanguage":"pt-BR","@id":"https:\/\/www.gaveanews.com\/index.php\/2025\/04\/11\/relacao-de-mbappe-e-vini-jr-do-real-madrid-e-assunto-na-midia-da-europa\/#primaryimage","url":"https:\/\/www.gaveanews.com\/wp-content\/uploads\/Kylian-Mbappe-e-Vini-Jr.-com-a-camisa-do-Real-Madrid-em-2024.webp","contentUrl":"https:\/\/www.gaveanews.com\/wp-content\/uploads\/Kylian-Mbappe-e-Vini-Jr.-com-a-camisa-do-Real-Madrid-em-2024.webp","width":1328,"height":886,"caption":"Kylian Mbappe\u0301 e Vini Jr. com a camisa do Real Madrid em 2024 (Foto: Reprodu\u00e7\u00e3o\/Instagram)"},{"@type":"BreadcrumbList","@id":"https:\/\/www.gaveanews.com\/index.php\/2025\/04\/11\/relacao-de-mbappe-e-vini-jr-do-real-madrid-e-assunto-na-midia-da-europa\/#breadcrumb","itemListElement":[{"@type":"ListItem","position":1,"name":"Home","item":"https:\/\/www.gaveanews.com\/"},{"@type":"ListItem","position":2,"name":"Rela\u00e7\u00e3o de Mbapp\u00e9 e Vini Jr, do Real Madrid, \u00e9 assunto na m\u00eddia da Europa"}]},{"@type":"WebSite","@id":"https:\/\/www.gaveanews.com\/#website","url":"https:\/\/www.gaveanews.com\/","name":"G\u00e1vea News","description":"Veja todas as not\u00edcias sobre o Flamengo: Contrata\u00e7\u00f5es, categorias de base, resultados das partidas, tabela de classifica\u00e7\u00e3o, pr\u00f3ximos jogos!","potentialAction":[{"@type":"SearchAction","target":{"@type":"EntryPoint","urlTemplate":"https:\/\/www.gaveanews.com\/?s={search_term_string}"},"query-input":{"@type":"PropertyValueSpecification","valueRequired":true,"valueName":"search_term_string"}}],"inLanguage":"pt-BR"},{"@type":"Person","@id":"https:\/\/www.gaveanews.com\/#\/schema\/person\/0277a79a1289c451c281ec0411d84f0c","name":"Andr\u00e9 Serra","image":{"@type":"ImageObject","inLanguage":"pt-BR","@id":"https:\/\/www.gaveanews.com\/#\/schema\/person\/image\/","url":"https:\/\/secure.gravatar.com\/avatar\/d7231369fe48db93292b3e88eb2162dbd9a34a47a8437d9ef3bcaca2a86a83d7?s=96&d=mm&r=g","contentUrl":"https:\/\/secure.gravatar.com\/avatar\/d7231369fe48db93292b3e88eb2162dbd9a34a47a8437d9ef3bcaca2a86a83d7?s=96&d=mm&r=g","caption":"Andr\u00e9 Serra"}}]}},"_links":{"self":[{"href":"https:\/\/www.gaveanews.com\/index.php\/wp-json\/wp\/v2\/posts\/252262","targetHints":{"allow":["GET"]}}],"collection":[{"href":"https:\/\/www.gaveanews.com\/index.php\/wp-json\/wp\/v2\/posts"}],"about":[{"href":"https:\/\/www.gaveanews.com\/index.php\/wp-json\/wp\/v2\/types\/post"}],"author":[{"embeddable":true,"href":"https:\/\/www.gaveanews.com\/index.php\/wp-json\/wp\/v2\/users\/21"}],"replies":[{"embeddable":true,"href":"https:\/\/www.gaveanews.com\/index.php\/wp-json\/wp\/v2\/comments?post=252262"}],"version-history":[{"count":1,"href":"https:\/\/www.gaveanews.com\/index.php\/wp-json\/wp\/v2\/posts\/252262\/revisions"}],"predecessor-version":[{"id":252277,"href":"https:\/\/www.gaveanews.com\/index.php\/wp-json\/wp\/v2\/posts\/252262\/revisions\/252277"}],"wp:featuredmedia":[{"embeddable":true,"href":"https:\/\/www.gaveanews.com\/index.php\/wp-json\/wp\/v2\/media\/164168"}],"wp:attachment":[{"href":"https:\/\/www.gaveanews.com\/index.php\/wp-json\/wp\/v2\/media?parent=252262"}],"wp:term":[{"taxonomy":"category","embeddable":true,"href":"https:\/\/www.gaveanews.com\/index.php\/wp-json\/wp\/v2\/categories?post=252262"},{"taxonomy":"post_tag","embeddable":true,"href":"https:\/\/www.gaveanews.com\/index.php\/wp-json\/wp\/v2\/tags?post=252262"}],"curies":[{"name":"wp","href":"https:\/\/api.w.org\/{rel}","templated":true}]}}