{"id":252282,"date":"2025-04-11T20:10:00","date_gmt":"2025-04-11T23:10:00","guid":{"rendered":"https:\/\/www.gaveanews.com\/?p=252282"},"modified":"2025-04-11T15:43:47","modified_gmt":"2025-04-11T18:43:47","slug":"a-declaracao-de-milton-neves-direcionada-a-richard-rios-do-palmeiras","status":"publish","type":"post","link":"https:\/\/www.gaveanews.com\/index.php\/2025\/04\/11\/a-declaracao-de-milton-neves-direcionada-a-richard-rios-do-palmeiras\/","title":{"rendered":"A declara\u00e7\u00e3o de Milton Neves direcionada a Richard Rios, do Palmeiras"},"content":{"rendered":"\n<p>Milton Neves desaprovou os gestos de Richard Rios contra a torcida do Palmeiras. O jornalista considerou a atitude uma \u201cburrice\u201d e projetou que o meio-campista n\u00e3o ter\u00e1 vida f\u00e1cil daqui em diante. Ele afirmou que o volante \u201cter\u00e1 que ralar muito\u201d para fazer as pazes com os palmeirenses.<\/p>\n\n\n\n<p>O Palmeiras venceu o Cerro Porte\u00f1o, do Paraguai, por 1 a 0, na quarta-feira (9\/4), pela 2\u00aa rodada da fase de grupos da Copa Conmebol Libertadores da Am\u00e9rica, no Allianz Parque, com gol de Richard Rios. O resultado colocou os palestrinos na 1\u00aa posi\u00e7\u00e3o do Grupo G com 100% de aproveitamento em dois jogos disputados.<\/p>\n\n\n\n<p>Apesar da vit\u00f3ria provar a for\u00e7a e resili\u00eancia da equipe de Abel Ferreira, um fato curioso roubou a aten\u00e7\u00e3o da partida. O meio-campista Richard Rios entrou em rota de colis\u00e3o com a torcida na comemora\u00e7\u00e3o do gol. Ele fez um gesto com a m\u00e3o, tampando a boca com o dedo indicador, sinalizando que os torcedores cessassem as cr\u00edticas a ele.<\/p>\n\n\n\n<p>O jogador tinha se irritado com as insinua\u00e7\u00f5es direcionadas a ele, que diziam que ele n\u00e3o gosta do Palmeiras e que n\u00e3o tem se dedicado \u00e0 equipe, como explicou ao fim do jogo.<\/p>\n\n\n\n<p>\u201cA comemora\u00e7\u00e3o foi mais para os torcedores que falam que eu sou de outro time quando v\u00eam aqui. Eu respeito muito o Palmeiras, porque durante os \u00faltimos meses vem falando bastante que eu n\u00e3o gosto desse clube, que n\u00e3o quero estar aqui, quando isso \u00e9 mentira\u201d, disse.<\/p>\n\n\n\n<p>Embora leg\u00edtima a indigna\u00e7\u00e3o de Rios, o jornalista Milton Neves considerou a atitude uma \u201cburrice\u201d. Para ele, o volante n\u00e3o ter\u00e1 vida f\u00e1cil daqui em diante e ter\u00e1 que \u201cralar muito\u201d para reconquistar os palmeirenses.<\/p>\n\n\n\n<p>\u201cN\u00e3o existe no futebol burrice maior do que mandar a pr\u00f3pria torcida calar a boca\u201d, disparou Milton Neves, que completou: \u201cEle ter\u00e1 agora que ralar muito para reconquistar os sempre gelados cora\u00e7\u00f5es palmeirenses\u201d, afirmou.<\/p>\n\n\n\n<p>Embora tenha gerado desconforto, Richard Rios se desculpou com a torcida ao ser substitu\u00eddo na partida. A 5 minutos do apito final, Abel Ferreira chamou o volante e colocou Anibal Moreno no lugar. Na sa\u00edda do gramado, o colombiano fez novos gestos aos torcedores pedindo desculpas.<\/p>\n","protected":false},"excerpt":{"rendered":"<p>Milton Neves desaprovou os gestos de Richard Rios contra a torcida do Palmeiras. O jornalista considerou a atitude uma \u201cburrice\u201d e projetou que o meio-campista n\u00e3o ter\u00e1 vida f\u00e1cil daqui em diante. Ele afirmou que o volante \u201cter\u00e1 que ralar muito\u201d para fazer as pazes com os palmeirenses. O Palmeiras venceu o Cerro Porte\u00f1o, do [&hellip;]<\/p>\n","protected":false},"author":29,"featured_media":99564,"comment_status":"open","ping_status":"closed","sticky":false,"template":"","format":"standard","meta":{"footnotes":""},"categories":[150],"tags":[],"class_list":["post-252282","post","type-post","status-publish","format-standard","has-post-thumbnail","hentry","category-palmeiras"],"yoast_head":"<!-- This site is optimized with the Yoast SEO Premium plugin v24.2 (Yoast SEO v26.9) - https:\/\/yoast.com\/product\/yoast-seo-premium-wordpress\/ -->\n<title>A declara\u00e7\u00e3o de Milton Neves direcionada a Richard Rios, do Palmeiras<\/title>\n<meta name=\"robots\" content=\"index, follow, max-snippet:-1, max-image-preview:large, max-video-preview:-1\" \/>\n<link rel=\"canonical\" href=\"https:\/\/www.gaveanews.com\/index.php\/2025\/04\/11\/a-declaracao-de-milton-neves-direcionada-a-richard-rios-do-palmeiras\/\" \/>\n<meta property=\"og:locale\" content=\"pt_BR\" \/>\n<meta property=\"og:type\" content=\"article\" \/>\n<meta property=\"og:title\" content=\"A declara\u00e7\u00e3o de Milton Neves direcionada a Richard Rios, do Palmeiras\" \/>\n<meta property=\"og:description\" content=\"Milton Neves desaprovou os gestos de Richard Rios contra a torcida do Palmeiras. O jornalista considerou a atitude uma \u201cburrice\u201d e projetou que o meio-campista n\u00e3o ter\u00e1 vida f\u00e1cil daqui em diante. Ele afirmou que o volante \u201cter\u00e1 que ralar muito\u201d para fazer as pazes com os palmeirenses. O Palmeiras venceu o Cerro Porte\u00f1o, do [&hellip;]\" \/>\n<meta property=\"og:url\" content=\"https:\/\/www.gaveanews.com\/index.php\/2025\/04\/11\/a-declaracao-de-milton-neves-direcionada-a-richard-rios-do-palmeiras\/\" \/>\n<meta property=\"og:site_name\" content=\"G\u00e1vea News\" \/>\n<meta property=\"article:publisher\" content=\"https:\/\/facebook.com\/gaveaNews\/\" \/>\n<meta property=\"article:published_time\" content=\"2025-04-11T23:10:00+00:00\" \/>\n<meta property=\"og:image\" content=\"https:\/\/www.gaveanews.com\/wp-content\/uploads\/richard-rios-palmeiras-flamengo.webp\" \/>\n\t<meta property=\"og:image:width\" content=\"785\" \/>\n\t<meta property=\"og:image:height\" content=\"475\" \/>\n\t<meta property=\"og:image:type\" content=\"image\/jpeg\" \/>\n<meta name=\"author\" content=\"Marco Menezes\" \/>\n<meta name=\"twitter:card\" content=\"summary_large_image\" \/>\n<meta name=\"twitter:label1\" content=\"Escrito por\" \/>\n\t<meta name=\"twitter:data1\" content=\"Marco Menezes\" \/>\n\t<meta name=\"twitter:label2\" content=\"Est. tempo de leitura\" \/>\n\t<meta name=\"twitter:data2\" content=\"3 minutos\" \/>\n<script type=\"application\/ld+json\" class=\"yoast-schema-graph\">{\"@context\":\"https:\/\/schema.org\",\"@graph\":[{\"@type\":\"NewsArticle\",\"@id\":\"https:\/\/www.gaveanews.com\/index.php\/2025\/04\/11\/a-declaracao-de-milton-neves-direcionada-a-richard-rios-do-palmeiras\/#article\",\"isPartOf\":{\"@id\":\"https:\/\/www.gaveanews.com\/index.php\/2025\/04\/11\/a-declaracao-de-milton-neves-direcionada-a-richard-rios-do-palmeiras\/\"},\"author\":{\"name\":\"Marco Menezes\",\"@id\":\"https:\/\/www.gaveanews.com\/#\/schema\/person\/a9f62fe75380c6bada1b2fc49bc23d69\"},\"headline\":\"A declara\u00e7\u00e3o de Milton Neves direcionada a Richard Rios, do Palmeiras\",\"datePublished\":\"2025-04-11T23:10:00+00:00\",\"mainEntityOfPage\":{\"@id\":\"https:\/\/www.gaveanews.com\/index.php\/2025\/04\/11\/a-declaracao-de-milton-neves-direcionada-a-richard-rios-do-palmeiras\/\"},\"wordCount\":390,\"commentCount\":0,\"image\":{\"@id\":\"https:\/\/www.gaveanews.com\/index.php\/2025\/04\/11\/a-declaracao-de-milton-neves-direcionada-a-richard-rios-do-palmeiras\/#primaryimage\"},\"thumbnailUrl\":\"https:\/\/www.gaveanews.com\/wp-content\/uploads\/richard-rios-palmeiras-flamengo.webp\",\"articleSection\":[\"Palmeiras\"],\"inLanguage\":\"pt-BR\",\"potentialAction\":[{\"@type\":\"CommentAction\",\"name\":\"Comment\",\"target\":[\"https:\/\/www.gaveanews.com\/index.php\/2025\/04\/11\/a-declaracao-de-milton-neves-direcionada-a-richard-rios-do-palmeiras\/#respond\"]}],\"copyrightYear\":\"2025\",\"copyrightHolder\":{\"@id\":\"https:\/\/www.gaveanews.com\/#organization\"}},{\"@type\":\"WebPage\",\"@id\":\"https:\/\/www.gaveanews.com\/index.php\/2025\/04\/11\/a-declaracao-de-milton-neves-direcionada-a-richard-rios-do-palmeiras\/\",\"url\":\"https:\/\/www.gaveanews.com\/index.php\/2025\/04\/11\/a-declaracao-de-milton-neves-direcionada-a-richard-rios-do-palmeiras\/\",\"name\":\"A declara\u00e7\u00e3o de Milton Neves direcionada a Richard Rios, do Palmeiras\",\"isPartOf\":{\"@id\":\"https:\/\/www.gaveanews.com\/#website\"},\"primaryImageOfPage\":{\"@id\":\"https:\/\/www.gaveanews.com\/index.php\/2025\/04\/11\/a-declaracao-de-milton-neves-direcionada-a-richard-rios-do-palmeiras\/#primaryimage\"},\"image\":{\"@id\":\"https:\/\/www.gaveanews.com\/index.php\/2025\/04\/11\/a-declaracao-de-milton-neves-direcionada-a-richard-rios-do-palmeiras\/#primaryimage\"},\"thumbnailUrl\":\"https:\/\/www.gaveanews.com\/wp-content\/uploads\/richard-rios-palmeiras-flamengo.webp\",\"datePublished\":\"2025-04-11T23:10:00+00:00\",\"author\":{\"@id\":\"https:\/\/www.gaveanews.com\/#\/schema\/person\/a9f62fe75380c6bada1b2fc49bc23d69\"},\"breadcrumb\":{\"@id\":\"https:\/\/www.gaveanews.com\/index.php\/2025\/04\/11\/a-declaracao-de-milton-neves-direcionada-a-richard-rios-do-palmeiras\/#breadcrumb\"},\"inLanguage\":\"pt-BR\",\"potentialAction\":[{\"@type\":\"ReadAction\",\"target\":[\"https:\/\/www.gaveanews.com\/index.php\/2025\/04\/11\/a-declaracao-de-milton-neves-direcionada-a-richard-rios-do-palmeiras\/\"]}]},{\"@type\":\"ImageObject\",\"inLanguage\":\"pt-BR\",\"@id\":\"https:\/\/www.gaveanews.com\/index.php\/2025\/04\/11\/a-declaracao-de-milton-neves-direcionada-a-richard-rios-do-palmeiras\/#primaryimage\",\"url\":\"https:\/\/www.gaveanews.com\/wp-content\/uploads\/richard-rios-palmeiras-flamengo.webp\",\"contentUrl\":\"https:\/\/www.gaveanews.com\/wp-content\/uploads\/richard-rios-palmeiras-flamengo.webp\",\"width\":785,\"height\":475,\"caption\":\"Richard R\u00edos em a\u00e7\u00e3o pelo Palmeiras (Foto: Cesar Greco\/Palmeiras)\"},{\"@type\":\"BreadcrumbList\",\"@id\":\"https:\/\/www.gaveanews.com\/index.php\/2025\/04\/11\/a-declaracao-de-milton-neves-direcionada-a-richard-rios-do-palmeiras\/#breadcrumb\",\"itemListElement\":[{\"@type\":\"ListItem\",\"position\":1,\"name\":\"Home\",\"item\":\"https:\/\/www.gaveanews.com\/\"},{\"@type\":\"ListItem\",\"position\":2,\"name\":\"A declara\u00e7\u00e3o de Milton Neves direcionada a Richard Rios, do Palmeiras\"}]},{\"@type\":\"WebSite\",\"@id\":\"https:\/\/www.gaveanews.com\/#website\",\"url\":\"https:\/\/www.gaveanews.com\/\",\"name\":\"G\u00e1vea News\",\"description\":\"Veja todas as not\u00edcias sobre o Flamengo: Contrata\u00e7\u00f5es, categorias de base, resultados das partidas, tabela de classifica\u00e7\u00e3o, pr\u00f3ximos jogos!\",\"potentialAction\":[{\"@type\":\"SearchAction\",\"target\":{\"@type\":\"EntryPoint\",\"urlTemplate\":\"https:\/\/www.gaveanews.com\/?s={search_term_string}\"},\"query-input\":{\"@type\":\"PropertyValueSpecification\",\"valueRequired\":true,\"valueName\":\"search_term_string\"}}],\"inLanguage\":\"pt-BR\"},{\"@type\":\"Person\",\"@id\":\"https:\/\/www.gaveanews.com\/#\/schema\/person\/a9f62fe75380c6bada1b2fc49bc23d69\",\"name\":\"Marco Menezes\",\"image\":{\"@type\":\"ImageObject\",\"inLanguage\":\"pt-BR\",\"@id\":\"https:\/\/www.gaveanews.com\/#\/schema\/person\/image\/\",\"url\":\"https:\/\/secure.gravatar.com\/avatar\/a1d148ae17fc8bfc5dbccffd07979e8bd2c9ba494221779de86ec2c7907b71ec?s=96&d=mm&r=g\",\"contentUrl\":\"https:\/\/secure.gravatar.com\/avatar\/a1d148ae17fc8bfc5dbccffd07979e8bd2c9ba494221779de86ec2c7907b71ec?s=96&d=mm&r=g\",\"caption\":\"Marco Menezes\"}}]}<\/script>\n<!-- \/ Yoast SEO Premium plugin. -->","yoast_head_json":{"title":"A declara\u00e7\u00e3o de Milton Neves direcionada a Richard Rios, do Palmeiras","robots":{"index":"index","follow":"follow","max-snippet":"max-snippet:-1","max-image-preview":"max-image-preview:large","max-video-preview":"max-video-preview:-1"},"canonical":"https:\/\/www.gaveanews.com\/index.php\/2025\/04\/11\/a-declaracao-de-milton-neves-direcionada-a-richard-rios-do-palmeiras\/","og_locale":"pt_BR","og_type":"article","og_title":"A declara\u00e7\u00e3o de Milton Neves direcionada a Richard Rios, do Palmeiras","og_description":"Milton Neves desaprovou os gestos de Richard Rios contra a torcida do Palmeiras. O jornalista considerou a atitude uma \u201cburrice\u201d e projetou que o meio-campista n\u00e3o ter\u00e1 vida f\u00e1cil daqui em diante. Ele afirmou que o volante \u201cter\u00e1 que ralar muito\u201d para fazer as pazes com os palmeirenses. O Palmeiras venceu o Cerro Porte\u00f1o, do [&hellip;]","og_url":"https:\/\/www.gaveanews.com\/index.php\/2025\/04\/11\/a-declaracao-de-milton-neves-direcionada-a-richard-rios-do-palmeiras\/","og_site_name":"G\u00e1vea News","article_publisher":"https:\/\/facebook.com\/gaveaNews\/","article_published_time":"2025-04-11T23:10:00+00:00","og_image":[{"width":785,"height":475,"url":"https:\/\/www.gaveanews.com\/wp-content\/uploads\/richard-rios-palmeiras-flamengo.webp","type":"image\/jpeg"}],"author":"Marco Menezes","twitter_card":"summary_large_image","twitter_misc":{"Escrito por":"Marco Menezes","Est. tempo de leitura":"3 minutos"},"schema":{"@context":"https:\/\/schema.org","@graph":[{"@type":"NewsArticle","@id":"https:\/\/www.gaveanews.com\/index.php\/2025\/04\/11\/a-declaracao-de-milton-neves-direcionada-a-richard-rios-do-palmeiras\/#article","isPartOf":{"@id":"https:\/\/www.gaveanews.com\/index.php\/2025\/04\/11\/a-declaracao-de-milton-neves-direcionada-a-richard-rios-do-palmeiras\/"},"author":{"name":"Marco Menezes","@id":"https:\/\/www.gaveanews.com\/#\/schema\/person\/a9f62fe75380c6bada1b2fc49bc23d69"},"headline":"A declara\u00e7\u00e3o de Milton Neves direcionada a Richard Rios, do Palmeiras","datePublished":"2025-04-11T23:10:00+00:00","mainEntityOfPage":{"@id":"https:\/\/www.gaveanews.com\/index.php\/2025\/04\/11\/a-declaracao-de-milton-neves-direcionada-a-richard-rios-do-palmeiras\/"},"wordCount":390,"commentCount":0,"image":{"@id":"https:\/\/www.gaveanews.com\/index.php\/2025\/04\/11\/a-declaracao-de-milton-neves-direcionada-a-richard-rios-do-palmeiras\/#primaryimage"},"thumbnailUrl":"https:\/\/www.gaveanews.com\/wp-content\/uploads\/richard-rios-palmeiras-flamengo.webp","articleSection":["Palmeiras"],"inLanguage":"pt-BR","potentialAction":[{"@type":"CommentAction","name":"Comment","target":["https:\/\/www.gaveanews.com\/index.php\/2025\/04\/11\/a-declaracao-de-milton-neves-direcionada-a-richard-rios-do-palmeiras\/#respond"]}],"copyrightYear":"2025","copyrightHolder":{"@id":"https:\/\/www.gaveanews.com\/#organization"}},{"@type":"WebPage","@id":"https:\/\/www.gaveanews.com\/index.php\/2025\/04\/11\/a-declaracao-de-milton-neves-direcionada-a-richard-rios-do-palmeiras\/","url":"https:\/\/www.gaveanews.com\/index.php\/2025\/04\/11\/a-declaracao-de-milton-neves-direcionada-a-richard-rios-do-palmeiras\/","name":"A declara\u00e7\u00e3o de Milton Neves direcionada a Richard Rios, do Palmeiras","isPartOf":{"@id":"https:\/\/www.gaveanews.com\/#website"},"primaryImageOfPage":{"@id":"https:\/\/www.gaveanews.com\/index.php\/2025\/04\/11\/a-declaracao-de-milton-neves-direcionada-a-richard-rios-do-palmeiras\/#primaryimage"},"image":{"@id":"https:\/\/www.gaveanews.com\/index.php\/2025\/04\/11\/a-declaracao-de-milton-neves-direcionada-a-richard-rios-do-palmeiras\/#primaryimage"},"thumbnailUrl":"https:\/\/www.gaveanews.com\/wp-content\/uploads\/richard-rios-palmeiras-flamengo.webp","datePublished":"2025-04-11T23:10:00+00:00","author":{"@id":"https:\/\/www.gaveanews.com\/#\/schema\/person\/a9f62fe75380c6bada1b2fc49bc23d69"},"breadcrumb":{"@id":"https:\/\/www.gaveanews.com\/index.php\/2025\/04\/11\/a-declaracao-de-milton-neves-direcionada-a-richard-rios-do-palmeiras\/#breadcrumb"},"inLanguage":"pt-BR","potentialAction":[{"@type":"ReadAction","target":["https:\/\/www.gaveanews.com\/index.php\/2025\/04\/11\/a-declaracao-de-milton-neves-direcionada-a-richard-rios-do-palmeiras\/"]}]},{"@type":"ImageObject","inLanguage":"pt-BR","@id":"https:\/\/www.gaveanews.com\/index.php\/2025\/04\/11\/a-declaracao-de-milton-neves-direcionada-a-richard-rios-do-palmeiras\/#primaryimage","url":"https:\/\/www.gaveanews.com\/wp-content\/uploads\/richard-rios-palmeiras-flamengo.webp","contentUrl":"https:\/\/www.gaveanews.com\/wp-content\/uploads\/richard-rios-palmeiras-flamengo.webp","width":785,"height":475,"caption":"Richard R\u00edos em a\u00e7\u00e3o pelo Palmeiras (Foto: Cesar Greco\/Palmeiras)"},{"@type":"BreadcrumbList","@id":"https:\/\/www.gaveanews.com\/index.php\/2025\/04\/11\/a-declaracao-de-milton-neves-direcionada-a-richard-rios-do-palmeiras\/#breadcrumb","itemListElement":[{"@type":"ListItem","position":1,"name":"Home","item":"https:\/\/www.gaveanews.com\/"},{"@type":"ListItem","position":2,"name":"A declara\u00e7\u00e3o de Milton Neves direcionada a Richard Rios, do Palmeiras"}]},{"@type":"WebSite","@id":"https:\/\/www.gaveanews.com\/#website","url":"https:\/\/www.gaveanews.com\/","name":"G\u00e1vea News","description":"Veja todas as not\u00edcias sobre o Flamengo: Contrata\u00e7\u00f5es, categorias de base, resultados das partidas, tabela de classifica\u00e7\u00e3o, pr\u00f3ximos jogos!","potentialAction":[{"@type":"SearchAction","target":{"@type":"EntryPoint","urlTemplate":"https:\/\/www.gaveanews.com\/?s={search_term_string}"},"query-input":{"@type":"PropertyValueSpecification","valueRequired":true,"valueName":"search_term_string"}}],"inLanguage":"pt-BR"},{"@type":"Person","@id":"https:\/\/www.gaveanews.com\/#\/schema\/person\/a9f62fe75380c6bada1b2fc49bc23d69","name":"Marco Menezes","image":{"@type":"ImageObject","inLanguage":"pt-BR","@id":"https:\/\/www.gaveanews.com\/#\/schema\/person\/image\/","url":"https:\/\/secure.gravatar.com\/avatar\/a1d148ae17fc8bfc5dbccffd07979e8bd2c9ba494221779de86ec2c7907b71ec?s=96&d=mm&r=g","contentUrl":"https:\/\/secure.gravatar.com\/avatar\/a1d148ae17fc8bfc5dbccffd07979e8bd2c9ba494221779de86ec2c7907b71ec?s=96&d=mm&r=g","caption":"Marco Menezes"}}]}},"_links":{"self":[{"href":"https:\/\/www.gaveanews.com\/index.php\/wp-json\/wp\/v2\/posts\/252282","targetHints":{"allow":["GET"]}}],"collection":[{"href":"https:\/\/www.gaveanews.com\/index.php\/wp-json\/wp\/v2\/posts"}],"about":[{"href":"https:\/\/www.gaveanews.com\/index.php\/wp-json\/wp\/v2\/types\/post"}],"author":[{"embeddable":true,"href":"https:\/\/www.gaveanews.com\/index.php\/wp-json\/wp\/v2\/users\/29"}],"replies":[{"embeddable":true,"href":"https:\/\/www.gaveanews.com\/index.php\/wp-json\/wp\/v2\/comments?post=252282"}],"version-history":[{"count":1,"href":"https:\/\/www.gaveanews.com\/index.php\/wp-json\/wp\/v2\/posts\/252282\/revisions"}],"predecessor-version":[{"id":252283,"href":"https:\/\/www.gaveanews.com\/index.php\/wp-json\/wp\/v2\/posts\/252282\/revisions\/252283"}],"wp:featuredmedia":[{"embeddable":true,"href":"https:\/\/www.gaveanews.com\/index.php\/wp-json\/wp\/v2\/media\/99564"}],"wp:attachment":[{"href":"https:\/\/www.gaveanews.com\/index.php\/wp-json\/wp\/v2\/media?parent=252282"}],"wp:term":[{"taxonomy":"category","embeddable":true,"href":"https:\/\/www.gaveanews.com\/index.php\/wp-json\/wp\/v2\/categories?post=252282"},{"taxonomy":"post_tag","embeddable":true,"href":"https:\/\/www.gaveanews.com\/index.php\/wp-json\/wp\/v2\/tags?post=252282"}],"curies":[{"name":"wp","href":"https:\/\/api.w.org\/{rel}","templated":true}]}}