{"id":252288,"date":"2025-04-11T17:30:00","date_gmt":"2025-04-11T20:30:00","guid":{"rendered":"https:\/\/www.gaveanews.com\/?p=252288"},"modified":"2025-04-11T14:54:05","modified_gmt":"2025-04-11T17:54:05","slug":"vice-presidente-do-fluminense-detona-roger-flores-da-rede-globo","status":"publish","type":"post","link":"https:\/\/www.gaveanews.com\/index.php\/2025\/04\/11\/vice-presidente-do-fluminense-detona-roger-flores-da-rede-globo\/","title":{"rendered":"Vice-presidente do Fluminense detona Roger Flores, da Rede Globo"},"content":{"rendered":"\n<p>A rela\u00e7\u00e3o entre Roger Flores e o Fluminense ganhou mais um cap\u00edtulo pol\u00eamico. Durante um programa no SporTV, o ex-jogador criticou a diretoria tricolor, questionando as constantes mudan\u00e7as de treinador e o impacto financeiro dessas decis\u00f5es. No entanto, suas palavras n\u00e3o foram bem recebidas no clube. O vice-presidente geral, Mattheus Montenegro, rebateu as declara\u00e7\u00f5es com firmeza, acusando Roger de nunca falar bem do Fluminense.<\/p>\n\n\n\n<h2 class=\"wp-block-heading\" id=\"h-criticas-de-roger-irritam-a-diretoria-tricolor\">Cr\u00edticas de Roger irritam a diretoria tricolor<\/h2>\n\n\n\n<figure class=\"wp-block-image size-full\"><img loading=\"lazy\" decoding=\"async\" width=\"795\" height=\"448\" src=\"http:\/\/www.gaveanews.com\/wp-content\/uploads\/Roger-Flores-durante-o-programa-Selecao-Sportv.webp\" alt=\"Roger Flores\" class=\"wp-image-185912\" srcset=\"https:\/\/www.gaveanews.com\/wp-content\/uploads\/Roger-Flores-durante-o-programa-Selecao-Sportv.webp 795w, https:\/\/www.gaveanews.com\/wp-content\/uploads\/Roger-Flores-durante-o-programa-Selecao-Sportv-300x169.webp 300w, https:\/\/www.gaveanews.com\/wp-content\/uploads\/Roger-Flores-durante-o-programa-Selecao-Sportv-768x433.webp 768w, https:\/\/www.gaveanews.com\/wp-content\/uploads\/Roger-Flores-durante-o-programa-Selecao-Sportv-745x420.webp 745w, https:\/\/www.gaveanews.com\/wp-content\/uploads\/Roger-Flores-durante-o-programa-Selecao-Sportv-640x361.webp 640w, https:\/\/www.gaveanews.com\/wp-content\/uploads\/Roger-Flores-durante-o-programa-Selecao-Sportv-681x384.webp 681w, https:\/\/www.gaveanews.com\/wp-content\/uploads\/Roger-Flores-durante-o-programa-Selecao-Sportv-100x56.webp 100w\" sizes=\"auto, (max-width: 795px) 100vw, 795px\" \/><figcaption class=\"wp-element-caption\">Roger Flores durante o programa Sele\u00e7\u00e3o Sportv (Foto: Reprodu\u00e7\u00e3o)<\/figcaption><\/figure>\n\n\n\n<p>Em sua participa\u00e7\u00e3o no SporTV, Roger Flores foi direto ao criticar a pol\u00edtica de demiss\u00f5es do Fluminense:<br>&#8220;Na minha vis\u00e3o, a diretoria est\u00e1 literalmente jogando dinheiro fora com essas constantes trocas de treinadores&#8221;, afirmou o comentarista.<\/p>\n\n\n\n<p>Al\u00e9m disso, ele destacou que o clube poderia estar comprometendo suas finan\u00e7as ao arcar com rescis\u00f5es contratuais frequentes. Sendo assim, suas declara\u00e7\u00f5es geraram grande repercuss\u00e3o, tanto entre os torcedores quanto entre os dirigentes tricolores.<\/p>\n\n\n\n<h2 class=\"wp-block-heading\" id=\"h-resposta-contundente-de-mattheus-montenegro\">Resposta contundente de Mattheus Montenegro<\/h2>\n\n\n\n<p>As cr\u00edticas de Roger n\u00e3o passaram despercebidas. Em entrevista ao podcast <em>Setor Sul<\/em>, o vice-presidente geral do Fluminense, Mattheus Montenegro, disparou contra o ex-meia:<\/p>\n\n\n\n<p>&#8220;Essa fala do Roger me parece absurda. Ele \u00e9 um jogador que foi formado em Xer\u00e9m, mas, sinceramente, parece odiar o Fluminense. Ele nunca elogia o clube, n\u00e3o importa o momento. Aproveitou o espa\u00e7o para nos criticar e dizer que estamos desperdi\u00e7ando dinheiro ao demitir um treinador&#8221;, criticou Montenegro.<\/p>\n\n\n\n<p>Vale destacar que essa n\u00e3o \u00e9 a primeira vez que Roger Flores se envolve em pol\u00eamicas ao comentar sobre o Fluminense. Por isso, sua postura tem sido questionada dentro do clube.<\/p>\n\n\n\n<h2 class=\"wp-block-heading\" id=\"h-diniz-multa-rescisoria-e-premiacao-milionaria\">Diniz, multa rescis\u00f3ria e premia\u00e7\u00e3o milion\u00e1ria<\/h2>\n\n\n\n<p>Ainda na entrevista, o vice-presidente justificou o pagamento da multa de Fernando Diniz, lembrando que o treinador conquistou um dos t\u00edtulos mais importantes da hist\u00f3ria do clube.<\/p>\n\n\n\n<p>&#8220;Estamos, sim, pagando a multa do Diniz, mas ningu\u00e9m lembra o que ele nos proporcionou. Ele foi campe\u00e3o da Libertadores. Preciso mesmo dizer o valor da premia\u00e7\u00e3o desse t\u00edtulo? Isso precisa ser levado em conta&#8221;, declarou.<\/p>\n\n\n\n<p>Al\u00e9m disso, Montenegro explicou que a cl\u00e1usula rescis\u00f3ria foi essencial para evitar uma sa\u00edda sem compensa\u00e7\u00e3o financeira quando Diniz assumiu a Sele\u00e7\u00e3o Brasileira de forma interina.<\/p>\n\n\n\n<p>&#8220;A multa contratual protege os dois lados. Se n\u00e3o existisse, ele teria sa\u00eddo para a Sele\u00e7\u00e3o sem qualquer compensa\u00e7\u00e3o. Mas com a cl\u00e1usula, o clube recebeu R$ 6 milh\u00f5es e manteve o treinador por mais tempo. As pessoas s\u00f3 enxergam o que \u00e9 gasto, n\u00e3o o que \u00e9 ganho&#8221;, concluiu.<\/p>\n","protected":false},"excerpt":{"rendered":"<p>A rela\u00e7\u00e3o entre Roger Flores e o Fluminense ganhou mais um cap\u00edtulo pol\u00eamico. Durante um programa no SporTV, o ex-jogador criticou a diretoria tricolor, questionando as constantes mudan\u00e7as de treinador e o impacto financeiro dessas decis\u00f5es. No entanto, suas palavras n\u00e3o foram bem recebidas no clube. O vice-presidente geral, Mattheus Montenegro, rebateu as declara\u00e7\u00f5es com [&hellip;]<\/p>\n","protected":false},"author":24,"featured_media":146843,"comment_status":"open","ping_status":"closed","sticky":false,"template":"","format":"standard","meta":{"footnotes":""},"categories":[145],"tags":[],"class_list":["post-252288","post","type-post","status-publish","format-standard","has-post-thumbnail","hentry","category-fluminense"],"yoast_head":"<!-- This site is optimized with the Yoast SEO Premium plugin v24.2 (Yoast SEO v26.9) - https:\/\/yoast.com\/product\/yoast-seo-premium-wordpress\/ -->\n<title>Vice-presidente do Fluminense detona Roger Flores, da Rede Globo<\/title>\n<meta name=\"robots\" content=\"index, follow, max-snippet:-1, max-image-preview:large, max-video-preview:-1\" \/>\n<link rel=\"canonical\" href=\"https:\/\/www.gaveanews.com\/index.php\/2025\/04\/11\/vice-presidente-do-fluminense-detona-roger-flores-da-rede-globo\/\" \/>\n<meta property=\"og:locale\" content=\"pt_BR\" \/>\n<meta property=\"og:type\" content=\"article\" \/>\n<meta property=\"og:title\" content=\"Vice-presidente do Fluminense detona Roger Flores, da Rede Globo\" \/>\n<meta property=\"og:description\" content=\"A rela\u00e7\u00e3o entre Roger Flores e o Fluminense ganhou mais um cap\u00edtulo pol\u00eamico. Durante um programa no SporTV, o ex-jogador criticou a diretoria tricolor, questionando as constantes mudan\u00e7as de treinador e o impacto financeiro dessas decis\u00f5es. No entanto, suas palavras n\u00e3o foram bem recebidas no clube. O vice-presidente geral, Mattheus Montenegro, rebateu as declara\u00e7\u00f5es com [&hellip;]\" \/>\n<meta property=\"og:url\" content=\"https:\/\/www.gaveanews.com\/index.php\/2025\/04\/11\/vice-presidente-do-fluminense-detona-roger-flores-da-rede-globo\/\" \/>\n<meta property=\"og:site_name\" content=\"G\u00e1vea News\" \/>\n<meta property=\"article:publisher\" content=\"https:\/\/facebook.com\/gaveaNews\/\" \/>\n<meta property=\"article:published_time\" content=\"2025-04-11T20:30:00+00:00\" \/>\n<meta property=\"og:image\" content=\"https:\/\/www.gaveanews.com\/wp-content\/uploads\/Roger-1-678x381-2.webp\" \/>\n\t<meta property=\"og:image:width\" content=\"678\" \/>\n\t<meta property=\"og:image:height\" content=\"381\" \/>\n\t<meta property=\"og:image:type\" content=\"image\/png\" \/>\n<meta name=\"author\" content=\"Leandro Cardoso\" \/>\n<meta name=\"twitter:card\" content=\"summary_large_image\" \/>\n<meta name=\"twitter:label1\" content=\"Escrito por\" \/>\n\t<meta name=\"twitter:data1\" content=\"Leandro Cardoso\" \/>\n\t<meta name=\"twitter:label2\" content=\"Est. tempo de leitura\" \/>\n\t<meta name=\"twitter:data2\" content=\"3 minutos\" \/>\n<script type=\"application\/ld+json\" class=\"yoast-schema-graph\">{\"@context\":\"https:\/\/schema.org\",\"@graph\":[{\"@type\":\"NewsArticle\",\"@id\":\"https:\/\/www.gaveanews.com\/index.php\/2025\/04\/11\/vice-presidente-do-fluminense-detona-roger-flores-da-rede-globo\/#article\",\"isPartOf\":{\"@id\":\"https:\/\/www.gaveanews.com\/index.php\/2025\/04\/11\/vice-presidente-do-fluminense-detona-roger-flores-da-rede-globo\/\"},\"author\":{\"name\":\"Leandro Cardoso\",\"@id\":\"https:\/\/www.gaveanews.com\/#\/schema\/person\/2424ec6409bc3f068411fc5e4e9b6168\"},\"headline\":\"Vice-presidente do Fluminense detona Roger Flores, da Rede Globo\",\"datePublished\":\"2025-04-11T20:30:00+00:00\",\"mainEntityOfPage\":{\"@id\":\"https:\/\/www.gaveanews.com\/index.php\/2025\/04\/11\/vice-presidente-do-fluminense-detona-roger-flores-da-rede-globo\/\"},\"wordCount\":457,\"commentCount\":0,\"image\":{\"@id\":\"https:\/\/www.gaveanews.com\/index.php\/2025\/04\/11\/vice-presidente-do-fluminense-detona-roger-flores-da-rede-globo\/#primaryimage\"},\"thumbnailUrl\":\"https:\/\/www.gaveanews.com\/wp-content\/uploads\/Roger-1-678x381-2.webp\",\"articleSection\":[\"Fluminense\"],\"inLanguage\":\"pt-BR\",\"potentialAction\":[{\"@type\":\"CommentAction\",\"name\":\"Comment\",\"target\":[\"https:\/\/www.gaveanews.com\/index.php\/2025\/04\/11\/vice-presidente-do-fluminense-detona-roger-flores-da-rede-globo\/#respond\"]}],\"copyrightYear\":\"2025\",\"copyrightHolder\":{\"@id\":\"https:\/\/www.gaveanews.com\/#organization\"}},{\"@type\":\"WebPage\",\"@id\":\"https:\/\/www.gaveanews.com\/index.php\/2025\/04\/11\/vice-presidente-do-fluminense-detona-roger-flores-da-rede-globo\/\",\"url\":\"https:\/\/www.gaveanews.com\/index.php\/2025\/04\/11\/vice-presidente-do-fluminense-detona-roger-flores-da-rede-globo\/\",\"name\":\"Vice-presidente do Fluminense detona Roger Flores, da Rede Globo\",\"isPartOf\":{\"@id\":\"https:\/\/www.gaveanews.com\/#website\"},\"primaryImageOfPage\":{\"@id\":\"https:\/\/www.gaveanews.com\/index.php\/2025\/04\/11\/vice-presidente-do-fluminense-detona-roger-flores-da-rede-globo\/#primaryimage\"},\"image\":{\"@id\":\"https:\/\/www.gaveanews.com\/index.php\/2025\/04\/11\/vice-presidente-do-fluminense-detona-roger-flores-da-rede-globo\/#primaryimage\"},\"thumbnailUrl\":\"https:\/\/www.gaveanews.com\/wp-content\/uploads\/Roger-1-678x381-2.webp\",\"datePublished\":\"2025-04-11T20:30:00+00:00\",\"author\":{\"@id\":\"https:\/\/www.gaveanews.com\/#\/schema\/person\/2424ec6409bc3f068411fc5e4e9b6168\"},\"breadcrumb\":{\"@id\":\"https:\/\/www.gaveanews.com\/index.php\/2025\/04\/11\/vice-presidente-do-fluminense-detona-roger-flores-da-rede-globo\/#breadcrumb\"},\"inLanguage\":\"pt-BR\",\"potentialAction\":[{\"@type\":\"ReadAction\",\"target\":[\"https:\/\/www.gaveanews.com\/index.php\/2025\/04\/11\/vice-presidente-do-fluminense-detona-roger-flores-da-rede-globo\/\"]}]},{\"@type\":\"ImageObject\",\"inLanguage\":\"pt-BR\",\"@id\":\"https:\/\/www.gaveanews.com\/index.php\/2025\/04\/11\/vice-presidente-do-fluminense-detona-roger-flores-da-rede-globo\/#primaryimage\",\"url\":\"https:\/\/www.gaveanews.com\/wp-content\/uploads\/Roger-1-678x381-2.webp\",\"contentUrl\":\"https:\/\/www.gaveanews.com\/wp-content\/uploads\/Roger-1-678x381-2.webp\",\"width\":678,\"height\":381,\"caption\":\"Roger Flores (Foto: Reprodu\u00e7\u00e3o\/SporTV)\"},{\"@type\":\"BreadcrumbList\",\"@id\":\"https:\/\/www.gaveanews.com\/index.php\/2025\/04\/11\/vice-presidente-do-fluminense-detona-roger-flores-da-rede-globo\/#breadcrumb\",\"itemListElement\":[{\"@type\":\"ListItem\",\"position\":1,\"name\":\"Home\",\"item\":\"https:\/\/www.gaveanews.com\/\"},{\"@type\":\"ListItem\",\"position\":2,\"name\":\"Vice-presidente do Fluminense detona Roger Flores, da Rede Globo\"}]},{\"@type\":\"WebSite\",\"@id\":\"https:\/\/www.gaveanews.com\/#website\",\"url\":\"https:\/\/www.gaveanews.com\/\",\"name\":\"G\u00e1vea News\",\"description\":\"Veja todas as not\u00edcias sobre o Flamengo: Contrata\u00e7\u00f5es, categorias de base, resultados das partidas, tabela de classifica\u00e7\u00e3o, pr\u00f3ximos jogos!\",\"potentialAction\":[{\"@type\":\"SearchAction\",\"target\":{\"@type\":\"EntryPoint\",\"urlTemplate\":\"https:\/\/www.gaveanews.com\/?s={search_term_string}\"},\"query-input\":{\"@type\":\"PropertyValueSpecification\",\"valueRequired\":true,\"valueName\":\"search_term_string\"}}],\"inLanguage\":\"pt-BR\"},{\"@type\":\"Person\",\"@id\":\"https:\/\/www.gaveanews.com\/#\/schema\/person\/2424ec6409bc3f068411fc5e4e9b6168\",\"name\":\"Leandro Cardoso\",\"image\":{\"@type\":\"ImageObject\",\"inLanguage\":\"pt-BR\",\"@id\":\"https:\/\/www.gaveanews.com\/#\/schema\/person\/image\/\",\"url\":\"https:\/\/secure.gravatar.com\/avatar\/8ca179f9b55eefe9f376f5493ef25475bfa59fbc28ce937f6076ce20e523098f?s=96&d=mm&r=g\",\"contentUrl\":\"https:\/\/secure.gravatar.com\/avatar\/8ca179f9b55eefe9f376f5493ef25475bfa59fbc28ce937f6076ce20e523098f?s=96&d=mm&r=g\",\"caption\":\"Leandro Cardoso\"}}]}<\/script>\n<!-- \/ Yoast SEO Premium plugin. -->","yoast_head_json":{"title":"Vice-presidente do Fluminense detona Roger Flores, da Rede Globo","robots":{"index":"index","follow":"follow","max-snippet":"max-snippet:-1","max-image-preview":"max-image-preview:large","max-video-preview":"max-video-preview:-1"},"canonical":"https:\/\/www.gaveanews.com\/index.php\/2025\/04\/11\/vice-presidente-do-fluminense-detona-roger-flores-da-rede-globo\/","og_locale":"pt_BR","og_type":"article","og_title":"Vice-presidente do Fluminense detona Roger Flores, da Rede Globo","og_description":"A rela\u00e7\u00e3o entre Roger Flores e o Fluminense ganhou mais um cap\u00edtulo pol\u00eamico. Durante um programa no SporTV, o ex-jogador criticou a diretoria tricolor, questionando as constantes mudan\u00e7as de treinador e o impacto financeiro dessas decis\u00f5es. No entanto, suas palavras n\u00e3o foram bem recebidas no clube. O vice-presidente geral, Mattheus Montenegro, rebateu as declara\u00e7\u00f5es com [&hellip;]","og_url":"https:\/\/www.gaveanews.com\/index.php\/2025\/04\/11\/vice-presidente-do-fluminense-detona-roger-flores-da-rede-globo\/","og_site_name":"G\u00e1vea News","article_publisher":"https:\/\/facebook.com\/gaveaNews\/","article_published_time":"2025-04-11T20:30:00+00:00","og_image":[{"width":678,"height":381,"url":"https:\/\/www.gaveanews.com\/wp-content\/uploads\/Roger-1-678x381-2.webp","type":"image\/png"}],"author":"Leandro Cardoso","twitter_card":"summary_large_image","twitter_misc":{"Escrito por":"Leandro Cardoso","Est. tempo de leitura":"3 minutos"},"schema":{"@context":"https:\/\/schema.org","@graph":[{"@type":"NewsArticle","@id":"https:\/\/www.gaveanews.com\/index.php\/2025\/04\/11\/vice-presidente-do-fluminense-detona-roger-flores-da-rede-globo\/#article","isPartOf":{"@id":"https:\/\/www.gaveanews.com\/index.php\/2025\/04\/11\/vice-presidente-do-fluminense-detona-roger-flores-da-rede-globo\/"},"author":{"name":"Leandro Cardoso","@id":"https:\/\/www.gaveanews.com\/#\/schema\/person\/2424ec6409bc3f068411fc5e4e9b6168"},"headline":"Vice-presidente do Fluminense detona Roger Flores, da Rede Globo","datePublished":"2025-04-11T20:30:00+00:00","mainEntityOfPage":{"@id":"https:\/\/www.gaveanews.com\/index.php\/2025\/04\/11\/vice-presidente-do-fluminense-detona-roger-flores-da-rede-globo\/"},"wordCount":457,"commentCount":0,"image":{"@id":"https:\/\/www.gaveanews.com\/index.php\/2025\/04\/11\/vice-presidente-do-fluminense-detona-roger-flores-da-rede-globo\/#primaryimage"},"thumbnailUrl":"https:\/\/www.gaveanews.com\/wp-content\/uploads\/Roger-1-678x381-2.webp","articleSection":["Fluminense"],"inLanguage":"pt-BR","potentialAction":[{"@type":"CommentAction","name":"Comment","target":["https:\/\/www.gaveanews.com\/index.php\/2025\/04\/11\/vice-presidente-do-fluminense-detona-roger-flores-da-rede-globo\/#respond"]}],"copyrightYear":"2025","copyrightHolder":{"@id":"https:\/\/www.gaveanews.com\/#organization"}},{"@type":"WebPage","@id":"https:\/\/www.gaveanews.com\/index.php\/2025\/04\/11\/vice-presidente-do-fluminense-detona-roger-flores-da-rede-globo\/","url":"https:\/\/www.gaveanews.com\/index.php\/2025\/04\/11\/vice-presidente-do-fluminense-detona-roger-flores-da-rede-globo\/","name":"Vice-presidente do Fluminense detona Roger Flores, da Rede Globo","isPartOf":{"@id":"https:\/\/www.gaveanews.com\/#website"},"primaryImageOfPage":{"@id":"https:\/\/www.gaveanews.com\/index.php\/2025\/04\/11\/vice-presidente-do-fluminense-detona-roger-flores-da-rede-globo\/#primaryimage"},"image":{"@id":"https:\/\/www.gaveanews.com\/index.php\/2025\/04\/11\/vice-presidente-do-fluminense-detona-roger-flores-da-rede-globo\/#primaryimage"},"thumbnailUrl":"https:\/\/www.gaveanews.com\/wp-content\/uploads\/Roger-1-678x381-2.webp","datePublished":"2025-04-11T20:30:00+00:00","author":{"@id":"https:\/\/www.gaveanews.com\/#\/schema\/person\/2424ec6409bc3f068411fc5e4e9b6168"},"breadcrumb":{"@id":"https:\/\/www.gaveanews.com\/index.php\/2025\/04\/11\/vice-presidente-do-fluminense-detona-roger-flores-da-rede-globo\/#breadcrumb"},"inLanguage":"pt-BR","potentialAction":[{"@type":"ReadAction","target":["https:\/\/www.gaveanews.com\/index.php\/2025\/04\/11\/vice-presidente-do-fluminense-detona-roger-flores-da-rede-globo\/"]}]},{"@type":"ImageObject","inLanguage":"pt-BR","@id":"https:\/\/www.gaveanews.com\/index.php\/2025\/04\/11\/vice-presidente-do-fluminense-detona-roger-flores-da-rede-globo\/#primaryimage","url":"https:\/\/www.gaveanews.com\/wp-content\/uploads\/Roger-1-678x381-2.webp","contentUrl":"https:\/\/www.gaveanews.com\/wp-content\/uploads\/Roger-1-678x381-2.webp","width":678,"height":381,"caption":"Roger Flores (Foto: Reprodu\u00e7\u00e3o\/SporTV)"},{"@type":"BreadcrumbList","@id":"https:\/\/www.gaveanews.com\/index.php\/2025\/04\/11\/vice-presidente-do-fluminense-detona-roger-flores-da-rede-globo\/#breadcrumb","itemListElement":[{"@type":"ListItem","position":1,"name":"Home","item":"https:\/\/www.gaveanews.com\/"},{"@type":"ListItem","position":2,"name":"Vice-presidente do Fluminense detona Roger Flores, da Rede Globo"}]},{"@type":"WebSite","@id":"https:\/\/www.gaveanews.com\/#website","url":"https:\/\/www.gaveanews.com\/","name":"G\u00e1vea News","description":"Veja todas as not\u00edcias sobre o Flamengo: Contrata\u00e7\u00f5es, categorias de base, resultados das partidas, tabela de classifica\u00e7\u00e3o, pr\u00f3ximos jogos!","potentialAction":[{"@type":"SearchAction","target":{"@type":"EntryPoint","urlTemplate":"https:\/\/www.gaveanews.com\/?s={search_term_string}"},"query-input":{"@type":"PropertyValueSpecification","valueRequired":true,"valueName":"search_term_string"}}],"inLanguage":"pt-BR"},{"@type":"Person","@id":"https:\/\/www.gaveanews.com\/#\/schema\/person\/2424ec6409bc3f068411fc5e4e9b6168","name":"Leandro Cardoso","image":{"@type":"ImageObject","inLanguage":"pt-BR","@id":"https:\/\/www.gaveanews.com\/#\/schema\/person\/image\/","url":"https:\/\/secure.gravatar.com\/avatar\/8ca179f9b55eefe9f376f5493ef25475bfa59fbc28ce937f6076ce20e523098f?s=96&d=mm&r=g","contentUrl":"https:\/\/secure.gravatar.com\/avatar\/8ca179f9b55eefe9f376f5493ef25475bfa59fbc28ce937f6076ce20e523098f?s=96&d=mm&r=g","caption":"Leandro Cardoso"}}]}},"_links":{"self":[{"href":"https:\/\/www.gaveanews.com\/index.php\/wp-json\/wp\/v2\/posts\/252288","targetHints":{"allow":["GET"]}}],"collection":[{"href":"https:\/\/www.gaveanews.com\/index.php\/wp-json\/wp\/v2\/posts"}],"about":[{"href":"https:\/\/www.gaveanews.com\/index.php\/wp-json\/wp\/v2\/types\/post"}],"author":[{"embeddable":true,"href":"https:\/\/www.gaveanews.com\/index.php\/wp-json\/wp\/v2\/users\/24"}],"replies":[{"embeddable":true,"href":"https:\/\/www.gaveanews.com\/index.php\/wp-json\/wp\/v2\/comments?post=252288"}],"version-history":[{"count":1,"href":"https:\/\/www.gaveanews.com\/index.php\/wp-json\/wp\/v2\/posts\/252288\/revisions"}],"predecessor-version":[{"id":252295,"href":"https:\/\/www.gaveanews.com\/index.php\/wp-json\/wp\/v2\/posts\/252288\/revisions\/252295"}],"wp:featuredmedia":[{"embeddable":true,"href":"https:\/\/www.gaveanews.com\/index.php\/wp-json\/wp\/v2\/media\/146843"}],"wp:attachment":[{"href":"https:\/\/www.gaveanews.com\/index.php\/wp-json\/wp\/v2\/media?parent=252288"}],"wp:term":[{"taxonomy":"category","embeddable":true,"href":"https:\/\/www.gaveanews.com\/index.php\/wp-json\/wp\/v2\/categories?post=252288"},{"taxonomy":"post_tag","embeddable":true,"href":"https:\/\/www.gaveanews.com\/index.php\/wp-json\/wp\/v2\/tags?post=252288"}],"curies":[{"name":"wp","href":"https:\/\/api.w.org\/{rel}","templated":true}]}}