{"id":252291,"date":"2025-04-11T17:25:00","date_gmt":"2025-04-11T20:25:00","guid":{"rendered":"https:\/\/www.gaveanews.com\/?p=252291"},"modified":"2025-04-11T14:53:18","modified_gmt":"2025-04-11T17:53:18","slug":"barcelona-tera-desfalques-para-o-proximo-jogo","status":"publish","type":"post","link":"https:\/\/www.gaveanews.com\/index.php\/2025\/04\/11\/barcelona-tera-desfalques-para-o-proximo-jogo\/","title":{"rendered":"Barcelona ter\u00e1 desfalques para o pr\u00f3ximo jogo"},"content":{"rendered":"\n<p>O Barcelona volta a campo neste s\u00e1bado (12), \u00e0s 16h (hor\u00e1rio de Bras\u00edlia), com a possibilidade de ampliar sua vantagem na lideran\u00e7a da LaLiga. A equipe comandada por Hansi Flick enfrenta o Legan\u00e9s, fora de casa, no Est\u00e1dio Municipal de Butarque. Atualmente, o time catal\u00e3o soma 67 pontos, quatro a mais que o Real Madrid e sete acima do Atl\u00e9tico de Madrid, seus principais concorrentes na disputa pelo t\u00edtulo.<\/p>\n\n\n\n<p>Apesar da import\u00e2ncia do confronto, o t\u00e9cnico Hansi Flick ter\u00e1 que lidar com uma s\u00e9rie de desfalques. Quatro jogadores n\u00e3o estar\u00e3o \u00e0 disposi\u00e7\u00e3o para o duelo. Entre eles, Bernal e Casad\u00f3 seguem em recupera\u00e7\u00e3o de les\u00e3o. J\u00e1 o goleiro Ter Stegen, que ficou afastado por meses por conta de uma les\u00e3o grave, voltou aos treinos recentemente, mas ainda n\u00e3o est\u00e1 em condi\u00e7\u00f5es f\u00edsicas ideais para retornar aos gramados.<\/p>\n\n\n\n<figure class=\"wp-block-image size-large\"><img loading=\"lazy\" decoding=\"async\" width=\"822\" height=\"1024\" src=\"http:\/\/www.gaveanews.com\/wp-content\/uploads\/Marc-Andre-Ter-Stegen-em-acao-pelo-Barcelona-822x1024.webp\" alt=\"\" class=\"wp-image-114257\" srcset=\"https:\/\/www.gaveanews.com\/wp-content\/uploads\/Marc-Andre-Ter-Stegen-em-acao-pelo-Barcelona-822x1024.webp 822w, https:\/\/www.gaveanews.com\/wp-content\/uploads\/Marc-Andre-Ter-Stegen-em-acao-pelo-Barcelona-241x300.webp 241w, https:\/\/www.gaveanews.com\/wp-content\/uploads\/Marc-Andre-Ter-Stegen-em-acao-pelo-Barcelona-768x957.webp 768w, https:\/\/www.gaveanews.com\/wp-content\/uploads\/Marc-Andre-Ter-Stegen-em-acao-pelo-Barcelona-337x420.webp 337w, https:\/\/www.gaveanews.com\/wp-content\/uploads\/Marc-Andre-Ter-Stegen-em-acao-pelo-Barcelona-674x840.webp 674w, https:\/\/www.gaveanews.com\/wp-content\/uploads\/Marc-Andre-Ter-Stegen-em-acao-pelo-Barcelona-640x798.webp 640w, https:\/\/www.gaveanews.com\/wp-content\/uploads\/Marc-Andre-Ter-Stegen-em-acao-pelo-Barcelona-681x849.webp 681w, https:\/\/www.gaveanews.com\/wp-content\/uploads\/Marc-Andre-Ter-Stegen-em-acao-pelo-Barcelona-100x125.webp 100w, https:\/\/www.gaveanews.com\/wp-content\/uploads\/Marc-Andre-Ter-Stegen-em-acao-pelo-Barcelona.webp 1080w\" sizes=\"auto, (max-width: 822px) 100vw, 822px\" \/><figcaption class=\"wp-element-caption\">Marc-Andr\u00e9 Ter Stegen em a\u00e7\u00e3o pelo Barcelona (Foto: Reprodu\u00e7\u00e3o\/Instagram)<\/figcaption><\/figure>\n\n\n\n<p>Outro nome importante que n\u00e3o viajar\u00e1 para enfrentar o Legan\u00e9s \u00e9 Dani Olmo. O meia-atacante retornou \u00e0s atividades durante a semana, mas o comandante da equipe optou por preserv\u00e1-lo. \u201cN\u00e3o vai jogar. \u00c9 melhor que fique em casa ap\u00f3s treinar nos \u00faltimos dias. N\u00e3o vai jogar. N\u00e3o vai viajar\u201d, afirmou Flick, de forma categ\u00f3rica.<\/p>\n\n\n\n<p>Com esse cen\u00e1rio, mudan\u00e7as na escala\u00e7\u00e3o s\u00e3o esperadas. Ronald Ara\u00fajo deve entrar na vaga de I\u00f1igo Mart\u00ednez na zaga, enquanto Eric Garc\u00eda e Gavi podem refor\u00e7ar o meio-campo. No setor ofensivo, Ferr\u00e1n Torres surge como uma op\u00e7\u00e3o para formar o trio de ataque, que ainda deve contar com Lamine Yamal e Lewandowski.<\/p>\n\n\n\n<p>Mesmo com as aus\u00eancias, o treinador demonstra confian\u00e7a na prepara\u00e7\u00e3o da equipe. \u201cVamos jogar fora de casa contra um advers\u00e1rio que se defende muito bem. \u00c9 importante que mantenhamos a mentalidade. (Encarar a partida) como se fosse de Champions League. \u00c9 importante manter a for\u00e7a mental\u201d, destacou Flick. Ele tamb\u00e9m refor\u00e7ou a import\u00e2ncia da rota\u00e7\u00e3o do elenco: \u201c\u00c9 necess\u00e1rio considerar a necessidade de fazer mudan\u00e7as porque h\u00e1 muitos jogos. \u00c9 importante descansar os atletas, de vez em quando.\u201d<\/p>\n\n\n\n<p>A partida diante do Legan\u00e9s antecede os compromissos dos rivais da capital espanhola, o que pode representar um fator psicol\u00f3gico relevante na corrida pelo t\u00edtulo. \u201cQuando voc\u00ea joga primeiro e vence, \u00e9 melhor porque voc\u00ea pressiona, mas no fim das contas devemos atentar para n\u00f3s mesmos\u201d, concluiu Flick. A miss\u00e3o do Barcelona, portanto, \u00e9 clara: manter a lideran\u00e7a e continuar ditando o ritmo da competi\u00e7\u00e3o nacional.<\/p>\n","protected":false},"excerpt":{"rendered":"<p>O Barcelona volta a campo neste s\u00e1bado (12), \u00e0s 16h (hor\u00e1rio de Bras\u00edlia), com a possibilidade de ampliar sua vantagem na lideran\u00e7a da LaLiga. A equipe comandada por Hansi Flick enfrenta o Legan\u00e9s, fora de casa, no Est\u00e1dio Municipal de Butarque. Atualmente, o time catal\u00e3o soma 67 pontos, quatro a mais que o Real Madrid [&hellip;]<\/p>\n","protected":false},"author":27,"featured_media":126375,"comment_status":"open","ping_status":"closed","sticky":false,"template":"","format":"standard","meta":{"footnotes":""},"categories":[87],"tags":[],"class_list":["post-252291","post","type-post","status-publish","format-standard","has-post-thumbnail","hentry","category-barcelona"],"yoast_head":"<!-- This site is optimized with the Yoast SEO Premium plugin v24.2 (Yoast SEO v26.9) - https:\/\/yoast.com\/product\/yoast-seo-premium-wordpress\/ -->\n<title>Barcelona ter\u00e1 desfalques para o pr\u00f3ximo jogo<\/title>\n<meta name=\"robots\" content=\"index, follow, max-snippet:-1, max-image-preview:large, max-video-preview:-1\" \/>\n<link rel=\"canonical\" href=\"https:\/\/www.gaveanews.com\/index.php\/2025\/04\/11\/barcelona-tera-desfalques-para-o-proximo-jogo\/\" \/>\n<meta property=\"og:locale\" content=\"pt_BR\" \/>\n<meta property=\"og:type\" content=\"article\" \/>\n<meta property=\"og:title\" content=\"Barcelona ter\u00e1 desfalques para o pr\u00f3ximo jogo\" \/>\n<meta property=\"og:description\" content=\"O Barcelona volta a campo neste s\u00e1bado (12), \u00e0s 16h (hor\u00e1rio de Bras\u00edlia), com a possibilidade de ampliar sua vantagem na lideran\u00e7a da LaLiga. A equipe comandada por Hansi Flick enfrenta o Legan\u00e9s, fora de casa, no Est\u00e1dio Municipal de Butarque. Atualmente, o time catal\u00e3o soma 67 pontos, quatro a mais que o Real Madrid [&hellip;]\" \/>\n<meta property=\"og:url\" content=\"https:\/\/www.gaveanews.com\/index.php\/2025\/04\/11\/barcelona-tera-desfalques-para-o-proximo-jogo\/\" \/>\n<meta property=\"og:site_name\" content=\"G\u00e1vea News\" \/>\n<meta property=\"article:publisher\" content=\"https:\/\/facebook.com\/gaveaNews\/\" \/>\n<meta property=\"article:published_time\" content=\"2025-04-11T20:25:00+00:00\" \/>\n<meta property=\"og:image\" content=\"https:\/\/www.gaveanews.com\/wp-content\/uploads\/64f1c8f91532e.webp\" \/>\n\t<meta property=\"og:image:width\" content=\"1200\" \/>\n\t<meta property=\"og:image:height\" content=\"675\" \/>\n\t<meta property=\"og:image:type\" content=\"image\/jpeg\" \/>\n<meta name=\"author\" content=\"Matheus Felipe\" \/>\n<meta name=\"twitter:card\" content=\"summary_large_image\" \/>\n<meta name=\"twitter:label1\" content=\"Escrito por\" \/>\n\t<meta name=\"twitter:data1\" content=\"Matheus Felipe\" \/>\n\t<meta name=\"twitter:label2\" content=\"Est. tempo de leitura\" \/>\n\t<meta name=\"twitter:data2\" content=\"3 minutos\" \/>\n<script type=\"application\/ld+json\" class=\"yoast-schema-graph\">{\"@context\":\"https:\/\/schema.org\",\"@graph\":[{\"@type\":\"NewsArticle\",\"@id\":\"https:\/\/www.gaveanews.com\/index.php\/2025\/04\/11\/barcelona-tera-desfalques-para-o-proximo-jogo\/#article\",\"isPartOf\":{\"@id\":\"https:\/\/www.gaveanews.com\/index.php\/2025\/04\/11\/barcelona-tera-desfalques-para-o-proximo-jogo\/\"},\"author\":{\"name\":\"Matheus Felipe\",\"@id\":\"https:\/\/www.gaveanews.com\/#\/schema\/person\/8207cd4627f56151707418bfc835b2fb\"},\"headline\":\"Barcelona ter\u00e1 desfalques para o pr\u00f3ximo jogo\",\"datePublished\":\"2025-04-11T20:25:00+00:00\",\"mainEntityOfPage\":{\"@id\":\"https:\/\/www.gaveanews.com\/index.php\/2025\/04\/11\/barcelona-tera-desfalques-para-o-proximo-jogo\/\"},\"wordCount\":454,\"commentCount\":0,\"image\":{\"@id\":\"https:\/\/www.gaveanews.com\/index.php\/2025\/04\/11\/barcelona-tera-desfalques-para-o-proximo-jogo\/#primaryimage\"},\"thumbnailUrl\":\"https:\/\/www.gaveanews.com\/wp-content\/uploads\/64f1c8f91532e.webp\",\"articleSection\":[\"Barcelona\"],\"inLanguage\":\"pt-BR\",\"potentialAction\":[{\"@type\":\"CommentAction\",\"name\":\"Comment\",\"target\":[\"https:\/\/www.gaveanews.com\/index.php\/2025\/04\/11\/barcelona-tera-desfalques-para-o-proximo-jogo\/#respond\"]}],\"copyrightYear\":\"2025\",\"copyrightHolder\":{\"@id\":\"https:\/\/www.gaveanews.com\/#organization\"}},{\"@type\":\"WebPage\",\"@id\":\"https:\/\/www.gaveanews.com\/index.php\/2025\/04\/11\/barcelona-tera-desfalques-para-o-proximo-jogo\/\",\"url\":\"https:\/\/www.gaveanews.com\/index.php\/2025\/04\/11\/barcelona-tera-desfalques-para-o-proximo-jogo\/\",\"name\":\"Barcelona ter\u00e1 desfalques para o pr\u00f3ximo jogo\",\"isPartOf\":{\"@id\":\"https:\/\/www.gaveanews.com\/#website\"},\"primaryImageOfPage\":{\"@id\":\"https:\/\/www.gaveanews.com\/index.php\/2025\/04\/11\/barcelona-tera-desfalques-para-o-proximo-jogo\/#primaryimage\"},\"image\":{\"@id\":\"https:\/\/www.gaveanews.com\/index.php\/2025\/04\/11\/barcelona-tera-desfalques-para-o-proximo-jogo\/#primaryimage\"},\"thumbnailUrl\":\"https:\/\/www.gaveanews.com\/wp-content\/uploads\/64f1c8f91532e.webp\",\"datePublished\":\"2025-04-11T20:25:00+00:00\",\"author\":{\"@id\":\"https:\/\/www.gaveanews.com\/#\/schema\/person\/8207cd4627f56151707418bfc835b2fb\"},\"breadcrumb\":{\"@id\":\"https:\/\/www.gaveanews.com\/index.php\/2025\/04\/11\/barcelona-tera-desfalques-para-o-proximo-jogo\/#breadcrumb\"},\"inLanguage\":\"pt-BR\",\"potentialAction\":[{\"@type\":\"ReadAction\",\"target\":[\"https:\/\/www.gaveanews.com\/index.php\/2025\/04\/11\/barcelona-tera-desfalques-para-o-proximo-jogo\/\"]}]},{\"@type\":\"ImageObject\",\"inLanguage\":\"pt-BR\",\"@id\":\"https:\/\/www.gaveanews.com\/index.php\/2025\/04\/11\/barcelona-tera-desfalques-para-o-proximo-jogo\/#primaryimage\",\"url\":\"https:\/\/www.gaveanews.com\/wp-content\/uploads\/64f1c8f91532e.webp\",\"contentUrl\":\"https:\/\/www.gaveanews.com\/wp-content\/uploads\/64f1c8f91532e.webp\",\"width\":1200,\"height\":675,\"caption\":\"Escudo do Barcelona (Foto: Reprodu\u00e7\u00e3o)\"},{\"@type\":\"BreadcrumbList\",\"@id\":\"https:\/\/www.gaveanews.com\/index.php\/2025\/04\/11\/barcelona-tera-desfalques-para-o-proximo-jogo\/#breadcrumb\",\"itemListElement\":[{\"@type\":\"ListItem\",\"position\":1,\"name\":\"Home\",\"item\":\"https:\/\/www.gaveanews.com\/\"},{\"@type\":\"ListItem\",\"position\":2,\"name\":\"Barcelona ter\u00e1 desfalques para o pr\u00f3ximo jogo\"}]},{\"@type\":\"WebSite\",\"@id\":\"https:\/\/www.gaveanews.com\/#website\",\"url\":\"https:\/\/www.gaveanews.com\/\",\"name\":\"G\u00e1vea News\",\"description\":\"Veja todas as not\u00edcias sobre o Flamengo: Contrata\u00e7\u00f5es, categorias de base, resultados das partidas, tabela de classifica\u00e7\u00e3o, pr\u00f3ximos jogos!\",\"potentialAction\":[{\"@type\":\"SearchAction\",\"target\":{\"@type\":\"EntryPoint\",\"urlTemplate\":\"https:\/\/www.gaveanews.com\/?s={search_term_string}\"},\"query-input\":{\"@type\":\"PropertyValueSpecification\",\"valueRequired\":true,\"valueName\":\"search_term_string\"}}],\"inLanguage\":\"pt-BR\"},{\"@type\":\"Person\",\"@id\":\"https:\/\/www.gaveanews.com\/#\/schema\/person\/8207cd4627f56151707418bfc835b2fb\",\"name\":\"Matheus Felipe\",\"image\":{\"@type\":\"ImageObject\",\"inLanguage\":\"pt-BR\",\"@id\":\"https:\/\/www.gaveanews.com\/#\/schema\/person\/image\/\",\"url\":\"https:\/\/secure.gravatar.com\/avatar\/a452ffbed9130f726358b298bb3a99ce4bd3c5338411f8440e87e14d74c7c087?s=96&d=mm&r=g\",\"contentUrl\":\"https:\/\/secure.gravatar.com\/avatar\/a452ffbed9130f726358b298bb3a99ce4bd3c5338411f8440e87e14d74c7c087?s=96&d=mm&r=g\",\"caption\":\"Matheus Felipe\"}}]}<\/script>\n<!-- \/ Yoast SEO Premium plugin. -->","yoast_head_json":{"title":"Barcelona ter\u00e1 desfalques para o pr\u00f3ximo jogo","robots":{"index":"index","follow":"follow","max-snippet":"max-snippet:-1","max-image-preview":"max-image-preview:large","max-video-preview":"max-video-preview:-1"},"canonical":"https:\/\/www.gaveanews.com\/index.php\/2025\/04\/11\/barcelona-tera-desfalques-para-o-proximo-jogo\/","og_locale":"pt_BR","og_type":"article","og_title":"Barcelona ter\u00e1 desfalques para o pr\u00f3ximo jogo","og_description":"O Barcelona volta a campo neste s\u00e1bado (12), \u00e0s 16h (hor\u00e1rio de Bras\u00edlia), com a possibilidade de ampliar sua vantagem na lideran\u00e7a da LaLiga. A equipe comandada por Hansi Flick enfrenta o Legan\u00e9s, fora de casa, no Est\u00e1dio Municipal de Butarque. Atualmente, o time catal\u00e3o soma 67 pontos, quatro a mais que o Real Madrid [&hellip;]","og_url":"https:\/\/www.gaveanews.com\/index.php\/2025\/04\/11\/barcelona-tera-desfalques-para-o-proximo-jogo\/","og_site_name":"G\u00e1vea News","article_publisher":"https:\/\/facebook.com\/gaveaNews\/","article_published_time":"2025-04-11T20:25:00+00:00","og_image":[{"width":1200,"height":675,"url":"https:\/\/www.gaveanews.com\/wp-content\/uploads\/64f1c8f91532e.webp","type":"image\/jpeg"}],"author":"Matheus Felipe","twitter_card":"summary_large_image","twitter_misc":{"Escrito por":"Matheus Felipe","Est. tempo de leitura":"3 minutos"},"schema":{"@context":"https:\/\/schema.org","@graph":[{"@type":"NewsArticle","@id":"https:\/\/www.gaveanews.com\/index.php\/2025\/04\/11\/barcelona-tera-desfalques-para-o-proximo-jogo\/#article","isPartOf":{"@id":"https:\/\/www.gaveanews.com\/index.php\/2025\/04\/11\/barcelona-tera-desfalques-para-o-proximo-jogo\/"},"author":{"name":"Matheus Felipe","@id":"https:\/\/www.gaveanews.com\/#\/schema\/person\/8207cd4627f56151707418bfc835b2fb"},"headline":"Barcelona ter\u00e1 desfalques para o pr\u00f3ximo jogo","datePublished":"2025-04-11T20:25:00+00:00","mainEntityOfPage":{"@id":"https:\/\/www.gaveanews.com\/index.php\/2025\/04\/11\/barcelona-tera-desfalques-para-o-proximo-jogo\/"},"wordCount":454,"commentCount":0,"image":{"@id":"https:\/\/www.gaveanews.com\/index.php\/2025\/04\/11\/barcelona-tera-desfalques-para-o-proximo-jogo\/#primaryimage"},"thumbnailUrl":"https:\/\/www.gaveanews.com\/wp-content\/uploads\/64f1c8f91532e.webp","articleSection":["Barcelona"],"inLanguage":"pt-BR","potentialAction":[{"@type":"CommentAction","name":"Comment","target":["https:\/\/www.gaveanews.com\/index.php\/2025\/04\/11\/barcelona-tera-desfalques-para-o-proximo-jogo\/#respond"]}],"copyrightYear":"2025","copyrightHolder":{"@id":"https:\/\/www.gaveanews.com\/#organization"}},{"@type":"WebPage","@id":"https:\/\/www.gaveanews.com\/index.php\/2025\/04\/11\/barcelona-tera-desfalques-para-o-proximo-jogo\/","url":"https:\/\/www.gaveanews.com\/index.php\/2025\/04\/11\/barcelona-tera-desfalques-para-o-proximo-jogo\/","name":"Barcelona ter\u00e1 desfalques para o pr\u00f3ximo jogo","isPartOf":{"@id":"https:\/\/www.gaveanews.com\/#website"},"primaryImageOfPage":{"@id":"https:\/\/www.gaveanews.com\/index.php\/2025\/04\/11\/barcelona-tera-desfalques-para-o-proximo-jogo\/#primaryimage"},"image":{"@id":"https:\/\/www.gaveanews.com\/index.php\/2025\/04\/11\/barcelona-tera-desfalques-para-o-proximo-jogo\/#primaryimage"},"thumbnailUrl":"https:\/\/www.gaveanews.com\/wp-content\/uploads\/64f1c8f91532e.webp","datePublished":"2025-04-11T20:25:00+00:00","author":{"@id":"https:\/\/www.gaveanews.com\/#\/schema\/person\/8207cd4627f56151707418bfc835b2fb"},"breadcrumb":{"@id":"https:\/\/www.gaveanews.com\/index.php\/2025\/04\/11\/barcelona-tera-desfalques-para-o-proximo-jogo\/#breadcrumb"},"inLanguage":"pt-BR","potentialAction":[{"@type":"ReadAction","target":["https:\/\/www.gaveanews.com\/index.php\/2025\/04\/11\/barcelona-tera-desfalques-para-o-proximo-jogo\/"]}]},{"@type":"ImageObject","inLanguage":"pt-BR","@id":"https:\/\/www.gaveanews.com\/index.php\/2025\/04\/11\/barcelona-tera-desfalques-para-o-proximo-jogo\/#primaryimage","url":"https:\/\/www.gaveanews.com\/wp-content\/uploads\/64f1c8f91532e.webp","contentUrl":"https:\/\/www.gaveanews.com\/wp-content\/uploads\/64f1c8f91532e.webp","width":1200,"height":675,"caption":"Escudo do Barcelona (Foto: Reprodu\u00e7\u00e3o)"},{"@type":"BreadcrumbList","@id":"https:\/\/www.gaveanews.com\/index.php\/2025\/04\/11\/barcelona-tera-desfalques-para-o-proximo-jogo\/#breadcrumb","itemListElement":[{"@type":"ListItem","position":1,"name":"Home","item":"https:\/\/www.gaveanews.com\/"},{"@type":"ListItem","position":2,"name":"Barcelona ter\u00e1 desfalques para o pr\u00f3ximo jogo"}]},{"@type":"WebSite","@id":"https:\/\/www.gaveanews.com\/#website","url":"https:\/\/www.gaveanews.com\/","name":"G\u00e1vea News","description":"Veja todas as not\u00edcias sobre o Flamengo: Contrata\u00e7\u00f5es, categorias de base, resultados das partidas, tabela de classifica\u00e7\u00e3o, pr\u00f3ximos jogos!","potentialAction":[{"@type":"SearchAction","target":{"@type":"EntryPoint","urlTemplate":"https:\/\/www.gaveanews.com\/?s={search_term_string}"},"query-input":{"@type":"PropertyValueSpecification","valueRequired":true,"valueName":"search_term_string"}}],"inLanguage":"pt-BR"},{"@type":"Person","@id":"https:\/\/www.gaveanews.com\/#\/schema\/person\/8207cd4627f56151707418bfc835b2fb","name":"Matheus Felipe","image":{"@type":"ImageObject","inLanguage":"pt-BR","@id":"https:\/\/www.gaveanews.com\/#\/schema\/person\/image\/","url":"https:\/\/secure.gravatar.com\/avatar\/a452ffbed9130f726358b298bb3a99ce4bd3c5338411f8440e87e14d74c7c087?s=96&d=mm&r=g","contentUrl":"https:\/\/secure.gravatar.com\/avatar\/a452ffbed9130f726358b298bb3a99ce4bd3c5338411f8440e87e14d74c7c087?s=96&d=mm&r=g","caption":"Matheus Felipe"}}]}},"_links":{"self":[{"href":"https:\/\/www.gaveanews.com\/index.php\/wp-json\/wp\/v2\/posts\/252291","targetHints":{"allow":["GET"]}}],"collection":[{"href":"https:\/\/www.gaveanews.com\/index.php\/wp-json\/wp\/v2\/posts"}],"about":[{"href":"https:\/\/www.gaveanews.com\/index.php\/wp-json\/wp\/v2\/types\/post"}],"author":[{"embeddable":true,"href":"https:\/\/www.gaveanews.com\/index.php\/wp-json\/wp\/v2\/users\/27"}],"replies":[{"embeddable":true,"href":"https:\/\/www.gaveanews.com\/index.php\/wp-json\/wp\/v2\/comments?post=252291"}],"version-history":[{"count":1,"href":"https:\/\/www.gaveanews.com\/index.php\/wp-json\/wp\/v2\/posts\/252291\/revisions"}],"predecessor-version":[{"id":252293,"href":"https:\/\/www.gaveanews.com\/index.php\/wp-json\/wp\/v2\/posts\/252291\/revisions\/252293"}],"wp:featuredmedia":[{"embeddable":true,"href":"https:\/\/www.gaveanews.com\/index.php\/wp-json\/wp\/v2\/media\/126375"}],"wp:attachment":[{"href":"https:\/\/www.gaveanews.com\/index.php\/wp-json\/wp\/v2\/media?parent=252291"}],"wp:term":[{"taxonomy":"category","embeddable":true,"href":"https:\/\/www.gaveanews.com\/index.php\/wp-json\/wp\/v2\/categories?post=252291"},{"taxonomy":"post_tag","embeddable":true,"href":"https:\/\/www.gaveanews.com\/index.php\/wp-json\/wp\/v2\/tags?post=252291"}],"curies":[{"name":"wp","href":"https:\/\/api.w.org\/{rel}","templated":true}]}}