{"id":252296,"date":"2025-04-11T17:40:00","date_gmt":"2025-04-11T20:40:00","guid":{"rendered":"https:\/\/www.gaveanews.com\/?p=252296"},"modified":"2025-04-11T14:57:07","modified_gmt":"2025-04-11T17:57:07","slug":"a-declaracao-de-filipe-luis-direcionada-a-luiz-araujo-3","status":"publish","type":"post","link":"https:\/\/www.gaveanews.com\/index.php\/2025\/04\/11\/a-declaracao-de-filipe-luis-direcionada-a-luiz-araujo-3\/","title":{"rendered":"A declara\u00e7\u00e3o de Filipe Lu\u00eds direcionada a Luiz Araujo"},"content":{"rendered":"\n<p>A derrota do Flamengo para o Central C\u00f3rdoba (ARG) por 2 a 1 deixou muitas quest\u00f5es no ar, mas uma das mais comentadas foi a decis\u00e3o de Filipe Lu\u00eds em utilizar Luiz Ara\u00fajo na fun\u00e7\u00e3o de Arrascaeta. O camisa 7, que costuma atuar pelas pontas, foi testado em uma posi\u00e7\u00e3o mais centralizada, sem grande impacto no jogo.&nbsp;<\/p>\n\n\n\n<p>Apesar disso, o t\u00e9cnico rubro-negro fez quest\u00e3o de elogiar o jogador, destacando sua import\u00e2ncia t\u00e1tica e versatilidade dentro do elenco.<\/p>\n\n\n\n<h2 class=\"wp-block-heading\" id=\"h-filipe-luis-valoriza-luiz-araujo-e-aposta-em-sua-evolucao\">Filipe Lu\u00eds valoriza Luiz Ara\u00fajo e aposta em sua evolu\u00e7\u00e3o<\/h2>\n\n\n\n<figure class=\"wp-block-image size-large\"><img loading=\"lazy\" decoding=\"async\" width=\"939\" height=\"1024\" src=\"http:\/\/www.gaveanews.com\/wp-content\/uploads\/Luiz-Araujo-durante-jogo-entre-Flamengo-e-Atletico-GO-pelo-Brasileirao-em-2024-939x1024.webp\" alt=\"\" class=\"wp-image-155239\" srcset=\"https:\/\/www.gaveanews.com\/wp-content\/uploads\/Luiz-Araujo-durante-jogo-entre-Flamengo-e-Atletico-GO-pelo-Brasileirao-em-2024-939x1024.webp 939w, https:\/\/www.gaveanews.com\/wp-content\/uploads\/Luiz-Araujo-durante-jogo-entre-Flamengo-e-Atletico-GO-pelo-Brasileirao-em-2024-275x300.webp 275w, https:\/\/www.gaveanews.com\/wp-content\/uploads\/Luiz-Araujo-durante-jogo-entre-Flamengo-e-Atletico-GO-pelo-Brasileirao-em-2024-768x838.webp 768w, https:\/\/www.gaveanews.com\/wp-content\/uploads\/Luiz-Araujo-durante-jogo-entre-Flamengo-e-Atletico-GO-pelo-Brasileirao-em-2024-385x420.webp 385w, https:\/\/www.gaveanews.com\/wp-content\/uploads\/Luiz-Araujo-durante-jogo-entre-Flamengo-e-Atletico-GO-pelo-Brasileirao-em-2024-770x840.webp 770w, https:\/\/www.gaveanews.com\/wp-content\/uploads\/Luiz-Araujo-durante-jogo-entre-Flamengo-e-Atletico-GO-pelo-Brasileirao-em-2024-640x698.webp 640w, https:\/\/www.gaveanews.com\/wp-content\/uploads\/Luiz-Araujo-durante-jogo-entre-Flamengo-e-Atletico-GO-pelo-Brasileirao-em-2024-681x743.webp 681w, https:\/\/www.gaveanews.com\/wp-content\/uploads\/Luiz-Araujo-durante-jogo-entre-Flamengo-e-Atletico-GO-pelo-Brasileirao-em-2024-100x109.webp 100w, https:\/\/www.gaveanews.com\/wp-content\/uploads\/Luiz-Araujo-durante-jogo-entre-Flamengo-e-Atletico-GO-pelo-Brasileirao-em-2024.webp 1170w\" sizes=\"auto, (max-width: 939px) 100vw, 939px\" \/><figcaption class=\"wp-element-caption\">Luiz Ara\u00fajo durante jogo entre Flamengo e Atl\u00e9tico-GO, pelo Brasileir\u00e3o em 2024 (Foto: Reprodu\u00e7\u00e3o\/Instagram Luiz Ara\u00fajo)<\/figcaption><\/figure>\n\n\n\n<p>Mesmo sem ter sido decisivo contra o Central C\u00f3rdoba, Luiz Ara\u00fajo recebeu palavras de incentivo de Filipe Lu\u00eds. O treinador explicou o motivo de sua escolha e exaltou as qualidades do atleta.<\/p>\n\n\n\n<p>\u201cQuando o Luiz Ara\u00fajo entra comigo, normalmente joga na posi\u00e7\u00e3o que o Gerson joga. A gente n\u00e3o joga com o ponta direito aberto, sim como o esquerda, para liberar o corredor para os laterais. Em alguns momentos mudamos essa estrutura, como foi contra o Deportivo T\u00e1chira (VEN)\u201d, disse Filipe Lu\u00eds, antes de completar:<\/p>\n\n\n\n<p>\u201cLuiz, a meu ver, tem qualidade e condi\u00e7\u00f5es para performar na meia, por dentro. Ele \u00e9 determinante, tem bom \u00faltimo passe e finaliza\u00e7\u00e3o. Treinou a temporada toda nessa posi\u00e7\u00e3o e vem evoluindo. Vir\u00e3o dias melhores. \u00c9 um jogador muito importante, polivalente, que pode jogar tamb\u00e9m pela esquerda. Importante ter esses jogadores que podem atuar em v\u00e1rias posi\u00e7\u00f5es\u201d, finalizou.<\/p>\n\n\n\n<h2 class=\"wp-block-heading\" id=\"h-flamengo-sente-dificuldades-e-perde-posicoes-na-libertadores\">Flamengo sente dificuldades e perde posi\u00e7\u00f5es na Libertadores<\/h2>\n\n\n\n<p>Vale destacar que, apesar da posse de bola superior na reta final da partida, o Flamengo n\u00e3o conseguiu transformar o dom\u00ednio em gols. Isso porque o time encontrou dificuldades na cria\u00e7\u00e3o de jogadas, principalmente ap\u00f3s as mudan\u00e7as t\u00e1ticas promovidas por Filipe Lu\u00eds.&nbsp;<\/p>\n\n\n\n<p>Sendo assim, com a derrota, o Rubro-Negro caiu para a terceira posi\u00e7\u00e3o do Grupo C, com tr\u00eas pontos.<\/p>\n\n\n\n<p>Cabe ressaltar que o pr\u00f3ximo compromisso do Flamengo na Libertadores ser\u00e1 contra a LDU, no dia 23 de abril, em Quito. Dessa maneira, o time precisa se recuperar para n\u00e3o se complicar na competi\u00e7\u00e3o.<\/p>\n\n\n\n<h2 class=\"wp-block-heading\" id=\"h-proximo-desafio-antes-da-decisao-na-altitude\">Pr\u00f3ximo desafio antes da decis\u00e3o na altitude<\/h2>\n\n\n\n<p>Antes do duelo contra os equatorianos, o Flamengo encara o Gr\u00eamio pelo Brasileir\u00e3o. O confronto ser\u00e1 neste domingo (13), \u00e0s 17h30 (hor\u00e1rio de Bras\u00edlia), na Arena do Gr\u00eamio.&nbsp;<\/p>\n\n\n\n<p>Por isso, o jogo ser\u00e1 um importante teste para Filipe Lu\u00eds ajustar a equipe e encontrar solu\u00e7\u00f5es para os problemas apresentados na Libertadores.<\/p>\n","protected":false},"excerpt":{"rendered":"<p>A derrota do Flamengo para o Central C\u00f3rdoba (ARG) por 2 a 1 deixou muitas quest\u00f5es no ar, mas uma das mais comentadas foi a decis\u00e3o de Filipe Lu\u00eds em utilizar Luiz Ara\u00fajo na fun\u00e7\u00e3o de Arrascaeta. O camisa 7, que costuma atuar pelas pontas, foi testado em uma posi\u00e7\u00e3o mais centralizada, sem grande impacto [&hellip;]<\/p>\n","protected":false},"author":25,"featured_media":170548,"comment_status":"open","ping_status":"closed","sticky":false,"template":"","format":"standard","meta":{"footnotes":""},"categories":[1],"tags":[],"class_list":["post-252296","post","type-post","status-publish","format-standard","has-post-thumbnail","hentry","category-flamengo"],"yoast_head":"<!-- This site is optimized with the Yoast SEO Premium plugin v24.2 (Yoast SEO v26.9) - https:\/\/yoast.com\/product\/yoast-seo-premium-wordpress\/ -->\n<title>A declara\u00e7\u00e3o de Filipe Lu\u00eds direcionada a Luiz Araujo<\/title>\n<meta name=\"robots\" content=\"index, follow, max-snippet:-1, max-image-preview:large, max-video-preview:-1\" \/>\n<link rel=\"canonical\" href=\"https:\/\/www.gaveanews.com\/index.php\/2025\/04\/11\/a-declaracao-de-filipe-luis-direcionada-a-luiz-araujo-3\/\" \/>\n<meta property=\"og:locale\" content=\"pt_BR\" \/>\n<meta property=\"og:type\" content=\"article\" \/>\n<meta property=\"og:title\" content=\"A declara\u00e7\u00e3o de Filipe Lu\u00eds direcionada a Luiz Araujo\" \/>\n<meta property=\"og:description\" content=\"A derrota do Flamengo para o Central C\u00f3rdoba (ARG) por 2 a 1 deixou muitas quest\u00f5es no ar, mas uma das mais comentadas foi a decis\u00e3o de Filipe Lu\u00eds em utilizar Luiz Ara\u00fajo na fun\u00e7\u00e3o de Arrascaeta. O camisa 7, que costuma atuar pelas pontas, foi testado em uma posi\u00e7\u00e3o mais centralizada, sem grande impacto [&hellip;]\" \/>\n<meta property=\"og:url\" content=\"https:\/\/www.gaveanews.com\/index.php\/2025\/04\/11\/a-declaracao-de-filipe-luis-direcionada-a-luiz-araujo-3\/\" \/>\n<meta property=\"og:site_name\" content=\"G\u00e1vea News\" \/>\n<meta property=\"article:publisher\" content=\"https:\/\/facebook.com\/gaveaNews\/\" \/>\n<meta property=\"article:published_time\" content=\"2025-04-11T20:40:00+00:00\" \/>\n<meta property=\"og:image\" content=\"https:\/\/www.gaveanews.com\/wp-content\/uploads\/Filipe-Luis-como-tecnico-do-Flamengo.webp\" \/>\n\t<meta property=\"og:image:width\" content=\"800\" \/>\n\t<meta property=\"og:image:height\" content=\"534\" \/>\n\t<meta property=\"og:image:type\" content=\"image\/webp\" \/>\n<meta name=\"author\" content=\"Rafaela Ladeira\" \/>\n<meta name=\"twitter:card\" content=\"summary_large_image\" \/>\n<meta name=\"twitter:label1\" content=\"Escrito por\" \/>\n\t<meta name=\"twitter:data1\" content=\"Rafaela Ladeira\" \/>\n\t<meta name=\"twitter:label2\" content=\"Est. tempo de leitura\" \/>\n\t<meta name=\"twitter:data2\" content=\"3 minutos\" \/>\n<script type=\"application\/ld+json\" class=\"yoast-schema-graph\">{\"@context\":\"https:\/\/schema.org\",\"@graph\":[{\"@type\":\"NewsArticle\",\"@id\":\"https:\/\/www.gaveanews.com\/index.php\/2025\/04\/11\/a-declaracao-de-filipe-luis-direcionada-a-luiz-araujo-3\/#article\",\"isPartOf\":{\"@id\":\"https:\/\/www.gaveanews.com\/index.php\/2025\/04\/11\/a-declaracao-de-filipe-luis-direcionada-a-luiz-araujo-3\/\"},\"author\":{\"name\":\"Rafaela Ladeira\",\"@id\":\"https:\/\/www.gaveanews.com\/#\/schema\/person\/0eb3e3fe1754f0205218538adbe8f5ed\"},\"headline\":\"A declara\u00e7\u00e3o de Filipe Lu\u00eds direcionada a Luiz Araujo\",\"datePublished\":\"2025-04-11T20:40:00+00:00\",\"mainEntityOfPage\":{\"@id\":\"https:\/\/www.gaveanews.com\/index.php\/2025\/04\/11\/a-declaracao-de-filipe-luis-direcionada-a-luiz-araujo-3\/\"},\"wordCount\":469,\"commentCount\":0,\"image\":{\"@id\":\"https:\/\/www.gaveanews.com\/index.php\/2025\/04\/11\/a-declaracao-de-filipe-luis-direcionada-a-luiz-araujo-3\/#primaryimage\"},\"thumbnailUrl\":\"https:\/\/www.gaveanews.com\/wp-content\/uploads\/Filipe-Luis-como-tecnico-do-Flamengo.webp\",\"articleSection\":[\"Flamengo\"],\"inLanguage\":\"pt-BR\",\"potentialAction\":[{\"@type\":\"CommentAction\",\"name\":\"Comment\",\"target\":[\"https:\/\/www.gaveanews.com\/index.php\/2025\/04\/11\/a-declaracao-de-filipe-luis-direcionada-a-luiz-araujo-3\/#respond\"]}],\"copyrightYear\":\"2025\",\"copyrightHolder\":{\"@id\":\"https:\/\/www.gaveanews.com\/#organization\"}},{\"@type\":\"WebPage\",\"@id\":\"https:\/\/www.gaveanews.com\/index.php\/2025\/04\/11\/a-declaracao-de-filipe-luis-direcionada-a-luiz-araujo-3\/\",\"url\":\"https:\/\/www.gaveanews.com\/index.php\/2025\/04\/11\/a-declaracao-de-filipe-luis-direcionada-a-luiz-araujo-3\/\",\"name\":\"A declara\u00e7\u00e3o de Filipe Lu\u00eds direcionada a Luiz Araujo\",\"isPartOf\":{\"@id\":\"https:\/\/www.gaveanews.com\/#website\"},\"primaryImageOfPage\":{\"@id\":\"https:\/\/www.gaveanews.com\/index.php\/2025\/04\/11\/a-declaracao-de-filipe-luis-direcionada-a-luiz-araujo-3\/#primaryimage\"},\"image\":{\"@id\":\"https:\/\/www.gaveanews.com\/index.php\/2025\/04\/11\/a-declaracao-de-filipe-luis-direcionada-a-luiz-araujo-3\/#primaryimage\"},\"thumbnailUrl\":\"https:\/\/www.gaveanews.com\/wp-content\/uploads\/Filipe-Luis-como-tecnico-do-Flamengo.webp\",\"datePublished\":\"2025-04-11T20:40:00+00:00\",\"author\":{\"@id\":\"https:\/\/www.gaveanews.com\/#\/schema\/person\/0eb3e3fe1754f0205218538adbe8f5ed\"},\"breadcrumb\":{\"@id\":\"https:\/\/www.gaveanews.com\/index.php\/2025\/04\/11\/a-declaracao-de-filipe-luis-direcionada-a-luiz-araujo-3\/#breadcrumb\"},\"inLanguage\":\"pt-BR\",\"potentialAction\":[{\"@type\":\"ReadAction\",\"target\":[\"https:\/\/www.gaveanews.com\/index.php\/2025\/04\/11\/a-declaracao-de-filipe-luis-direcionada-a-luiz-araujo-3\/\"]}]},{\"@type\":\"ImageObject\",\"inLanguage\":\"pt-BR\",\"@id\":\"https:\/\/www.gaveanews.com\/index.php\/2025\/04\/11\/a-declaracao-de-filipe-luis-direcionada-a-luiz-araujo-3\/#primaryimage\",\"url\":\"https:\/\/www.gaveanews.com\/wp-content\/uploads\/Filipe-Luis-como-tecnico-do-Flamengo.webp\",\"contentUrl\":\"https:\/\/www.gaveanews.com\/wp-content\/uploads\/Filipe-Luis-como-tecnico-do-Flamengo.webp\",\"width\":800,\"height\":534,\"caption\":\"Filipe Lu\u00eds como t\u00e9cnico do Flamengo (Foto: Marcelo Cortez\/Flamengo)\"},{\"@type\":\"BreadcrumbList\",\"@id\":\"https:\/\/www.gaveanews.com\/index.php\/2025\/04\/11\/a-declaracao-de-filipe-luis-direcionada-a-luiz-araujo-3\/#breadcrumb\",\"itemListElement\":[{\"@type\":\"ListItem\",\"position\":1,\"name\":\"Home\",\"item\":\"https:\/\/www.gaveanews.com\/\"},{\"@type\":\"ListItem\",\"position\":2,\"name\":\"A declara\u00e7\u00e3o de Filipe Lu\u00eds direcionada a Luiz Araujo\"}]},{\"@type\":\"WebSite\",\"@id\":\"https:\/\/www.gaveanews.com\/#website\",\"url\":\"https:\/\/www.gaveanews.com\/\",\"name\":\"G\u00e1vea News\",\"description\":\"Veja todas as not\u00edcias sobre o Flamengo: Contrata\u00e7\u00f5es, categorias de base, resultados das partidas, tabela de classifica\u00e7\u00e3o, pr\u00f3ximos jogos!\",\"potentialAction\":[{\"@type\":\"SearchAction\",\"target\":{\"@type\":\"EntryPoint\",\"urlTemplate\":\"https:\/\/www.gaveanews.com\/?s={search_term_string}\"},\"query-input\":{\"@type\":\"PropertyValueSpecification\",\"valueRequired\":true,\"valueName\":\"search_term_string\"}}],\"inLanguage\":\"pt-BR\"},{\"@type\":\"Person\",\"@id\":\"https:\/\/www.gaveanews.com\/#\/schema\/person\/0eb3e3fe1754f0205218538adbe8f5ed\",\"name\":\"Rafaela Ladeira\",\"image\":{\"@type\":\"ImageObject\",\"inLanguage\":\"pt-BR\",\"@id\":\"https:\/\/www.gaveanews.com\/#\/schema\/person\/image\/\",\"url\":\"https:\/\/secure.gravatar.com\/avatar\/c31f513acffd85eacab5730cbdfdbbf59f21ba5aeada8cd890acea879fbb2455?s=96&d=mm&r=g\",\"contentUrl\":\"https:\/\/secure.gravatar.com\/avatar\/c31f513acffd85eacab5730cbdfdbbf59f21ba5aeada8cd890acea879fbb2455?s=96&d=mm&r=g\",\"caption\":\"Rafaela Ladeira\"}}]}<\/script>\n<!-- \/ Yoast SEO Premium plugin. -->","yoast_head_json":{"title":"A declara\u00e7\u00e3o de Filipe Lu\u00eds direcionada a Luiz Araujo","robots":{"index":"index","follow":"follow","max-snippet":"max-snippet:-1","max-image-preview":"max-image-preview:large","max-video-preview":"max-video-preview:-1"},"canonical":"https:\/\/www.gaveanews.com\/index.php\/2025\/04\/11\/a-declaracao-de-filipe-luis-direcionada-a-luiz-araujo-3\/","og_locale":"pt_BR","og_type":"article","og_title":"A declara\u00e7\u00e3o de Filipe Lu\u00eds direcionada a Luiz Araujo","og_description":"A derrota do Flamengo para o Central C\u00f3rdoba (ARG) por 2 a 1 deixou muitas quest\u00f5es no ar, mas uma das mais comentadas foi a decis\u00e3o de Filipe Lu\u00eds em utilizar Luiz Ara\u00fajo na fun\u00e7\u00e3o de Arrascaeta. O camisa 7, que costuma atuar pelas pontas, foi testado em uma posi\u00e7\u00e3o mais centralizada, sem grande impacto [&hellip;]","og_url":"https:\/\/www.gaveanews.com\/index.php\/2025\/04\/11\/a-declaracao-de-filipe-luis-direcionada-a-luiz-araujo-3\/","og_site_name":"G\u00e1vea News","article_publisher":"https:\/\/facebook.com\/gaveaNews\/","article_published_time":"2025-04-11T20:40:00+00:00","og_image":[{"width":800,"height":534,"url":"https:\/\/www.gaveanews.com\/wp-content\/uploads\/Filipe-Luis-como-tecnico-do-Flamengo.webp","type":"image\/webp"}],"author":"Rafaela Ladeira","twitter_card":"summary_large_image","twitter_misc":{"Escrito por":"Rafaela Ladeira","Est. tempo de leitura":"3 minutos"},"schema":{"@context":"https:\/\/schema.org","@graph":[{"@type":"NewsArticle","@id":"https:\/\/www.gaveanews.com\/index.php\/2025\/04\/11\/a-declaracao-de-filipe-luis-direcionada-a-luiz-araujo-3\/#article","isPartOf":{"@id":"https:\/\/www.gaveanews.com\/index.php\/2025\/04\/11\/a-declaracao-de-filipe-luis-direcionada-a-luiz-araujo-3\/"},"author":{"name":"Rafaela Ladeira","@id":"https:\/\/www.gaveanews.com\/#\/schema\/person\/0eb3e3fe1754f0205218538adbe8f5ed"},"headline":"A declara\u00e7\u00e3o de Filipe Lu\u00eds direcionada a Luiz Araujo","datePublished":"2025-04-11T20:40:00+00:00","mainEntityOfPage":{"@id":"https:\/\/www.gaveanews.com\/index.php\/2025\/04\/11\/a-declaracao-de-filipe-luis-direcionada-a-luiz-araujo-3\/"},"wordCount":469,"commentCount":0,"image":{"@id":"https:\/\/www.gaveanews.com\/index.php\/2025\/04\/11\/a-declaracao-de-filipe-luis-direcionada-a-luiz-araujo-3\/#primaryimage"},"thumbnailUrl":"https:\/\/www.gaveanews.com\/wp-content\/uploads\/Filipe-Luis-como-tecnico-do-Flamengo.webp","articleSection":["Flamengo"],"inLanguage":"pt-BR","potentialAction":[{"@type":"CommentAction","name":"Comment","target":["https:\/\/www.gaveanews.com\/index.php\/2025\/04\/11\/a-declaracao-de-filipe-luis-direcionada-a-luiz-araujo-3\/#respond"]}],"copyrightYear":"2025","copyrightHolder":{"@id":"https:\/\/www.gaveanews.com\/#organization"}},{"@type":"WebPage","@id":"https:\/\/www.gaveanews.com\/index.php\/2025\/04\/11\/a-declaracao-de-filipe-luis-direcionada-a-luiz-araujo-3\/","url":"https:\/\/www.gaveanews.com\/index.php\/2025\/04\/11\/a-declaracao-de-filipe-luis-direcionada-a-luiz-araujo-3\/","name":"A declara\u00e7\u00e3o de Filipe Lu\u00eds direcionada a Luiz Araujo","isPartOf":{"@id":"https:\/\/www.gaveanews.com\/#website"},"primaryImageOfPage":{"@id":"https:\/\/www.gaveanews.com\/index.php\/2025\/04\/11\/a-declaracao-de-filipe-luis-direcionada-a-luiz-araujo-3\/#primaryimage"},"image":{"@id":"https:\/\/www.gaveanews.com\/index.php\/2025\/04\/11\/a-declaracao-de-filipe-luis-direcionada-a-luiz-araujo-3\/#primaryimage"},"thumbnailUrl":"https:\/\/www.gaveanews.com\/wp-content\/uploads\/Filipe-Luis-como-tecnico-do-Flamengo.webp","datePublished":"2025-04-11T20:40:00+00:00","author":{"@id":"https:\/\/www.gaveanews.com\/#\/schema\/person\/0eb3e3fe1754f0205218538adbe8f5ed"},"breadcrumb":{"@id":"https:\/\/www.gaveanews.com\/index.php\/2025\/04\/11\/a-declaracao-de-filipe-luis-direcionada-a-luiz-araujo-3\/#breadcrumb"},"inLanguage":"pt-BR","potentialAction":[{"@type":"ReadAction","target":["https:\/\/www.gaveanews.com\/index.php\/2025\/04\/11\/a-declaracao-de-filipe-luis-direcionada-a-luiz-araujo-3\/"]}]},{"@type":"ImageObject","inLanguage":"pt-BR","@id":"https:\/\/www.gaveanews.com\/index.php\/2025\/04\/11\/a-declaracao-de-filipe-luis-direcionada-a-luiz-araujo-3\/#primaryimage","url":"https:\/\/www.gaveanews.com\/wp-content\/uploads\/Filipe-Luis-como-tecnico-do-Flamengo.webp","contentUrl":"https:\/\/www.gaveanews.com\/wp-content\/uploads\/Filipe-Luis-como-tecnico-do-Flamengo.webp","width":800,"height":534,"caption":"Filipe Lu\u00eds como t\u00e9cnico do Flamengo (Foto: Marcelo Cortez\/Flamengo)"},{"@type":"BreadcrumbList","@id":"https:\/\/www.gaveanews.com\/index.php\/2025\/04\/11\/a-declaracao-de-filipe-luis-direcionada-a-luiz-araujo-3\/#breadcrumb","itemListElement":[{"@type":"ListItem","position":1,"name":"Home","item":"https:\/\/www.gaveanews.com\/"},{"@type":"ListItem","position":2,"name":"A declara\u00e7\u00e3o de Filipe Lu\u00eds direcionada a Luiz Araujo"}]},{"@type":"WebSite","@id":"https:\/\/www.gaveanews.com\/#website","url":"https:\/\/www.gaveanews.com\/","name":"G\u00e1vea News","description":"Veja todas as not\u00edcias sobre o Flamengo: Contrata\u00e7\u00f5es, categorias de base, resultados das partidas, tabela de classifica\u00e7\u00e3o, pr\u00f3ximos jogos!","potentialAction":[{"@type":"SearchAction","target":{"@type":"EntryPoint","urlTemplate":"https:\/\/www.gaveanews.com\/?s={search_term_string}"},"query-input":{"@type":"PropertyValueSpecification","valueRequired":true,"valueName":"search_term_string"}}],"inLanguage":"pt-BR"},{"@type":"Person","@id":"https:\/\/www.gaveanews.com\/#\/schema\/person\/0eb3e3fe1754f0205218538adbe8f5ed","name":"Rafaela Ladeira","image":{"@type":"ImageObject","inLanguage":"pt-BR","@id":"https:\/\/www.gaveanews.com\/#\/schema\/person\/image\/","url":"https:\/\/secure.gravatar.com\/avatar\/c31f513acffd85eacab5730cbdfdbbf59f21ba5aeada8cd890acea879fbb2455?s=96&d=mm&r=g","contentUrl":"https:\/\/secure.gravatar.com\/avatar\/c31f513acffd85eacab5730cbdfdbbf59f21ba5aeada8cd890acea879fbb2455?s=96&d=mm&r=g","caption":"Rafaela Ladeira"}}]}},"_links":{"self":[{"href":"https:\/\/www.gaveanews.com\/index.php\/wp-json\/wp\/v2\/posts\/252296","targetHints":{"allow":["GET"]}}],"collection":[{"href":"https:\/\/www.gaveanews.com\/index.php\/wp-json\/wp\/v2\/posts"}],"about":[{"href":"https:\/\/www.gaveanews.com\/index.php\/wp-json\/wp\/v2\/types\/post"}],"author":[{"embeddable":true,"href":"https:\/\/www.gaveanews.com\/index.php\/wp-json\/wp\/v2\/users\/25"}],"replies":[{"embeddable":true,"href":"https:\/\/www.gaveanews.com\/index.php\/wp-json\/wp\/v2\/comments?post=252296"}],"version-history":[{"count":1,"href":"https:\/\/www.gaveanews.com\/index.php\/wp-json\/wp\/v2\/posts\/252296\/revisions"}],"predecessor-version":[{"id":252297,"href":"https:\/\/www.gaveanews.com\/index.php\/wp-json\/wp\/v2\/posts\/252296\/revisions\/252297"}],"wp:featuredmedia":[{"embeddable":true,"href":"https:\/\/www.gaveanews.com\/index.php\/wp-json\/wp\/v2\/media\/170548"}],"wp:attachment":[{"href":"https:\/\/www.gaveanews.com\/index.php\/wp-json\/wp\/v2\/media?parent=252296"}],"wp:term":[{"taxonomy":"category","embeddable":true,"href":"https:\/\/www.gaveanews.com\/index.php\/wp-json\/wp\/v2\/categories?post=252296"},{"taxonomy":"post_tag","embeddable":true,"href":"https:\/\/www.gaveanews.com\/index.php\/wp-json\/wp\/v2\/tags?post=252296"}],"curies":[{"name":"wp","href":"https:\/\/api.w.org\/{rel}","templated":true}]}}