{"id":252311,"date":"2025-04-11T20:20:00","date_gmt":"2025-04-11T23:20:00","guid":{"rendered":"https:\/\/www.gaveanews.com\/?p=252311"},"modified":"2025-04-11T15:44:36","modified_gmt":"2025-04-11T18:44:36","slug":"a-declaracao-de-fabio-sormani-direcionada-a-richard-rios-do-palmeiras","status":"publish","type":"post","link":"https:\/\/www.gaveanews.com\/index.php\/2025\/04\/11\/a-declaracao-de-fabio-sormani-direcionada-a-richard-rios-do-palmeiras\/","title":{"rendered":"A declara\u00e7\u00e3o de F\u00e1bio Sormani direcionada a Richard Rios, do Palmeiras"},"content":{"rendered":"\n<p>F\u00e1bio Sormani rasgou elogios a Richard Rios, do Palmeiras. O comentarista da Placar Tv destacou que com as qualidades do meio-campista, ele atuaria tanto no Santos quanto no Corinthians. O jornalista ainda sugeriu que o presidente santista, Marcelo Teixeira, propusesse uma troca \u00e0 presidente Leila Pereira.<\/p>\n\n\n\n<p>Richard Rios entrou em rota de colis\u00e3o com a torcida do Palmeiras. Ao marcar o gol da vit\u00f3ria sobre o Cerro Porte\u00f1o, do Paraguai, pela segunda rodada da fase de grupos da Copa Conmebol Libertadores da Am\u00e9rica, o volante fez um gesto direcionado \u00e0 torcida palestrina pedindo \u201csil\u00eancio\u201d.<\/p>\n\n\n\n<p>O jogador tem sido alvo de cr\u00edticas por, supostamente, n\u00e3o gostar do Alviverde e n\u00e3o se dedicar \u00e0 equipe. Por n\u00e3o concordar com as insinua\u00e7\u00f5es, ele usou o momento de comemora\u00e7\u00e3o para desabafar.<\/p>\n\n\n\n<p>O entrevero chamou aten\u00e7\u00e3o do jornalista F\u00e1bio Sormani. O comentarista da Placar Tv apontou as qualidades do volante e disse que ele teria espa\u00e7o em dois dos maiores rivais palestrinos: Corinthians e Santos.<\/p>\n\n\n\n<p>\u201cJogador inteligente, ele \u00e9 bom jogador. O R\u00edos jogaria no Santos, no Corinthians\u2026 todo mundo gosta do cara, s\u00f3 o palmeirense que n\u00e3o\u201d, disse.<\/p>\n\n\n\n<p>A qualidade t\u00e9cnica de Richard Rios agrada tanto o comentarista que ele prop\u00f4s que o Santos tente a contrata\u00e7\u00e3o do jogador. Ele afirmou que trocaria Jo\u00e3o Schmidt pelo volante e at\u00e9 diria \u00e0 Leila Pereira que faria a aquisi\u00e7\u00e3o dos direitos econ\u00f4micos dele em definitivo.<\/p>\n\n\n\n<p>\u201cSe eu fosse o Marcelo Teixeira eu pegava o Jo\u00e3o Schmidt e trocava por ele. Se eu fosse o Marcelo Teixeira eu iria l\u00e1 no Palmeiras e falava: \u2018Leila, n\u00e3o p\u00f5e mais o Richard R\u00edos para jogar, porque na janela do meio do ano eu venho aqui com dinheiro e vou comprar ele&#8217;\u201d, disse o comentarista durante o Opini\u00e3o Placar.<\/p>\n\n\n\n<p>Destaque da Col\u00f4mbia, o volante chegou ao Palmeiras em 2023 e tem contrato com o clube at\u00e9 o fim de 2028. Ao longo de 119 jogos, marcou 11 gols e deu 6 assist\u00eancias. Ele tamb\u00e9m se sagrou campe\u00e3o do Brasileir\u00e3o e do Campeonato Paulista com o Alviverde.<\/p>\n","protected":false},"excerpt":{"rendered":"<p>F\u00e1bio Sormani rasgou elogios a Richard Rios, do Palmeiras. O comentarista da Placar Tv destacou que com as qualidades do meio-campista, ele atuaria tanto no Santos quanto no Corinthians. O jornalista ainda sugeriu que o presidente santista, Marcelo Teixeira, propusesse uma troca \u00e0 presidente Leila Pereira. Richard Rios entrou em rota de colis\u00e3o com a [&hellip;]<\/p>\n","protected":false},"author":29,"featured_media":153089,"comment_status":"open","ping_status":"closed","sticky":false,"template":"","format":"standard","meta":{"footnotes":""},"categories":[150],"tags":[],"class_list":["post-252311","post","type-post","status-publish","format-standard","has-post-thumbnail","hentry","category-palmeiras"],"yoast_head":"<!-- This site is optimized with the Yoast SEO Premium plugin v24.2 (Yoast SEO v26.9) - https:\/\/yoast.com\/product\/yoast-seo-premium-wordpress\/ -->\n<title>A declara\u00e7\u00e3o de F\u00e1bio Sormani direcionada a Richard Rios, do Palmeiras<\/title>\n<meta name=\"robots\" content=\"index, follow, max-snippet:-1, max-image-preview:large, max-video-preview:-1\" \/>\n<link rel=\"canonical\" href=\"https:\/\/www.gaveanews.com\/index.php\/2025\/04\/11\/a-declaracao-de-fabio-sormani-direcionada-a-richard-rios-do-palmeiras\/\" \/>\n<meta property=\"og:locale\" content=\"pt_BR\" \/>\n<meta property=\"og:type\" content=\"article\" \/>\n<meta property=\"og:title\" content=\"A declara\u00e7\u00e3o de F\u00e1bio Sormani direcionada a Richard Rios, do Palmeiras\" \/>\n<meta property=\"og:description\" content=\"F\u00e1bio Sormani rasgou elogios a Richard Rios, do Palmeiras. O comentarista da Placar Tv destacou que com as qualidades do meio-campista, ele atuaria tanto no Santos quanto no Corinthians. O jornalista ainda sugeriu que o presidente santista, Marcelo Teixeira, propusesse uma troca \u00e0 presidente Leila Pereira. Richard Rios entrou em rota de colis\u00e3o com a [&hellip;]\" \/>\n<meta property=\"og:url\" content=\"https:\/\/www.gaveanews.com\/index.php\/2025\/04\/11\/a-declaracao-de-fabio-sormani-direcionada-a-richard-rios-do-palmeiras\/\" \/>\n<meta property=\"og:site_name\" content=\"G\u00e1vea News\" \/>\n<meta property=\"article:publisher\" content=\"https:\/\/facebook.com\/gaveaNews\/\" \/>\n<meta property=\"article:published_time\" content=\"2025-04-11T23:20:00+00:00\" \/>\n<meta property=\"og:image\" content=\"https:\/\/www.gaveanews.com\/wp-content\/uploads\/Richard-Rios-durante-o-jogo-entre-Internacional-x-Palmeiras-pelo-Brasileirao-2023-no-estadio-Beira-Rio.webp\" \/>\n\t<meta property=\"og:image:width\" content=\"1274\" \/>\n\t<meta property=\"og:image:height\" content=\"1500\" \/>\n\t<meta property=\"og:image:type\" content=\"image\/jpeg\" \/>\n<meta name=\"author\" content=\"Marco Menezes\" \/>\n<meta name=\"twitter:card\" content=\"summary_large_image\" \/>\n<meta name=\"twitter:label1\" content=\"Escrito por\" \/>\n\t<meta name=\"twitter:data1\" content=\"Marco Menezes\" \/>\n\t<meta name=\"twitter:label2\" content=\"Est. tempo de leitura\" \/>\n\t<meta name=\"twitter:data2\" content=\"3 minutos\" \/>\n<script type=\"application\/ld+json\" class=\"yoast-schema-graph\">{\"@context\":\"https:\/\/schema.org\",\"@graph\":[{\"@type\":\"NewsArticle\",\"@id\":\"https:\/\/www.gaveanews.com\/index.php\/2025\/04\/11\/a-declaracao-de-fabio-sormani-direcionada-a-richard-rios-do-palmeiras\/#article\",\"isPartOf\":{\"@id\":\"https:\/\/www.gaveanews.com\/index.php\/2025\/04\/11\/a-declaracao-de-fabio-sormani-direcionada-a-richard-rios-do-palmeiras\/\"},\"author\":{\"name\":\"Marco Menezes\",\"@id\":\"https:\/\/www.gaveanews.com\/#\/schema\/person\/a9f62fe75380c6bada1b2fc49bc23d69\"},\"headline\":\"A declara\u00e7\u00e3o de F\u00e1bio Sormani direcionada a Richard Rios, do Palmeiras\",\"datePublished\":\"2025-04-11T23:20:00+00:00\",\"mainEntityOfPage\":{\"@id\":\"https:\/\/www.gaveanews.com\/index.php\/2025\/04\/11\/a-declaracao-de-fabio-sormani-direcionada-a-richard-rios-do-palmeiras\/\"},\"wordCount\":372,\"commentCount\":0,\"image\":{\"@id\":\"https:\/\/www.gaveanews.com\/index.php\/2025\/04\/11\/a-declaracao-de-fabio-sormani-direcionada-a-richard-rios-do-palmeiras\/#primaryimage\"},\"thumbnailUrl\":\"https:\/\/www.gaveanews.com\/wp-content\/uploads\/Richard-Rios-durante-o-jogo-entre-Internacional-x-Palmeiras-pelo-Brasileirao-2023-no-estadio-Beira-Rio.webp\",\"articleSection\":[\"Palmeiras\"],\"inLanguage\":\"pt-BR\",\"potentialAction\":[{\"@type\":\"CommentAction\",\"name\":\"Comment\",\"target\":[\"https:\/\/www.gaveanews.com\/index.php\/2025\/04\/11\/a-declaracao-de-fabio-sormani-direcionada-a-richard-rios-do-palmeiras\/#respond\"]}],\"copyrightYear\":\"2025\",\"copyrightHolder\":{\"@id\":\"https:\/\/www.gaveanews.com\/#organization\"}},{\"@type\":\"WebPage\",\"@id\":\"https:\/\/www.gaveanews.com\/index.php\/2025\/04\/11\/a-declaracao-de-fabio-sormani-direcionada-a-richard-rios-do-palmeiras\/\",\"url\":\"https:\/\/www.gaveanews.com\/index.php\/2025\/04\/11\/a-declaracao-de-fabio-sormani-direcionada-a-richard-rios-do-palmeiras\/\",\"name\":\"A declara\u00e7\u00e3o de F\u00e1bio Sormani direcionada a Richard Rios, do Palmeiras\",\"isPartOf\":{\"@id\":\"https:\/\/www.gaveanews.com\/#website\"},\"primaryImageOfPage\":{\"@id\":\"https:\/\/www.gaveanews.com\/index.php\/2025\/04\/11\/a-declaracao-de-fabio-sormani-direcionada-a-richard-rios-do-palmeiras\/#primaryimage\"},\"image\":{\"@id\":\"https:\/\/www.gaveanews.com\/index.php\/2025\/04\/11\/a-declaracao-de-fabio-sormani-direcionada-a-richard-rios-do-palmeiras\/#primaryimage\"},\"thumbnailUrl\":\"https:\/\/www.gaveanews.com\/wp-content\/uploads\/Richard-Rios-durante-o-jogo-entre-Internacional-x-Palmeiras-pelo-Brasileirao-2023-no-estadio-Beira-Rio.webp\",\"datePublished\":\"2025-04-11T23:20:00+00:00\",\"author\":{\"@id\":\"https:\/\/www.gaveanews.com\/#\/schema\/person\/a9f62fe75380c6bada1b2fc49bc23d69\"},\"breadcrumb\":{\"@id\":\"https:\/\/www.gaveanews.com\/index.php\/2025\/04\/11\/a-declaracao-de-fabio-sormani-direcionada-a-richard-rios-do-palmeiras\/#breadcrumb\"},\"inLanguage\":\"pt-BR\",\"potentialAction\":[{\"@type\":\"ReadAction\",\"target\":[\"https:\/\/www.gaveanews.com\/index.php\/2025\/04\/11\/a-declaracao-de-fabio-sormani-direcionada-a-richard-rios-do-palmeiras\/\"]}]},{\"@type\":\"ImageObject\",\"inLanguage\":\"pt-BR\",\"@id\":\"https:\/\/www.gaveanews.com\/index.php\/2025\/04\/11\/a-declaracao-de-fabio-sormani-direcionada-a-richard-rios-do-palmeiras\/#primaryimage\",\"url\":\"https:\/\/www.gaveanews.com\/wp-content\/uploads\/Richard-Rios-durante-o-jogo-entre-Internacional-x-Palmeiras-pelo-Brasileirao-2023-no-estadio-Beira-Rio.webp\",\"contentUrl\":\"https:\/\/www.gaveanews.com\/wp-content\/uploads\/Richard-Rios-durante-o-jogo-entre-Internacional-x-Palmeiras-pelo-Brasileirao-2023-no-estadio-Beira-Rio.webp\",\"width\":1274,\"height\":1500,\"caption\":\"Richard R\u00edos durante o jogo entre Internacional x Palmeiras pelo Brasileir\u00e3o 2023 no est\u00e1dio Beira-Rio (Foto: Cesar Greco\/Palmeiras)\"},{\"@type\":\"BreadcrumbList\",\"@id\":\"https:\/\/www.gaveanews.com\/index.php\/2025\/04\/11\/a-declaracao-de-fabio-sormani-direcionada-a-richard-rios-do-palmeiras\/#breadcrumb\",\"itemListElement\":[{\"@type\":\"ListItem\",\"position\":1,\"name\":\"Home\",\"item\":\"https:\/\/www.gaveanews.com\/\"},{\"@type\":\"ListItem\",\"position\":2,\"name\":\"A declara\u00e7\u00e3o de F\u00e1bio Sormani direcionada a Richard Rios, do Palmeiras\"}]},{\"@type\":\"WebSite\",\"@id\":\"https:\/\/www.gaveanews.com\/#website\",\"url\":\"https:\/\/www.gaveanews.com\/\",\"name\":\"G\u00e1vea News\",\"description\":\"Veja todas as not\u00edcias sobre o Flamengo: Contrata\u00e7\u00f5es, categorias de base, resultados das partidas, tabela de classifica\u00e7\u00e3o, pr\u00f3ximos jogos!\",\"potentialAction\":[{\"@type\":\"SearchAction\",\"target\":{\"@type\":\"EntryPoint\",\"urlTemplate\":\"https:\/\/www.gaveanews.com\/?s={search_term_string}\"},\"query-input\":{\"@type\":\"PropertyValueSpecification\",\"valueRequired\":true,\"valueName\":\"search_term_string\"}}],\"inLanguage\":\"pt-BR\"},{\"@type\":\"Person\",\"@id\":\"https:\/\/www.gaveanews.com\/#\/schema\/person\/a9f62fe75380c6bada1b2fc49bc23d69\",\"name\":\"Marco Menezes\",\"image\":{\"@type\":\"ImageObject\",\"inLanguage\":\"pt-BR\",\"@id\":\"https:\/\/www.gaveanews.com\/#\/schema\/person\/image\/\",\"url\":\"https:\/\/secure.gravatar.com\/avatar\/a1d148ae17fc8bfc5dbccffd07979e8bd2c9ba494221779de86ec2c7907b71ec?s=96&d=mm&r=g\",\"contentUrl\":\"https:\/\/secure.gravatar.com\/avatar\/a1d148ae17fc8bfc5dbccffd07979e8bd2c9ba494221779de86ec2c7907b71ec?s=96&d=mm&r=g\",\"caption\":\"Marco Menezes\"}}]}<\/script>\n<!-- \/ Yoast SEO Premium plugin. -->","yoast_head_json":{"title":"A declara\u00e7\u00e3o de F\u00e1bio Sormani direcionada a Richard Rios, do Palmeiras","robots":{"index":"index","follow":"follow","max-snippet":"max-snippet:-1","max-image-preview":"max-image-preview:large","max-video-preview":"max-video-preview:-1"},"canonical":"https:\/\/www.gaveanews.com\/index.php\/2025\/04\/11\/a-declaracao-de-fabio-sormani-direcionada-a-richard-rios-do-palmeiras\/","og_locale":"pt_BR","og_type":"article","og_title":"A declara\u00e7\u00e3o de F\u00e1bio Sormani direcionada a Richard Rios, do Palmeiras","og_description":"F\u00e1bio Sormani rasgou elogios a Richard Rios, do Palmeiras. O comentarista da Placar Tv destacou que com as qualidades do meio-campista, ele atuaria tanto no Santos quanto no Corinthians. O jornalista ainda sugeriu que o presidente santista, Marcelo Teixeira, propusesse uma troca \u00e0 presidente Leila Pereira. Richard Rios entrou em rota de colis\u00e3o com a [&hellip;]","og_url":"https:\/\/www.gaveanews.com\/index.php\/2025\/04\/11\/a-declaracao-de-fabio-sormani-direcionada-a-richard-rios-do-palmeiras\/","og_site_name":"G\u00e1vea News","article_publisher":"https:\/\/facebook.com\/gaveaNews\/","article_published_time":"2025-04-11T23:20:00+00:00","og_image":[{"width":1274,"height":1500,"url":"https:\/\/www.gaveanews.com\/wp-content\/uploads\/Richard-Rios-durante-o-jogo-entre-Internacional-x-Palmeiras-pelo-Brasileirao-2023-no-estadio-Beira-Rio.webp","type":"image\/jpeg"}],"author":"Marco Menezes","twitter_card":"summary_large_image","twitter_misc":{"Escrito por":"Marco Menezes","Est. tempo de leitura":"3 minutos"},"schema":{"@context":"https:\/\/schema.org","@graph":[{"@type":"NewsArticle","@id":"https:\/\/www.gaveanews.com\/index.php\/2025\/04\/11\/a-declaracao-de-fabio-sormani-direcionada-a-richard-rios-do-palmeiras\/#article","isPartOf":{"@id":"https:\/\/www.gaveanews.com\/index.php\/2025\/04\/11\/a-declaracao-de-fabio-sormani-direcionada-a-richard-rios-do-palmeiras\/"},"author":{"name":"Marco Menezes","@id":"https:\/\/www.gaveanews.com\/#\/schema\/person\/a9f62fe75380c6bada1b2fc49bc23d69"},"headline":"A declara\u00e7\u00e3o de F\u00e1bio Sormani direcionada a Richard Rios, do Palmeiras","datePublished":"2025-04-11T23:20:00+00:00","mainEntityOfPage":{"@id":"https:\/\/www.gaveanews.com\/index.php\/2025\/04\/11\/a-declaracao-de-fabio-sormani-direcionada-a-richard-rios-do-palmeiras\/"},"wordCount":372,"commentCount":0,"image":{"@id":"https:\/\/www.gaveanews.com\/index.php\/2025\/04\/11\/a-declaracao-de-fabio-sormani-direcionada-a-richard-rios-do-palmeiras\/#primaryimage"},"thumbnailUrl":"https:\/\/www.gaveanews.com\/wp-content\/uploads\/Richard-Rios-durante-o-jogo-entre-Internacional-x-Palmeiras-pelo-Brasileirao-2023-no-estadio-Beira-Rio.webp","articleSection":["Palmeiras"],"inLanguage":"pt-BR","potentialAction":[{"@type":"CommentAction","name":"Comment","target":["https:\/\/www.gaveanews.com\/index.php\/2025\/04\/11\/a-declaracao-de-fabio-sormani-direcionada-a-richard-rios-do-palmeiras\/#respond"]}],"copyrightYear":"2025","copyrightHolder":{"@id":"https:\/\/www.gaveanews.com\/#organization"}},{"@type":"WebPage","@id":"https:\/\/www.gaveanews.com\/index.php\/2025\/04\/11\/a-declaracao-de-fabio-sormani-direcionada-a-richard-rios-do-palmeiras\/","url":"https:\/\/www.gaveanews.com\/index.php\/2025\/04\/11\/a-declaracao-de-fabio-sormani-direcionada-a-richard-rios-do-palmeiras\/","name":"A declara\u00e7\u00e3o de F\u00e1bio Sormani direcionada a Richard Rios, do Palmeiras","isPartOf":{"@id":"https:\/\/www.gaveanews.com\/#website"},"primaryImageOfPage":{"@id":"https:\/\/www.gaveanews.com\/index.php\/2025\/04\/11\/a-declaracao-de-fabio-sormani-direcionada-a-richard-rios-do-palmeiras\/#primaryimage"},"image":{"@id":"https:\/\/www.gaveanews.com\/index.php\/2025\/04\/11\/a-declaracao-de-fabio-sormani-direcionada-a-richard-rios-do-palmeiras\/#primaryimage"},"thumbnailUrl":"https:\/\/www.gaveanews.com\/wp-content\/uploads\/Richard-Rios-durante-o-jogo-entre-Internacional-x-Palmeiras-pelo-Brasileirao-2023-no-estadio-Beira-Rio.webp","datePublished":"2025-04-11T23:20:00+00:00","author":{"@id":"https:\/\/www.gaveanews.com\/#\/schema\/person\/a9f62fe75380c6bada1b2fc49bc23d69"},"breadcrumb":{"@id":"https:\/\/www.gaveanews.com\/index.php\/2025\/04\/11\/a-declaracao-de-fabio-sormani-direcionada-a-richard-rios-do-palmeiras\/#breadcrumb"},"inLanguage":"pt-BR","potentialAction":[{"@type":"ReadAction","target":["https:\/\/www.gaveanews.com\/index.php\/2025\/04\/11\/a-declaracao-de-fabio-sormani-direcionada-a-richard-rios-do-palmeiras\/"]}]},{"@type":"ImageObject","inLanguage":"pt-BR","@id":"https:\/\/www.gaveanews.com\/index.php\/2025\/04\/11\/a-declaracao-de-fabio-sormani-direcionada-a-richard-rios-do-palmeiras\/#primaryimage","url":"https:\/\/www.gaveanews.com\/wp-content\/uploads\/Richard-Rios-durante-o-jogo-entre-Internacional-x-Palmeiras-pelo-Brasileirao-2023-no-estadio-Beira-Rio.webp","contentUrl":"https:\/\/www.gaveanews.com\/wp-content\/uploads\/Richard-Rios-durante-o-jogo-entre-Internacional-x-Palmeiras-pelo-Brasileirao-2023-no-estadio-Beira-Rio.webp","width":1274,"height":1500,"caption":"Richard R\u00edos durante o jogo entre Internacional x Palmeiras pelo Brasileir\u00e3o 2023 no est\u00e1dio Beira-Rio (Foto: Cesar Greco\/Palmeiras)"},{"@type":"BreadcrumbList","@id":"https:\/\/www.gaveanews.com\/index.php\/2025\/04\/11\/a-declaracao-de-fabio-sormani-direcionada-a-richard-rios-do-palmeiras\/#breadcrumb","itemListElement":[{"@type":"ListItem","position":1,"name":"Home","item":"https:\/\/www.gaveanews.com\/"},{"@type":"ListItem","position":2,"name":"A declara\u00e7\u00e3o de F\u00e1bio Sormani direcionada a Richard Rios, do Palmeiras"}]},{"@type":"WebSite","@id":"https:\/\/www.gaveanews.com\/#website","url":"https:\/\/www.gaveanews.com\/","name":"G\u00e1vea News","description":"Veja todas as not\u00edcias sobre o Flamengo: Contrata\u00e7\u00f5es, categorias de base, resultados das partidas, tabela de classifica\u00e7\u00e3o, pr\u00f3ximos jogos!","potentialAction":[{"@type":"SearchAction","target":{"@type":"EntryPoint","urlTemplate":"https:\/\/www.gaveanews.com\/?s={search_term_string}"},"query-input":{"@type":"PropertyValueSpecification","valueRequired":true,"valueName":"search_term_string"}}],"inLanguage":"pt-BR"},{"@type":"Person","@id":"https:\/\/www.gaveanews.com\/#\/schema\/person\/a9f62fe75380c6bada1b2fc49bc23d69","name":"Marco Menezes","image":{"@type":"ImageObject","inLanguage":"pt-BR","@id":"https:\/\/www.gaveanews.com\/#\/schema\/person\/image\/","url":"https:\/\/secure.gravatar.com\/avatar\/a1d148ae17fc8bfc5dbccffd07979e8bd2c9ba494221779de86ec2c7907b71ec?s=96&d=mm&r=g","contentUrl":"https:\/\/secure.gravatar.com\/avatar\/a1d148ae17fc8bfc5dbccffd07979e8bd2c9ba494221779de86ec2c7907b71ec?s=96&d=mm&r=g","caption":"Marco Menezes"}}]}},"_links":{"self":[{"href":"https:\/\/www.gaveanews.com\/index.php\/wp-json\/wp\/v2\/posts\/252311","targetHints":{"allow":["GET"]}}],"collection":[{"href":"https:\/\/www.gaveanews.com\/index.php\/wp-json\/wp\/v2\/posts"}],"about":[{"href":"https:\/\/www.gaveanews.com\/index.php\/wp-json\/wp\/v2\/types\/post"}],"author":[{"embeddable":true,"href":"https:\/\/www.gaveanews.com\/index.php\/wp-json\/wp\/v2\/users\/29"}],"replies":[{"embeddable":true,"href":"https:\/\/www.gaveanews.com\/index.php\/wp-json\/wp\/v2\/comments?post=252311"}],"version-history":[{"count":1,"href":"https:\/\/www.gaveanews.com\/index.php\/wp-json\/wp\/v2\/posts\/252311\/revisions"}],"predecessor-version":[{"id":252312,"href":"https:\/\/www.gaveanews.com\/index.php\/wp-json\/wp\/v2\/posts\/252311\/revisions\/252312"}],"wp:featuredmedia":[{"embeddable":true,"href":"https:\/\/www.gaveanews.com\/index.php\/wp-json\/wp\/v2\/media\/153089"}],"wp:attachment":[{"href":"https:\/\/www.gaveanews.com\/index.php\/wp-json\/wp\/v2\/media?parent=252311"}],"wp:term":[{"taxonomy":"category","embeddable":true,"href":"https:\/\/www.gaveanews.com\/index.php\/wp-json\/wp\/v2\/categories?post=252311"},{"taxonomy":"post_tag","embeddable":true,"href":"https:\/\/www.gaveanews.com\/index.php\/wp-json\/wp\/v2\/tags?post=252311"}],"curies":[{"name":"wp","href":"https:\/\/api.w.org\/{rel}","templated":true}]}}