{"id":252313,"date":"2025-04-11T18:20:00","date_gmt":"2025-04-11T21:20:00","guid":{"rendered":"https:\/\/www.gaveanews.com\/?p=252313"},"modified":"2025-04-11T15:20:10","modified_gmt":"2025-04-11T18:20:10","slug":"palmeiras-x-corinthians-abel-ferreira-define-substituto-de-raphael-veiga","status":"publish","type":"post","link":"https:\/\/www.gaveanews.com\/index.php\/2025\/04\/11\/palmeiras-x-corinthians-abel-ferreira-define-substituto-de-raphael-veiga\/","title":{"rendered":"Palmeiras x Corinthians: Abel Ferreira define substituto de Raphael Veiga"},"content":{"rendered":"\n<p>A aus\u00eancia de Raphael Veiga abriu caminho para uma nova oportunidade no Palmeiras. Felipe Anderson, que tem mostrado evolu\u00e7\u00e3o nas \u00faltimas partidas, deve assumir a titularidade no cl\u00e1ssico contra o Corinthians. Com isso, o meia-atacante tem uma chance de ouro para consolidar sua ascens\u00e3o no Verd\u00e3o e provar que pode ser pe\u00e7a fundamental no esquema de Abel Ferreira.<\/p>\n\n\n\n<h2 class=\"wp-block-heading\" id=\"h-a-retomada-de-felipe-anderson-no-palmeiras\">A retomada de Felipe Anderson no Palmeiras<\/h2>\n\n\n\n<figure class=\"wp-block-image size-full\"><img loading=\"lazy\" decoding=\"async\" width=\"828\" height=\"608\" src=\"http:\/\/www.gaveanews.com\/wp-content\/uploads\/Felipe-Anderson-durante-treino-do-Palmeiras.webp\" alt=\"Felipe Anderson durante treino do Palmeiras (Foto: Reprodu\u00e7\u00e3o\/Palmeiras)\" class=\"wp-image-150549\" srcset=\"https:\/\/www.gaveanews.com\/wp-content\/uploads\/Felipe-Anderson-durante-treino-do-Palmeiras.webp 828w, https:\/\/www.gaveanews.com\/wp-content\/uploads\/Felipe-Anderson-durante-treino-do-Palmeiras-300x220.webp 300w, https:\/\/www.gaveanews.com\/wp-content\/uploads\/Felipe-Anderson-durante-treino-do-Palmeiras-768x564.webp 768w, https:\/\/www.gaveanews.com\/wp-content\/uploads\/Felipe-Anderson-durante-treino-do-Palmeiras-572x420.webp 572w, https:\/\/www.gaveanews.com\/wp-content\/uploads\/Felipe-Anderson-durante-treino-do-Palmeiras-80x60.webp 80w, https:\/\/www.gaveanews.com\/wp-content\/uploads\/Felipe-Anderson-durante-treino-do-Palmeiras-640x470.webp 640w, https:\/\/www.gaveanews.com\/wp-content\/uploads\/Felipe-Anderson-durante-treino-do-Palmeiras-681x500.webp 681w, https:\/\/www.gaveanews.com\/wp-content\/uploads\/Felipe-Anderson-durante-treino-do-Palmeiras-100x73.webp 100w\" sizes=\"auto, (max-width: 828px) 100vw, 828px\" \/><figcaption class=\"wp-element-caption\">Felipe Anderson durante treino do Palmeiras (Foto: Reprodu\u00e7\u00e3o\/Palmeiras)<\/figcaption><\/figure>\n\n\n\n<p>Ap\u00f3s um in\u00edcio turbulento, com les\u00f5es e dificuldades de adapta\u00e7\u00e3o, Felipe Anderson tem se reencontrado no time alviverde. Isso porque, desde que passou a atuar de forma mais centralizada, o jogador ganhou mais espa\u00e7o e confian\u00e7a.<\/p>\n\n\n\n<p>Vale destacar que, na \u00faltima quarta-feira, ele entrou logo aos 10 minutos de jogo ap\u00f3s a les\u00e3o de Veiga e teve uma atua\u00e7\u00e3o destacada contra o Cerro Porte\u00f1o pela Libertadores. Al\u00e9m disso, foi respons\u00e1vel pela assist\u00eancia no gol de Richard R\u00edos, ajudando o Palmeiras a construir uma vit\u00f3ria importante.<\/p>\n\n\n\n<p>Dessa maneira, o meia-atacante come\u00e7a a brigar de vez por uma vaga entre os titulares e tem no D\u00e9rbi Paulista a chance de consolidar esse novo momento.<\/p>\n\n\n\n<h2 class=\"wp-block-heading\" id=\"h-elogios-e-confianca-de-abel-ferreira\">Elogios e confian\u00e7a de Abel Ferreira<\/h2>\n\n\n\n<p>O t\u00e9cnico Abel Ferreira reconheceu a evolu\u00e7\u00e3o do jogador e admitiu que Felipe Anderson tem sido um dos mais prejudicados no elenco por atuar em diferentes posi\u00e7\u00f5es devido \u00e0s les\u00f5es do elenco.<\/p>\n\n\n\n<p>&#8220;Esse ano, pelas les\u00f5es que tivemos, ele jogou de 7, 11, 10&#8230; E, se calhar, tem sido um dos jogadores que mais tenho prejudicado por conta das necessidades da equipe. \u00c9 bom v\u00ea-lo fazer um bom jogo&#8221;, afirmou Abel.<\/p>\n\n\n\n<p>Sendo assim, o treinador demonstra confian\u00e7a no meia-atacante, que agora tem a miss\u00e3o de corresponder dentro de campo.<\/p>\n\n\n\n<h2 class=\"wp-block-heading\" id=\"h-a-grande-oportunidade-no-derbi-paulista\">A grande oportunidade no D\u00e9rbi Paulista<\/h2>\n\n\n\n<p>Com a luxa\u00e7\u00e3o no ombro de Veiga, Felipe Anderson deve ser titular no cl\u00e1ssico contra o Corinthians, no pr\u00f3ximo s\u00e1bado, \u00e0s 18h30. Cabe ressaltar que um bom desempenho pode consolid\u00e1-lo como uma op\u00e7\u00e3o definitiva para o meio de campo palmeirense.<\/p>\n\n\n\n<p>Por isso, a partida contra o maior rival pode ser um divisor de \u00e1guas para o camisa 8, que ainda busca provar que sua contrata\u00e7\u00e3o valeu toda a expectativa gerada em torno de sua chegada.<\/p>\n","protected":false},"excerpt":{"rendered":"<p>A aus\u00eancia de Raphael Veiga abriu caminho para uma nova oportunidade no Palmeiras. Felipe Anderson, que tem mostrado evolu\u00e7\u00e3o nas \u00faltimas partidas, deve assumir a titularidade no cl\u00e1ssico contra o Corinthians. Com isso, o meia-atacante tem uma chance de ouro para consolidar sua ascens\u00e3o no Verd\u00e3o e provar que pode ser pe\u00e7a fundamental no esquema [&hellip;]<\/p>\n","protected":false},"author":24,"featured_media":70428,"comment_status":"open","ping_status":"closed","sticky":false,"template":"","format":"standard","meta":{"footnotes":""},"categories":[141,150],"tags":[],"class_list":["post-252313","post","type-post","status-publish","format-standard","has-post-thumbnail","hentry","category-corinthians","category-palmeiras"],"yoast_head":"<!-- This site is optimized with the Yoast SEO Premium plugin v24.2 (Yoast SEO v26.9) - https:\/\/yoast.com\/product\/yoast-seo-premium-wordpress\/ -->\n<title>Palmeiras x Corinthians: Abel Ferreira define substituto de Raphael Veiga<\/title>\n<meta name=\"robots\" content=\"index, follow, max-snippet:-1, max-image-preview:large, max-video-preview:-1\" \/>\n<link rel=\"canonical\" href=\"https:\/\/www.gaveanews.com\/index.php\/2025\/04\/11\/palmeiras-x-corinthians-abel-ferreira-define-substituto-de-raphael-veiga\/\" \/>\n<meta property=\"og:locale\" content=\"pt_BR\" \/>\n<meta property=\"og:type\" content=\"article\" \/>\n<meta property=\"og:title\" content=\"Palmeiras x Corinthians: Abel Ferreira define substituto de Raphael Veiga\" \/>\n<meta property=\"og:description\" content=\"A aus\u00eancia de Raphael Veiga abriu caminho para uma nova oportunidade no Palmeiras. Felipe Anderson, que tem mostrado evolu\u00e7\u00e3o nas \u00faltimas partidas, deve assumir a titularidade no cl\u00e1ssico contra o Corinthians. Com isso, o meia-atacante tem uma chance de ouro para consolidar sua ascens\u00e3o no Verd\u00e3o e provar que pode ser pe\u00e7a fundamental no esquema [&hellip;]\" \/>\n<meta property=\"og:url\" content=\"https:\/\/www.gaveanews.com\/index.php\/2025\/04\/11\/palmeiras-x-corinthians-abel-ferreira-define-substituto-de-raphael-veiga\/\" \/>\n<meta property=\"og:site_name\" content=\"G\u00e1vea News\" \/>\n<meta property=\"article:publisher\" content=\"https:\/\/facebook.com\/gaveaNews\/\" \/>\n<meta property=\"article:published_time\" content=\"2025-04-11T21:20:00+00:00\" \/>\n<meta property=\"og:image\" content=\"https:\/\/www.gaveanews.com\/wp-content\/uploads\/Raphael-Veiga-comemora-gol-marcado-pelo-Palmeiras.webp\" \/>\n\t<meta property=\"og:image:width\" content=\"1008\" \/>\n\t<meta property=\"og:image:height\" content=\"567\" \/>\n\t<meta property=\"og:image:type\" content=\"image\/jpeg\" \/>\n<meta name=\"author\" content=\"Leandro Cardoso\" \/>\n<meta name=\"twitter:card\" content=\"summary_large_image\" \/>\n<meta name=\"twitter:label1\" content=\"Escrito por\" \/>\n\t<meta name=\"twitter:data1\" content=\"Leandro Cardoso\" \/>\n\t<meta name=\"twitter:label2\" content=\"Est. tempo de leitura\" \/>\n\t<meta name=\"twitter:data2\" content=\"3 minutos\" \/>\n<script type=\"application\/ld+json\" class=\"yoast-schema-graph\">{\"@context\":\"https:\/\/schema.org\",\"@graph\":[{\"@type\":\"NewsArticle\",\"@id\":\"https:\/\/www.gaveanews.com\/index.php\/2025\/04\/11\/palmeiras-x-corinthians-abel-ferreira-define-substituto-de-raphael-veiga\/#article\",\"isPartOf\":{\"@id\":\"https:\/\/www.gaveanews.com\/index.php\/2025\/04\/11\/palmeiras-x-corinthians-abel-ferreira-define-substituto-de-raphael-veiga\/\"},\"author\":{\"name\":\"Leandro Cardoso\",\"@id\":\"https:\/\/www.gaveanews.com\/#\/schema\/person\/2424ec6409bc3f068411fc5e4e9b6168\"},\"headline\":\"Palmeiras x Corinthians: Abel Ferreira define substituto de Raphael Veiga\",\"datePublished\":\"2025-04-11T21:20:00+00:00\",\"mainEntityOfPage\":{\"@id\":\"https:\/\/www.gaveanews.com\/index.php\/2025\/04\/11\/palmeiras-x-corinthians-abel-ferreira-define-substituto-de-raphael-veiga\/\"},\"wordCount\":407,\"commentCount\":0,\"image\":{\"@id\":\"https:\/\/www.gaveanews.com\/index.php\/2025\/04\/11\/palmeiras-x-corinthians-abel-ferreira-define-substituto-de-raphael-veiga\/#primaryimage\"},\"thumbnailUrl\":\"https:\/\/www.gaveanews.com\/wp-content\/uploads\/Raphael-Veiga-comemora-gol-marcado-pelo-Palmeiras.webp\",\"articleSection\":[\"Corinthians\",\"Palmeiras\"],\"inLanguage\":\"pt-BR\",\"potentialAction\":[{\"@type\":\"CommentAction\",\"name\":\"Comment\",\"target\":[\"https:\/\/www.gaveanews.com\/index.php\/2025\/04\/11\/palmeiras-x-corinthians-abel-ferreira-define-substituto-de-raphael-veiga\/#respond\"]}],\"copyrightYear\":\"2025\",\"copyrightHolder\":{\"@id\":\"https:\/\/www.gaveanews.com\/#organization\"}},{\"@type\":\"WebPage\",\"@id\":\"https:\/\/www.gaveanews.com\/index.php\/2025\/04\/11\/palmeiras-x-corinthians-abel-ferreira-define-substituto-de-raphael-veiga\/\",\"url\":\"https:\/\/www.gaveanews.com\/index.php\/2025\/04\/11\/palmeiras-x-corinthians-abel-ferreira-define-substituto-de-raphael-veiga\/\",\"name\":\"Palmeiras x Corinthians: Abel Ferreira define substituto de Raphael Veiga\",\"isPartOf\":{\"@id\":\"https:\/\/www.gaveanews.com\/#website\"},\"primaryImageOfPage\":{\"@id\":\"https:\/\/www.gaveanews.com\/index.php\/2025\/04\/11\/palmeiras-x-corinthians-abel-ferreira-define-substituto-de-raphael-veiga\/#primaryimage\"},\"image\":{\"@id\":\"https:\/\/www.gaveanews.com\/index.php\/2025\/04\/11\/palmeiras-x-corinthians-abel-ferreira-define-substituto-de-raphael-veiga\/#primaryimage\"},\"thumbnailUrl\":\"https:\/\/www.gaveanews.com\/wp-content\/uploads\/Raphael-Veiga-comemora-gol-marcado-pelo-Palmeiras.webp\",\"datePublished\":\"2025-04-11T21:20:00+00:00\",\"author\":{\"@id\":\"https:\/\/www.gaveanews.com\/#\/schema\/person\/2424ec6409bc3f068411fc5e4e9b6168\"},\"breadcrumb\":{\"@id\":\"https:\/\/www.gaveanews.com\/index.php\/2025\/04\/11\/palmeiras-x-corinthians-abel-ferreira-define-substituto-de-raphael-veiga\/#breadcrumb\"},\"inLanguage\":\"pt-BR\",\"potentialAction\":[{\"@type\":\"ReadAction\",\"target\":[\"https:\/\/www.gaveanews.com\/index.php\/2025\/04\/11\/palmeiras-x-corinthians-abel-ferreira-define-substituto-de-raphael-veiga\/\"]}]},{\"@type\":\"ImageObject\",\"inLanguage\":\"pt-BR\",\"@id\":\"https:\/\/www.gaveanews.com\/index.php\/2025\/04\/11\/palmeiras-x-corinthians-abel-ferreira-define-substituto-de-raphael-veiga\/#primaryimage\",\"url\":\"https:\/\/www.gaveanews.com\/wp-content\/uploads\/Raphael-Veiga-comemora-gol-marcado-pelo-Palmeiras.webp\",\"contentUrl\":\"https:\/\/www.gaveanews.com\/wp-content\/uploads\/Raphael-Veiga-comemora-gol-marcado-pelo-Palmeiras.webp\",\"width\":1008,\"height\":567},{\"@type\":\"BreadcrumbList\",\"@id\":\"https:\/\/www.gaveanews.com\/index.php\/2025\/04\/11\/palmeiras-x-corinthians-abel-ferreira-define-substituto-de-raphael-veiga\/#breadcrumb\",\"itemListElement\":[{\"@type\":\"ListItem\",\"position\":1,\"name\":\"Home\",\"item\":\"https:\/\/www.gaveanews.com\/\"},{\"@type\":\"ListItem\",\"position\":2,\"name\":\"Palmeiras x Corinthians: Abel Ferreira define substituto de Raphael Veiga\"}]},{\"@type\":\"WebSite\",\"@id\":\"https:\/\/www.gaveanews.com\/#website\",\"url\":\"https:\/\/www.gaveanews.com\/\",\"name\":\"G\u00e1vea News\",\"description\":\"Veja todas as not\u00edcias sobre o Flamengo: Contrata\u00e7\u00f5es, categorias de base, resultados das partidas, tabela de classifica\u00e7\u00e3o, pr\u00f3ximos jogos!\",\"potentialAction\":[{\"@type\":\"SearchAction\",\"target\":{\"@type\":\"EntryPoint\",\"urlTemplate\":\"https:\/\/www.gaveanews.com\/?s={search_term_string}\"},\"query-input\":{\"@type\":\"PropertyValueSpecification\",\"valueRequired\":true,\"valueName\":\"search_term_string\"}}],\"inLanguage\":\"pt-BR\"},{\"@type\":\"Person\",\"@id\":\"https:\/\/www.gaveanews.com\/#\/schema\/person\/2424ec6409bc3f068411fc5e4e9b6168\",\"name\":\"Leandro Cardoso\",\"image\":{\"@type\":\"ImageObject\",\"inLanguage\":\"pt-BR\",\"@id\":\"https:\/\/www.gaveanews.com\/#\/schema\/person\/image\/\",\"url\":\"https:\/\/secure.gravatar.com\/avatar\/8ca179f9b55eefe9f376f5493ef25475bfa59fbc28ce937f6076ce20e523098f?s=96&d=mm&r=g\",\"contentUrl\":\"https:\/\/secure.gravatar.com\/avatar\/8ca179f9b55eefe9f376f5493ef25475bfa59fbc28ce937f6076ce20e523098f?s=96&d=mm&r=g\",\"caption\":\"Leandro Cardoso\"}}]}<\/script>\n<!-- \/ Yoast SEO Premium plugin. -->","yoast_head_json":{"title":"Palmeiras x Corinthians: Abel Ferreira define substituto de Raphael Veiga","robots":{"index":"index","follow":"follow","max-snippet":"max-snippet:-1","max-image-preview":"max-image-preview:large","max-video-preview":"max-video-preview:-1"},"canonical":"https:\/\/www.gaveanews.com\/index.php\/2025\/04\/11\/palmeiras-x-corinthians-abel-ferreira-define-substituto-de-raphael-veiga\/","og_locale":"pt_BR","og_type":"article","og_title":"Palmeiras x Corinthians: Abel Ferreira define substituto de Raphael Veiga","og_description":"A aus\u00eancia de Raphael Veiga abriu caminho para uma nova oportunidade no Palmeiras. Felipe Anderson, que tem mostrado evolu\u00e7\u00e3o nas \u00faltimas partidas, deve assumir a titularidade no cl\u00e1ssico contra o Corinthians. Com isso, o meia-atacante tem uma chance de ouro para consolidar sua ascens\u00e3o no Verd\u00e3o e provar que pode ser pe\u00e7a fundamental no esquema [&hellip;]","og_url":"https:\/\/www.gaveanews.com\/index.php\/2025\/04\/11\/palmeiras-x-corinthians-abel-ferreira-define-substituto-de-raphael-veiga\/","og_site_name":"G\u00e1vea News","article_publisher":"https:\/\/facebook.com\/gaveaNews\/","article_published_time":"2025-04-11T21:20:00+00:00","og_image":[{"width":1008,"height":567,"url":"https:\/\/www.gaveanews.com\/wp-content\/uploads\/Raphael-Veiga-comemora-gol-marcado-pelo-Palmeiras.webp","type":"image\/jpeg"}],"author":"Leandro Cardoso","twitter_card":"summary_large_image","twitter_misc":{"Escrito por":"Leandro Cardoso","Est. tempo de leitura":"3 minutos"},"schema":{"@context":"https:\/\/schema.org","@graph":[{"@type":"NewsArticle","@id":"https:\/\/www.gaveanews.com\/index.php\/2025\/04\/11\/palmeiras-x-corinthians-abel-ferreira-define-substituto-de-raphael-veiga\/#article","isPartOf":{"@id":"https:\/\/www.gaveanews.com\/index.php\/2025\/04\/11\/palmeiras-x-corinthians-abel-ferreira-define-substituto-de-raphael-veiga\/"},"author":{"name":"Leandro Cardoso","@id":"https:\/\/www.gaveanews.com\/#\/schema\/person\/2424ec6409bc3f068411fc5e4e9b6168"},"headline":"Palmeiras x Corinthians: Abel Ferreira define substituto de Raphael Veiga","datePublished":"2025-04-11T21:20:00+00:00","mainEntityOfPage":{"@id":"https:\/\/www.gaveanews.com\/index.php\/2025\/04\/11\/palmeiras-x-corinthians-abel-ferreira-define-substituto-de-raphael-veiga\/"},"wordCount":407,"commentCount":0,"image":{"@id":"https:\/\/www.gaveanews.com\/index.php\/2025\/04\/11\/palmeiras-x-corinthians-abel-ferreira-define-substituto-de-raphael-veiga\/#primaryimage"},"thumbnailUrl":"https:\/\/www.gaveanews.com\/wp-content\/uploads\/Raphael-Veiga-comemora-gol-marcado-pelo-Palmeiras.webp","articleSection":["Corinthians","Palmeiras"],"inLanguage":"pt-BR","potentialAction":[{"@type":"CommentAction","name":"Comment","target":["https:\/\/www.gaveanews.com\/index.php\/2025\/04\/11\/palmeiras-x-corinthians-abel-ferreira-define-substituto-de-raphael-veiga\/#respond"]}],"copyrightYear":"2025","copyrightHolder":{"@id":"https:\/\/www.gaveanews.com\/#organization"}},{"@type":"WebPage","@id":"https:\/\/www.gaveanews.com\/index.php\/2025\/04\/11\/palmeiras-x-corinthians-abel-ferreira-define-substituto-de-raphael-veiga\/","url":"https:\/\/www.gaveanews.com\/index.php\/2025\/04\/11\/palmeiras-x-corinthians-abel-ferreira-define-substituto-de-raphael-veiga\/","name":"Palmeiras x Corinthians: Abel Ferreira define substituto de Raphael Veiga","isPartOf":{"@id":"https:\/\/www.gaveanews.com\/#website"},"primaryImageOfPage":{"@id":"https:\/\/www.gaveanews.com\/index.php\/2025\/04\/11\/palmeiras-x-corinthians-abel-ferreira-define-substituto-de-raphael-veiga\/#primaryimage"},"image":{"@id":"https:\/\/www.gaveanews.com\/index.php\/2025\/04\/11\/palmeiras-x-corinthians-abel-ferreira-define-substituto-de-raphael-veiga\/#primaryimage"},"thumbnailUrl":"https:\/\/www.gaveanews.com\/wp-content\/uploads\/Raphael-Veiga-comemora-gol-marcado-pelo-Palmeiras.webp","datePublished":"2025-04-11T21:20:00+00:00","author":{"@id":"https:\/\/www.gaveanews.com\/#\/schema\/person\/2424ec6409bc3f068411fc5e4e9b6168"},"breadcrumb":{"@id":"https:\/\/www.gaveanews.com\/index.php\/2025\/04\/11\/palmeiras-x-corinthians-abel-ferreira-define-substituto-de-raphael-veiga\/#breadcrumb"},"inLanguage":"pt-BR","potentialAction":[{"@type":"ReadAction","target":["https:\/\/www.gaveanews.com\/index.php\/2025\/04\/11\/palmeiras-x-corinthians-abel-ferreira-define-substituto-de-raphael-veiga\/"]}]},{"@type":"ImageObject","inLanguage":"pt-BR","@id":"https:\/\/www.gaveanews.com\/index.php\/2025\/04\/11\/palmeiras-x-corinthians-abel-ferreira-define-substituto-de-raphael-veiga\/#primaryimage","url":"https:\/\/www.gaveanews.com\/wp-content\/uploads\/Raphael-Veiga-comemora-gol-marcado-pelo-Palmeiras.webp","contentUrl":"https:\/\/www.gaveanews.com\/wp-content\/uploads\/Raphael-Veiga-comemora-gol-marcado-pelo-Palmeiras.webp","width":1008,"height":567},{"@type":"BreadcrumbList","@id":"https:\/\/www.gaveanews.com\/index.php\/2025\/04\/11\/palmeiras-x-corinthians-abel-ferreira-define-substituto-de-raphael-veiga\/#breadcrumb","itemListElement":[{"@type":"ListItem","position":1,"name":"Home","item":"https:\/\/www.gaveanews.com\/"},{"@type":"ListItem","position":2,"name":"Palmeiras x Corinthians: Abel Ferreira define substituto de Raphael Veiga"}]},{"@type":"WebSite","@id":"https:\/\/www.gaveanews.com\/#website","url":"https:\/\/www.gaveanews.com\/","name":"G\u00e1vea News","description":"Veja todas as not\u00edcias sobre o Flamengo: Contrata\u00e7\u00f5es, categorias de base, resultados das partidas, tabela de classifica\u00e7\u00e3o, pr\u00f3ximos jogos!","potentialAction":[{"@type":"SearchAction","target":{"@type":"EntryPoint","urlTemplate":"https:\/\/www.gaveanews.com\/?s={search_term_string}"},"query-input":{"@type":"PropertyValueSpecification","valueRequired":true,"valueName":"search_term_string"}}],"inLanguage":"pt-BR"},{"@type":"Person","@id":"https:\/\/www.gaveanews.com\/#\/schema\/person\/2424ec6409bc3f068411fc5e4e9b6168","name":"Leandro Cardoso","image":{"@type":"ImageObject","inLanguage":"pt-BR","@id":"https:\/\/www.gaveanews.com\/#\/schema\/person\/image\/","url":"https:\/\/secure.gravatar.com\/avatar\/8ca179f9b55eefe9f376f5493ef25475bfa59fbc28ce937f6076ce20e523098f?s=96&d=mm&r=g","contentUrl":"https:\/\/secure.gravatar.com\/avatar\/8ca179f9b55eefe9f376f5493ef25475bfa59fbc28ce937f6076ce20e523098f?s=96&d=mm&r=g","caption":"Leandro Cardoso"}}]}},"_links":{"self":[{"href":"https:\/\/www.gaveanews.com\/index.php\/wp-json\/wp\/v2\/posts\/252313","targetHints":{"allow":["GET"]}}],"collection":[{"href":"https:\/\/www.gaveanews.com\/index.php\/wp-json\/wp\/v2\/posts"}],"about":[{"href":"https:\/\/www.gaveanews.com\/index.php\/wp-json\/wp\/v2\/types\/post"}],"author":[{"embeddable":true,"href":"https:\/\/www.gaveanews.com\/index.php\/wp-json\/wp\/v2\/users\/24"}],"replies":[{"embeddable":true,"href":"https:\/\/www.gaveanews.com\/index.php\/wp-json\/wp\/v2\/comments?post=252313"}],"version-history":[{"count":1,"href":"https:\/\/www.gaveanews.com\/index.php\/wp-json\/wp\/v2\/posts\/252313\/revisions"}],"predecessor-version":[{"id":252320,"href":"https:\/\/www.gaveanews.com\/index.php\/wp-json\/wp\/v2\/posts\/252313\/revisions\/252320"}],"wp:featuredmedia":[{"embeddable":true,"href":"https:\/\/www.gaveanews.com\/index.php\/wp-json\/wp\/v2\/media\/70428"}],"wp:attachment":[{"href":"https:\/\/www.gaveanews.com\/index.php\/wp-json\/wp\/v2\/media?parent=252313"}],"wp:term":[{"taxonomy":"category","embeddable":true,"href":"https:\/\/www.gaveanews.com\/index.php\/wp-json\/wp\/v2\/categories?post=252313"},{"taxonomy":"post_tag","embeddable":true,"href":"https:\/\/www.gaveanews.com\/index.php\/wp-json\/wp\/v2\/tags?post=252313"}],"curies":[{"name":"wp","href":"https:\/\/api.w.org\/{rel}","templated":true}]}}