{"id":252315,"date":"2025-04-11T18:15:00","date_gmt":"2025-04-11T21:15:00","guid":{"rendered":"https:\/\/www.gaveanews.com\/?p=252315"},"modified":"2025-04-11T15:18:37","modified_gmt":"2025-04-11T18:18:37","slug":"raphael-veiga-lucas-evangelista-richard-rios-mayke-anibal-moreno-marcos-rocha-gustavo-gomez-piquerez-gustavo-gomez-mauricio-felipe-anderson-ze-rafael-as-lesoes-do-palmeiras-no-inicio-de-20","status":"publish","type":"post","link":"https:\/\/www.gaveanews.com\/index.php\/2025\/04\/11\/raphael-veiga-lucas-evangelista-richard-rios-mayke-anibal-moreno-marcos-rocha-gustavo-gomez-piquerez-gustavo-gomez-mauricio-felipe-anderson-ze-rafael-as-lesoes-do-palmeiras-no-inicio-de-20\/","title":{"rendered":"Raphael Veiga, Lucas Evangelista, Richard R\u00edos, Mayke, An\u00edbal Moreno, Marcos Rocha, Gustavo G\u00f3mez, Piquerez, Gustavo G\u00f3mez, Maur\u00edcio, Felipe Anderson, Z\u00e9 Rafael: as les\u00f5es do Palmeiras no in\u00edcio de 2025"},"content":{"rendered":"\n<p>O torcedor do Palmeiras tem motivos para se preocupar. A equipe de Abel Ferreira enfrenta um in\u00edcio de temporada marcado por les\u00f5es, atingindo um recorde de desfalques desde a chegada do treinador. A aus\u00eancia de Raphael Veiga, que sofreu uma luxa\u00e7\u00e3o no ombro contra o Cerro Porte\u00f1o, foi apenas mais um cap\u00edtulo de um problema recorrente no Verd\u00e3o.<\/p>\n\n\n\n<h2 class=\"wp-block-heading\" id=\"h-lesoes-batem-recorde-e-preocupam-abel-ferreira\">Les\u00f5es batem recorde e preocupam Abel Ferreira<\/h2>\n\n\n\n<figure class=\"wp-block-image size-large\"><img loading=\"lazy\" decoding=\"async\" width=\"1024\" height=\"576\" src=\"http:\/\/www.gaveanews.com\/wp-content\/uploads\/Abel-Ferreira-e-fotografado-passando-instrucoes-durante-um-jogo-do-Palmeiras-1024x576.webp\" alt=\"\" class=\"wp-image-157845\" srcset=\"https:\/\/www.gaveanews.com\/wp-content\/uploads\/Abel-Ferreira-e-fotografado-passando-instrucoes-durante-um-jogo-do-Palmeiras-1024x576.webp 1024w, https:\/\/www.gaveanews.com\/wp-content\/uploads\/Abel-Ferreira-e-fotografado-passando-instrucoes-durante-um-jogo-do-Palmeiras-300x169.webp 300w, https:\/\/www.gaveanews.com\/wp-content\/uploads\/Abel-Ferreira-e-fotografado-passando-instrucoes-durante-um-jogo-do-Palmeiras-768x432.webp 768w, https:\/\/www.gaveanews.com\/wp-content\/uploads\/Abel-Ferreira-e-fotografado-passando-instrucoes-durante-um-jogo-do-Palmeiras-746x420.webp 746w, https:\/\/www.gaveanews.com\/wp-content\/uploads\/Abel-Ferreira-e-fotografado-passando-instrucoes-durante-um-jogo-do-Palmeiras-1493x840.webp 1493w, https:\/\/www.gaveanews.com\/wp-content\/uploads\/Abel-Ferreira-e-fotografado-passando-instrucoes-durante-um-jogo-do-Palmeiras-640x360.webp 640w, https:\/\/www.gaveanews.com\/wp-content\/uploads\/Abel-Ferreira-e-fotografado-passando-instrucoes-durante-um-jogo-do-Palmeiras-1280x720.webp 1280w, https:\/\/www.gaveanews.com\/wp-content\/uploads\/Abel-Ferreira-e-fotografado-passando-instrucoes-durante-um-jogo-do-Palmeiras-681x383.webp 681w, https:\/\/www.gaveanews.com\/wp-content\/uploads\/Abel-Ferreira-e-fotografado-passando-instrucoes-durante-um-jogo-do-Palmeiras-1362x766.webp 1362w, https:\/\/www.gaveanews.com\/wp-content\/uploads\/Abel-Ferreira-e-fotografado-passando-instrucoes-durante-um-jogo-do-Palmeiras-100x56.webp 100w, https:\/\/www.gaveanews.com\/wp-content\/uploads\/Abel-Ferreira-e-fotografado-passando-instrucoes-durante-um-jogo-do-Palmeiras.webp 1500w\" sizes=\"auto, (max-width: 1024px) 100vw, 1024px\" \/><figcaption class=\"wp-element-caption\">Abel Ferreira \u00e9 fotografado passando instru\u00e7\u00f5es durante um jogo do Palmeiras (Foto: Cesar Greco\/Palmeiras)<\/figcaption><\/figure>\n\n\n\n<p>Sendo assim, o Palmeiras j\u00e1 acumula 12 desfalques em apenas 20 jogos na temporada de 2025, n\u00famero superior ao dos anos anteriores. Para se ter uma ideia, em 2022, foram nove baixas at\u00e9 abril, enquanto em 2023 esse n\u00famero caiu para oito e, em 2024, foi ainda menor, com apenas cinco.<\/p>\n\n\n\n<p>Isso porque o t\u00e9cnico portugu\u00eas j\u00e1 vinha demonstrando insatisfa\u00e7\u00e3o com o calend\u00e1rio apertado do futebol brasileiro, que exige alta intensidade sem tempo suficiente para recupera\u00e7\u00e3o. A inclus\u00e3o do Mundial de Clubes no calend\u00e1rio de 2025 apenas agrava essa situa\u00e7\u00e3o.<\/p>\n\n\n\n<h2 class=\"wp-block-heading\" id=\"h-os-principais-desfalques-e-o-impacto-no-elenco\">Os principais desfalques e o impacto no elenco<\/h2>\n\n\n\n<p>Vale destacar que, entre os lesionados, h\u00e1 jogadores fundamentais para o funcionamento da equipe. Raphael Veiga, um dos l\u00edderes t\u00e9cnicos do Palmeiras, Lucas Evangelista e Richard R\u00edos fazem falta no meio-campo, enquanto Gustavo G\u00f3mez e Marcos Rocha deixam a defesa desfalcada.<\/p>\n\n\n\n<p>Por isso, Abel Ferreira precisou rodar o elenco, buscando solu\u00e7\u00f5es para minimizar os preju\u00edzos. No entanto, os problemas f\u00edsicos n\u00e3o s\u00e3o apenas resultado do desgaste, j\u00e1 que muitas les\u00f5es foram causadas por trauma, como pancadas em joelho, ombro e coxa.<\/p>\n\n\n\n<h2 class=\"wp-block-heading\" id=\"h-as-criticas-de-abel-e-a-necessidade-de-mudancas\">As cr\u00edticas de Abel e a necessidade de mudan\u00e7as<\/h2>\n\n\n\n<p>Dessa maneira, o treinador n\u00e3o poupou palavras ao analisar a situa\u00e7\u00e3o:<\/p>\n\n\n\n<p>&#8220;O Paulist\u00e3o nos deixou muitas marcas, principalmente em termos f\u00edsicos. \u00c9 uma competi\u00e7\u00e3o que temos que pensar muito bem internamente, enquanto clube. Porque quando vamos na m\u00e1xima for\u00e7a, como fizemos, os danos colaterais foram too much (demais).&#8221;<\/p>\n\n\n\n<p>Cabe ressaltar que o Palmeiras j\u00e1 teve jogadores afastados por diferentes tipos de les\u00e3o, desde luxa\u00e7\u00f5es at\u00e9 problemas musculares e ligamentares. Com isso, a comiss\u00e3o t\u00e9cnica enfrenta um dilema: manter a competitividade ou preservar os atletas para evitar ainda mais baixas.<\/p>\n\n\n\n<h2 class=\"wp-block-heading\" id=\"h-o-que-esperar-para-o-restante-da-temporada\">O que esperar para o restante da temporada?<\/h2>\n\n\n\n<p>O departamento m\u00e9dico do Palmeiras segue trabalhando para recuperar os atletas, e alguns j\u00e1 est\u00e3o em transi\u00e7\u00e3o f\u00edsica, como Paulinho e Marcos Rocha. No entanto, o alto n\u00famero de les\u00f5es acende um alerta para o restante do ano, principalmente com a sequ\u00eancia de competi\u00e7\u00f5es desgastantes.<\/p>\n\n\n\n<p>Al\u00e9m disso, a press\u00e3o aumenta sobre Abel Ferreira, que precisa equilibrar o elenco para n\u00e3o comprometer o desempenho da equipe em torneios importantes.&nbsp;<\/p>\n\n\n\n<p>Desse jeito, o Verd\u00e3o ter\u00e1 que lidar com a maratona de jogos da melhor maneira poss\u00edvel, tentando evitar que as les\u00f5es continuem sendo um obst\u00e1culo para a temporada.<\/p>\n","protected":false},"excerpt":{"rendered":"<p>O torcedor do Palmeiras tem motivos para se preocupar. A equipe de Abel Ferreira enfrenta um in\u00edcio de temporada marcado por les\u00f5es, atingindo um recorde de desfalques desde a chegada do treinador. A aus\u00eancia de Raphael Veiga, que sofreu uma luxa\u00e7\u00e3o no ombro contra o Cerro Porte\u00f1o, foi apenas mais um cap\u00edtulo de um problema [&hellip;]<\/p>\n","protected":false},"author":25,"featured_media":155182,"comment_status":"open","ping_status":"closed","sticky":false,"template":"","format":"standard","meta":{"footnotes":""},"categories":[150],"tags":[],"class_list":["post-252315","post","type-post","status-publish","format-standard","has-post-thumbnail","hentry","category-palmeiras"],"yoast_head":"<!-- This site is optimized with the Yoast SEO Premium plugin v24.2 (Yoast SEO v26.9) - https:\/\/yoast.com\/product\/yoast-seo-premium-wordpress\/ -->\n<title>Raphael Veiga, Lucas Evangelista, Richard R\u00edos, Mayke, An\u00edbal Moreno, Marcos Rocha, Gustavo G\u00f3mez, Piquerez, Gustavo G\u00f3mez, Maur\u00edcio, Felipe Anderson, Z\u00e9 Rafael: as les\u00f5es do Palmeiras no in\u00edcio de 2025<\/title>\n<meta name=\"robots\" content=\"index, follow, max-snippet:-1, max-image-preview:large, max-video-preview:-1\" \/>\n<link rel=\"canonical\" href=\"https:\/\/www.gaveanews.com\/index.php\/2025\/04\/11\/raphael-veiga-lucas-evangelista-richard-rios-mayke-anibal-moreno-marcos-rocha-gustavo-gomez-piquerez-gustavo-gomez-mauricio-felipe-anderson-ze-rafael-as-lesoes-do-palmeiras-no-inicio-de-20\/\" \/>\n<meta property=\"og:locale\" content=\"pt_BR\" \/>\n<meta property=\"og:type\" content=\"article\" \/>\n<meta property=\"og:title\" content=\"Raphael Veiga, Lucas Evangelista, Richard R\u00edos, Mayke, An\u00edbal Moreno, Marcos Rocha, Gustavo G\u00f3mez, Piquerez, Gustavo G\u00f3mez, Maur\u00edcio, Felipe Anderson, Z\u00e9 Rafael: as les\u00f5es do Palmeiras no in\u00edcio de 2025\" \/>\n<meta property=\"og:description\" content=\"O torcedor do Palmeiras tem motivos para se preocupar. A equipe de Abel Ferreira enfrenta um in\u00edcio de temporada marcado por les\u00f5es, atingindo um recorde de desfalques desde a chegada do treinador. A aus\u00eancia de Raphael Veiga, que sofreu uma luxa\u00e7\u00e3o no ombro contra o Cerro Porte\u00f1o, foi apenas mais um cap\u00edtulo de um problema [&hellip;]\" \/>\n<meta property=\"og:url\" content=\"https:\/\/www.gaveanews.com\/index.php\/2025\/04\/11\/raphael-veiga-lucas-evangelista-richard-rios-mayke-anibal-moreno-marcos-rocha-gustavo-gomez-piquerez-gustavo-gomez-mauricio-felipe-anderson-ze-rafael-as-lesoes-do-palmeiras-no-inicio-de-20\/\" \/>\n<meta property=\"og:site_name\" content=\"G\u00e1vea News\" \/>\n<meta property=\"article:publisher\" content=\"https:\/\/facebook.com\/gaveaNews\/\" \/>\n<meta property=\"article:published_time\" content=\"2025-04-11T21:15:00+00:00\" \/>\n<meta property=\"og:image\" content=\"https:\/\/www.gaveanews.com\/wp-content\/uploads\/Allianz-Parque-estadio-do-Palmeiras.webp\" \/>\n\t<meta property=\"og:image:width\" content=\"1023\" \/>\n\t<meta property=\"og:image:height\" content=\"767\" \/>\n\t<meta property=\"og:image:type\" content=\"image\/webp\" \/>\n<meta name=\"author\" content=\"Rafaela Ladeira\" \/>\n<meta name=\"twitter:card\" content=\"summary_large_image\" \/>\n<meta name=\"twitter:label1\" content=\"Escrito por\" \/>\n\t<meta name=\"twitter:data1\" content=\"Rafaela Ladeira\" \/>\n\t<meta name=\"twitter:label2\" content=\"Est. tempo de leitura\" \/>\n\t<meta name=\"twitter:data2\" content=\"3 minutos\" \/>\n<script type=\"application\/ld+json\" class=\"yoast-schema-graph\">{\"@context\":\"https:\/\/schema.org\",\"@graph\":[{\"@type\":\"NewsArticle\",\"@id\":\"https:\/\/www.gaveanews.com\/index.php\/2025\/04\/11\/raphael-veiga-lucas-evangelista-richard-rios-mayke-anibal-moreno-marcos-rocha-gustavo-gomez-piquerez-gustavo-gomez-mauricio-felipe-anderson-ze-rafael-as-lesoes-do-palmeiras-no-inicio-de-20\/#article\",\"isPartOf\":{\"@id\":\"https:\/\/www.gaveanews.com\/index.php\/2025\/04\/11\/raphael-veiga-lucas-evangelista-richard-rios-mayke-anibal-moreno-marcos-rocha-gustavo-gomez-piquerez-gustavo-gomez-mauricio-felipe-anderson-ze-rafael-as-lesoes-do-palmeiras-no-inicio-de-20\/\"},\"author\":{\"name\":\"Rafaela Ladeira\",\"@id\":\"https:\/\/www.gaveanews.com\/#\/schema\/person\/0eb3e3fe1754f0205218538adbe8f5ed\"},\"headline\":\"Raphael Veiga, Lucas Evangelista, Richard R\u00edos, Mayke, An\u00edbal Moreno, Marcos Rocha, Gustavo G\u00f3mez, Piquerez, Gustavo G\u00f3mez, Maur\u00edcio, Felipe Anderson, Z\u00e9 Rafael: as les\u00f5es do Palmeiras no in\u00edcio de 2025\",\"datePublished\":\"2025-04-11T21:15:00+00:00\",\"mainEntityOfPage\":{\"@id\":\"https:\/\/www.gaveanews.com\/index.php\/2025\/04\/11\/raphael-veiga-lucas-evangelista-richard-rios-mayke-anibal-moreno-marcos-rocha-gustavo-gomez-piquerez-gustavo-gomez-mauricio-felipe-anderson-ze-rafael-as-lesoes-do-palmeiras-no-inicio-de-20\/\"},\"wordCount\":545,\"commentCount\":0,\"image\":{\"@id\":\"https:\/\/www.gaveanews.com\/index.php\/2025\/04\/11\/raphael-veiga-lucas-evangelista-richard-rios-mayke-anibal-moreno-marcos-rocha-gustavo-gomez-piquerez-gustavo-gomez-mauricio-felipe-anderson-ze-rafael-as-lesoes-do-palmeiras-no-inicio-de-20\/#primaryimage\"},\"thumbnailUrl\":\"https:\/\/www.gaveanews.com\/wp-content\/uploads\/Allianz-Parque-estadio-do-Palmeiras.webp\",\"articleSection\":[\"Palmeiras\"],\"inLanguage\":\"pt-BR\",\"potentialAction\":[{\"@type\":\"CommentAction\",\"name\":\"Comment\",\"target\":[\"https:\/\/www.gaveanews.com\/index.php\/2025\/04\/11\/raphael-veiga-lucas-evangelista-richard-rios-mayke-anibal-moreno-marcos-rocha-gustavo-gomez-piquerez-gustavo-gomez-mauricio-felipe-anderson-ze-rafael-as-lesoes-do-palmeiras-no-inicio-de-20\/#respond\"]}],\"copyrightYear\":\"2025\",\"copyrightHolder\":{\"@id\":\"https:\/\/www.gaveanews.com\/#organization\"}},{\"@type\":\"WebPage\",\"@id\":\"https:\/\/www.gaveanews.com\/index.php\/2025\/04\/11\/raphael-veiga-lucas-evangelista-richard-rios-mayke-anibal-moreno-marcos-rocha-gustavo-gomez-piquerez-gustavo-gomez-mauricio-felipe-anderson-ze-rafael-as-lesoes-do-palmeiras-no-inicio-de-20\/\",\"url\":\"https:\/\/www.gaveanews.com\/index.php\/2025\/04\/11\/raphael-veiga-lucas-evangelista-richard-rios-mayke-anibal-moreno-marcos-rocha-gustavo-gomez-piquerez-gustavo-gomez-mauricio-felipe-anderson-ze-rafael-as-lesoes-do-palmeiras-no-inicio-de-20\/\",\"name\":\"Raphael Veiga, Lucas Evangelista, Richard R\u00edos, Mayke, An\u00edbal Moreno, Marcos Rocha, Gustavo G\u00f3mez, Piquerez, Gustavo G\u00f3mez, Maur\u00edcio, Felipe Anderson, Z\u00e9 Rafael: as les\u00f5es do Palmeiras no in\u00edcio de 2025\",\"isPartOf\":{\"@id\":\"https:\/\/www.gaveanews.com\/#website\"},\"primaryImageOfPage\":{\"@id\":\"https:\/\/www.gaveanews.com\/index.php\/2025\/04\/11\/raphael-veiga-lucas-evangelista-richard-rios-mayke-anibal-moreno-marcos-rocha-gustavo-gomez-piquerez-gustavo-gomez-mauricio-felipe-anderson-ze-rafael-as-lesoes-do-palmeiras-no-inicio-de-20\/#primaryimage\"},\"image\":{\"@id\":\"https:\/\/www.gaveanews.com\/index.php\/2025\/04\/11\/raphael-veiga-lucas-evangelista-richard-rios-mayke-anibal-moreno-marcos-rocha-gustavo-gomez-piquerez-gustavo-gomez-mauricio-felipe-anderson-ze-rafael-as-lesoes-do-palmeiras-no-inicio-de-20\/#primaryimage\"},\"thumbnailUrl\":\"https:\/\/www.gaveanews.com\/wp-content\/uploads\/Allianz-Parque-estadio-do-Palmeiras.webp\",\"datePublished\":\"2025-04-11T21:15:00+00:00\",\"author\":{\"@id\":\"https:\/\/www.gaveanews.com\/#\/schema\/person\/0eb3e3fe1754f0205218538adbe8f5ed\"},\"breadcrumb\":{\"@id\":\"https:\/\/www.gaveanews.com\/index.php\/2025\/04\/11\/raphael-veiga-lucas-evangelista-richard-rios-mayke-anibal-moreno-marcos-rocha-gustavo-gomez-piquerez-gustavo-gomez-mauricio-felipe-anderson-ze-rafael-as-lesoes-do-palmeiras-no-inicio-de-20\/#breadcrumb\"},\"inLanguage\":\"pt-BR\",\"potentialAction\":[{\"@type\":\"ReadAction\",\"target\":[\"https:\/\/www.gaveanews.com\/index.php\/2025\/04\/11\/raphael-veiga-lucas-evangelista-richard-rios-mayke-anibal-moreno-marcos-rocha-gustavo-gomez-piquerez-gustavo-gomez-mauricio-felipe-anderson-ze-rafael-as-lesoes-do-palmeiras-no-inicio-de-20\/\"]}]},{\"@type\":\"ImageObject\",\"inLanguage\":\"pt-BR\",\"@id\":\"https:\/\/www.gaveanews.com\/index.php\/2025\/04\/11\/raphael-veiga-lucas-evangelista-richard-rios-mayke-anibal-moreno-marcos-rocha-gustavo-gomez-piquerez-gustavo-gomez-mauricio-felipe-anderson-ze-rafael-as-lesoes-do-palmeiras-no-inicio-de-20\/#primaryimage\",\"url\":\"https:\/\/www.gaveanews.com\/wp-content\/uploads\/Allianz-Parque-estadio-do-Palmeiras.webp\",\"contentUrl\":\"https:\/\/www.gaveanews.com\/wp-content\/uploads\/Allianz-Parque-estadio-do-Palmeiras.webp\",\"width\":1023,\"height\":767,\"caption\":\"Allianz Parque, est\u00e1dio do Palmeiras (Foto: Reprodu\u00e7\u00e3o\/Palmeiras)\"},{\"@type\":\"BreadcrumbList\",\"@id\":\"https:\/\/www.gaveanews.com\/index.php\/2025\/04\/11\/raphael-veiga-lucas-evangelista-richard-rios-mayke-anibal-moreno-marcos-rocha-gustavo-gomez-piquerez-gustavo-gomez-mauricio-felipe-anderson-ze-rafael-as-lesoes-do-palmeiras-no-inicio-de-20\/#breadcrumb\",\"itemListElement\":[{\"@type\":\"ListItem\",\"position\":1,\"name\":\"Home\",\"item\":\"https:\/\/www.gaveanews.com\/\"},{\"@type\":\"ListItem\",\"position\":2,\"name\":\"Raphael Veiga, Lucas Evangelista, Richard R\u00edos, Mayke, An\u00edbal Moreno, Marcos Rocha, Gustavo G\u00f3mez, Piquerez, Gustavo G\u00f3mez, Maur\u00edcio, Felipe Anderson, Z\u00e9 Rafael: as les\u00f5es do Palmeiras no in\u00edcio de 2025\"}]},{\"@type\":\"WebSite\",\"@id\":\"https:\/\/www.gaveanews.com\/#website\",\"url\":\"https:\/\/www.gaveanews.com\/\",\"name\":\"G\u00e1vea News\",\"description\":\"Veja todas as not\u00edcias sobre o Flamengo: Contrata\u00e7\u00f5es, categorias de base, resultados das partidas, tabela de classifica\u00e7\u00e3o, pr\u00f3ximos jogos!\",\"potentialAction\":[{\"@type\":\"SearchAction\",\"target\":{\"@type\":\"EntryPoint\",\"urlTemplate\":\"https:\/\/www.gaveanews.com\/?s={search_term_string}\"},\"query-input\":{\"@type\":\"PropertyValueSpecification\",\"valueRequired\":true,\"valueName\":\"search_term_string\"}}],\"inLanguage\":\"pt-BR\"},{\"@type\":\"Person\",\"@id\":\"https:\/\/www.gaveanews.com\/#\/schema\/person\/0eb3e3fe1754f0205218538adbe8f5ed\",\"name\":\"Rafaela Ladeira\",\"image\":{\"@type\":\"ImageObject\",\"inLanguage\":\"pt-BR\",\"@id\":\"https:\/\/www.gaveanews.com\/#\/schema\/person\/image\/\",\"url\":\"https:\/\/secure.gravatar.com\/avatar\/c31f513acffd85eacab5730cbdfdbbf59f21ba5aeada8cd890acea879fbb2455?s=96&d=mm&r=g\",\"contentUrl\":\"https:\/\/secure.gravatar.com\/avatar\/c31f513acffd85eacab5730cbdfdbbf59f21ba5aeada8cd890acea879fbb2455?s=96&d=mm&r=g\",\"caption\":\"Rafaela Ladeira\"}}]}<\/script>\n<!-- \/ Yoast SEO Premium plugin. -->","yoast_head_json":{"title":"Raphael Veiga, Lucas Evangelista, Richard R\u00edos, Mayke, An\u00edbal Moreno, Marcos Rocha, Gustavo G\u00f3mez, Piquerez, Gustavo G\u00f3mez, Maur\u00edcio, Felipe Anderson, Z\u00e9 Rafael: as les\u00f5es do Palmeiras no in\u00edcio de 2025","robots":{"index":"index","follow":"follow","max-snippet":"max-snippet:-1","max-image-preview":"max-image-preview:large","max-video-preview":"max-video-preview:-1"},"canonical":"https:\/\/www.gaveanews.com\/index.php\/2025\/04\/11\/raphael-veiga-lucas-evangelista-richard-rios-mayke-anibal-moreno-marcos-rocha-gustavo-gomez-piquerez-gustavo-gomez-mauricio-felipe-anderson-ze-rafael-as-lesoes-do-palmeiras-no-inicio-de-20\/","og_locale":"pt_BR","og_type":"article","og_title":"Raphael Veiga, Lucas Evangelista, Richard R\u00edos, Mayke, An\u00edbal Moreno, Marcos Rocha, Gustavo G\u00f3mez, Piquerez, Gustavo G\u00f3mez, Maur\u00edcio, Felipe Anderson, Z\u00e9 Rafael: as les\u00f5es do Palmeiras no in\u00edcio de 2025","og_description":"O torcedor do Palmeiras tem motivos para se preocupar. A equipe de Abel Ferreira enfrenta um in\u00edcio de temporada marcado por les\u00f5es, atingindo um recorde de desfalques desde a chegada do treinador. A aus\u00eancia de Raphael Veiga, que sofreu uma luxa\u00e7\u00e3o no ombro contra o Cerro Porte\u00f1o, foi apenas mais um cap\u00edtulo de um problema [&hellip;]","og_url":"https:\/\/www.gaveanews.com\/index.php\/2025\/04\/11\/raphael-veiga-lucas-evangelista-richard-rios-mayke-anibal-moreno-marcos-rocha-gustavo-gomez-piquerez-gustavo-gomez-mauricio-felipe-anderson-ze-rafael-as-lesoes-do-palmeiras-no-inicio-de-20\/","og_site_name":"G\u00e1vea News","article_publisher":"https:\/\/facebook.com\/gaveaNews\/","article_published_time":"2025-04-11T21:15:00+00:00","og_image":[{"width":1023,"height":767,"url":"https:\/\/www.gaveanews.com\/wp-content\/uploads\/Allianz-Parque-estadio-do-Palmeiras.webp","type":"image\/webp"}],"author":"Rafaela Ladeira","twitter_card":"summary_large_image","twitter_misc":{"Escrito por":"Rafaela Ladeira","Est. tempo de leitura":"3 minutos"},"schema":{"@context":"https:\/\/schema.org","@graph":[{"@type":"NewsArticle","@id":"https:\/\/www.gaveanews.com\/index.php\/2025\/04\/11\/raphael-veiga-lucas-evangelista-richard-rios-mayke-anibal-moreno-marcos-rocha-gustavo-gomez-piquerez-gustavo-gomez-mauricio-felipe-anderson-ze-rafael-as-lesoes-do-palmeiras-no-inicio-de-20\/#article","isPartOf":{"@id":"https:\/\/www.gaveanews.com\/index.php\/2025\/04\/11\/raphael-veiga-lucas-evangelista-richard-rios-mayke-anibal-moreno-marcos-rocha-gustavo-gomez-piquerez-gustavo-gomez-mauricio-felipe-anderson-ze-rafael-as-lesoes-do-palmeiras-no-inicio-de-20\/"},"author":{"name":"Rafaela Ladeira","@id":"https:\/\/www.gaveanews.com\/#\/schema\/person\/0eb3e3fe1754f0205218538adbe8f5ed"},"headline":"Raphael Veiga, Lucas Evangelista, Richard R\u00edos, Mayke, An\u00edbal Moreno, Marcos Rocha, Gustavo G\u00f3mez, Piquerez, Gustavo G\u00f3mez, Maur\u00edcio, Felipe Anderson, Z\u00e9 Rafael: as les\u00f5es do Palmeiras no in\u00edcio de 2025","datePublished":"2025-04-11T21:15:00+00:00","mainEntityOfPage":{"@id":"https:\/\/www.gaveanews.com\/index.php\/2025\/04\/11\/raphael-veiga-lucas-evangelista-richard-rios-mayke-anibal-moreno-marcos-rocha-gustavo-gomez-piquerez-gustavo-gomez-mauricio-felipe-anderson-ze-rafael-as-lesoes-do-palmeiras-no-inicio-de-20\/"},"wordCount":545,"commentCount":0,"image":{"@id":"https:\/\/www.gaveanews.com\/index.php\/2025\/04\/11\/raphael-veiga-lucas-evangelista-richard-rios-mayke-anibal-moreno-marcos-rocha-gustavo-gomez-piquerez-gustavo-gomez-mauricio-felipe-anderson-ze-rafael-as-lesoes-do-palmeiras-no-inicio-de-20\/#primaryimage"},"thumbnailUrl":"https:\/\/www.gaveanews.com\/wp-content\/uploads\/Allianz-Parque-estadio-do-Palmeiras.webp","articleSection":["Palmeiras"],"inLanguage":"pt-BR","potentialAction":[{"@type":"CommentAction","name":"Comment","target":["https:\/\/www.gaveanews.com\/index.php\/2025\/04\/11\/raphael-veiga-lucas-evangelista-richard-rios-mayke-anibal-moreno-marcos-rocha-gustavo-gomez-piquerez-gustavo-gomez-mauricio-felipe-anderson-ze-rafael-as-lesoes-do-palmeiras-no-inicio-de-20\/#respond"]}],"copyrightYear":"2025","copyrightHolder":{"@id":"https:\/\/www.gaveanews.com\/#organization"}},{"@type":"WebPage","@id":"https:\/\/www.gaveanews.com\/index.php\/2025\/04\/11\/raphael-veiga-lucas-evangelista-richard-rios-mayke-anibal-moreno-marcos-rocha-gustavo-gomez-piquerez-gustavo-gomez-mauricio-felipe-anderson-ze-rafael-as-lesoes-do-palmeiras-no-inicio-de-20\/","url":"https:\/\/www.gaveanews.com\/index.php\/2025\/04\/11\/raphael-veiga-lucas-evangelista-richard-rios-mayke-anibal-moreno-marcos-rocha-gustavo-gomez-piquerez-gustavo-gomez-mauricio-felipe-anderson-ze-rafael-as-lesoes-do-palmeiras-no-inicio-de-20\/","name":"Raphael Veiga, Lucas Evangelista, Richard R\u00edos, Mayke, An\u00edbal Moreno, Marcos Rocha, Gustavo G\u00f3mez, Piquerez, Gustavo G\u00f3mez, Maur\u00edcio, Felipe Anderson, Z\u00e9 Rafael: as les\u00f5es do Palmeiras no in\u00edcio de 2025","isPartOf":{"@id":"https:\/\/www.gaveanews.com\/#website"},"primaryImageOfPage":{"@id":"https:\/\/www.gaveanews.com\/index.php\/2025\/04\/11\/raphael-veiga-lucas-evangelista-richard-rios-mayke-anibal-moreno-marcos-rocha-gustavo-gomez-piquerez-gustavo-gomez-mauricio-felipe-anderson-ze-rafael-as-lesoes-do-palmeiras-no-inicio-de-20\/#primaryimage"},"image":{"@id":"https:\/\/www.gaveanews.com\/index.php\/2025\/04\/11\/raphael-veiga-lucas-evangelista-richard-rios-mayke-anibal-moreno-marcos-rocha-gustavo-gomez-piquerez-gustavo-gomez-mauricio-felipe-anderson-ze-rafael-as-lesoes-do-palmeiras-no-inicio-de-20\/#primaryimage"},"thumbnailUrl":"https:\/\/www.gaveanews.com\/wp-content\/uploads\/Allianz-Parque-estadio-do-Palmeiras.webp","datePublished":"2025-04-11T21:15:00+00:00","author":{"@id":"https:\/\/www.gaveanews.com\/#\/schema\/person\/0eb3e3fe1754f0205218538adbe8f5ed"},"breadcrumb":{"@id":"https:\/\/www.gaveanews.com\/index.php\/2025\/04\/11\/raphael-veiga-lucas-evangelista-richard-rios-mayke-anibal-moreno-marcos-rocha-gustavo-gomez-piquerez-gustavo-gomez-mauricio-felipe-anderson-ze-rafael-as-lesoes-do-palmeiras-no-inicio-de-20\/#breadcrumb"},"inLanguage":"pt-BR","potentialAction":[{"@type":"ReadAction","target":["https:\/\/www.gaveanews.com\/index.php\/2025\/04\/11\/raphael-veiga-lucas-evangelista-richard-rios-mayke-anibal-moreno-marcos-rocha-gustavo-gomez-piquerez-gustavo-gomez-mauricio-felipe-anderson-ze-rafael-as-lesoes-do-palmeiras-no-inicio-de-20\/"]}]},{"@type":"ImageObject","inLanguage":"pt-BR","@id":"https:\/\/www.gaveanews.com\/index.php\/2025\/04\/11\/raphael-veiga-lucas-evangelista-richard-rios-mayke-anibal-moreno-marcos-rocha-gustavo-gomez-piquerez-gustavo-gomez-mauricio-felipe-anderson-ze-rafael-as-lesoes-do-palmeiras-no-inicio-de-20\/#primaryimage","url":"https:\/\/www.gaveanews.com\/wp-content\/uploads\/Allianz-Parque-estadio-do-Palmeiras.webp","contentUrl":"https:\/\/www.gaveanews.com\/wp-content\/uploads\/Allianz-Parque-estadio-do-Palmeiras.webp","width":1023,"height":767,"caption":"Allianz Parque, est\u00e1dio do Palmeiras (Foto: Reprodu\u00e7\u00e3o\/Palmeiras)"},{"@type":"BreadcrumbList","@id":"https:\/\/www.gaveanews.com\/index.php\/2025\/04\/11\/raphael-veiga-lucas-evangelista-richard-rios-mayke-anibal-moreno-marcos-rocha-gustavo-gomez-piquerez-gustavo-gomez-mauricio-felipe-anderson-ze-rafael-as-lesoes-do-palmeiras-no-inicio-de-20\/#breadcrumb","itemListElement":[{"@type":"ListItem","position":1,"name":"Home","item":"https:\/\/www.gaveanews.com\/"},{"@type":"ListItem","position":2,"name":"Raphael Veiga, Lucas Evangelista, Richard R\u00edos, Mayke, An\u00edbal Moreno, Marcos Rocha, Gustavo G\u00f3mez, Piquerez, Gustavo G\u00f3mez, Maur\u00edcio, Felipe Anderson, Z\u00e9 Rafael: as les\u00f5es do Palmeiras no in\u00edcio de 2025"}]},{"@type":"WebSite","@id":"https:\/\/www.gaveanews.com\/#website","url":"https:\/\/www.gaveanews.com\/","name":"G\u00e1vea News","description":"Veja todas as not\u00edcias sobre o Flamengo: Contrata\u00e7\u00f5es, categorias de base, resultados das partidas, tabela de classifica\u00e7\u00e3o, pr\u00f3ximos jogos!","potentialAction":[{"@type":"SearchAction","target":{"@type":"EntryPoint","urlTemplate":"https:\/\/www.gaveanews.com\/?s={search_term_string}"},"query-input":{"@type":"PropertyValueSpecification","valueRequired":true,"valueName":"search_term_string"}}],"inLanguage":"pt-BR"},{"@type":"Person","@id":"https:\/\/www.gaveanews.com\/#\/schema\/person\/0eb3e3fe1754f0205218538adbe8f5ed","name":"Rafaela Ladeira","image":{"@type":"ImageObject","inLanguage":"pt-BR","@id":"https:\/\/www.gaveanews.com\/#\/schema\/person\/image\/","url":"https:\/\/secure.gravatar.com\/avatar\/c31f513acffd85eacab5730cbdfdbbf59f21ba5aeada8cd890acea879fbb2455?s=96&d=mm&r=g","contentUrl":"https:\/\/secure.gravatar.com\/avatar\/c31f513acffd85eacab5730cbdfdbbf59f21ba5aeada8cd890acea879fbb2455?s=96&d=mm&r=g","caption":"Rafaela Ladeira"}}]}},"_links":{"self":[{"href":"https:\/\/www.gaveanews.com\/index.php\/wp-json\/wp\/v2\/posts\/252315","targetHints":{"allow":["GET"]}}],"collection":[{"href":"https:\/\/www.gaveanews.com\/index.php\/wp-json\/wp\/v2\/posts"}],"about":[{"href":"https:\/\/www.gaveanews.com\/index.php\/wp-json\/wp\/v2\/types\/post"}],"author":[{"embeddable":true,"href":"https:\/\/www.gaveanews.com\/index.php\/wp-json\/wp\/v2\/users\/25"}],"replies":[{"embeddable":true,"href":"https:\/\/www.gaveanews.com\/index.php\/wp-json\/wp\/v2\/comments?post=252315"}],"version-history":[{"count":2,"href":"https:\/\/www.gaveanews.com\/index.php\/wp-json\/wp\/v2\/posts\/252315\/revisions"}],"predecessor-version":[{"id":252319,"href":"https:\/\/www.gaveanews.com\/index.php\/wp-json\/wp\/v2\/posts\/252315\/revisions\/252319"}],"wp:featuredmedia":[{"embeddable":true,"href":"https:\/\/www.gaveanews.com\/index.php\/wp-json\/wp\/v2\/media\/155182"}],"wp:attachment":[{"href":"https:\/\/www.gaveanews.com\/index.php\/wp-json\/wp\/v2\/media?parent=252315"}],"wp:term":[{"taxonomy":"category","embeddable":true,"href":"https:\/\/www.gaveanews.com\/index.php\/wp-json\/wp\/v2\/categories?post=252315"},{"taxonomy":"post_tag","embeddable":true,"href":"https:\/\/www.gaveanews.com\/index.php\/wp-json\/wp\/v2\/tags?post=252315"}],"curies":[{"name":"wp","href":"https:\/\/api.w.org\/{rel}","templated":true}]}}