{"id":252387,"date":"2025-04-11T22:35:00","date_gmt":"2025-04-12T01:35:00","guid":{"rendered":"https:\/\/www.gaveanews.com\/?p=252387"},"modified":"2025-04-11T17:13:32","modified_gmt":"2025-04-11T20:13:32","slug":"novo-diretor-e-sincero-ao-falar-sobre-impeachment-no-corinthians","status":"publish","type":"post","link":"https:\/\/www.gaveanews.com\/index.php\/2025\/04\/11\/novo-diretor-e-sincero-ao-falar-sobre-impeachment-no-corinthians\/","title":{"rendered":"Novo diretor \u00e9 sincero ao falar sobre impeachment no Corinthians"},"content":{"rendered":"\n<p>O Corinthians vive dias conturbados nos bastidores, e uma das figuras centrais dessa turbul\u00eancia \u00e9 Edgard Soares. Nomeado como diretor estatut\u00e1rio do departamento de marketing, ele \u00e9 tamb\u00e9m um dos respons\u00e1veis pelo processo que abriu o rito do poss\u00edvel impeachment do presidente Augusto Melo.&nbsp;<\/p>\n\n\n\n<p>Diante desse cen\u00e1rio, sua chegada ao cargo levanta questionamentos sobre seu posicionamento e os rumos da diretoria alvinegra.<\/p>\n\n\n\n<h2 class=\"wp-block-heading\" id=\"h-edgard-soares-nega-conflito-de-interesses\">Edgard Soares nega conflito de interesses<\/h2>\n\n\n\n<figure class=\"wp-block-image size-full\"><img loading=\"lazy\" decoding=\"async\" width=\"984\" height=\"656\" src=\"http:\/\/www.gaveanews.com\/wp-content\/uploads\/01-edited.webp\" alt=\"\" class=\"wp-image-123882\" srcset=\"https:\/\/www.gaveanews.com\/wp-content\/uploads\/01-edited.webp 984w, https:\/\/www.gaveanews.com\/wp-content\/uploads\/01-edited-300x200.webp 300w, https:\/\/www.gaveanews.com\/wp-content\/uploads\/01-edited-768x512.webp 768w, https:\/\/www.gaveanews.com\/wp-content\/uploads\/01-edited-630x420.webp 630w, https:\/\/www.gaveanews.com\/wp-content\/uploads\/01-edited-640x427.webp 640w, https:\/\/www.gaveanews.com\/wp-content\/uploads\/01-edited-681x454.webp 681w, https:\/\/www.gaveanews.com\/wp-content\/uploads\/01-edited-100x67.webp 100w\" sizes=\"auto, (max-width: 984px) 100vw, 984px\" \/><figcaption class=\"wp-element-caption\">Escudo do Corinthians (Foto: Reprodu\u00e7\u00e3o\/Instagram)<\/figcaption><\/figure>\n\n\n\n<p>Nomeado na \u00faltima semana, Edgard Soares garante que sua fun\u00e7\u00e3o no marketing n\u00e3o influencia sua postura em rela\u00e7\u00e3o ao impeachment. Ele afirma que ainda n\u00e3o formou opini\u00e3o definitiva sobre uma poss\u00edvel vota\u00e7\u00e3o e quer acompanhar todo o processo antes de decidir.<\/p>\n\n\n\n<p>\u201cN\u00e3o mudei meu posicionamento em rela\u00e7\u00e3o ao processo, pedindo reuni\u00e3o do Conselho, porque no estatuto precisam de 50 assinaturas para ser convocada uma apura\u00e7\u00e3o. Isso \u00e9 o que fui a favor: o desenrolar do processo, com total defesa do acusado ou acusados. Faltam elementos para eu ou qualquer conselheiro tomar uma posi\u00e7\u00e3o favor\u00e1vel ou n\u00e3o ao impeachment.\u201d, declarou \u00e0 imprensa.<\/p>\n\n\n\n<p>Vale destacar que o pr\u00f3prio Edgard Soares foi quem redigiu o documento que abriu o rito do impeachment, coletando quase 90 assinaturas. Apesar disso, ele assegura que mant\u00e9m independ\u00eancia para votar conforme os desdobramentos do caso.<\/p>\n\n\n\n<p>Al\u00e9m disso, Edgard Soares j\u00e1 projeta mudan\u00e7as no setor de marketing do clube. Ele considera o departamento inchado e pretende reduzir sua estrutura. Um dos primeiros passos foi o convite ao jornalista Eduardo Sav\u00f3ia para assumir a TV Corinthians, uma das iniciativas que pretende refor\u00e7ar.<\/p>\n\n\n\n<p>Cabe ressaltar que o Corinthians n\u00e3o tinha um diretor de marketing desde a gest\u00e3o de Andr\u00e9s S\u00e1nchez, com Luis Paulo Rosemberg. Atualmente, o departamento est\u00e1 sob comando de Vinicius Manfredi de Azevedo, que substituiu S\u00e9rgio Moura.<\/p>\n\n\n\n<h2 class=\"wp-block-heading\" id=\"h-impeachment-e-caso-vaidebet-aquecem-os-bastidores\">Impeachment e caso VaideBet aquecem os bastidores<\/h2>\n\n\n\n<p>O cen\u00e1rio pol\u00edtico do Corinthians segue agitado porque, al\u00e9m do processo de impeachment, Augusto Melo enfrentar\u00e1 um momento decisivo fora do clube. Ele prestar\u00e1 depoimento como investigado no caso VaideBet nesta quarta-feira, enquanto S\u00e9rgio Moura ser\u00e1 ouvido na ter\u00e7a-feira sobre poss\u00edveis irregularidades contratuais.<\/p>\n\n\n\n<p>Sendo assim, o futuro do presidente e do clube segue indefinido. Dessa maneira, a nomea\u00e7\u00e3o de Edgard Soares e as movimenta\u00e7\u00f5es nos bastidores refor\u00e7am que a crise pol\u00edtica no Parque S\u00e3o Jorge ainda est\u00e1 longe de um desfecho.<\/p>\n","protected":false},"excerpt":{"rendered":"<p>O Corinthians vive dias conturbados nos bastidores, e uma das figuras centrais dessa turbul\u00eancia \u00e9 Edgard Soares. Nomeado como diretor estatut\u00e1rio do departamento de marketing, ele \u00e9 tamb\u00e9m um dos respons\u00e1veis pelo processo que abriu o rito do poss\u00edvel impeachment do presidente Augusto Melo.&nbsp; Diante desse cen\u00e1rio, sua chegada ao cargo levanta questionamentos sobre seu [&hellip;]<\/p>\n","protected":false},"author":25,"featured_media":154473,"comment_status":"open","ping_status":"closed","sticky":false,"template":"","format":"standard","meta":{"footnotes":""},"categories":[141],"tags":[],"class_list":["post-252387","post","type-post","status-publish","format-standard","has-post-thumbnail","hentry","category-corinthians"],"yoast_head":"<!-- This site is optimized with the Yoast SEO Premium plugin v24.2 (Yoast SEO v26.9) - https:\/\/yoast.com\/product\/yoast-seo-premium-wordpress\/ -->\n<title>Novo diretor \u00e9 sincero ao falar sobre impeachment no Corinthians<\/title>\n<meta name=\"robots\" content=\"index, follow, max-snippet:-1, max-image-preview:large, max-video-preview:-1\" \/>\n<link rel=\"canonical\" href=\"https:\/\/www.gaveanews.com\/index.php\/2025\/04\/11\/novo-diretor-e-sincero-ao-falar-sobre-impeachment-no-corinthians\/\" \/>\n<meta property=\"og:locale\" content=\"pt_BR\" \/>\n<meta property=\"og:type\" content=\"article\" \/>\n<meta property=\"og:title\" content=\"Novo diretor \u00e9 sincero ao falar sobre impeachment no Corinthians\" \/>\n<meta property=\"og:description\" content=\"O Corinthians vive dias conturbados nos bastidores, e uma das figuras centrais dessa turbul\u00eancia \u00e9 Edgard Soares. Nomeado como diretor estatut\u00e1rio do departamento de marketing, ele \u00e9 tamb\u00e9m um dos respons\u00e1veis pelo processo que abriu o rito do poss\u00edvel impeachment do presidente Augusto Melo.&nbsp; Diante desse cen\u00e1rio, sua chegada ao cargo levanta questionamentos sobre seu [&hellip;]\" \/>\n<meta property=\"og:url\" content=\"https:\/\/www.gaveanews.com\/index.php\/2025\/04\/11\/novo-diretor-e-sincero-ao-falar-sobre-impeachment-no-corinthians\/\" \/>\n<meta property=\"og:site_name\" content=\"G\u00e1vea News\" \/>\n<meta property=\"article:publisher\" content=\"https:\/\/facebook.com\/gaveaNews\/\" \/>\n<meta property=\"article:published_time\" content=\"2025-04-12T01:35:00+00:00\" \/>\n<meta property=\"og:image\" content=\"https:\/\/www.gaveanews.com\/wp-content\/uploads\/Escudo-do-Corinthians-na-Neo-Quimica-Arena.webp\" \/>\n\t<meta property=\"og:image:width\" content=\"1440\" \/>\n\t<meta property=\"og:image:height\" content=\"959\" \/>\n\t<meta property=\"og:image:type\" content=\"image\/jpeg\" \/>\n<meta name=\"author\" content=\"Rafaela Ladeira\" \/>\n<meta name=\"twitter:card\" content=\"summary_large_image\" \/>\n<meta name=\"twitter:label1\" content=\"Escrito por\" \/>\n\t<meta name=\"twitter:data1\" content=\"Rafaela Ladeira\" \/>\n\t<meta name=\"twitter:label2\" content=\"Est. tempo de leitura\" \/>\n\t<meta name=\"twitter:data2\" content=\"3 minutos\" \/>\n<script type=\"application\/ld+json\" class=\"yoast-schema-graph\">{\"@context\":\"https:\/\/schema.org\",\"@graph\":[{\"@type\":\"NewsArticle\",\"@id\":\"https:\/\/www.gaveanews.com\/index.php\/2025\/04\/11\/novo-diretor-e-sincero-ao-falar-sobre-impeachment-no-corinthians\/#article\",\"isPartOf\":{\"@id\":\"https:\/\/www.gaveanews.com\/index.php\/2025\/04\/11\/novo-diretor-e-sincero-ao-falar-sobre-impeachment-no-corinthians\/\"},\"author\":{\"name\":\"Rafaela Ladeira\",\"@id\":\"https:\/\/www.gaveanews.com\/#\/schema\/person\/0eb3e3fe1754f0205218538adbe8f5ed\"},\"headline\":\"Novo diretor \u00e9 sincero ao falar sobre impeachment no Corinthians\",\"datePublished\":\"2025-04-12T01:35:00+00:00\",\"mainEntityOfPage\":{\"@id\":\"https:\/\/www.gaveanews.com\/index.php\/2025\/04\/11\/novo-diretor-e-sincero-ao-falar-sobre-impeachment-no-corinthians\/\"},\"wordCount\":428,\"commentCount\":0,\"image\":{\"@id\":\"https:\/\/www.gaveanews.com\/index.php\/2025\/04\/11\/novo-diretor-e-sincero-ao-falar-sobre-impeachment-no-corinthians\/#primaryimage\"},\"thumbnailUrl\":\"https:\/\/www.gaveanews.com\/wp-content\/uploads\/Escudo-do-Corinthians-na-Neo-Quimica-Arena.webp\",\"articleSection\":[\"Corinthians\"],\"inLanguage\":\"pt-BR\",\"potentialAction\":[{\"@type\":\"CommentAction\",\"name\":\"Comment\",\"target\":[\"https:\/\/www.gaveanews.com\/index.php\/2025\/04\/11\/novo-diretor-e-sincero-ao-falar-sobre-impeachment-no-corinthians\/#respond\"]}],\"copyrightYear\":\"2025\",\"copyrightHolder\":{\"@id\":\"https:\/\/www.gaveanews.com\/#organization\"}},{\"@type\":\"WebPage\",\"@id\":\"https:\/\/www.gaveanews.com\/index.php\/2025\/04\/11\/novo-diretor-e-sincero-ao-falar-sobre-impeachment-no-corinthians\/\",\"url\":\"https:\/\/www.gaveanews.com\/index.php\/2025\/04\/11\/novo-diretor-e-sincero-ao-falar-sobre-impeachment-no-corinthians\/\",\"name\":\"Novo diretor \u00e9 sincero ao falar sobre impeachment no Corinthians\",\"isPartOf\":{\"@id\":\"https:\/\/www.gaveanews.com\/#website\"},\"primaryImageOfPage\":{\"@id\":\"https:\/\/www.gaveanews.com\/index.php\/2025\/04\/11\/novo-diretor-e-sincero-ao-falar-sobre-impeachment-no-corinthians\/#primaryimage\"},\"image\":{\"@id\":\"https:\/\/www.gaveanews.com\/index.php\/2025\/04\/11\/novo-diretor-e-sincero-ao-falar-sobre-impeachment-no-corinthians\/#primaryimage\"},\"thumbnailUrl\":\"https:\/\/www.gaveanews.com\/wp-content\/uploads\/Escudo-do-Corinthians-na-Neo-Quimica-Arena.webp\",\"datePublished\":\"2025-04-12T01:35:00+00:00\",\"author\":{\"@id\":\"https:\/\/www.gaveanews.com\/#\/schema\/person\/0eb3e3fe1754f0205218538adbe8f5ed\"},\"breadcrumb\":{\"@id\":\"https:\/\/www.gaveanews.com\/index.php\/2025\/04\/11\/novo-diretor-e-sincero-ao-falar-sobre-impeachment-no-corinthians\/#breadcrumb\"},\"inLanguage\":\"pt-BR\",\"potentialAction\":[{\"@type\":\"ReadAction\",\"target\":[\"https:\/\/www.gaveanews.com\/index.php\/2025\/04\/11\/novo-diretor-e-sincero-ao-falar-sobre-impeachment-no-corinthians\/\"]}]},{\"@type\":\"ImageObject\",\"inLanguage\":\"pt-BR\",\"@id\":\"https:\/\/www.gaveanews.com\/index.php\/2025\/04\/11\/novo-diretor-e-sincero-ao-falar-sobre-impeachment-no-corinthians\/#primaryimage\",\"url\":\"https:\/\/www.gaveanews.com\/wp-content\/uploads\/Escudo-do-Corinthians-na-Neo-Quimica-Arena.webp\",\"contentUrl\":\"https:\/\/www.gaveanews.com\/wp-content\/uploads\/Escudo-do-Corinthians-na-Neo-Quimica-Arena.webp\",\"width\":1440,\"height\":959,\"caption\":\"Escudo do Corinthians na N\u00e9o Qu\u00edmica Arena (Foto Reprodu\u00e7\u00e3o\/Instagram)\"},{\"@type\":\"BreadcrumbList\",\"@id\":\"https:\/\/www.gaveanews.com\/index.php\/2025\/04\/11\/novo-diretor-e-sincero-ao-falar-sobre-impeachment-no-corinthians\/#breadcrumb\",\"itemListElement\":[{\"@type\":\"ListItem\",\"position\":1,\"name\":\"Home\",\"item\":\"https:\/\/www.gaveanews.com\/\"},{\"@type\":\"ListItem\",\"position\":2,\"name\":\"Novo diretor \u00e9 sincero ao falar sobre impeachment no Corinthians\"}]},{\"@type\":\"WebSite\",\"@id\":\"https:\/\/www.gaveanews.com\/#website\",\"url\":\"https:\/\/www.gaveanews.com\/\",\"name\":\"G\u00e1vea News\",\"description\":\"Veja todas as not\u00edcias sobre o Flamengo: Contrata\u00e7\u00f5es, categorias de base, resultados das partidas, tabela de classifica\u00e7\u00e3o, pr\u00f3ximos jogos!\",\"potentialAction\":[{\"@type\":\"SearchAction\",\"target\":{\"@type\":\"EntryPoint\",\"urlTemplate\":\"https:\/\/www.gaveanews.com\/?s={search_term_string}\"},\"query-input\":{\"@type\":\"PropertyValueSpecification\",\"valueRequired\":true,\"valueName\":\"search_term_string\"}}],\"inLanguage\":\"pt-BR\"},{\"@type\":\"Person\",\"@id\":\"https:\/\/www.gaveanews.com\/#\/schema\/person\/0eb3e3fe1754f0205218538adbe8f5ed\",\"name\":\"Rafaela Ladeira\",\"image\":{\"@type\":\"ImageObject\",\"inLanguage\":\"pt-BR\",\"@id\":\"https:\/\/www.gaveanews.com\/#\/schema\/person\/image\/\",\"url\":\"https:\/\/secure.gravatar.com\/avatar\/c31f513acffd85eacab5730cbdfdbbf59f21ba5aeada8cd890acea879fbb2455?s=96&d=mm&r=g\",\"contentUrl\":\"https:\/\/secure.gravatar.com\/avatar\/c31f513acffd85eacab5730cbdfdbbf59f21ba5aeada8cd890acea879fbb2455?s=96&d=mm&r=g\",\"caption\":\"Rafaela Ladeira\"}}]}<\/script>\n<!-- \/ Yoast SEO Premium plugin. -->","yoast_head_json":{"title":"Novo diretor \u00e9 sincero ao falar sobre impeachment no Corinthians","robots":{"index":"index","follow":"follow","max-snippet":"max-snippet:-1","max-image-preview":"max-image-preview:large","max-video-preview":"max-video-preview:-1"},"canonical":"https:\/\/www.gaveanews.com\/index.php\/2025\/04\/11\/novo-diretor-e-sincero-ao-falar-sobre-impeachment-no-corinthians\/","og_locale":"pt_BR","og_type":"article","og_title":"Novo diretor \u00e9 sincero ao falar sobre impeachment no Corinthians","og_description":"O Corinthians vive dias conturbados nos bastidores, e uma das figuras centrais dessa turbul\u00eancia \u00e9 Edgard Soares. Nomeado como diretor estatut\u00e1rio do departamento de marketing, ele \u00e9 tamb\u00e9m um dos respons\u00e1veis pelo processo que abriu o rito do poss\u00edvel impeachment do presidente Augusto Melo.&nbsp; Diante desse cen\u00e1rio, sua chegada ao cargo levanta questionamentos sobre seu [&hellip;]","og_url":"https:\/\/www.gaveanews.com\/index.php\/2025\/04\/11\/novo-diretor-e-sincero-ao-falar-sobre-impeachment-no-corinthians\/","og_site_name":"G\u00e1vea News","article_publisher":"https:\/\/facebook.com\/gaveaNews\/","article_published_time":"2025-04-12T01:35:00+00:00","og_image":[{"width":1440,"height":959,"url":"https:\/\/www.gaveanews.com\/wp-content\/uploads\/Escudo-do-Corinthians-na-Neo-Quimica-Arena.webp","type":"image\/jpeg"}],"author":"Rafaela Ladeira","twitter_card":"summary_large_image","twitter_misc":{"Escrito por":"Rafaela Ladeira","Est. tempo de leitura":"3 minutos"},"schema":{"@context":"https:\/\/schema.org","@graph":[{"@type":"NewsArticle","@id":"https:\/\/www.gaveanews.com\/index.php\/2025\/04\/11\/novo-diretor-e-sincero-ao-falar-sobre-impeachment-no-corinthians\/#article","isPartOf":{"@id":"https:\/\/www.gaveanews.com\/index.php\/2025\/04\/11\/novo-diretor-e-sincero-ao-falar-sobre-impeachment-no-corinthians\/"},"author":{"name":"Rafaela Ladeira","@id":"https:\/\/www.gaveanews.com\/#\/schema\/person\/0eb3e3fe1754f0205218538adbe8f5ed"},"headline":"Novo diretor \u00e9 sincero ao falar sobre impeachment no Corinthians","datePublished":"2025-04-12T01:35:00+00:00","mainEntityOfPage":{"@id":"https:\/\/www.gaveanews.com\/index.php\/2025\/04\/11\/novo-diretor-e-sincero-ao-falar-sobre-impeachment-no-corinthians\/"},"wordCount":428,"commentCount":0,"image":{"@id":"https:\/\/www.gaveanews.com\/index.php\/2025\/04\/11\/novo-diretor-e-sincero-ao-falar-sobre-impeachment-no-corinthians\/#primaryimage"},"thumbnailUrl":"https:\/\/www.gaveanews.com\/wp-content\/uploads\/Escudo-do-Corinthians-na-Neo-Quimica-Arena.webp","articleSection":["Corinthians"],"inLanguage":"pt-BR","potentialAction":[{"@type":"CommentAction","name":"Comment","target":["https:\/\/www.gaveanews.com\/index.php\/2025\/04\/11\/novo-diretor-e-sincero-ao-falar-sobre-impeachment-no-corinthians\/#respond"]}],"copyrightYear":"2025","copyrightHolder":{"@id":"https:\/\/www.gaveanews.com\/#organization"}},{"@type":"WebPage","@id":"https:\/\/www.gaveanews.com\/index.php\/2025\/04\/11\/novo-diretor-e-sincero-ao-falar-sobre-impeachment-no-corinthians\/","url":"https:\/\/www.gaveanews.com\/index.php\/2025\/04\/11\/novo-diretor-e-sincero-ao-falar-sobre-impeachment-no-corinthians\/","name":"Novo diretor \u00e9 sincero ao falar sobre impeachment no Corinthians","isPartOf":{"@id":"https:\/\/www.gaveanews.com\/#website"},"primaryImageOfPage":{"@id":"https:\/\/www.gaveanews.com\/index.php\/2025\/04\/11\/novo-diretor-e-sincero-ao-falar-sobre-impeachment-no-corinthians\/#primaryimage"},"image":{"@id":"https:\/\/www.gaveanews.com\/index.php\/2025\/04\/11\/novo-diretor-e-sincero-ao-falar-sobre-impeachment-no-corinthians\/#primaryimage"},"thumbnailUrl":"https:\/\/www.gaveanews.com\/wp-content\/uploads\/Escudo-do-Corinthians-na-Neo-Quimica-Arena.webp","datePublished":"2025-04-12T01:35:00+00:00","author":{"@id":"https:\/\/www.gaveanews.com\/#\/schema\/person\/0eb3e3fe1754f0205218538adbe8f5ed"},"breadcrumb":{"@id":"https:\/\/www.gaveanews.com\/index.php\/2025\/04\/11\/novo-diretor-e-sincero-ao-falar-sobre-impeachment-no-corinthians\/#breadcrumb"},"inLanguage":"pt-BR","potentialAction":[{"@type":"ReadAction","target":["https:\/\/www.gaveanews.com\/index.php\/2025\/04\/11\/novo-diretor-e-sincero-ao-falar-sobre-impeachment-no-corinthians\/"]}]},{"@type":"ImageObject","inLanguage":"pt-BR","@id":"https:\/\/www.gaveanews.com\/index.php\/2025\/04\/11\/novo-diretor-e-sincero-ao-falar-sobre-impeachment-no-corinthians\/#primaryimage","url":"https:\/\/www.gaveanews.com\/wp-content\/uploads\/Escudo-do-Corinthians-na-Neo-Quimica-Arena.webp","contentUrl":"https:\/\/www.gaveanews.com\/wp-content\/uploads\/Escudo-do-Corinthians-na-Neo-Quimica-Arena.webp","width":1440,"height":959,"caption":"Escudo do Corinthians na N\u00e9o Qu\u00edmica Arena (Foto Reprodu\u00e7\u00e3o\/Instagram)"},{"@type":"BreadcrumbList","@id":"https:\/\/www.gaveanews.com\/index.php\/2025\/04\/11\/novo-diretor-e-sincero-ao-falar-sobre-impeachment-no-corinthians\/#breadcrumb","itemListElement":[{"@type":"ListItem","position":1,"name":"Home","item":"https:\/\/www.gaveanews.com\/"},{"@type":"ListItem","position":2,"name":"Novo diretor \u00e9 sincero ao falar sobre impeachment no Corinthians"}]},{"@type":"WebSite","@id":"https:\/\/www.gaveanews.com\/#website","url":"https:\/\/www.gaveanews.com\/","name":"G\u00e1vea News","description":"Veja todas as not\u00edcias sobre o Flamengo: Contrata\u00e7\u00f5es, categorias de base, resultados das partidas, tabela de classifica\u00e7\u00e3o, pr\u00f3ximos jogos!","potentialAction":[{"@type":"SearchAction","target":{"@type":"EntryPoint","urlTemplate":"https:\/\/www.gaveanews.com\/?s={search_term_string}"},"query-input":{"@type":"PropertyValueSpecification","valueRequired":true,"valueName":"search_term_string"}}],"inLanguage":"pt-BR"},{"@type":"Person","@id":"https:\/\/www.gaveanews.com\/#\/schema\/person\/0eb3e3fe1754f0205218538adbe8f5ed","name":"Rafaela Ladeira","image":{"@type":"ImageObject","inLanguage":"pt-BR","@id":"https:\/\/www.gaveanews.com\/#\/schema\/person\/image\/","url":"https:\/\/secure.gravatar.com\/avatar\/c31f513acffd85eacab5730cbdfdbbf59f21ba5aeada8cd890acea879fbb2455?s=96&d=mm&r=g","contentUrl":"https:\/\/secure.gravatar.com\/avatar\/c31f513acffd85eacab5730cbdfdbbf59f21ba5aeada8cd890acea879fbb2455?s=96&d=mm&r=g","caption":"Rafaela Ladeira"}}]}},"_links":{"self":[{"href":"https:\/\/www.gaveanews.com\/index.php\/wp-json\/wp\/v2\/posts\/252387","targetHints":{"allow":["GET"]}}],"collection":[{"href":"https:\/\/www.gaveanews.com\/index.php\/wp-json\/wp\/v2\/posts"}],"about":[{"href":"https:\/\/www.gaveanews.com\/index.php\/wp-json\/wp\/v2\/types\/post"}],"author":[{"embeddable":true,"href":"https:\/\/www.gaveanews.com\/index.php\/wp-json\/wp\/v2\/users\/25"}],"replies":[{"embeddable":true,"href":"https:\/\/www.gaveanews.com\/index.php\/wp-json\/wp\/v2\/comments?post=252387"}],"version-history":[{"count":1,"href":"https:\/\/www.gaveanews.com\/index.php\/wp-json\/wp\/v2\/posts\/252387\/revisions"}],"predecessor-version":[{"id":252388,"href":"https:\/\/www.gaveanews.com\/index.php\/wp-json\/wp\/v2\/posts\/252387\/revisions\/252388"}],"wp:featuredmedia":[{"embeddable":true,"href":"https:\/\/www.gaveanews.com\/index.php\/wp-json\/wp\/v2\/media\/154473"}],"wp:attachment":[{"href":"https:\/\/www.gaveanews.com\/index.php\/wp-json\/wp\/v2\/media?parent=252387"}],"wp:term":[{"taxonomy":"category","embeddable":true,"href":"https:\/\/www.gaveanews.com\/index.php\/wp-json\/wp\/v2\/categories?post=252387"},{"taxonomy":"post_tag","embeddable":true,"href":"https:\/\/www.gaveanews.com\/index.php\/wp-json\/wp\/v2\/tags?post=252387"}],"curies":[{"name":"wp","href":"https:\/\/api.w.org\/{rel}","templated":true}]}}