{"id":252393,"date":"2025-04-11T17:57:54","date_gmt":"2025-04-11T20:57:54","guid":{"rendered":"https:\/\/www.gaveanews.com\/?p=252393"},"modified":"2025-04-11T17:57:57","modified_gmt":"2025-04-11T20:57:57","slug":"vestiario-do-flamengo-teve-clima-tenso-apos-derrota-e-vaias-no-maracana","status":"publish","type":"post","link":"https:\/\/www.gaveanews.com\/index.php\/2025\/04\/11\/vestiario-do-flamengo-teve-clima-tenso-apos-derrota-e-vaias-no-maracana\/","title":{"rendered":"Vesti\u00e1rio do Flamengo teve clima tenso ap\u00f3s derrota e vaias no Maracan\u00e3"},"content":{"rendered":"\n<p>A derrota do Flamengo para o Central C\u00f3rdoba, por 2 a 1, na \u00faltima quarta-feira (09), no Maracan\u00e3, gerou um cen\u00e1rio de profundo desconforto e indigna\u00e7\u00e3o nos bastidores rubro-negros. Fontes revelaram que o clima no vesti\u00e1rio ao fim da partida foi dominado pelo sil\u00eancio, tens\u00e3o e demonstra\u00e7\u00f5es expl\u00edcitas de frustra\u00e7\u00e3o por parte dos jogadores.<\/p>\n\n\n\n<h3 class=\"wp-block-heading\" id=\"h-clima-tenso-e-irritacao-generalizada\">Clima tenso e irrita\u00e7\u00e3o generalizada<\/h3>\n\n\n\n<p>Desde a sa\u00edda do gramado, os sinais de estresse j\u00e1 eram percept\u00edveis. O meia uruguaio De La Cruz, por exemplo, aguardou por cerca de 10 minutos para conceder entrevista, mas, diante da demora, acabou liberado pelo departamento de comunica\u00e7\u00e3o do clube sem falar com a imprensa. A atitude refletiu o estado emocional dos atletas, que, ao chegarem ao vesti\u00e1rio, mal se comunicavam e expressavam sua insatisfa\u00e7\u00e3o com tapas nos arm\u00e1rios e rea\u00e7\u00f5es exaltadas.<\/p>\n\n\n\n<p>Ainda de acordo com o &#8216;Coluna do Fla&#8217;, o t\u00e9cnico Filipe Lu\u00eds tentou conter os \u00e2nimos com uma breve fala ao grupo, que teve, ao final, a participa\u00e7\u00e3o de Gerson. As manifesta\u00e7\u00f5es de revolta, contudo, persistiram. O lateral-direito Wesley levou sua insatisfa\u00e7\u00e3o \u00e0s redes sociais, onde respondeu de forma agressiva a um torcedor, e posteriormente se retratou: <em>\u201cF\u00e9, irm\u00e3o. N\u00e3o era para ter xingado, estava de cabe\u00e7a quente por causa do jogo que fiz, mas voc\u00eas torcedores t\u00eam que entender\u201d<\/em>.<\/p>\n\n\n\n<h2 class=\"wp-block-heading\" id=\"h-vaia-da-torcida-gera-indignacao-entre-atletas\">Vaia da torcida gera indigna\u00e7\u00e3o entre atletas<\/h2>\n\n\n\n<p>Outro ponto de tens\u00e3o se deu em rela\u00e7\u00e3o \u00e0 postura da torcida no Maracan\u00e3. De acordo com um atleta que preferiu n\u00e3o se identificar, o elenco demonstrou grande inc\u00f4modo com as vaias vindas das arquibancadas j\u00e1 no primeiro jogo da equipe em casa na Libertadores. <em>\u201cFomos campe\u00f5es duas vezes nesse ano (Supercopa e Carioca) e a galera vaia no primeiro jogo em casa? \u00c9 muito errado isso. A gente tentou para c@#&amp;lh0\u201d<\/em>, desabafou o jogador ao ser ouvido pela reportagem.<\/p>\n\n\n\n<p>O epis\u00f3dio ganhou contornos ainda mais graves quando um copo pl\u00e1stico foi arremessado por um torcedor do Setor Oeste Inferior e atingiu o meia Matheus Gon\u00e7alves no banco de reservas. Em contato com a imprensa, o clube negou qualquer registro oficial de queixas formais contra os torcedores presentes na partida.<\/p>\n\n\n\n<h2 class=\"wp-block-heading\" id=\"h-filipe-luis-aponta-desequilibrio-emocional\">Filipe Lu\u00eds aponta desequil\u00edbrio emocional <\/h2>\n\n\n\n<p>Na entrevista coletiva concedida ap\u00f3s a partida, Filipe Lu\u00eds reconheceu que o Flamengo n\u00e3o soube lidar com o placar adverso. <em>\u201cN\u00e3o soubemos lidar com um placar adverso e estar atr\u00e1s do placar instaurou o caos, coisa que eu odeio. Agora vou tentar trabalhar para ter o time s\u00f3lido como a gente vinha fazendo\u201d<\/em>, declarou o treinador, demonstrando preocupa\u00e7\u00e3o com a instabilidade emocional do elenco diante de situa\u00e7\u00f5es de press\u00e3o.<\/p>\n\n\n\n<h2 class=\"wp-block-heading\" id=\"h-situacao-do-grupo-e-sequencia-na-temporada\">Situa\u00e7\u00e3o do grupo e sequ\u00eancia na temporada<\/h2>\n\n\n\n<p>Com o rev\u00e9s, o Flamengo encerrou a segunda rodada do Grupo C na terceira coloca\u00e7\u00e3o, com tr\u00eas pontos. A lideran\u00e7a \u00e9 compartilhada por Central C\u00f3rdoba e LDU, ambos com quatro pontos, enquanto o T\u00e1chira permanece zerado. Dessa forma, o Rubro-Negro ter\u00e1 um importante desafio na pr\u00f3xima rodada da competi\u00e7\u00e3o em Quito, no dia 22, na altitude da capital equatoriana.<\/p>\n\n\n\n<p>Antes disso, contudo, o time carioca volta suas aten\u00e7\u00f5es para o Campeonato Brasileiro, onde ter\u00e1 tr\u00eas compromissos consecutivos: contra o Gr\u00eamio (fora de casa), Juventude (no Maracan\u00e3) e Vasco (novamente fora).<\/p>\n\n\n\n<p><\/p>\n","protected":false},"excerpt":{"rendered":"<p>A derrota do Flamengo para o Central C\u00f3rdoba, por 2 a 1, na \u00faltima quarta-feira (09), no Maracan\u00e3, gerou um cen\u00e1rio de profundo desconforto e indigna\u00e7\u00e3o nos bastidores rubro-negros. Fontes revelaram que o clima no vesti\u00e1rio ao fim da partida foi dominado pelo sil\u00eancio, tens\u00e3o e demonstra\u00e7\u00f5es expl\u00edcitas de frustra\u00e7\u00e3o por parte dos jogadores. Clima [&hellip;]<\/p>\n","protected":false},"author":30,"featured_media":251439,"comment_status":"open","ping_status":"closed","sticky":false,"template":"","format":"standard","meta":{"footnotes":""},"categories":[1],"tags":[],"class_list":["post-252393","post","type-post","status-publish","format-standard","has-post-thumbnail","hentry","category-flamengo"],"yoast_head":"<!-- This site is optimized with the Yoast SEO Premium plugin v24.2 (Yoast SEO v26.9) - https:\/\/yoast.com\/product\/yoast-seo-premium-wordpress\/ -->\n<title>Vesti\u00e1rio do Flamengo teve clima tenso ap\u00f3s derrota e vaias no Maracan\u00e3<\/title>\n<meta name=\"robots\" content=\"index, follow, max-snippet:-1, max-image-preview:large, max-video-preview:-1\" \/>\n<link rel=\"canonical\" href=\"https:\/\/www.gaveanews.com\/index.php\/2025\/04\/11\/vestiario-do-flamengo-teve-clima-tenso-apos-derrota-e-vaias-no-maracana\/\" \/>\n<meta property=\"og:locale\" content=\"pt_BR\" \/>\n<meta property=\"og:type\" content=\"article\" \/>\n<meta property=\"og:title\" content=\"Vesti\u00e1rio do Flamengo teve clima tenso ap\u00f3s derrota e vaias no Maracan\u00e3\" \/>\n<meta property=\"og:description\" content=\"A derrota do Flamengo para o Central C\u00f3rdoba, por 2 a 1, na \u00faltima quarta-feira (09), no Maracan\u00e3, gerou um cen\u00e1rio de profundo desconforto e indigna\u00e7\u00e3o nos bastidores rubro-negros. Fontes revelaram que o clima no vesti\u00e1rio ao fim da partida foi dominado pelo sil\u00eancio, tens\u00e3o e demonstra\u00e7\u00f5es expl\u00edcitas de frustra\u00e7\u00e3o por parte dos jogadores. Clima [&hellip;]\" \/>\n<meta property=\"og:url\" content=\"https:\/\/www.gaveanews.com\/index.php\/2025\/04\/11\/vestiario-do-flamengo-teve-clima-tenso-apos-derrota-e-vaias-no-maracana\/\" \/>\n<meta property=\"og:site_name\" content=\"G\u00e1vea News\" \/>\n<meta property=\"article:publisher\" content=\"https:\/\/facebook.com\/gaveaNews\/\" \/>\n<meta property=\"article:published_time\" content=\"2025-04-11T20:57:54+00:00\" \/>\n<meta property=\"article:modified_time\" content=\"2025-04-11T20:57:57+00:00\" \/>\n<meta property=\"og:image\" content=\"http:\/\/www.gaveanews.com\/wp-content\/uploads\/Flamengo-x-Central-Cordoba-pela-Libertadores.webp\" \/>\n\t<meta property=\"og:image:width\" content=\"861\" \/>\n\t<meta property=\"og:image:height\" content=\"525\" \/>\n\t<meta property=\"og:image:type\" content=\"image\/jpeg\" \/>\n<meta name=\"author\" content=\"Ana Teixeira\" \/>\n<meta name=\"twitter:card\" content=\"summary_large_image\" \/>\n<meta name=\"twitter:label1\" content=\"Escrito por\" \/>\n\t<meta name=\"twitter:data1\" content=\"Ana Teixeira\" \/>\n\t<meta name=\"twitter:label2\" content=\"Est. tempo de leitura\" \/>\n\t<meta name=\"twitter:data2\" content=\"4 minutos\" \/>\n<script type=\"application\/ld+json\" class=\"yoast-schema-graph\">{\"@context\":\"https:\/\/schema.org\",\"@graph\":[{\"@type\":\"NewsArticle\",\"@id\":\"https:\/\/www.gaveanews.com\/index.php\/2025\/04\/11\/vestiario-do-flamengo-teve-clima-tenso-apos-derrota-e-vaias-no-maracana\/#article\",\"isPartOf\":{\"@id\":\"https:\/\/www.gaveanews.com\/index.php\/2025\/04\/11\/vestiario-do-flamengo-teve-clima-tenso-apos-derrota-e-vaias-no-maracana\/\"},\"author\":{\"name\":\"Ana Teixeira\",\"@id\":\"https:\/\/www.gaveanews.com\/#\/schema\/person\/3b19f7288b0ce20372991275e4f2e6c2\"},\"headline\":\"Vesti\u00e1rio do Flamengo teve clima tenso ap\u00f3s derrota e vaias no Maracan\u00e3\",\"datePublished\":\"2025-04-11T20:57:54+00:00\",\"dateModified\":\"2025-04-11T20:57:57+00:00\",\"mainEntityOfPage\":{\"@id\":\"https:\/\/www.gaveanews.com\/index.php\/2025\/04\/11\/vestiario-do-flamengo-teve-clima-tenso-apos-derrota-e-vaias-no-maracana\/\"},\"wordCount\":588,\"commentCount\":0,\"image\":{\"@id\":\"https:\/\/www.gaveanews.com\/index.php\/2025\/04\/11\/vestiario-do-flamengo-teve-clima-tenso-apos-derrota-e-vaias-no-maracana\/#primaryimage\"},\"thumbnailUrl\":\"https:\/\/www.gaveanews.com\/wp-content\/uploads\/Flamengo-x-Central-Cordoba-pela-Libertadores.webp\",\"articleSection\":[\"Flamengo\"],\"inLanguage\":\"pt-BR\",\"potentialAction\":[{\"@type\":\"CommentAction\",\"name\":\"Comment\",\"target\":[\"https:\/\/www.gaveanews.com\/index.php\/2025\/04\/11\/vestiario-do-flamengo-teve-clima-tenso-apos-derrota-e-vaias-no-maracana\/#respond\"]}],\"copyrightYear\":\"2025\",\"copyrightHolder\":{\"@id\":\"https:\/\/www.gaveanews.com\/#organization\"}},{\"@type\":\"WebPage\",\"@id\":\"https:\/\/www.gaveanews.com\/index.php\/2025\/04\/11\/vestiario-do-flamengo-teve-clima-tenso-apos-derrota-e-vaias-no-maracana\/\",\"url\":\"https:\/\/www.gaveanews.com\/index.php\/2025\/04\/11\/vestiario-do-flamengo-teve-clima-tenso-apos-derrota-e-vaias-no-maracana\/\",\"name\":\"Vesti\u00e1rio do Flamengo teve clima tenso ap\u00f3s derrota e vaias no Maracan\u00e3\",\"isPartOf\":{\"@id\":\"https:\/\/www.gaveanews.com\/#website\"},\"primaryImageOfPage\":{\"@id\":\"https:\/\/www.gaveanews.com\/index.php\/2025\/04\/11\/vestiario-do-flamengo-teve-clima-tenso-apos-derrota-e-vaias-no-maracana\/#primaryimage\"},\"image\":{\"@id\":\"https:\/\/www.gaveanews.com\/index.php\/2025\/04\/11\/vestiario-do-flamengo-teve-clima-tenso-apos-derrota-e-vaias-no-maracana\/#primaryimage\"},\"thumbnailUrl\":\"https:\/\/www.gaveanews.com\/wp-content\/uploads\/Flamengo-x-Central-Cordoba-pela-Libertadores.webp\",\"datePublished\":\"2025-04-11T20:57:54+00:00\",\"dateModified\":\"2025-04-11T20:57:57+00:00\",\"author\":{\"@id\":\"https:\/\/www.gaveanews.com\/#\/schema\/person\/3b19f7288b0ce20372991275e4f2e6c2\"},\"breadcrumb\":{\"@id\":\"https:\/\/www.gaveanews.com\/index.php\/2025\/04\/11\/vestiario-do-flamengo-teve-clima-tenso-apos-derrota-e-vaias-no-maracana\/#breadcrumb\"},\"inLanguage\":\"pt-BR\",\"potentialAction\":[{\"@type\":\"ReadAction\",\"target\":[\"https:\/\/www.gaveanews.com\/index.php\/2025\/04\/11\/vestiario-do-flamengo-teve-clima-tenso-apos-derrota-e-vaias-no-maracana\/\"]}]},{\"@type\":\"ImageObject\",\"inLanguage\":\"pt-BR\",\"@id\":\"https:\/\/www.gaveanews.com\/index.php\/2025\/04\/11\/vestiario-do-flamengo-teve-clima-tenso-apos-derrota-e-vaias-no-maracana\/#primaryimage\",\"url\":\"https:\/\/www.gaveanews.com\/wp-content\/uploads\/Flamengo-x-Central-Cordoba-pela-Libertadores.webp\",\"contentUrl\":\"https:\/\/www.gaveanews.com\/wp-content\/uploads\/Flamengo-x-Central-Cordoba-pela-Libertadores.webp\",\"width\":861,\"height\":525,\"caption\":\"Flamengo x Central C\u00f3rdoba pela Libertadores (Fotos: Gilvan de Souza\/Flamengo)\"},{\"@type\":\"BreadcrumbList\",\"@id\":\"https:\/\/www.gaveanews.com\/index.php\/2025\/04\/11\/vestiario-do-flamengo-teve-clima-tenso-apos-derrota-e-vaias-no-maracana\/#breadcrumb\",\"itemListElement\":[{\"@type\":\"ListItem\",\"position\":1,\"name\":\"Home\",\"item\":\"https:\/\/www.gaveanews.com\/\"},{\"@type\":\"ListItem\",\"position\":2,\"name\":\"Vesti\u00e1rio do Flamengo teve clima tenso ap\u00f3s derrota e vaias no Maracan\u00e3\"}]},{\"@type\":\"WebSite\",\"@id\":\"https:\/\/www.gaveanews.com\/#website\",\"url\":\"https:\/\/www.gaveanews.com\/\",\"name\":\"G\u00e1vea News\",\"description\":\"Veja todas as not\u00edcias sobre o Flamengo: Contrata\u00e7\u00f5es, categorias de base, resultados das partidas, tabela de classifica\u00e7\u00e3o, pr\u00f3ximos jogos!\",\"potentialAction\":[{\"@type\":\"SearchAction\",\"target\":{\"@type\":\"EntryPoint\",\"urlTemplate\":\"https:\/\/www.gaveanews.com\/?s={search_term_string}\"},\"query-input\":{\"@type\":\"PropertyValueSpecification\",\"valueRequired\":true,\"valueName\":\"search_term_string\"}}],\"inLanguage\":\"pt-BR\"},{\"@type\":\"Person\",\"@id\":\"https:\/\/www.gaveanews.com\/#\/schema\/person\/3b19f7288b0ce20372991275e4f2e6c2\",\"name\":\"Ana Teixeira\",\"image\":{\"@type\":\"ImageObject\",\"inLanguage\":\"pt-BR\",\"@id\":\"https:\/\/www.gaveanews.com\/#\/schema\/person\/image\/\",\"url\":\"https:\/\/secure.gravatar.com\/avatar\/0a73f5a5258f3fed37fc2fa641892f3f7a4748456d4d4792f9bc550e6c19e06c?s=96&d=mm&r=g\",\"contentUrl\":\"https:\/\/secure.gravatar.com\/avatar\/0a73f5a5258f3fed37fc2fa641892f3f7a4748456d4d4792f9bc550e6c19e06c?s=96&d=mm&r=g\",\"caption\":\"Ana Teixeira\"}}]}<\/script>\n<!-- \/ Yoast SEO Premium plugin. -->","yoast_head_json":{"title":"Vesti\u00e1rio do Flamengo teve clima tenso ap\u00f3s derrota e vaias no Maracan\u00e3","robots":{"index":"index","follow":"follow","max-snippet":"max-snippet:-1","max-image-preview":"max-image-preview:large","max-video-preview":"max-video-preview:-1"},"canonical":"https:\/\/www.gaveanews.com\/index.php\/2025\/04\/11\/vestiario-do-flamengo-teve-clima-tenso-apos-derrota-e-vaias-no-maracana\/","og_locale":"pt_BR","og_type":"article","og_title":"Vesti\u00e1rio do Flamengo teve clima tenso ap\u00f3s derrota e vaias no Maracan\u00e3","og_description":"A derrota do Flamengo para o Central C\u00f3rdoba, por 2 a 1, na \u00faltima quarta-feira (09), no Maracan\u00e3, gerou um cen\u00e1rio de profundo desconforto e indigna\u00e7\u00e3o nos bastidores rubro-negros. Fontes revelaram que o clima no vesti\u00e1rio ao fim da partida foi dominado pelo sil\u00eancio, tens\u00e3o e demonstra\u00e7\u00f5es expl\u00edcitas de frustra\u00e7\u00e3o por parte dos jogadores. Clima [&hellip;]","og_url":"https:\/\/www.gaveanews.com\/index.php\/2025\/04\/11\/vestiario-do-flamengo-teve-clima-tenso-apos-derrota-e-vaias-no-maracana\/","og_site_name":"G\u00e1vea News","article_publisher":"https:\/\/facebook.com\/gaveaNews\/","article_published_time":"2025-04-11T20:57:54+00:00","article_modified_time":"2025-04-11T20:57:57+00:00","og_image":[{"width":861,"height":525,"url":"http:\/\/www.gaveanews.com\/wp-content\/uploads\/Flamengo-x-Central-Cordoba-pela-Libertadores.webp","type":"image\/jpeg"}],"author":"Ana Teixeira","twitter_card":"summary_large_image","twitter_misc":{"Escrito por":"Ana Teixeira","Est. tempo de leitura":"4 minutos"},"schema":{"@context":"https:\/\/schema.org","@graph":[{"@type":"NewsArticle","@id":"https:\/\/www.gaveanews.com\/index.php\/2025\/04\/11\/vestiario-do-flamengo-teve-clima-tenso-apos-derrota-e-vaias-no-maracana\/#article","isPartOf":{"@id":"https:\/\/www.gaveanews.com\/index.php\/2025\/04\/11\/vestiario-do-flamengo-teve-clima-tenso-apos-derrota-e-vaias-no-maracana\/"},"author":{"name":"Ana Teixeira","@id":"https:\/\/www.gaveanews.com\/#\/schema\/person\/3b19f7288b0ce20372991275e4f2e6c2"},"headline":"Vesti\u00e1rio do Flamengo teve clima tenso ap\u00f3s derrota e vaias no Maracan\u00e3","datePublished":"2025-04-11T20:57:54+00:00","dateModified":"2025-04-11T20:57:57+00:00","mainEntityOfPage":{"@id":"https:\/\/www.gaveanews.com\/index.php\/2025\/04\/11\/vestiario-do-flamengo-teve-clima-tenso-apos-derrota-e-vaias-no-maracana\/"},"wordCount":588,"commentCount":0,"image":{"@id":"https:\/\/www.gaveanews.com\/index.php\/2025\/04\/11\/vestiario-do-flamengo-teve-clima-tenso-apos-derrota-e-vaias-no-maracana\/#primaryimage"},"thumbnailUrl":"https:\/\/www.gaveanews.com\/wp-content\/uploads\/Flamengo-x-Central-Cordoba-pela-Libertadores.webp","articleSection":["Flamengo"],"inLanguage":"pt-BR","potentialAction":[{"@type":"CommentAction","name":"Comment","target":["https:\/\/www.gaveanews.com\/index.php\/2025\/04\/11\/vestiario-do-flamengo-teve-clima-tenso-apos-derrota-e-vaias-no-maracana\/#respond"]}],"copyrightYear":"2025","copyrightHolder":{"@id":"https:\/\/www.gaveanews.com\/#organization"}},{"@type":"WebPage","@id":"https:\/\/www.gaveanews.com\/index.php\/2025\/04\/11\/vestiario-do-flamengo-teve-clima-tenso-apos-derrota-e-vaias-no-maracana\/","url":"https:\/\/www.gaveanews.com\/index.php\/2025\/04\/11\/vestiario-do-flamengo-teve-clima-tenso-apos-derrota-e-vaias-no-maracana\/","name":"Vesti\u00e1rio do Flamengo teve clima tenso ap\u00f3s derrota e vaias no Maracan\u00e3","isPartOf":{"@id":"https:\/\/www.gaveanews.com\/#website"},"primaryImageOfPage":{"@id":"https:\/\/www.gaveanews.com\/index.php\/2025\/04\/11\/vestiario-do-flamengo-teve-clima-tenso-apos-derrota-e-vaias-no-maracana\/#primaryimage"},"image":{"@id":"https:\/\/www.gaveanews.com\/index.php\/2025\/04\/11\/vestiario-do-flamengo-teve-clima-tenso-apos-derrota-e-vaias-no-maracana\/#primaryimage"},"thumbnailUrl":"https:\/\/www.gaveanews.com\/wp-content\/uploads\/Flamengo-x-Central-Cordoba-pela-Libertadores.webp","datePublished":"2025-04-11T20:57:54+00:00","dateModified":"2025-04-11T20:57:57+00:00","author":{"@id":"https:\/\/www.gaveanews.com\/#\/schema\/person\/3b19f7288b0ce20372991275e4f2e6c2"},"breadcrumb":{"@id":"https:\/\/www.gaveanews.com\/index.php\/2025\/04\/11\/vestiario-do-flamengo-teve-clima-tenso-apos-derrota-e-vaias-no-maracana\/#breadcrumb"},"inLanguage":"pt-BR","potentialAction":[{"@type":"ReadAction","target":["https:\/\/www.gaveanews.com\/index.php\/2025\/04\/11\/vestiario-do-flamengo-teve-clima-tenso-apos-derrota-e-vaias-no-maracana\/"]}]},{"@type":"ImageObject","inLanguage":"pt-BR","@id":"https:\/\/www.gaveanews.com\/index.php\/2025\/04\/11\/vestiario-do-flamengo-teve-clima-tenso-apos-derrota-e-vaias-no-maracana\/#primaryimage","url":"https:\/\/www.gaveanews.com\/wp-content\/uploads\/Flamengo-x-Central-Cordoba-pela-Libertadores.webp","contentUrl":"https:\/\/www.gaveanews.com\/wp-content\/uploads\/Flamengo-x-Central-Cordoba-pela-Libertadores.webp","width":861,"height":525,"caption":"Flamengo x Central C\u00f3rdoba pela Libertadores (Fotos: Gilvan de Souza\/Flamengo)"},{"@type":"BreadcrumbList","@id":"https:\/\/www.gaveanews.com\/index.php\/2025\/04\/11\/vestiario-do-flamengo-teve-clima-tenso-apos-derrota-e-vaias-no-maracana\/#breadcrumb","itemListElement":[{"@type":"ListItem","position":1,"name":"Home","item":"https:\/\/www.gaveanews.com\/"},{"@type":"ListItem","position":2,"name":"Vesti\u00e1rio do Flamengo teve clima tenso ap\u00f3s derrota e vaias no Maracan\u00e3"}]},{"@type":"WebSite","@id":"https:\/\/www.gaveanews.com\/#website","url":"https:\/\/www.gaveanews.com\/","name":"G\u00e1vea News","description":"Veja todas as not\u00edcias sobre o Flamengo: Contrata\u00e7\u00f5es, categorias de base, resultados das partidas, tabela de classifica\u00e7\u00e3o, pr\u00f3ximos jogos!","potentialAction":[{"@type":"SearchAction","target":{"@type":"EntryPoint","urlTemplate":"https:\/\/www.gaveanews.com\/?s={search_term_string}"},"query-input":{"@type":"PropertyValueSpecification","valueRequired":true,"valueName":"search_term_string"}}],"inLanguage":"pt-BR"},{"@type":"Person","@id":"https:\/\/www.gaveanews.com\/#\/schema\/person\/3b19f7288b0ce20372991275e4f2e6c2","name":"Ana Teixeira","image":{"@type":"ImageObject","inLanguage":"pt-BR","@id":"https:\/\/www.gaveanews.com\/#\/schema\/person\/image\/","url":"https:\/\/secure.gravatar.com\/avatar\/0a73f5a5258f3fed37fc2fa641892f3f7a4748456d4d4792f9bc550e6c19e06c?s=96&d=mm&r=g","contentUrl":"https:\/\/secure.gravatar.com\/avatar\/0a73f5a5258f3fed37fc2fa641892f3f7a4748456d4d4792f9bc550e6c19e06c?s=96&d=mm&r=g","caption":"Ana Teixeira"}}]}},"_links":{"self":[{"href":"https:\/\/www.gaveanews.com\/index.php\/wp-json\/wp\/v2\/posts\/252393","targetHints":{"allow":["GET"]}}],"collection":[{"href":"https:\/\/www.gaveanews.com\/index.php\/wp-json\/wp\/v2\/posts"}],"about":[{"href":"https:\/\/www.gaveanews.com\/index.php\/wp-json\/wp\/v2\/types\/post"}],"author":[{"embeddable":true,"href":"https:\/\/www.gaveanews.com\/index.php\/wp-json\/wp\/v2\/users\/30"}],"replies":[{"embeddable":true,"href":"https:\/\/www.gaveanews.com\/index.php\/wp-json\/wp\/v2\/comments?post=252393"}],"version-history":[{"count":1,"href":"https:\/\/www.gaveanews.com\/index.php\/wp-json\/wp\/v2\/posts\/252393\/revisions"}],"predecessor-version":[{"id":252451,"href":"https:\/\/www.gaveanews.com\/index.php\/wp-json\/wp\/v2\/posts\/252393\/revisions\/252451"}],"wp:featuredmedia":[{"embeddable":true,"href":"https:\/\/www.gaveanews.com\/index.php\/wp-json\/wp\/v2\/media\/251439"}],"wp:attachment":[{"href":"https:\/\/www.gaveanews.com\/index.php\/wp-json\/wp\/v2\/media?parent=252393"}],"wp:term":[{"taxonomy":"category","embeddable":true,"href":"https:\/\/www.gaveanews.com\/index.php\/wp-json\/wp\/v2\/categories?post=252393"},{"taxonomy":"post_tag","embeddable":true,"href":"https:\/\/www.gaveanews.com\/index.php\/wp-json\/wp\/v2\/tags?post=252393"}],"curies":[{"name":"wp","href":"https:\/\/api.w.org\/{rel}","templated":true}]}}