{"id":252394,"date":"2025-04-11T22:40:00","date_gmt":"2025-04-12T01:40:00","guid":{"rendered":"https:\/\/www.gaveanews.com\/?p=252394"},"modified":"2025-04-11T17:25:45","modified_gmt":"2025-04-11T20:25:45","slug":"vasco-renova-com-atacante","status":"publish","type":"post","link":"https:\/\/www.gaveanews.com\/index.php\/2025\/04\/11\/vasco-renova-com-atacante\/","title":{"rendered":"Vasco renova com atacante"},"content":{"rendered":"\n<p>O Vasco oficializou nesta sexta-feira (11) a renova\u00e7\u00e3o contratual do atacante Rayan, de 18 anos. A joia revelada pelas categorias de base do clube estendeu seu v\u00ednculo at\u00e9 o final de 2026, encerrando um longo processo de negocia\u00e7\u00f5es e afastando o risco de perd\u00ea-lo sem compensa\u00e7\u00e3o financeira a partir do meio do ano.<\/p>\n\n\n\n<p>Anteriormente, o contrato de Rayan se encerrava em dezembro de 2025, o que permitia que, a partir de 1\u00ba de julho, o jovem atleta pudesse assinar um pr\u00e9-contrato com qualquer equipe, sem necessidade de notificar o Vasco. Portanto, a renova\u00e7\u00e3o do v\u00ednculo visa proteger os interesses do clube, que v\u00ea no atacante um ativo valioso e alvo constante do mercado europeu.<\/p>\n\n\n\n<p>Ali\u00e1s, o interesse de clubes do exterior n\u00e3o \u00e9 novidade. Lyon e Fiorentina, por exemplo, j\u00e1 buscaram informa\u00e7\u00f5es sobre o jogador entre dezembro e janeiro, embora nenhuma proposta oficial tenha sido apresentada at\u00e9 o momento. Com a renova\u00e7\u00e3o, a diretoria espera agora receber ofertas na casa dos 15 a 20 milh\u00f5es de euros, valor que, no c\u00e2mbio atual, varia entre R$ 100 milh\u00f5es e R$ 133 milh\u00f5es.<\/p>\n\n\n\n<p>Apesar da vis\u00edvel inten\u00e7\u00e3o de atuar no futebol europeu, pesou na decis\u00e3o do atacante a sua forte liga\u00e7\u00e3o com o clube carioca. \u201cCheguei ao Vasco com apenas seis anos. Foi aqui que aprendi tudo. Essa camisa representa muito para mim\u201d, disse o jogador, que \u00e9 filho do ex-zagueiro Valkmar, atleta do Vasco na d\u00e9cada de 1990. A identifica\u00e7\u00e3o com o Cruz-Maltino e o apoio da fam\u00edlia foram determinantes para o acerto.<\/p>\n\n\n\n<p>Conforme os dados da atual temporada, Rayan soma dois gols em oito jogos. Em 2024, disputou 33 partidas, marcando duas vezes e contribuindo com uma assist\u00eancia. Entretanto, sua import\u00e2ncia transcende os n\u00fameros. Ele \u00e9 considerado uma das principais promessas formadas em S\u00e3o Janu\u00e1rio nos \u00faltimos anos.<\/p>\n\n\n\n<p>Em \u00e2mbito internacional, o jovem tamb\u00e9m se destaca. Em 2025, foi pe\u00e7a importante na conquista do t\u00edtulo sul-americano sub-20 com a Sele\u00e7\u00e3o Brasileira, resultado que assegurou vaga no Mundial da categoria. O feito refor\u00e7a a confian\u00e7a depositada no seu potencial por dirigentes e comiss\u00e3o t\u00e9cnica.<\/p>\n\n\n\n<p>No dia anterior \u00e0 renova\u00e7\u00e3o, Rayan foi homenageado pelo clube com uma camisa comemorativa por completar 50 partidas com a camisa cruzmaltina. At\u00e9 aqui, ele soma cinco gols e uma assist\u00eancia como profissional do Vasco, estat\u00edsticas que, embora modestas, n\u00e3o diminuem o entusiasmo com seu futuro.<\/p>\n\n\n\n<p>Em s\u00edntese, a renova\u00e7\u00e3o contratual de Rayan representa um passo estrat\u00e9gico no planejamento do Vasco para os pr\u00f3ximos anos. A manuten\u00e7\u00e3o de uma de suas principais promessas atende n\u00e3o apenas \u00e0 expectativa da torcida, mas tamb\u00e9m refor\u00e7a o projeto de valoriza\u00e7\u00e3o dos talentos formados internamente. Afinal, segur\u00e1-lo por mais tempo aumenta o poder de barganha do clube em futuras negocia\u00e7\u00f5es e evita perdas sem retorno financeiro.<\/p>\n\n\n\n<p><\/p>\n","protected":false},"excerpt":{"rendered":"<p>O Vasco oficializou nesta sexta-feira (11) a renova\u00e7\u00e3o contratual do atacante Rayan, de 18 anos. A joia revelada pelas categorias de base do clube estendeu seu v\u00ednculo at\u00e9 o final de 2026, encerrando um longo processo de negocia\u00e7\u00f5es e afastando o risco de perd\u00ea-lo sem compensa\u00e7\u00e3o financeira a partir do meio do ano. Anteriormente, o [&hellip;]<\/p>\n","protected":false},"author":30,"featured_media":161261,"comment_status":"open","ping_status":"closed","sticky":false,"template":"","format":"standard","meta":{"footnotes":""},"categories":[152],"tags":[],"class_list":["post-252394","post","type-post","status-publish","format-standard","has-post-thumbnail","hentry","category-vasco"],"yoast_head":"<!-- This site is optimized with the Yoast SEO Premium plugin v24.2 (Yoast SEO v26.9) - https:\/\/yoast.com\/product\/yoast-seo-premium-wordpress\/ -->\n<title>Vasco renova com atacante<\/title>\n<meta name=\"robots\" content=\"index, follow, max-snippet:-1, max-image-preview:large, max-video-preview:-1\" \/>\n<link rel=\"canonical\" href=\"https:\/\/www.gaveanews.com\/index.php\/2025\/04\/11\/vasco-renova-com-atacante\/\" \/>\n<meta property=\"og:locale\" content=\"pt_BR\" \/>\n<meta property=\"og:type\" content=\"article\" \/>\n<meta property=\"og:title\" content=\"Vasco renova com atacante\" \/>\n<meta property=\"og:description\" content=\"O Vasco oficializou nesta sexta-feira (11) a renova\u00e7\u00e3o contratual do atacante Rayan, de 18 anos. A joia revelada pelas categorias de base do clube estendeu seu v\u00ednculo at\u00e9 o final de 2026, encerrando um longo processo de negocia\u00e7\u00f5es e afastando o risco de perd\u00ea-lo sem compensa\u00e7\u00e3o financeira a partir do meio do ano. Anteriormente, o [&hellip;]\" \/>\n<meta property=\"og:url\" content=\"https:\/\/www.gaveanews.com\/index.php\/2025\/04\/11\/vasco-renova-com-atacante\/\" \/>\n<meta property=\"og:site_name\" content=\"G\u00e1vea News\" \/>\n<meta property=\"article:publisher\" content=\"https:\/\/facebook.com\/gaveaNews\/\" \/>\n<meta property=\"article:published_time\" content=\"2025-04-12T01:40:00+00:00\" \/>\n<meta property=\"og:image\" content=\"https:\/\/www.gaveanews.com\/wp-content\/uploads\/Camisa-do-Vasco-2024.webp\" \/>\n\t<meta property=\"og:image:width\" content=\"1059\" \/>\n\t<meta property=\"og:image:height\" content=\"794\" \/>\n\t<meta property=\"og:image:type\" content=\"image\/webp\" \/>\n<meta name=\"author\" content=\"Ana Teixeira\" \/>\n<meta name=\"twitter:card\" content=\"summary_large_image\" \/>\n<meta name=\"twitter:label1\" content=\"Escrito por\" \/>\n\t<meta name=\"twitter:data1\" content=\"Ana Teixeira\" \/>\n\t<meta name=\"twitter:label2\" content=\"Est. tempo de leitura\" \/>\n\t<meta name=\"twitter:data2\" content=\"3 minutos\" \/>\n<script type=\"application\/ld+json\" class=\"yoast-schema-graph\">{\"@context\":\"https:\/\/schema.org\",\"@graph\":[{\"@type\":\"NewsArticle\",\"@id\":\"https:\/\/www.gaveanews.com\/index.php\/2025\/04\/11\/vasco-renova-com-atacante\/#article\",\"isPartOf\":{\"@id\":\"https:\/\/www.gaveanews.com\/index.php\/2025\/04\/11\/vasco-renova-com-atacante\/\"},\"author\":{\"name\":\"Ana Teixeira\",\"@id\":\"https:\/\/www.gaveanews.com\/#\/schema\/person\/3b19f7288b0ce20372991275e4f2e6c2\"},\"headline\":\"Vasco renova com atacante\",\"datePublished\":\"2025-04-12T01:40:00+00:00\",\"mainEntityOfPage\":{\"@id\":\"https:\/\/www.gaveanews.com\/index.php\/2025\/04\/11\/vasco-renova-com-atacante\/\"},\"wordCount\":491,\"commentCount\":0,\"image\":{\"@id\":\"https:\/\/www.gaveanews.com\/index.php\/2025\/04\/11\/vasco-renova-com-atacante\/#primaryimage\"},\"thumbnailUrl\":\"https:\/\/www.gaveanews.com\/wp-content\/uploads\/Camisa-do-Vasco-2024.webp\",\"articleSection\":[\"Vasco\"],\"inLanguage\":\"pt-BR\",\"potentialAction\":[{\"@type\":\"CommentAction\",\"name\":\"Comment\",\"target\":[\"https:\/\/www.gaveanews.com\/index.php\/2025\/04\/11\/vasco-renova-com-atacante\/#respond\"]}],\"copyrightYear\":\"2025\",\"copyrightHolder\":{\"@id\":\"https:\/\/www.gaveanews.com\/#organization\"}},{\"@type\":\"WebPage\",\"@id\":\"https:\/\/www.gaveanews.com\/index.php\/2025\/04\/11\/vasco-renova-com-atacante\/\",\"url\":\"https:\/\/www.gaveanews.com\/index.php\/2025\/04\/11\/vasco-renova-com-atacante\/\",\"name\":\"Vasco renova com atacante\",\"isPartOf\":{\"@id\":\"https:\/\/www.gaveanews.com\/#website\"},\"primaryImageOfPage\":{\"@id\":\"https:\/\/www.gaveanews.com\/index.php\/2025\/04\/11\/vasco-renova-com-atacante\/#primaryimage\"},\"image\":{\"@id\":\"https:\/\/www.gaveanews.com\/index.php\/2025\/04\/11\/vasco-renova-com-atacante\/#primaryimage\"},\"thumbnailUrl\":\"https:\/\/www.gaveanews.com\/wp-content\/uploads\/Camisa-do-Vasco-2024.webp\",\"datePublished\":\"2025-04-12T01:40:00+00:00\",\"author\":{\"@id\":\"https:\/\/www.gaveanews.com\/#\/schema\/person\/3b19f7288b0ce20372991275e4f2e6c2\"},\"breadcrumb\":{\"@id\":\"https:\/\/www.gaveanews.com\/index.php\/2025\/04\/11\/vasco-renova-com-atacante\/#breadcrumb\"},\"inLanguage\":\"pt-BR\",\"potentialAction\":[{\"@type\":\"ReadAction\",\"target\":[\"https:\/\/www.gaveanews.com\/index.php\/2025\/04\/11\/vasco-renova-com-atacante\/\"]}]},{\"@type\":\"ImageObject\",\"inLanguage\":\"pt-BR\",\"@id\":\"https:\/\/www.gaveanews.com\/index.php\/2025\/04\/11\/vasco-renova-com-atacante\/#primaryimage\",\"url\":\"https:\/\/www.gaveanews.com\/wp-content\/uploads\/Camisa-do-Vasco-2024.webp\",\"contentUrl\":\"https:\/\/www.gaveanews.com\/wp-content\/uploads\/Camisa-do-Vasco-2024.webp\",\"width\":1059,\"height\":794,\"caption\":\"Camisa do Vasco 2024 (Foto: Reprodu\u00e7\u00e3o\/Instagram)\"},{\"@type\":\"BreadcrumbList\",\"@id\":\"https:\/\/www.gaveanews.com\/index.php\/2025\/04\/11\/vasco-renova-com-atacante\/#breadcrumb\",\"itemListElement\":[{\"@type\":\"ListItem\",\"position\":1,\"name\":\"Home\",\"item\":\"https:\/\/www.gaveanews.com\/\"},{\"@type\":\"ListItem\",\"position\":2,\"name\":\"Vasco renova com atacante\"}]},{\"@type\":\"WebSite\",\"@id\":\"https:\/\/www.gaveanews.com\/#website\",\"url\":\"https:\/\/www.gaveanews.com\/\",\"name\":\"G\u00e1vea News\",\"description\":\"Veja todas as not\u00edcias sobre o Flamengo: Contrata\u00e7\u00f5es, categorias de base, resultados das partidas, tabela de classifica\u00e7\u00e3o, pr\u00f3ximos jogos!\",\"potentialAction\":[{\"@type\":\"SearchAction\",\"target\":{\"@type\":\"EntryPoint\",\"urlTemplate\":\"https:\/\/www.gaveanews.com\/?s={search_term_string}\"},\"query-input\":{\"@type\":\"PropertyValueSpecification\",\"valueRequired\":true,\"valueName\":\"search_term_string\"}}],\"inLanguage\":\"pt-BR\"},{\"@type\":\"Person\",\"@id\":\"https:\/\/www.gaveanews.com\/#\/schema\/person\/3b19f7288b0ce20372991275e4f2e6c2\",\"name\":\"Ana Teixeira\",\"image\":{\"@type\":\"ImageObject\",\"inLanguage\":\"pt-BR\",\"@id\":\"https:\/\/www.gaveanews.com\/#\/schema\/person\/image\/\",\"url\":\"https:\/\/secure.gravatar.com\/avatar\/0a73f5a5258f3fed37fc2fa641892f3f7a4748456d4d4792f9bc550e6c19e06c?s=96&d=mm&r=g\",\"contentUrl\":\"https:\/\/secure.gravatar.com\/avatar\/0a73f5a5258f3fed37fc2fa641892f3f7a4748456d4d4792f9bc550e6c19e06c?s=96&d=mm&r=g\",\"caption\":\"Ana Teixeira\"}}]}<\/script>\n<!-- \/ Yoast SEO Premium plugin. -->","yoast_head_json":{"title":"Vasco renova com atacante","robots":{"index":"index","follow":"follow","max-snippet":"max-snippet:-1","max-image-preview":"max-image-preview:large","max-video-preview":"max-video-preview:-1"},"canonical":"https:\/\/www.gaveanews.com\/index.php\/2025\/04\/11\/vasco-renova-com-atacante\/","og_locale":"pt_BR","og_type":"article","og_title":"Vasco renova com atacante","og_description":"O Vasco oficializou nesta sexta-feira (11) a renova\u00e7\u00e3o contratual do atacante Rayan, de 18 anos. A joia revelada pelas categorias de base do clube estendeu seu v\u00ednculo at\u00e9 o final de 2026, encerrando um longo processo de negocia\u00e7\u00f5es e afastando o risco de perd\u00ea-lo sem compensa\u00e7\u00e3o financeira a partir do meio do ano. Anteriormente, o [&hellip;]","og_url":"https:\/\/www.gaveanews.com\/index.php\/2025\/04\/11\/vasco-renova-com-atacante\/","og_site_name":"G\u00e1vea News","article_publisher":"https:\/\/facebook.com\/gaveaNews\/","article_published_time":"2025-04-12T01:40:00+00:00","og_image":[{"width":1059,"height":794,"url":"https:\/\/www.gaveanews.com\/wp-content\/uploads\/Camisa-do-Vasco-2024.webp","type":"image\/webp"}],"author":"Ana Teixeira","twitter_card":"summary_large_image","twitter_misc":{"Escrito por":"Ana Teixeira","Est. tempo de leitura":"3 minutos"},"schema":{"@context":"https:\/\/schema.org","@graph":[{"@type":"NewsArticle","@id":"https:\/\/www.gaveanews.com\/index.php\/2025\/04\/11\/vasco-renova-com-atacante\/#article","isPartOf":{"@id":"https:\/\/www.gaveanews.com\/index.php\/2025\/04\/11\/vasco-renova-com-atacante\/"},"author":{"name":"Ana Teixeira","@id":"https:\/\/www.gaveanews.com\/#\/schema\/person\/3b19f7288b0ce20372991275e4f2e6c2"},"headline":"Vasco renova com atacante","datePublished":"2025-04-12T01:40:00+00:00","mainEntityOfPage":{"@id":"https:\/\/www.gaveanews.com\/index.php\/2025\/04\/11\/vasco-renova-com-atacante\/"},"wordCount":491,"commentCount":0,"image":{"@id":"https:\/\/www.gaveanews.com\/index.php\/2025\/04\/11\/vasco-renova-com-atacante\/#primaryimage"},"thumbnailUrl":"https:\/\/www.gaveanews.com\/wp-content\/uploads\/Camisa-do-Vasco-2024.webp","articleSection":["Vasco"],"inLanguage":"pt-BR","potentialAction":[{"@type":"CommentAction","name":"Comment","target":["https:\/\/www.gaveanews.com\/index.php\/2025\/04\/11\/vasco-renova-com-atacante\/#respond"]}],"copyrightYear":"2025","copyrightHolder":{"@id":"https:\/\/www.gaveanews.com\/#organization"}},{"@type":"WebPage","@id":"https:\/\/www.gaveanews.com\/index.php\/2025\/04\/11\/vasco-renova-com-atacante\/","url":"https:\/\/www.gaveanews.com\/index.php\/2025\/04\/11\/vasco-renova-com-atacante\/","name":"Vasco renova com atacante","isPartOf":{"@id":"https:\/\/www.gaveanews.com\/#website"},"primaryImageOfPage":{"@id":"https:\/\/www.gaveanews.com\/index.php\/2025\/04\/11\/vasco-renova-com-atacante\/#primaryimage"},"image":{"@id":"https:\/\/www.gaveanews.com\/index.php\/2025\/04\/11\/vasco-renova-com-atacante\/#primaryimage"},"thumbnailUrl":"https:\/\/www.gaveanews.com\/wp-content\/uploads\/Camisa-do-Vasco-2024.webp","datePublished":"2025-04-12T01:40:00+00:00","author":{"@id":"https:\/\/www.gaveanews.com\/#\/schema\/person\/3b19f7288b0ce20372991275e4f2e6c2"},"breadcrumb":{"@id":"https:\/\/www.gaveanews.com\/index.php\/2025\/04\/11\/vasco-renova-com-atacante\/#breadcrumb"},"inLanguage":"pt-BR","potentialAction":[{"@type":"ReadAction","target":["https:\/\/www.gaveanews.com\/index.php\/2025\/04\/11\/vasco-renova-com-atacante\/"]}]},{"@type":"ImageObject","inLanguage":"pt-BR","@id":"https:\/\/www.gaveanews.com\/index.php\/2025\/04\/11\/vasco-renova-com-atacante\/#primaryimage","url":"https:\/\/www.gaveanews.com\/wp-content\/uploads\/Camisa-do-Vasco-2024.webp","contentUrl":"https:\/\/www.gaveanews.com\/wp-content\/uploads\/Camisa-do-Vasco-2024.webp","width":1059,"height":794,"caption":"Camisa do Vasco 2024 (Foto: Reprodu\u00e7\u00e3o\/Instagram)"},{"@type":"BreadcrumbList","@id":"https:\/\/www.gaveanews.com\/index.php\/2025\/04\/11\/vasco-renova-com-atacante\/#breadcrumb","itemListElement":[{"@type":"ListItem","position":1,"name":"Home","item":"https:\/\/www.gaveanews.com\/"},{"@type":"ListItem","position":2,"name":"Vasco renova com atacante"}]},{"@type":"WebSite","@id":"https:\/\/www.gaveanews.com\/#website","url":"https:\/\/www.gaveanews.com\/","name":"G\u00e1vea News","description":"Veja todas as not\u00edcias sobre o Flamengo: Contrata\u00e7\u00f5es, categorias de base, resultados das partidas, tabela de classifica\u00e7\u00e3o, pr\u00f3ximos jogos!","potentialAction":[{"@type":"SearchAction","target":{"@type":"EntryPoint","urlTemplate":"https:\/\/www.gaveanews.com\/?s={search_term_string}"},"query-input":{"@type":"PropertyValueSpecification","valueRequired":true,"valueName":"search_term_string"}}],"inLanguage":"pt-BR"},{"@type":"Person","@id":"https:\/\/www.gaveanews.com\/#\/schema\/person\/3b19f7288b0ce20372991275e4f2e6c2","name":"Ana Teixeira","image":{"@type":"ImageObject","inLanguage":"pt-BR","@id":"https:\/\/www.gaveanews.com\/#\/schema\/person\/image\/","url":"https:\/\/secure.gravatar.com\/avatar\/0a73f5a5258f3fed37fc2fa641892f3f7a4748456d4d4792f9bc550e6c19e06c?s=96&d=mm&r=g","contentUrl":"https:\/\/secure.gravatar.com\/avatar\/0a73f5a5258f3fed37fc2fa641892f3f7a4748456d4d4792f9bc550e6c19e06c?s=96&d=mm&r=g","caption":"Ana Teixeira"}}]}},"_links":{"self":[{"href":"https:\/\/www.gaveanews.com\/index.php\/wp-json\/wp\/v2\/posts\/252394","targetHints":{"allow":["GET"]}}],"collection":[{"href":"https:\/\/www.gaveanews.com\/index.php\/wp-json\/wp\/v2\/posts"}],"about":[{"href":"https:\/\/www.gaveanews.com\/index.php\/wp-json\/wp\/v2\/types\/post"}],"author":[{"embeddable":true,"href":"https:\/\/www.gaveanews.com\/index.php\/wp-json\/wp\/v2\/users\/30"}],"replies":[{"embeddable":true,"href":"https:\/\/www.gaveanews.com\/index.php\/wp-json\/wp\/v2\/comments?post=252394"}],"version-history":[{"count":1,"href":"https:\/\/www.gaveanews.com\/index.php\/wp-json\/wp\/v2\/posts\/252394\/revisions"}],"predecessor-version":[{"id":252412,"href":"https:\/\/www.gaveanews.com\/index.php\/wp-json\/wp\/v2\/posts\/252394\/revisions\/252412"}],"wp:featuredmedia":[{"embeddable":true,"href":"https:\/\/www.gaveanews.com\/index.php\/wp-json\/wp\/v2\/media\/161261"}],"wp:attachment":[{"href":"https:\/\/www.gaveanews.com\/index.php\/wp-json\/wp\/v2\/media?parent=252394"}],"wp:term":[{"taxonomy":"category","embeddable":true,"href":"https:\/\/www.gaveanews.com\/index.php\/wp-json\/wp\/v2\/categories?post=252394"},{"taxonomy":"post_tag","embeddable":true,"href":"https:\/\/www.gaveanews.com\/index.php\/wp-json\/wp\/v2\/tags?post=252394"}],"curies":[{"name":"wp","href":"https:\/\/api.w.org\/{rel}","templated":true}]}}