{"id":252429,"date":"2025-04-12T00:20:00","date_gmt":"2025-04-12T03:20:00","guid":{"rendered":"https:\/\/www.gaveanews.com\/?p=252429"},"modified":"2025-04-11T17:44:16","modified_gmt":"2025-04-11T20:44:16","slug":"cicinho-cobra-demissao-de-luis-zubeldia-no-sao-paulo","status":"publish","type":"post","link":"https:\/\/www.gaveanews.com\/index.php\/2025\/04\/12\/cicinho-cobra-demissao-de-luis-zubeldia-no-sao-paulo\/","title":{"rendered":"Cicinho cobra demiss\u00e3o de Luis Zubeld\u00eda no S\u00e3o Paulo"},"content":{"rendered":"\n<p>O empate do S\u00e3o Paulo contra o Alianza Lima pela Libertadores n\u00e3o foi apenas um trope\u00e7o. Para Cicinho, ex-lateral e atual comentarista, o resultado escancarou problemas s\u00e9rios no time de Luis Zubeld\u00eda. O Tricolor chegou a abrir 2 a 0, mas cedeu o empate na segunda etapa, algo que, segundo o ex-jogador, &#8220;assustou&#8221; a torcida e pode custar caro no mata-mata.<\/p>\n\n\n\n<h2 class=\"wp-block-heading\" id=\"h-mudanca-drastica-no-segundo-tempo-preocupa\">Mudan\u00e7a dr\u00e1stica no segundo tempo preocupa<\/h2>\n\n\n\n<figure class=\"wp-block-image size-full\"><img loading=\"lazy\" decoding=\"async\" width=\"570\" height=\"321\" src=\"http:\/\/www.gaveanews.com\/wp-content\/uploads\/i-18.webp\" alt=\"\" class=\"wp-image-143461\" srcset=\"https:\/\/www.gaveanews.com\/wp-content\/uploads\/i-18.webp 570w, https:\/\/www.gaveanews.com\/wp-content\/uploads\/i-18-300x169.webp 300w, https:\/\/www.gaveanews.com\/wp-content\/uploads\/i-18-100x56.webp 100w\" sizes=\"auto, (max-width: 570px) 100vw, 570px\" \/><figcaption class=\"wp-element-caption\">Luis Zubeld\u00eda durante S\u00e3o Paulo x Fluminense Alexandre Schneider\/Getty Images\n<\/figcaption><\/figure>\n\n\n\n<p>A atua\u00e7\u00e3o do S\u00e3o Paulo nos dois tempos foi completamente distinta, o que levou Cicinho a apontar o treinador como principal respons\u00e1vel pelo resultado. O ex-jogador destacou que o Tricolor dominou a primeira etapa e poderia ter goleado. No entanto, a equipe se desorganizou ap\u00f3s o intervalo e acabou sofrendo dois gols.<\/p>\n\n\n\n<p>\u201cO que assusta o torcedor s\u00e3o-paulino \u00e9 que foi um S\u00e3o Paulo no primeiro tempo e outro S\u00e3o Paulo no segundo tempo. Estamos falando de um advers\u00e1rio completamente inferior. No primeiro tempo, poderia ter aplicado tr\u00eas ou quatro a zero. No segundo tempo, n\u00e3o sofreu para que tomasse dois gols.\u201d, disse Cicinho na BandNews.<\/p>\n\n\n\n<p>Al\u00e9m disso, ele criticou a postura defensiva da equipe na reta final. \u201cO S\u00e3o Paulo abriu o sistema defensivo e isso abriu espa\u00e7o. O S\u00e3o Paulo foi desmanchado no segundo tempo e isso tem que jogar na conta do treinador. Foi uma equipe totalmente ap\u00e1tica no segundo tempo por conta de algumas substitui\u00e7\u00f5es e que cedeu o empate em dois chutes no gol.\u201d, acrescentou.<\/p>\n\n\n\n<h2 class=\"wp-block-heading\" id=\"h-troca-no-comando-deve-ser-considerada\">Troca no comando deve ser considerada?<\/h2>\n\n\n\n<p>Diante da irregularidade do S\u00e3o Paulo, Cicinho n\u00e3o hesitou em sugerir que uma troca de t\u00e9cnico seja cogitada. Isso porque a Libertadores n\u00e3o permite erros, e uma oscila\u00e7\u00e3o desse tipo pode custar caro no mata-mata.<\/p>\n\n\n\n<p>\u201cO S\u00e3o Paulo precisa ligar o sinal de alerta e precisa, urgentemente, pensar na possibilidade de uma troca de treinador.\u201d, afirmou.<\/p>\n\n\n\n<h2 class=\"wp-block-heading\" id=\"h-substituicoes-de-zubeldia-viram-alvo-de-criticas\">Substitui\u00e7\u00f5es de Zubeld\u00eda viram alvo de cr\u00edticas<\/h2>\n\n\n\n<p>Cicinho tamb\u00e9m n\u00e3o poupou o treinador pela decis\u00e3o de tirar Ferreirinha, autor dos dois gols, na segunda etapa. Para ele, Zubeld\u00eda desmontou o time ao substituir o atacante por Wendell, quando poderia ter mantido a ofensividade.<\/p>\n\n\n\n<p>\u201cO que penalizou o S\u00e3o Paulo foi a sa\u00edda do Ferreirinha. Parece que ele cansou\u2026 Desmontou o time do S\u00e3o Paulo. Por que n\u00e3o colocou o Andr\u00e9 Silva aberto pela esquerda? Iria manter a versatilidade no ataque do S\u00e3o Paulo.\u201d, questionou.<\/p>\n\n\n\n<p>Sendo assim, a press\u00e3o sobre Zubeld\u00eda tende a aumentar. Vale destacar que a Libertadores n\u00e3o d\u00e1 margem para erros, e o S\u00e3o Paulo precisa encontrar rapidamente uma regularidade. Com isso, resta saber se a diretoria seguir\u00e1 com o treinador ou se tomar\u00e1 uma decis\u00e3o dr\u00e1stica nas pr\u00f3ximas semanas.<\/p>\n","protected":false},"excerpt":{"rendered":"<p>O empate do S\u00e3o Paulo contra o Alianza Lima pela Libertadores n\u00e3o foi apenas um trope\u00e7o. Para Cicinho, ex-lateral e atual comentarista, o resultado escancarou problemas s\u00e9rios no time de Luis Zubeld\u00eda. O Tricolor chegou a abrir 2 a 0, mas cedeu o empate na segunda etapa, algo que, segundo o ex-jogador, &#8220;assustou&#8221; a torcida [&hellip;]<\/p>\n","protected":false},"author":24,"featured_media":215675,"comment_status":"open","ping_status":"closed","sticky":false,"template":"","format":"standard","meta":{"footnotes":""},"categories":[151],"tags":[],"class_list":["post-252429","post","type-post","status-publish","format-standard","has-post-thumbnail","hentry","category-sao-paulo"],"yoast_head":"<!-- This site is optimized with the Yoast SEO Premium plugin v24.2 (Yoast SEO v26.9) - https:\/\/yoast.com\/product\/yoast-seo-premium-wordpress\/ -->\n<title>Cicinho cobra demiss\u00e3o de Luis Zubeld\u00eda no S\u00e3o Paulo<\/title>\n<meta name=\"robots\" content=\"index, follow, max-snippet:-1, max-image-preview:large, max-video-preview:-1\" \/>\n<link rel=\"canonical\" href=\"https:\/\/www.gaveanews.com\/index.php\/2025\/04\/12\/cicinho-cobra-demissao-de-luis-zubeldia-no-sao-paulo\/\" \/>\n<meta property=\"og:locale\" content=\"pt_BR\" \/>\n<meta property=\"og:type\" content=\"article\" \/>\n<meta property=\"og:title\" content=\"Cicinho cobra demiss\u00e3o de Luis Zubeld\u00eda no S\u00e3o Paulo\" \/>\n<meta property=\"og:description\" content=\"O empate do S\u00e3o Paulo contra o Alianza Lima pela Libertadores n\u00e3o foi apenas um trope\u00e7o. Para Cicinho, ex-lateral e atual comentarista, o resultado escancarou problemas s\u00e9rios no time de Luis Zubeld\u00eda. O Tricolor chegou a abrir 2 a 0, mas cedeu o empate na segunda etapa, algo que, segundo o ex-jogador, &#8220;assustou&#8221; a torcida [&hellip;]\" \/>\n<meta property=\"og:url\" content=\"https:\/\/www.gaveanews.com\/index.php\/2025\/04\/12\/cicinho-cobra-demissao-de-luis-zubeldia-no-sao-paulo\/\" \/>\n<meta property=\"og:site_name\" content=\"G\u00e1vea News\" \/>\n<meta property=\"article:publisher\" content=\"https:\/\/facebook.com\/gaveaNews\/\" \/>\n<meta property=\"article:published_time\" content=\"2025-04-12T03:20:00+00:00\" \/>\n<meta property=\"og:image\" content=\"https:\/\/www.gaveanews.com\/wp-content\/uploads\/20210810-cicinho-arena-sbt.webp\" \/>\n\t<meta property=\"og:image:width\" content=\"941\" \/>\n\t<meta property=\"og:image:height\" content=\"589\" \/>\n\t<meta property=\"og:image:type\" content=\"image\/jpeg\" \/>\n<meta name=\"author\" content=\"Leandro Cardoso\" \/>\n<meta name=\"twitter:card\" content=\"summary_large_image\" \/>\n<meta name=\"twitter:label1\" content=\"Escrito por\" \/>\n\t<meta name=\"twitter:data1\" content=\"Leandro Cardoso\" \/>\n\t<meta name=\"twitter:label2\" content=\"Est. tempo de leitura\" \/>\n\t<meta name=\"twitter:data2\" content=\"3 minutos\" \/>\n<script type=\"application\/ld+json\" class=\"yoast-schema-graph\">{\"@context\":\"https:\/\/schema.org\",\"@graph\":[{\"@type\":\"NewsArticle\",\"@id\":\"https:\/\/www.gaveanews.com\/index.php\/2025\/04\/12\/cicinho-cobra-demissao-de-luis-zubeldia-no-sao-paulo\/#article\",\"isPartOf\":{\"@id\":\"https:\/\/www.gaveanews.com\/index.php\/2025\/04\/12\/cicinho-cobra-demissao-de-luis-zubeldia-no-sao-paulo\/\"},\"author\":{\"name\":\"Leandro Cardoso\",\"@id\":\"https:\/\/www.gaveanews.com\/#\/schema\/person\/2424ec6409bc3f068411fc5e4e9b6168\"},\"headline\":\"Cicinho cobra demiss\u00e3o de Luis Zubeld\u00eda no S\u00e3o Paulo\",\"datePublished\":\"2025-04-12T03:20:00+00:00\",\"mainEntityOfPage\":{\"@id\":\"https:\/\/www.gaveanews.com\/index.php\/2025\/04\/12\/cicinho-cobra-demissao-de-luis-zubeldia-no-sao-paulo\/\"},\"wordCount\":501,\"commentCount\":0,\"image\":{\"@id\":\"https:\/\/www.gaveanews.com\/index.php\/2025\/04\/12\/cicinho-cobra-demissao-de-luis-zubeldia-no-sao-paulo\/#primaryimage\"},\"thumbnailUrl\":\"https:\/\/www.gaveanews.com\/wp-content\/uploads\/20210810-cicinho-arena-sbt.webp\",\"articleSection\":[\"S\u00e3o Paulo\"],\"inLanguage\":\"pt-BR\",\"potentialAction\":[{\"@type\":\"CommentAction\",\"name\":\"Comment\",\"target\":[\"https:\/\/www.gaveanews.com\/index.php\/2025\/04\/12\/cicinho-cobra-demissao-de-luis-zubeldia-no-sao-paulo\/#respond\"]}],\"copyrightYear\":\"2025\",\"copyrightHolder\":{\"@id\":\"https:\/\/www.gaveanews.com\/#organization\"}},{\"@type\":\"WebPage\",\"@id\":\"https:\/\/www.gaveanews.com\/index.php\/2025\/04\/12\/cicinho-cobra-demissao-de-luis-zubeldia-no-sao-paulo\/\",\"url\":\"https:\/\/www.gaveanews.com\/index.php\/2025\/04\/12\/cicinho-cobra-demissao-de-luis-zubeldia-no-sao-paulo\/\",\"name\":\"Cicinho cobra demiss\u00e3o de Luis Zubeld\u00eda no S\u00e3o Paulo\",\"isPartOf\":{\"@id\":\"https:\/\/www.gaveanews.com\/#website\"},\"primaryImageOfPage\":{\"@id\":\"https:\/\/www.gaveanews.com\/index.php\/2025\/04\/12\/cicinho-cobra-demissao-de-luis-zubeldia-no-sao-paulo\/#primaryimage\"},\"image\":{\"@id\":\"https:\/\/www.gaveanews.com\/index.php\/2025\/04\/12\/cicinho-cobra-demissao-de-luis-zubeldia-no-sao-paulo\/#primaryimage\"},\"thumbnailUrl\":\"https:\/\/www.gaveanews.com\/wp-content\/uploads\/20210810-cicinho-arena-sbt.webp\",\"datePublished\":\"2025-04-12T03:20:00+00:00\",\"author\":{\"@id\":\"https:\/\/www.gaveanews.com\/#\/schema\/person\/2424ec6409bc3f068411fc5e4e9b6168\"},\"breadcrumb\":{\"@id\":\"https:\/\/www.gaveanews.com\/index.php\/2025\/04\/12\/cicinho-cobra-demissao-de-luis-zubeldia-no-sao-paulo\/#breadcrumb\"},\"inLanguage\":\"pt-BR\",\"potentialAction\":[{\"@type\":\"ReadAction\",\"target\":[\"https:\/\/www.gaveanews.com\/index.php\/2025\/04\/12\/cicinho-cobra-demissao-de-luis-zubeldia-no-sao-paulo\/\"]}]},{\"@type\":\"ImageObject\",\"inLanguage\":\"pt-BR\",\"@id\":\"https:\/\/www.gaveanews.com\/index.php\/2025\/04\/12\/cicinho-cobra-demissao-de-luis-zubeldia-no-sao-paulo\/#primaryimage\",\"url\":\"https:\/\/www.gaveanews.com\/wp-content\/uploads\/20210810-cicinho-arena-sbt.webp\",\"contentUrl\":\"https:\/\/www.gaveanews.com\/wp-content\/uploads\/20210810-cicinho-arena-sbt.webp\",\"width\":941,\"height\":589,\"caption\":\"Cicinho, comentarista do SBT (Foto: Reprodu\u00e7\u00e3o)\"},{\"@type\":\"BreadcrumbList\",\"@id\":\"https:\/\/www.gaveanews.com\/index.php\/2025\/04\/12\/cicinho-cobra-demissao-de-luis-zubeldia-no-sao-paulo\/#breadcrumb\",\"itemListElement\":[{\"@type\":\"ListItem\",\"position\":1,\"name\":\"Home\",\"item\":\"https:\/\/www.gaveanews.com\/\"},{\"@type\":\"ListItem\",\"position\":2,\"name\":\"Cicinho cobra demiss\u00e3o de Luis Zubeld\u00eda no S\u00e3o Paulo\"}]},{\"@type\":\"WebSite\",\"@id\":\"https:\/\/www.gaveanews.com\/#website\",\"url\":\"https:\/\/www.gaveanews.com\/\",\"name\":\"G\u00e1vea News\",\"description\":\"Veja todas as not\u00edcias sobre o Flamengo: Contrata\u00e7\u00f5es, categorias de base, resultados das partidas, tabela de classifica\u00e7\u00e3o, pr\u00f3ximos jogos!\",\"potentialAction\":[{\"@type\":\"SearchAction\",\"target\":{\"@type\":\"EntryPoint\",\"urlTemplate\":\"https:\/\/www.gaveanews.com\/?s={search_term_string}\"},\"query-input\":{\"@type\":\"PropertyValueSpecification\",\"valueRequired\":true,\"valueName\":\"search_term_string\"}}],\"inLanguage\":\"pt-BR\"},{\"@type\":\"Person\",\"@id\":\"https:\/\/www.gaveanews.com\/#\/schema\/person\/2424ec6409bc3f068411fc5e4e9b6168\",\"name\":\"Leandro Cardoso\",\"image\":{\"@type\":\"ImageObject\",\"inLanguage\":\"pt-BR\",\"@id\":\"https:\/\/www.gaveanews.com\/#\/schema\/person\/image\/\",\"url\":\"https:\/\/secure.gravatar.com\/avatar\/8ca179f9b55eefe9f376f5493ef25475bfa59fbc28ce937f6076ce20e523098f?s=96&d=mm&r=g\",\"contentUrl\":\"https:\/\/secure.gravatar.com\/avatar\/8ca179f9b55eefe9f376f5493ef25475bfa59fbc28ce937f6076ce20e523098f?s=96&d=mm&r=g\",\"caption\":\"Leandro Cardoso\"}}]}<\/script>\n<!-- \/ Yoast SEO Premium plugin. -->","yoast_head_json":{"title":"Cicinho cobra demiss\u00e3o de Luis Zubeld\u00eda no S\u00e3o Paulo","robots":{"index":"index","follow":"follow","max-snippet":"max-snippet:-1","max-image-preview":"max-image-preview:large","max-video-preview":"max-video-preview:-1"},"canonical":"https:\/\/www.gaveanews.com\/index.php\/2025\/04\/12\/cicinho-cobra-demissao-de-luis-zubeldia-no-sao-paulo\/","og_locale":"pt_BR","og_type":"article","og_title":"Cicinho cobra demiss\u00e3o de Luis Zubeld\u00eda no S\u00e3o Paulo","og_description":"O empate do S\u00e3o Paulo contra o Alianza Lima pela Libertadores n\u00e3o foi apenas um trope\u00e7o. Para Cicinho, ex-lateral e atual comentarista, o resultado escancarou problemas s\u00e9rios no time de Luis Zubeld\u00eda. O Tricolor chegou a abrir 2 a 0, mas cedeu o empate na segunda etapa, algo que, segundo o ex-jogador, &#8220;assustou&#8221; a torcida [&hellip;]","og_url":"https:\/\/www.gaveanews.com\/index.php\/2025\/04\/12\/cicinho-cobra-demissao-de-luis-zubeldia-no-sao-paulo\/","og_site_name":"G\u00e1vea News","article_publisher":"https:\/\/facebook.com\/gaveaNews\/","article_published_time":"2025-04-12T03:20:00+00:00","og_image":[{"width":941,"height":589,"url":"https:\/\/www.gaveanews.com\/wp-content\/uploads\/20210810-cicinho-arena-sbt.webp","type":"image\/jpeg"}],"author":"Leandro Cardoso","twitter_card":"summary_large_image","twitter_misc":{"Escrito por":"Leandro Cardoso","Est. tempo de leitura":"3 minutos"},"schema":{"@context":"https:\/\/schema.org","@graph":[{"@type":"NewsArticle","@id":"https:\/\/www.gaveanews.com\/index.php\/2025\/04\/12\/cicinho-cobra-demissao-de-luis-zubeldia-no-sao-paulo\/#article","isPartOf":{"@id":"https:\/\/www.gaveanews.com\/index.php\/2025\/04\/12\/cicinho-cobra-demissao-de-luis-zubeldia-no-sao-paulo\/"},"author":{"name":"Leandro Cardoso","@id":"https:\/\/www.gaveanews.com\/#\/schema\/person\/2424ec6409bc3f068411fc5e4e9b6168"},"headline":"Cicinho cobra demiss\u00e3o de Luis Zubeld\u00eda no S\u00e3o Paulo","datePublished":"2025-04-12T03:20:00+00:00","mainEntityOfPage":{"@id":"https:\/\/www.gaveanews.com\/index.php\/2025\/04\/12\/cicinho-cobra-demissao-de-luis-zubeldia-no-sao-paulo\/"},"wordCount":501,"commentCount":0,"image":{"@id":"https:\/\/www.gaveanews.com\/index.php\/2025\/04\/12\/cicinho-cobra-demissao-de-luis-zubeldia-no-sao-paulo\/#primaryimage"},"thumbnailUrl":"https:\/\/www.gaveanews.com\/wp-content\/uploads\/20210810-cicinho-arena-sbt.webp","articleSection":["S\u00e3o Paulo"],"inLanguage":"pt-BR","potentialAction":[{"@type":"CommentAction","name":"Comment","target":["https:\/\/www.gaveanews.com\/index.php\/2025\/04\/12\/cicinho-cobra-demissao-de-luis-zubeldia-no-sao-paulo\/#respond"]}],"copyrightYear":"2025","copyrightHolder":{"@id":"https:\/\/www.gaveanews.com\/#organization"}},{"@type":"WebPage","@id":"https:\/\/www.gaveanews.com\/index.php\/2025\/04\/12\/cicinho-cobra-demissao-de-luis-zubeldia-no-sao-paulo\/","url":"https:\/\/www.gaveanews.com\/index.php\/2025\/04\/12\/cicinho-cobra-demissao-de-luis-zubeldia-no-sao-paulo\/","name":"Cicinho cobra demiss\u00e3o de Luis Zubeld\u00eda no S\u00e3o Paulo","isPartOf":{"@id":"https:\/\/www.gaveanews.com\/#website"},"primaryImageOfPage":{"@id":"https:\/\/www.gaveanews.com\/index.php\/2025\/04\/12\/cicinho-cobra-demissao-de-luis-zubeldia-no-sao-paulo\/#primaryimage"},"image":{"@id":"https:\/\/www.gaveanews.com\/index.php\/2025\/04\/12\/cicinho-cobra-demissao-de-luis-zubeldia-no-sao-paulo\/#primaryimage"},"thumbnailUrl":"https:\/\/www.gaveanews.com\/wp-content\/uploads\/20210810-cicinho-arena-sbt.webp","datePublished":"2025-04-12T03:20:00+00:00","author":{"@id":"https:\/\/www.gaveanews.com\/#\/schema\/person\/2424ec6409bc3f068411fc5e4e9b6168"},"breadcrumb":{"@id":"https:\/\/www.gaveanews.com\/index.php\/2025\/04\/12\/cicinho-cobra-demissao-de-luis-zubeldia-no-sao-paulo\/#breadcrumb"},"inLanguage":"pt-BR","potentialAction":[{"@type":"ReadAction","target":["https:\/\/www.gaveanews.com\/index.php\/2025\/04\/12\/cicinho-cobra-demissao-de-luis-zubeldia-no-sao-paulo\/"]}]},{"@type":"ImageObject","inLanguage":"pt-BR","@id":"https:\/\/www.gaveanews.com\/index.php\/2025\/04\/12\/cicinho-cobra-demissao-de-luis-zubeldia-no-sao-paulo\/#primaryimage","url":"https:\/\/www.gaveanews.com\/wp-content\/uploads\/20210810-cicinho-arena-sbt.webp","contentUrl":"https:\/\/www.gaveanews.com\/wp-content\/uploads\/20210810-cicinho-arena-sbt.webp","width":941,"height":589,"caption":"Cicinho, comentarista do SBT (Foto: Reprodu\u00e7\u00e3o)"},{"@type":"BreadcrumbList","@id":"https:\/\/www.gaveanews.com\/index.php\/2025\/04\/12\/cicinho-cobra-demissao-de-luis-zubeldia-no-sao-paulo\/#breadcrumb","itemListElement":[{"@type":"ListItem","position":1,"name":"Home","item":"https:\/\/www.gaveanews.com\/"},{"@type":"ListItem","position":2,"name":"Cicinho cobra demiss\u00e3o de Luis Zubeld\u00eda no S\u00e3o Paulo"}]},{"@type":"WebSite","@id":"https:\/\/www.gaveanews.com\/#website","url":"https:\/\/www.gaveanews.com\/","name":"G\u00e1vea News","description":"Veja todas as not\u00edcias sobre o Flamengo: Contrata\u00e7\u00f5es, categorias de base, resultados das partidas, tabela de classifica\u00e7\u00e3o, pr\u00f3ximos jogos!","potentialAction":[{"@type":"SearchAction","target":{"@type":"EntryPoint","urlTemplate":"https:\/\/www.gaveanews.com\/?s={search_term_string}"},"query-input":{"@type":"PropertyValueSpecification","valueRequired":true,"valueName":"search_term_string"}}],"inLanguage":"pt-BR"},{"@type":"Person","@id":"https:\/\/www.gaveanews.com\/#\/schema\/person\/2424ec6409bc3f068411fc5e4e9b6168","name":"Leandro Cardoso","image":{"@type":"ImageObject","inLanguage":"pt-BR","@id":"https:\/\/www.gaveanews.com\/#\/schema\/person\/image\/","url":"https:\/\/secure.gravatar.com\/avatar\/8ca179f9b55eefe9f376f5493ef25475bfa59fbc28ce937f6076ce20e523098f?s=96&d=mm&r=g","contentUrl":"https:\/\/secure.gravatar.com\/avatar\/8ca179f9b55eefe9f376f5493ef25475bfa59fbc28ce937f6076ce20e523098f?s=96&d=mm&r=g","caption":"Leandro Cardoso"}}]}},"_links":{"self":[{"href":"https:\/\/www.gaveanews.com\/index.php\/wp-json\/wp\/v2\/posts\/252429","targetHints":{"allow":["GET"]}}],"collection":[{"href":"https:\/\/www.gaveanews.com\/index.php\/wp-json\/wp\/v2\/posts"}],"about":[{"href":"https:\/\/www.gaveanews.com\/index.php\/wp-json\/wp\/v2\/types\/post"}],"author":[{"embeddable":true,"href":"https:\/\/www.gaveanews.com\/index.php\/wp-json\/wp\/v2\/users\/24"}],"replies":[{"embeddable":true,"href":"https:\/\/www.gaveanews.com\/index.php\/wp-json\/wp\/v2\/comments?post=252429"}],"version-history":[{"count":1,"href":"https:\/\/www.gaveanews.com\/index.php\/wp-json\/wp\/v2\/posts\/252429\/revisions"}],"predecessor-version":[{"id":252438,"href":"https:\/\/www.gaveanews.com\/index.php\/wp-json\/wp\/v2\/posts\/252429\/revisions\/252438"}],"wp:featuredmedia":[{"embeddable":true,"href":"https:\/\/www.gaveanews.com\/index.php\/wp-json\/wp\/v2\/media\/215675"}],"wp:attachment":[{"href":"https:\/\/www.gaveanews.com\/index.php\/wp-json\/wp\/v2\/media?parent=252429"}],"wp:term":[{"taxonomy":"category","embeddable":true,"href":"https:\/\/www.gaveanews.com\/index.php\/wp-json\/wp\/v2\/categories?post=252429"},{"taxonomy":"post_tag","embeddable":true,"href":"https:\/\/www.gaveanews.com\/index.php\/wp-json\/wp\/v2\/tags?post=252429"}],"curies":[{"name":"wp","href":"https:\/\/api.w.org\/{rel}","templated":true}]}}