{"id":25255,"date":"2019-08-19T18:55:42","date_gmt":"2019-08-19T21:55:42","guid":{"rendered":"http:\/\/www.gaveanews.com\/?p=25255"},"modified":"2019-08-19T18:55:43","modified_gmt":"2019-08-19T21:55:43","slug":"video-meia-do-manchester-united-revela-carinho-pelo-flamengo-e-diz-ter-cachorro-chamado-zico","status":"publish","type":"post","link":"https:\/\/www.gaveanews.com\/index.php\/2019\/08\/19\/video-meia-do-manchester-united-revela-carinho-pelo-flamengo-e-diz-ter-cachorro-chamado-zico\/","title":{"rendered":"V\u00eddeo: Meia do Manchester United revela carinho pelo Flamengo e diz ter cachorro chamado Zico"},"content":{"rendered":"\n<p>O Flamengo \u00e9 um clube conhecido em todo o mundo. Nos \u00faltimos anos, com as compras e vendas envolvendo mercado de outros pa\u00edses, a marca tem se intensificado ainda mais. Em meio a isso, mais um atleta que revelou ter um certo carinho pelo Rubro-Negro foi o meia Andreas Pereira, do Manchester United.<\/p>\n\n\n\n<p>Com dupla nacionalidade, Andreas \u00e9 filho de brasileiros, mas nasceu na B\u00e9lgica. Em entrevista ao canal&nbsp;<em>Pilhado,&nbsp;<\/em>do jornalista Thiago Asmar, ele revelou que seu pai era um grande f\u00e3 de Zico, maior \u00eddolo da hist\u00f3ria do Flamengo. Sendo assim, desde crian\u00e7a ele passou a conhecer o jogador e o clube.<\/p>\n\n\n\n<p>\u2013&nbsp;<em>Zico (\u00e9 o nome do cachorro). Meu pai sempre gostou do Zico como jogador, isso ficou na minha cabe\u00e7a desde pequeno. Eu ficava vendo v\u00eddeo do Zico, muito habilidoso. Existe um certo carinho sim (pelo Flamengo)<\/em>&nbsp;-, contou o meia, que tem sido titular no in\u00edcio de temporada da equipe inglesa.<\/p>\n\n\n\n<p><strong>ASSISTA AO V\u00cdDEO NA \u00cdNTEGRA:<\/strong><\/p>\n\n\n\n<figure class=\"wp-block-embed-youtube wp-block-embed\"><div class=\"wp-block-embed__wrapper\">\n<iframe loading=\"lazy\" title=\"\u201cJ\u00c1 NEGUEI O BARCELONA!\u201d l Andreas Pereira, do Manchester United\" width=\"640\" height=\"360\" src=\"https:\/\/www.youtube.com\/embed\/Me8Vf5kIeKg?feature=oembed\" frameborder=\"0\" allow=\"accelerometer; autoplay; clipboard-write; encrypted-media; gyroscope; picture-in-picture; web-share\" referrerpolicy=\"strict-origin-when-cross-origin\" allowfullscreen><\/iframe>\n<\/div><\/figure>\n\n\n\n\n\n<p>Retirado de: Coluna do Fla<\/p>\n","protected":false},"excerpt":{"rendered":"<p>O Flamengo \u00e9 um clube conhecido em todo o mundo. Nos \u00faltimos anos, com as compras e vendas envolvendo mercado de outros pa\u00edses, a marca tem se intensificado ainda mais. Em meio a isso, mais um atleta que revelou ter um certo carinho pelo Rubro-Negro foi o meia Andreas Pereira, do Manchester United. Com dupla [&hellip;]<\/p>\n","protected":false},"author":1,"featured_media":15070,"comment_status":"open","ping_status":"open","sticky":false,"template":"","format":"standard","meta":{"footnotes":""},"categories":[40],"tags":[],"class_list":["post-25255","post","type-post","status-publish","format-standard","has-post-thumbnail","hentry","category-video"],"yoast_head":"<!-- This site is optimized with the Yoast SEO Premium plugin v24.2 (Yoast SEO v26.9) - https:\/\/yoast.com\/product\/yoast-seo-premium-wordpress\/ -->\n<title>V\u00eddeo: Meia do Manchester United revela carinho pelo Flamengo e diz ter cachorro chamado Zico<\/title>\n<meta name=\"robots\" content=\"index, follow, max-snippet:-1, max-image-preview:large, max-video-preview:-1\" \/>\n<link rel=\"canonical\" href=\"https:\/\/www.gaveanews.com\/index.php\/2019\/08\/19\/video-meia-do-manchester-united-revela-carinho-pelo-flamengo-e-diz-ter-cachorro-chamado-zico\/\" \/>\n<meta property=\"og:locale\" content=\"pt_BR\" \/>\n<meta property=\"og:type\" content=\"article\" \/>\n<meta property=\"og:title\" content=\"V\u00eddeo: Meia do Manchester United revela carinho pelo Flamengo e diz ter cachorro chamado Zico\" \/>\n<meta property=\"og:description\" content=\"O Flamengo \u00e9 um clube conhecido em todo o mundo. Nos \u00faltimos anos, com as compras e vendas envolvendo mercado de outros pa\u00edses, a marca tem se intensificado ainda mais. Em meio a isso, mais um atleta que revelou ter um certo carinho pelo Rubro-Negro foi o meia Andreas Pereira, do Manchester United. Com dupla [&hellip;]\" \/>\n<meta property=\"og:url\" content=\"https:\/\/www.gaveanews.com\/index.php\/2019\/08\/19\/video-meia-do-manchester-united-revela-carinho-pelo-flamengo-e-diz-ter-cachorro-chamado-zico\/\" \/>\n<meta property=\"og:site_name\" content=\"G\u00e1vea News\" \/>\n<meta property=\"article:publisher\" content=\"https:\/\/facebook.com\/gaveaNews\/\" \/>\n<meta property=\"article:published_time\" content=\"2019-08-19T21:55:42+00:00\" \/>\n<meta property=\"article:modified_time\" content=\"2019-08-19T21:55:43+00:00\" \/>\n<meta property=\"og:image\" content=\"https:\/\/www.gaveanews.com\/wp-content\/uploads\/2019\/03\/Zico-acena-para-os-torcedores-do-Flamengo-durante-partida-no-Maracana.webp\" \/>\n\t<meta property=\"og:image:width\" content=\"1\" \/>\n\t<meta property=\"og:image:height\" content=\"1\" \/>\n\t<meta property=\"og:image:type\" content=\"image\/jpeg\" \/>\n<meta name=\"author\" content=\"Equipe G\u00e1vea News\" \/>\n<meta name=\"twitter:card\" content=\"summary_large_image\" \/>\n<meta name=\"twitter:label1\" content=\"Escrito por\" \/>\n\t<meta name=\"twitter:data1\" content=\"Equipe G\u00e1vea News\" \/>\n\t<meta name=\"twitter:label2\" content=\"Est. tempo de leitura\" \/>\n\t<meta name=\"twitter:data2\" content=\"1 minuto\" \/>\n<script type=\"application\/ld+json\" class=\"yoast-schema-graph\">{\"@context\":\"https:\/\/schema.org\",\"@graph\":[{\"@type\":\"NewsArticle\",\"@id\":\"https:\/\/www.gaveanews.com\/index.php\/2019\/08\/19\/video-meia-do-manchester-united-revela-carinho-pelo-flamengo-e-diz-ter-cachorro-chamado-zico\/#article\",\"isPartOf\":{\"@id\":\"https:\/\/www.gaveanews.com\/index.php\/2019\/08\/19\/video-meia-do-manchester-united-revela-carinho-pelo-flamengo-e-diz-ter-cachorro-chamado-zico\/\"},\"author\":{\"name\":\"Equipe G\u00e1vea News\",\"@id\":\"https:\/\/www.gaveanews.com\/#\/schema\/person\/2ec14f73fb96be2caf28f91afb14749d\"},\"headline\":\"V\u00eddeo: Meia do Manchester United revela carinho pelo Flamengo e diz ter cachorro chamado Zico\",\"datePublished\":\"2019-08-19T21:55:42+00:00\",\"dateModified\":\"2019-08-19T21:55:43+00:00\",\"mainEntityOfPage\":{\"@id\":\"https:\/\/www.gaveanews.com\/index.php\/2019\/08\/19\/video-meia-do-manchester-united-revela-carinho-pelo-flamengo-e-diz-ter-cachorro-chamado-zico\/\"},\"wordCount\":199,\"commentCount\":0,\"image\":{\"@id\":\"https:\/\/www.gaveanews.com\/index.php\/2019\/08\/19\/video-meia-do-manchester-united-revela-carinho-pelo-flamengo-e-diz-ter-cachorro-chamado-zico\/#primaryimage\"},\"thumbnailUrl\":\"https:\/\/www.gaveanews.com\/wp-content\/uploads\/2019\/03\/Zico-acena-para-os-torcedores-do-Flamengo-durante-partida-no-Maracana.webp\",\"articleSection\":[\"V\u00eddeos\"],\"inLanguage\":\"pt-BR\",\"potentialAction\":[{\"@type\":\"CommentAction\",\"name\":\"Comment\",\"target\":[\"https:\/\/www.gaveanews.com\/index.php\/2019\/08\/19\/video-meia-do-manchester-united-revela-carinho-pelo-flamengo-e-diz-ter-cachorro-chamado-zico\/#respond\"]}],\"copyrightYear\":\"2019\",\"copyrightHolder\":{\"@id\":\"https:\/\/www.gaveanews.com\/#organization\"}},{\"@type\":\"WebPage\",\"@id\":\"https:\/\/www.gaveanews.com\/index.php\/2019\/08\/19\/video-meia-do-manchester-united-revela-carinho-pelo-flamengo-e-diz-ter-cachorro-chamado-zico\/\",\"url\":\"https:\/\/www.gaveanews.com\/index.php\/2019\/08\/19\/video-meia-do-manchester-united-revela-carinho-pelo-flamengo-e-diz-ter-cachorro-chamado-zico\/\",\"name\":\"V\u00eddeo: Meia do Manchester United revela carinho pelo Flamengo e diz ter cachorro chamado Zico\",\"isPartOf\":{\"@id\":\"https:\/\/www.gaveanews.com\/#website\"},\"primaryImageOfPage\":{\"@id\":\"https:\/\/www.gaveanews.com\/index.php\/2019\/08\/19\/video-meia-do-manchester-united-revela-carinho-pelo-flamengo-e-diz-ter-cachorro-chamado-zico\/#primaryimage\"},\"image\":{\"@id\":\"https:\/\/www.gaveanews.com\/index.php\/2019\/08\/19\/video-meia-do-manchester-united-revela-carinho-pelo-flamengo-e-diz-ter-cachorro-chamado-zico\/#primaryimage\"},\"thumbnailUrl\":\"https:\/\/www.gaveanews.com\/wp-content\/uploads\/2019\/03\/Zico-acena-para-os-torcedores-do-Flamengo-durante-partida-no-Maracana.webp\",\"datePublished\":\"2019-08-19T21:55:42+00:00\",\"dateModified\":\"2019-08-19T21:55:43+00:00\",\"author\":{\"@id\":\"https:\/\/www.gaveanews.com\/#\/schema\/person\/2ec14f73fb96be2caf28f91afb14749d\"},\"breadcrumb\":{\"@id\":\"https:\/\/www.gaveanews.com\/index.php\/2019\/08\/19\/video-meia-do-manchester-united-revela-carinho-pelo-flamengo-e-diz-ter-cachorro-chamado-zico\/#breadcrumb\"},\"inLanguage\":\"pt-BR\",\"potentialAction\":[{\"@type\":\"ReadAction\",\"target\":[\"https:\/\/www.gaveanews.com\/index.php\/2019\/08\/19\/video-meia-do-manchester-united-revela-carinho-pelo-flamengo-e-diz-ter-cachorro-chamado-zico\/\"]}]},{\"@type\":\"ImageObject\",\"inLanguage\":\"pt-BR\",\"@id\":\"https:\/\/www.gaveanews.com\/index.php\/2019\/08\/19\/video-meia-do-manchester-united-revela-carinho-pelo-flamengo-e-diz-ter-cachorro-chamado-zico\/#primaryimage\",\"url\":\"https:\/\/www.gaveanews.com\/wp-content\/uploads\/2019\/03\/Zico-acena-para-os-torcedores-do-Flamengo-durante-partida-no-Maracana.webp\",\"contentUrl\":\"https:\/\/www.gaveanews.com\/wp-content\/uploads\/2019\/03\/Zico-acena-para-os-torcedores-do-Flamengo-durante-partida-no-Maracana.webp\",\"width\":900,\"height\":600,\"caption\":\"Zico acena para os torcedores do Flamengo, durante partida no Maracan\u00e3 (Foto: Alexandre Vidal\/Flamengo)\"},{\"@type\":\"BreadcrumbList\",\"@id\":\"https:\/\/www.gaveanews.com\/index.php\/2019\/08\/19\/video-meia-do-manchester-united-revela-carinho-pelo-flamengo-e-diz-ter-cachorro-chamado-zico\/#breadcrumb\",\"itemListElement\":[{\"@type\":\"ListItem\",\"position\":1,\"name\":\"Home\",\"item\":\"https:\/\/www.gaveanews.com\/\"},{\"@type\":\"ListItem\",\"position\":2,\"name\":\"V\u00eddeo: Meia do Manchester United revela carinho pelo Flamengo e diz ter cachorro chamado Zico\"}]},{\"@type\":\"WebSite\",\"@id\":\"https:\/\/www.gaveanews.com\/#website\",\"url\":\"https:\/\/www.gaveanews.com\/\",\"name\":\"G\u00e1vea News\",\"description\":\"Veja todas as not\u00edcias sobre o Flamengo: Contrata\u00e7\u00f5es, categorias de base, resultados das partidas, tabela de classifica\u00e7\u00e3o, pr\u00f3ximos jogos!\",\"potentialAction\":[{\"@type\":\"SearchAction\",\"target\":{\"@type\":\"EntryPoint\",\"urlTemplate\":\"https:\/\/www.gaveanews.com\/?s={search_term_string}\"},\"query-input\":{\"@type\":\"PropertyValueSpecification\",\"valueRequired\":true,\"valueName\":\"search_term_string\"}}],\"inLanguage\":\"pt-BR\"},{\"@type\":\"Person\",\"@id\":\"https:\/\/www.gaveanews.com\/#\/schema\/person\/2ec14f73fb96be2caf28f91afb14749d\",\"name\":\"Equipe G\u00e1vea News\",\"image\":{\"@type\":\"ImageObject\",\"inLanguage\":\"pt-BR\",\"@id\":\"https:\/\/www.gaveanews.com\/#\/schema\/person\/image\/\",\"url\":\"https:\/\/secure.gravatar.com\/avatar\/1e1956f1facbffd3f8fa53a326721950116b3b9dc9bd44939c01180fd4a745a9?s=96&d=mm&r=g\",\"contentUrl\":\"https:\/\/secure.gravatar.com\/avatar\/1e1956f1facbffd3f8fa53a326721950116b3b9dc9bd44939c01180fd4a745a9?s=96&d=mm&r=g\",\"caption\":\"Equipe G\u00e1vea News\"}}]}<\/script>\n<!-- \/ Yoast SEO Premium plugin. -->","yoast_head_json":{"title":"V\u00eddeo: Meia do Manchester United revela carinho pelo Flamengo e diz ter cachorro chamado Zico","robots":{"index":"index","follow":"follow","max-snippet":"max-snippet:-1","max-image-preview":"max-image-preview:large","max-video-preview":"max-video-preview:-1"},"canonical":"https:\/\/www.gaveanews.com\/index.php\/2019\/08\/19\/video-meia-do-manchester-united-revela-carinho-pelo-flamengo-e-diz-ter-cachorro-chamado-zico\/","og_locale":"pt_BR","og_type":"article","og_title":"V\u00eddeo: Meia do Manchester United revela carinho pelo Flamengo e diz ter cachorro chamado Zico","og_description":"O Flamengo \u00e9 um clube conhecido em todo o mundo. Nos \u00faltimos anos, com as compras e vendas envolvendo mercado de outros pa\u00edses, a marca tem se intensificado ainda mais. Em meio a isso, mais um atleta que revelou ter um certo carinho pelo Rubro-Negro foi o meia Andreas Pereira, do Manchester United. Com dupla [&hellip;]","og_url":"https:\/\/www.gaveanews.com\/index.php\/2019\/08\/19\/video-meia-do-manchester-united-revela-carinho-pelo-flamengo-e-diz-ter-cachorro-chamado-zico\/","og_site_name":"G\u00e1vea News","article_publisher":"https:\/\/facebook.com\/gaveaNews\/","article_published_time":"2019-08-19T21:55:42+00:00","article_modified_time":"2019-08-19T21:55:43+00:00","og_image":[{"url":"https:\/\/www.gaveanews.com\/wp-content\/uploads\/2019\/03\/Zico-acena-para-os-torcedores-do-Flamengo-durante-partida-no-Maracana.webp","width":1,"height":1,"type":"image\/jpeg"}],"author":"Equipe G\u00e1vea News","twitter_card":"summary_large_image","twitter_misc":{"Escrito por":"Equipe G\u00e1vea News","Est. tempo de leitura":"1 minuto"},"schema":{"@context":"https:\/\/schema.org","@graph":[{"@type":"NewsArticle","@id":"https:\/\/www.gaveanews.com\/index.php\/2019\/08\/19\/video-meia-do-manchester-united-revela-carinho-pelo-flamengo-e-diz-ter-cachorro-chamado-zico\/#article","isPartOf":{"@id":"https:\/\/www.gaveanews.com\/index.php\/2019\/08\/19\/video-meia-do-manchester-united-revela-carinho-pelo-flamengo-e-diz-ter-cachorro-chamado-zico\/"},"author":{"name":"Equipe G\u00e1vea News","@id":"https:\/\/www.gaveanews.com\/#\/schema\/person\/2ec14f73fb96be2caf28f91afb14749d"},"headline":"V\u00eddeo: Meia do Manchester United revela carinho pelo Flamengo e diz ter cachorro chamado Zico","datePublished":"2019-08-19T21:55:42+00:00","dateModified":"2019-08-19T21:55:43+00:00","mainEntityOfPage":{"@id":"https:\/\/www.gaveanews.com\/index.php\/2019\/08\/19\/video-meia-do-manchester-united-revela-carinho-pelo-flamengo-e-diz-ter-cachorro-chamado-zico\/"},"wordCount":199,"commentCount":0,"image":{"@id":"https:\/\/www.gaveanews.com\/index.php\/2019\/08\/19\/video-meia-do-manchester-united-revela-carinho-pelo-flamengo-e-diz-ter-cachorro-chamado-zico\/#primaryimage"},"thumbnailUrl":"https:\/\/www.gaveanews.com\/wp-content\/uploads\/2019\/03\/Zico-acena-para-os-torcedores-do-Flamengo-durante-partida-no-Maracana.webp","articleSection":["V\u00eddeos"],"inLanguage":"pt-BR","potentialAction":[{"@type":"CommentAction","name":"Comment","target":["https:\/\/www.gaveanews.com\/index.php\/2019\/08\/19\/video-meia-do-manchester-united-revela-carinho-pelo-flamengo-e-diz-ter-cachorro-chamado-zico\/#respond"]}],"copyrightYear":"2019","copyrightHolder":{"@id":"https:\/\/www.gaveanews.com\/#organization"}},{"@type":"WebPage","@id":"https:\/\/www.gaveanews.com\/index.php\/2019\/08\/19\/video-meia-do-manchester-united-revela-carinho-pelo-flamengo-e-diz-ter-cachorro-chamado-zico\/","url":"https:\/\/www.gaveanews.com\/index.php\/2019\/08\/19\/video-meia-do-manchester-united-revela-carinho-pelo-flamengo-e-diz-ter-cachorro-chamado-zico\/","name":"V\u00eddeo: Meia do Manchester United revela carinho pelo Flamengo e diz ter cachorro chamado Zico","isPartOf":{"@id":"https:\/\/www.gaveanews.com\/#website"},"primaryImageOfPage":{"@id":"https:\/\/www.gaveanews.com\/index.php\/2019\/08\/19\/video-meia-do-manchester-united-revela-carinho-pelo-flamengo-e-diz-ter-cachorro-chamado-zico\/#primaryimage"},"image":{"@id":"https:\/\/www.gaveanews.com\/index.php\/2019\/08\/19\/video-meia-do-manchester-united-revela-carinho-pelo-flamengo-e-diz-ter-cachorro-chamado-zico\/#primaryimage"},"thumbnailUrl":"https:\/\/www.gaveanews.com\/wp-content\/uploads\/2019\/03\/Zico-acena-para-os-torcedores-do-Flamengo-durante-partida-no-Maracana.webp","datePublished":"2019-08-19T21:55:42+00:00","dateModified":"2019-08-19T21:55:43+00:00","author":{"@id":"https:\/\/www.gaveanews.com\/#\/schema\/person\/2ec14f73fb96be2caf28f91afb14749d"},"breadcrumb":{"@id":"https:\/\/www.gaveanews.com\/index.php\/2019\/08\/19\/video-meia-do-manchester-united-revela-carinho-pelo-flamengo-e-diz-ter-cachorro-chamado-zico\/#breadcrumb"},"inLanguage":"pt-BR","potentialAction":[{"@type":"ReadAction","target":["https:\/\/www.gaveanews.com\/index.php\/2019\/08\/19\/video-meia-do-manchester-united-revela-carinho-pelo-flamengo-e-diz-ter-cachorro-chamado-zico\/"]}]},{"@type":"ImageObject","inLanguage":"pt-BR","@id":"https:\/\/www.gaveanews.com\/index.php\/2019\/08\/19\/video-meia-do-manchester-united-revela-carinho-pelo-flamengo-e-diz-ter-cachorro-chamado-zico\/#primaryimage","url":"https:\/\/www.gaveanews.com\/wp-content\/uploads\/2019\/03\/Zico-acena-para-os-torcedores-do-Flamengo-durante-partida-no-Maracana.webp","contentUrl":"https:\/\/www.gaveanews.com\/wp-content\/uploads\/2019\/03\/Zico-acena-para-os-torcedores-do-Flamengo-durante-partida-no-Maracana.webp","width":900,"height":600,"caption":"Zico acena para os torcedores do Flamengo, durante partida no Maracan\u00e3 (Foto: Alexandre Vidal\/Flamengo)"},{"@type":"BreadcrumbList","@id":"https:\/\/www.gaveanews.com\/index.php\/2019\/08\/19\/video-meia-do-manchester-united-revela-carinho-pelo-flamengo-e-diz-ter-cachorro-chamado-zico\/#breadcrumb","itemListElement":[{"@type":"ListItem","position":1,"name":"Home","item":"https:\/\/www.gaveanews.com\/"},{"@type":"ListItem","position":2,"name":"V\u00eddeo: Meia do Manchester United revela carinho pelo Flamengo e diz ter cachorro chamado Zico"}]},{"@type":"WebSite","@id":"https:\/\/www.gaveanews.com\/#website","url":"https:\/\/www.gaveanews.com\/","name":"G\u00e1vea News","description":"Veja todas as not\u00edcias sobre o Flamengo: Contrata\u00e7\u00f5es, categorias de base, resultados das partidas, tabela de classifica\u00e7\u00e3o, pr\u00f3ximos jogos!","potentialAction":[{"@type":"SearchAction","target":{"@type":"EntryPoint","urlTemplate":"https:\/\/www.gaveanews.com\/?s={search_term_string}"},"query-input":{"@type":"PropertyValueSpecification","valueRequired":true,"valueName":"search_term_string"}}],"inLanguage":"pt-BR"},{"@type":"Person","@id":"https:\/\/www.gaveanews.com\/#\/schema\/person\/2ec14f73fb96be2caf28f91afb14749d","name":"Equipe G\u00e1vea News","image":{"@type":"ImageObject","inLanguage":"pt-BR","@id":"https:\/\/www.gaveanews.com\/#\/schema\/person\/image\/","url":"https:\/\/secure.gravatar.com\/avatar\/1e1956f1facbffd3f8fa53a326721950116b3b9dc9bd44939c01180fd4a745a9?s=96&d=mm&r=g","contentUrl":"https:\/\/secure.gravatar.com\/avatar\/1e1956f1facbffd3f8fa53a326721950116b3b9dc9bd44939c01180fd4a745a9?s=96&d=mm&r=g","caption":"Equipe G\u00e1vea News"}}]}},"_links":{"self":[{"href":"https:\/\/www.gaveanews.com\/index.php\/wp-json\/wp\/v2\/posts\/25255","targetHints":{"allow":["GET"]}}],"collection":[{"href":"https:\/\/www.gaveanews.com\/index.php\/wp-json\/wp\/v2\/posts"}],"about":[{"href":"https:\/\/www.gaveanews.com\/index.php\/wp-json\/wp\/v2\/types\/post"}],"author":[{"embeddable":true,"href":"https:\/\/www.gaveanews.com\/index.php\/wp-json\/wp\/v2\/users\/1"}],"replies":[{"embeddable":true,"href":"https:\/\/www.gaveanews.com\/index.php\/wp-json\/wp\/v2\/comments?post=25255"}],"version-history":[{"count":0,"href":"https:\/\/www.gaveanews.com\/index.php\/wp-json\/wp\/v2\/posts\/25255\/revisions"}],"wp:featuredmedia":[{"embeddable":true,"href":"https:\/\/www.gaveanews.com\/index.php\/wp-json\/wp\/v2\/media\/15070"}],"wp:attachment":[{"href":"https:\/\/www.gaveanews.com\/index.php\/wp-json\/wp\/v2\/media?parent=25255"}],"wp:term":[{"taxonomy":"category","embeddable":true,"href":"https:\/\/www.gaveanews.com\/index.php\/wp-json\/wp\/v2\/categories?post=25255"},{"taxonomy":"post_tag","embeddable":true,"href":"https:\/\/www.gaveanews.com\/index.php\/wp-json\/wp\/v2\/tags?post=25255"}],"curies":[{"name":"wp","href":"https:\/\/api.w.org\/{rel}","templated":true}]}}