{"id":252578,"date":"2025-04-11T19:35:00","date_gmt":"2025-04-11T22:35:00","guid":{"rendered":"https:\/\/www.gaveanews.com\/?p=252578"},"modified":"2025-04-12T17:03:57","modified_gmt":"2025-04-12T20:03:57","slug":"craque-neto-aponta-favorito-na-libertadores","status":"publish","type":"post","link":"https:\/\/www.gaveanews.com\/index.php\/2025\/04\/11\/craque-neto-aponta-favorito-na-libertadores\/","title":{"rendered":"Craque Neto aponta favorito na Libertadores"},"content":{"rendered":"\n<p>O comentarista Craque Neto, durante sua participa\u00e7\u00e3o no programa &#8220;Os Donos da Bola R\u00e1dio&#8221;, manifestou novamente sua perspectiva sobre a Copa Libertadores da Am\u00e9rica. Ele posicionou o Flamengo como um dos principais candidatos \u00e0 conquista do t\u00edtulo continental na temporada atual.<\/p>\n\n\n\n<p>Contudo, Neto expressou menor confian\u00e7a nas possibilidades de Internacional e Bahia na mesma competi\u00e7\u00e3o sul-americana. Conforme sua an\u00e1lise, estas equipes brasileiras n\u00e3o integram o grupo de favoritos ao trof\u00e9u mais cobi\u00e7ado do continente.<\/p>\n\n\n\n<p>Especificamente em rela\u00e7\u00e3o ao time colorado, o apresentador ponderou que o foco principal deveria mirar o Campeonato Brasileiro. Neto avaliou que o Internacional, apesar de ter come\u00e7ado o ano vencendo o Campeonato Ga\u00facho, enfrentaria dificuldades para conquistar ambos os torneios simultaneamente.<\/p>\n\n\n\n<h2 class=\"wp-block-heading\" id=\"h-flamengo-tropeca-apesar-do-favoritismo\">Flamengo trope\u00e7a apesar do favoritismo<\/h2>\n\n\n\n<p>De forma contrastante, o Flamengo, justamente o clube apontado por Neto como favorito, enfrentou um resultado adverso recentemente. Atuando em seus dom\u00ednios, no Maracan\u00e3, a equipe rubro-negra perdeu para o time argentino do Central C\u00f3rdoba.<\/p>\n\n\n\n<p>Para essa partida espec\u00edfica, a comiss\u00e3o t\u00e9cnica do Flamengo decidiu preservar alguns de seus atletas titulares. Jogadores de peso como Wesley, Gerson e Pulgar, por exemplo, n\u00e3o figuraram na escala\u00e7\u00e3o inicial do confronto.<\/p>\n\n\n\n<p>Ap\u00f3s a derrota na capital fluminense, o t\u00e9cnico Filipe Lu\u00eds veio a p\u00fablico e assumiu a inteira responsabilidade pelas suas decis\u00f5es. O comandante rubro-negro justificou as op\u00e7\u00f5es tomadas durante a entrevista coletiva p\u00f3s-jogo.<\/p>\n\n\n\n<p>&#8220;Eu vou ser cobrado pelas minhas decis\u00f5es e a responsabilidade \u00e9 unicamente minha&#8221;, declarou o treinador. &#8220;Tomo as decis\u00f5es com base no que eu sinto que \u00e9 o melhor para a equipe. Futebol acontece isso, nem sempre a gente ganha e v\u00e3o sempre falar dos jogadores que n\u00e3o estavam&#8221;, prosseguiu Filipe Lu\u00eds.<\/p>\n\n\n\n<p>Ele ainda complementou seu racioc\u00ednio, aceitando as cr\u00edticas como parte do processo: &#8220;N\u00e3o \u00e9 priorizar, a gente quer sempre ganhar. Se eu tivesse poupado os 11 jogadores como fiz ano passado e ganhado, ningu\u00e9m teria falado nada. Vir\u00e3o as cr\u00edticas pelas escolhas que eu tomei, e cr\u00edticas justas&#8221;.<\/p>\n","protected":false},"excerpt":{"rendered":"<p>O comentarista Craque Neto, durante sua participa\u00e7\u00e3o no programa &#8220;Os Donos da Bola R\u00e1dio&#8221;, manifestou novamente sua perspectiva sobre a Copa Libertadores da Am\u00e9rica. Ele posicionou o Flamengo como um dos principais candidatos \u00e0 conquista do t\u00edtulo continental na temporada atual. Contudo, Neto expressou menor confian\u00e7a nas possibilidades de Internacional e Bahia na mesma competi\u00e7\u00e3o [&hellip;]<\/p>\n","protected":false},"author":28,"featured_media":244433,"comment_status":"open","ping_status":"closed","sticky":false,"template":"","format":"standard","meta":{"footnotes":""},"categories":[1],"tags":[],"class_list":["post-252578","post","type-post","status-publish","format-standard","has-post-thumbnail","hentry","category-flamengo"],"yoast_head":"<!-- This site is optimized with the Yoast SEO Premium plugin v24.2 (Yoast SEO v26.9) - https:\/\/yoast.com\/product\/yoast-seo-premium-wordpress\/ -->\n<title>Craque Neto aponta favorito na Libertadores<\/title>\n<meta name=\"robots\" content=\"index, follow, max-snippet:-1, max-image-preview:large, max-video-preview:-1\" \/>\n<link rel=\"canonical\" href=\"https:\/\/www.gaveanews.com\/index.php\/2025\/04\/11\/craque-neto-aponta-favorito-na-libertadores\/\" \/>\n<meta property=\"og:locale\" content=\"pt_BR\" \/>\n<meta property=\"og:type\" content=\"article\" \/>\n<meta property=\"og:title\" content=\"Craque Neto aponta favorito na Libertadores\" \/>\n<meta property=\"og:description\" content=\"O comentarista Craque Neto, durante sua participa\u00e7\u00e3o no programa &#8220;Os Donos da Bola R\u00e1dio&#8221;, manifestou novamente sua perspectiva sobre a Copa Libertadores da Am\u00e9rica. Ele posicionou o Flamengo como um dos principais candidatos \u00e0 conquista do t\u00edtulo continental na temporada atual. Contudo, Neto expressou menor confian\u00e7a nas possibilidades de Internacional e Bahia na mesma competi\u00e7\u00e3o [&hellip;]\" \/>\n<meta property=\"og:url\" content=\"https:\/\/www.gaveanews.com\/index.php\/2025\/04\/11\/craque-neto-aponta-favorito-na-libertadores\/\" \/>\n<meta property=\"og:site_name\" content=\"G\u00e1vea News\" \/>\n<meta property=\"article:publisher\" content=\"https:\/\/facebook.com\/gaveaNews\/\" \/>\n<meta property=\"article:published_time\" content=\"2025-04-11T22:35:00+00:00\" \/>\n<meta property=\"article:modified_time\" content=\"2025-04-12T20:03:57+00:00\" \/>\n<meta property=\"og:image\" content=\"http:\/\/www.gaveanews.com\/wp-content\/uploads\/Craque-Neto-apresentador-da-Band.webp\" \/>\n\t<meta property=\"og:image:width\" content=\"900\" \/>\n\t<meta property=\"og:image:height\" content=\"600\" \/>\n\t<meta property=\"og:image:type\" content=\"image\/jpeg\" \/>\n<meta name=\"author\" content=\"Hudson Pereira\" \/>\n<meta name=\"twitter:card\" content=\"summary_large_image\" \/>\n<meta name=\"twitter:label1\" content=\"Escrito por\" \/>\n\t<meta name=\"twitter:data1\" content=\"Hudson Pereira\" \/>\n\t<meta name=\"twitter:label2\" content=\"Est. tempo de leitura\" \/>\n\t<meta name=\"twitter:data2\" content=\"2 minutos\" \/>\n<script type=\"application\/ld+json\" class=\"yoast-schema-graph\">{\"@context\":\"https:\/\/schema.org\",\"@graph\":[{\"@type\":\"NewsArticle\",\"@id\":\"https:\/\/www.gaveanews.com\/index.php\/2025\/04\/11\/craque-neto-aponta-favorito-na-libertadores\/#article\",\"isPartOf\":{\"@id\":\"https:\/\/www.gaveanews.com\/index.php\/2025\/04\/11\/craque-neto-aponta-favorito-na-libertadores\/\"},\"author\":{\"name\":\"Hudson Pereira\",\"@id\":\"https:\/\/www.gaveanews.com\/#\/schema\/person\/bd08f00534b403119b92741a6d469ef0\"},\"headline\":\"Craque Neto aponta favorito na Libertadores\",\"datePublished\":\"2025-04-11T22:35:00+00:00\",\"dateModified\":\"2025-04-12T20:03:57+00:00\",\"mainEntityOfPage\":{\"@id\":\"https:\/\/www.gaveanews.com\/index.php\/2025\/04\/11\/craque-neto-aponta-favorito-na-libertadores\/\"},\"wordCount\":362,\"commentCount\":0,\"image\":{\"@id\":\"https:\/\/www.gaveanews.com\/index.php\/2025\/04\/11\/craque-neto-aponta-favorito-na-libertadores\/#primaryimage\"},\"thumbnailUrl\":\"https:\/\/www.gaveanews.com\/wp-content\/uploads\/Craque-Neto-apresentador-da-Band.webp\",\"articleSection\":[\"Flamengo\"],\"inLanguage\":\"pt-BR\",\"potentialAction\":[{\"@type\":\"CommentAction\",\"name\":\"Comment\",\"target\":[\"https:\/\/www.gaveanews.com\/index.php\/2025\/04\/11\/craque-neto-aponta-favorito-na-libertadores\/#respond\"]}],\"copyrightYear\":\"2025\",\"copyrightHolder\":{\"@id\":\"https:\/\/www.gaveanews.com\/#organization\"}},{\"@type\":\"WebPage\",\"@id\":\"https:\/\/www.gaveanews.com\/index.php\/2025\/04\/11\/craque-neto-aponta-favorito-na-libertadores\/\",\"url\":\"https:\/\/www.gaveanews.com\/index.php\/2025\/04\/11\/craque-neto-aponta-favorito-na-libertadores\/\",\"name\":\"Craque Neto aponta favorito na Libertadores\",\"isPartOf\":{\"@id\":\"https:\/\/www.gaveanews.com\/#website\"},\"primaryImageOfPage\":{\"@id\":\"https:\/\/www.gaveanews.com\/index.php\/2025\/04\/11\/craque-neto-aponta-favorito-na-libertadores\/#primaryimage\"},\"image\":{\"@id\":\"https:\/\/www.gaveanews.com\/index.php\/2025\/04\/11\/craque-neto-aponta-favorito-na-libertadores\/#primaryimage\"},\"thumbnailUrl\":\"https:\/\/www.gaveanews.com\/wp-content\/uploads\/Craque-Neto-apresentador-da-Band.webp\",\"datePublished\":\"2025-04-11T22:35:00+00:00\",\"dateModified\":\"2025-04-12T20:03:57+00:00\",\"author\":{\"@id\":\"https:\/\/www.gaveanews.com\/#\/schema\/person\/bd08f00534b403119b92741a6d469ef0\"},\"breadcrumb\":{\"@id\":\"https:\/\/www.gaveanews.com\/index.php\/2025\/04\/11\/craque-neto-aponta-favorito-na-libertadores\/#breadcrumb\"},\"inLanguage\":\"pt-BR\",\"potentialAction\":[{\"@type\":\"ReadAction\",\"target\":[\"https:\/\/www.gaveanews.com\/index.php\/2025\/04\/11\/craque-neto-aponta-favorito-na-libertadores\/\"]}]},{\"@type\":\"ImageObject\",\"inLanguage\":\"pt-BR\",\"@id\":\"https:\/\/www.gaveanews.com\/index.php\/2025\/04\/11\/craque-neto-aponta-favorito-na-libertadores\/#primaryimage\",\"url\":\"https:\/\/www.gaveanews.com\/wp-content\/uploads\/Craque-Neto-apresentador-da-Band.webp\",\"contentUrl\":\"https:\/\/www.gaveanews.com\/wp-content\/uploads\/Craque-Neto-apresentador-da-Band.webp\",\"width\":900,\"height\":600,\"caption\":\"Craque Neto, apresentador da Band (Foto: Kelly Fuzaro\/Band)\"},{\"@type\":\"BreadcrumbList\",\"@id\":\"https:\/\/www.gaveanews.com\/index.php\/2025\/04\/11\/craque-neto-aponta-favorito-na-libertadores\/#breadcrumb\",\"itemListElement\":[{\"@type\":\"ListItem\",\"position\":1,\"name\":\"Home\",\"item\":\"https:\/\/www.gaveanews.com\/\"},{\"@type\":\"ListItem\",\"position\":2,\"name\":\"Craque Neto aponta favorito na Libertadores\"}]},{\"@type\":\"WebSite\",\"@id\":\"https:\/\/www.gaveanews.com\/#website\",\"url\":\"https:\/\/www.gaveanews.com\/\",\"name\":\"G\u00e1vea News\",\"description\":\"Veja todas as not\u00edcias sobre o Flamengo: Contrata\u00e7\u00f5es, categorias de base, resultados das partidas, tabela de classifica\u00e7\u00e3o, pr\u00f3ximos jogos!\",\"potentialAction\":[{\"@type\":\"SearchAction\",\"target\":{\"@type\":\"EntryPoint\",\"urlTemplate\":\"https:\/\/www.gaveanews.com\/?s={search_term_string}\"},\"query-input\":{\"@type\":\"PropertyValueSpecification\",\"valueRequired\":true,\"valueName\":\"search_term_string\"}}],\"inLanguage\":\"pt-BR\"},{\"@type\":\"Person\",\"@id\":\"https:\/\/www.gaveanews.com\/#\/schema\/person\/bd08f00534b403119b92741a6d469ef0\",\"name\":\"Hudson Pereira\",\"image\":{\"@type\":\"ImageObject\",\"inLanguage\":\"pt-BR\",\"@id\":\"https:\/\/www.gaveanews.com\/#\/schema\/person\/image\/\",\"url\":\"https:\/\/secure.gravatar.com\/avatar\/ecc491b489e454e510efffc9b23c1052ce5fb4f2e05555768ba65819cd55f03e?s=96&d=mm&r=g\",\"contentUrl\":\"https:\/\/secure.gravatar.com\/avatar\/ecc491b489e454e510efffc9b23c1052ce5fb4f2e05555768ba65819cd55f03e?s=96&d=mm&r=g\",\"caption\":\"Hudson Pereira\"}}]}<\/script>\n<!-- \/ Yoast SEO Premium plugin. -->","yoast_head_json":{"title":"Craque Neto aponta favorito na Libertadores","robots":{"index":"index","follow":"follow","max-snippet":"max-snippet:-1","max-image-preview":"max-image-preview:large","max-video-preview":"max-video-preview:-1"},"canonical":"https:\/\/www.gaveanews.com\/index.php\/2025\/04\/11\/craque-neto-aponta-favorito-na-libertadores\/","og_locale":"pt_BR","og_type":"article","og_title":"Craque Neto aponta favorito na Libertadores","og_description":"O comentarista Craque Neto, durante sua participa\u00e7\u00e3o no programa &#8220;Os Donos da Bola R\u00e1dio&#8221;, manifestou novamente sua perspectiva sobre a Copa Libertadores da Am\u00e9rica. Ele posicionou o Flamengo como um dos principais candidatos \u00e0 conquista do t\u00edtulo continental na temporada atual. Contudo, Neto expressou menor confian\u00e7a nas possibilidades de Internacional e Bahia na mesma competi\u00e7\u00e3o [&hellip;]","og_url":"https:\/\/www.gaveanews.com\/index.php\/2025\/04\/11\/craque-neto-aponta-favorito-na-libertadores\/","og_site_name":"G\u00e1vea News","article_publisher":"https:\/\/facebook.com\/gaveaNews\/","article_published_time":"2025-04-11T22:35:00+00:00","article_modified_time":"2025-04-12T20:03:57+00:00","og_image":[{"width":900,"height":600,"url":"http:\/\/www.gaveanews.com\/wp-content\/uploads\/Craque-Neto-apresentador-da-Band.webp","type":"image\/jpeg"}],"author":"Hudson Pereira","twitter_card":"summary_large_image","twitter_misc":{"Escrito por":"Hudson Pereira","Est. tempo de leitura":"2 minutos"},"schema":{"@context":"https:\/\/schema.org","@graph":[{"@type":"NewsArticle","@id":"https:\/\/www.gaveanews.com\/index.php\/2025\/04\/11\/craque-neto-aponta-favorito-na-libertadores\/#article","isPartOf":{"@id":"https:\/\/www.gaveanews.com\/index.php\/2025\/04\/11\/craque-neto-aponta-favorito-na-libertadores\/"},"author":{"name":"Hudson Pereira","@id":"https:\/\/www.gaveanews.com\/#\/schema\/person\/bd08f00534b403119b92741a6d469ef0"},"headline":"Craque Neto aponta favorito na Libertadores","datePublished":"2025-04-11T22:35:00+00:00","dateModified":"2025-04-12T20:03:57+00:00","mainEntityOfPage":{"@id":"https:\/\/www.gaveanews.com\/index.php\/2025\/04\/11\/craque-neto-aponta-favorito-na-libertadores\/"},"wordCount":362,"commentCount":0,"image":{"@id":"https:\/\/www.gaveanews.com\/index.php\/2025\/04\/11\/craque-neto-aponta-favorito-na-libertadores\/#primaryimage"},"thumbnailUrl":"https:\/\/www.gaveanews.com\/wp-content\/uploads\/Craque-Neto-apresentador-da-Band.webp","articleSection":["Flamengo"],"inLanguage":"pt-BR","potentialAction":[{"@type":"CommentAction","name":"Comment","target":["https:\/\/www.gaveanews.com\/index.php\/2025\/04\/11\/craque-neto-aponta-favorito-na-libertadores\/#respond"]}],"copyrightYear":"2025","copyrightHolder":{"@id":"https:\/\/www.gaveanews.com\/#organization"}},{"@type":"WebPage","@id":"https:\/\/www.gaveanews.com\/index.php\/2025\/04\/11\/craque-neto-aponta-favorito-na-libertadores\/","url":"https:\/\/www.gaveanews.com\/index.php\/2025\/04\/11\/craque-neto-aponta-favorito-na-libertadores\/","name":"Craque Neto aponta favorito na Libertadores","isPartOf":{"@id":"https:\/\/www.gaveanews.com\/#website"},"primaryImageOfPage":{"@id":"https:\/\/www.gaveanews.com\/index.php\/2025\/04\/11\/craque-neto-aponta-favorito-na-libertadores\/#primaryimage"},"image":{"@id":"https:\/\/www.gaveanews.com\/index.php\/2025\/04\/11\/craque-neto-aponta-favorito-na-libertadores\/#primaryimage"},"thumbnailUrl":"https:\/\/www.gaveanews.com\/wp-content\/uploads\/Craque-Neto-apresentador-da-Band.webp","datePublished":"2025-04-11T22:35:00+00:00","dateModified":"2025-04-12T20:03:57+00:00","author":{"@id":"https:\/\/www.gaveanews.com\/#\/schema\/person\/bd08f00534b403119b92741a6d469ef0"},"breadcrumb":{"@id":"https:\/\/www.gaveanews.com\/index.php\/2025\/04\/11\/craque-neto-aponta-favorito-na-libertadores\/#breadcrumb"},"inLanguage":"pt-BR","potentialAction":[{"@type":"ReadAction","target":["https:\/\/www.gaveanews.com\/index.php\/2025\/04\/11\/craque-neto-aponta-favorito-na-libertadores\/"]}]},{"@type":"ImageObject","inLanguage":"pt-BR","@id":"https:\/\/www.gaveanews.com\/index.php\/2025\/04\/11\/craque-neto-aponta-favorito-na-libertadores\/#primaryimage","url":"https:\/\/www.gaveanews.com\/wp-content\/uploads\/Craque-Neto-apresentador-da-Band.webp","contentUrl":"https:\/\/www.gaveanews.com\/wp-content\/uploads\/Craque-Neto-apresentador-da-Band.webp","width":900,"height":600,"caption":"Craque Neto, apresentador da Band (Foto: Kelly Fuzaro\/Band)"},{"@type":"BreadcrumbList","@id":"https:\/\/www.gaveanews.com\/index.php\/2025\/04\/11\/craque-neto-aponta-favorito-na-libertadores\/#breadcrumb","itemListElement":[{"@type":"ListItem","position":1,"name":"Home","item":"https:\/\/www.gaveanews.com\/"},{"@type":"ListItem","position":2,"name":"Craque Neto aponta favorito na Libertadores"}]},{"@type":"WebSite","@id":"https:\/\/www.gaveanews.com\/#website","url":"https:\/\/www.gaveanews.com\/","name":"G\u00e1vea News","description":"Veja todas as not\u00edcias sobre o Flamengo: Contrata\u00e7\u00f5es, categorias de base, resultados das partidas, tabela de classifica\u00e7\u00e3o, pr\u00f3ximos jogos!","potentialAction":[{"@type":"SearchAction","target":{"@type":"EntryPoint","urlTemplate":"https:\/\/www.gaveanews.com\/?s={search_term_string}"},"query-input":{"@type":"PropertyValueSpecification","valueRequired":true,"valueName":"search_term_string"}}],"inLanguage":"pt-BR"},{"@type":"Person","@id":"https:\/\/www.gaveanews.com\/#\/schema\/person\/bd08f00534b403119b92741a6d469ef0","name":"Hudson Pereira","image":{"@type":"ImageObject","inLanguage":"pt-BR","@id":"https:\/\/www.gaveanews.com\/#\/schema\/person\/image\/","url":"https:\/\/secure.gravatar.com\/avatar\/ecc491b489e454e510efffc9b23c1052ce5fb4f2e05555768ba65819cd55f03e?s=96&d=mm&r=g","contentUrl":"https:\/\/secure.gravatar.com\/avatar\/ecc491b489e454e510efffc9b23c1052ce5fb4f2e05555768ba65819cd55f03e?s=96&d=mm&r=g","caption":"Hudson Pereira"}}]}},"_links":{"self":[{"href":"https:\/\/www.gaveanews.com\/index.php\/wp-json\/wp\/v2\/posts\/252578","targetHints":{"allow":["GET"]}}],"collection":[{"href":"https:\/\/www.gaveanews.com\/index.php\/wp-json\/wp\/v2\/posts"}],"about":[{"href":"https:\/\/www.gaveanews.com\/index.php\/wp-json\/wp\/v2\/types\/post"}],"author":[{"embeddable":true,"href":"https:\/\/www.gaveanews.com\/index.php\/wp-json\/wp\/v2\/users\/28"}],"replies":[{"embeddable":true,"href":"https:\/\/www.gaveanews.com\/index.php\/wp-json\/wp\/v2\/comments?post=252578"}],"version-history":[{"count":2,"href":"https:\/\/www.gaveanews.com\/index.php\/wp-json\/wp\/v2\/posts\/252578\/revisions"}],"predecessor-version":[{"id":252582,"href":"https:\/\/www.gaveanews.com\/index.php\/wp-json\/wp\/v2\/posts\/252578\/revisions\/252582"}],"wp:featuredmedia":[{"embeddable":true,"href":"https:\/\/www.gaveanews.com\/index.php\/wp-json\/wp\/v2\/media\/244433"}],"wp:attachment":[{"href":"https:\/\/www.gaveanews.com\/index.php\/wp-json\/wp\/v2\/media?parent=252578"}],"wp:term":[{"taxonomy":"category","embeddable":true,"href":"https:\/\/www.gaveanews.com\/index.php\/wp-json\/wp\/v2\/categories?post=252578"},{"taxonomy":"post_tag","embeddable":true,"href":"https:\/\/www.gaveanews.com\/index.php\/wp-json\/wp\/v2\/tags?post=252578"}],"curies":[{"name":"wp","href":"https:\/\/api.w.org\/{rel}","templated":true}]}}