{"id":252647,"date":"2025-04-12T05:55:00","date_gmt":"2025-04-12T08:55:00","guid":{"rendered":"https:\/\/www.gaveanews.com\/?p=252647"},"modified":"2025-04-11T20:24:58","modified_gmt":"2025-04-11T23:24:58","slug":"a-declaracao-do-presidente-da-organizada-do-sao-paulo-direcionada-a-zubeldia","status":"publish","type":"post","link":"https:\/\/www.gaveanews.com\/index.php\/2025\/04\/12\/a-declaracao-do-presidente-da-organizada-do-sao-paulo-direcionada-a-zubeldia\/","title":{"rendered":"A declara\u00e7\u00e3o do presidente da organizada do S\u00e3o Paulo direcionada a Zubeld\u00eda"},"content":{"rendered":"\n<p>O empate em 2 a 2 entre S\u00e3o Paulo e Alianza Lima, na noite de quinta-feira (10 de abril), no Morumbis, pela segunda rodada da Libertadores, gerou enorme insatisfa\u00e7\u00e3o entre os torcedores tricolores. O presidente da torcida organizada Independente foi enf\u00e1tico ao criticar as decis\u00f5es do t\u00e9cnico Luis Zubeld\u00eda. &#8220;N\u00e3o d\u00e1 pra aceitar o time recuar tanto dentro de casa, com a partida na m\u00e3o. A culpa \u00e9 toda dele&#8221;, declarou, visivelmente contrariado, em desabafo ap\u00f3s o apito final.<\/p>\n\n\n\n<p>De fato, a rea\u00e7\u00e3o negativa tem fundamento. O S\u00e3o Paulo abriu vantagem e controlava o jogo at\u00e9 que Zubeld\u00eda optou por substitui\u00e7\u00f5es que alteraram completamente a din\u00e2mica da equipe. A principal delas foi a sa\u00edda de Ferreirinha, autor dos dois gols da equipe, que vinha sendo o destaque da partida. A troca pelo lateral Wendell foi vista como conservadora, pois ocasionou um recuo t\u00e1tico que ofereceu campo ao advers\u00e1rio. O setor esquerdo, onde Wendell foi escalado, tornou-se vulner\u00e1vel, e os dois gols da equipe peruana tiveram origem justamente por ali.<\/p>\n\n\n\n<p>Antes das altera\u00e7\u00f5es, o Tricolor apresentava bom desempenho, sobretudo pelo protagonismo de Marcos Ant\u00f4nio no meio-campo. Com movimenta\u00e7\u00e3o intensa, o meia distribuiu o jogo com intelig\u00eancia e ajudou a controlar o ritmo da partida. Similarmente, Lucas Ferreira, que fazia sua estreia como titular, mostrou desenvoltura, criando jogadas ofensivas, atraindo a marca\u00e7\u00e3o e oferecendo alternativas criativas no ataque.<\/p>\n\n\n\n<p>Contudo, as decis\u00f5es do t\u00e9cnico argentino colocaram o S\u00e3o Paulo em situa\u00e7\u00e3o desconfort\u00e1vel. Conforme os minutos avan\u00e7avam, a equipe demonstrou dificuldade para se reorganizar defensivamente e perdeu o controle do jogo. O Alianza Lima, mesmo com cinco desfalques, cresceu e aproveitou as fragilidades tricolores.<\/p>\n\n\n\n<p>Zubeld\u00eda, ao justificar a substitui\u00e7\u00e3o de Ferreira, alegou preocupa\u00e7\u00e3o com desgaste f\u00edsico e risco de les\u00e3o. Ainda assim, o impacto negativo da altera\u00e7\u00e3o foi ineg\u00e1vel. &#8220;Quinze minutos ruins nos custaram o resultado&#8221;, disse o t\u00e9cnico em entrevista p\u00f3s-jogo.<\/p>\n\n\n\n<figure class=\"wp-block-image size-full\"><img loading=\"lazy\" decoding=\"async\" width=\"1200\" height=\"800\" src=\"http:\/\/www.gaveanews.com\/wp-content\/uploads\/Baby-presidente-da-Independente-organizad-a-do-Sao-Paulo.webp\" alt=\"\" class=\"wp-image-252666\"\/><\/figure>\n\n\n\n<p>Enquanto isso, a torcida demonstrava frustra\u00e7\u00e3o n\u00e3o apenas com o empate, mas com o que consideraram um desperd\u00edcio de uma vit\u00f3ria praticamente assegurada. \u201cA estrat\u00e9gia conservadora do t\u00e9cnico jogou fora o esfor\u00e7o da equipe. Isso \u00e9 inaceit\u00e1vel numa Libertadores\u201d, reclamou outro torcedor pr\u00f3ximo ao port\u00e3o principal do est\u00e1dio.<\/p>\n\n\n\n<p>Com o empate, o S\u00e3o Paulo soma apenas dois pontos em dois jogos e, atualmente, v\u00ea sua classifica\u00e7\u00e3o no grupo amea\u00e7ada. O pr\u00f3ximo desafio ser\u00e1 no domingo (13 de abril), contra o Cruzeiro, \u00e0s 17h30 (hor\u00e1rio de Bras\u00edlia), no Morumbis, pela terceira rodada do Campeonato Brasileiro. No entanto, Zubeld\u00eda n\u00e3o estar\u00e1 \u00e0 beira do campo, pois cumpre suspens\u00e3o ap\u00f3s expuls\u00e3o na rodada anterior diante do Atl\u00e9tico Mineiro.<\/p>\n\n\n\n<p>Por fim, o sentimento que paira no Morumbis \u00e9 de desapontamento. Afinal, o Tricolor tinha a vit\u00f3ria nas m\u00e3os, mas, por decis\u00f5es t\u00e9cnicas question\u00e1veis, viu o resultado escapar. O gosto amargo do empate se mistura \u00e0 press\u00e3o que j\u00e1 se forma em torno do trabalho do novo treinador, que ainda busca convencer o torcedor de que tem o comando necess\u00e1rio para conduzir o time com firmeza nas competi\u00e7\u00f5es da temporada.<\/p>\n","protected":false},"excerpt":{"rendered":"<p>O empate em 2 a 2 entre S\u00e3o Paulo e Alianza Lima, na noite de quinta-feira (10 de abril), no Morumbis, pela segunda rodada da Libertadores, gerou enorme insatisfa\u00e7\u00e3o entre os torcedores tricolores. O presidente da torcida organizada Independente foi enf\u00e1tico ao criticar as decis\u00f5es do t\u00e9cnico Luis Zubeld\u00eda. &#8220;N\u00e3o d\u00e1 pra aceitar o time [&hellip;]<\/p>\n","protected":false},"author":30,"featured_media":155699,"comment_status":"open","ping_status":"closed","sticky":false,"template":"","format":"standard","meta":{"footnotes":""},"categories":[151],"tags":[],"class_list":["post-252647","post","type-post","status-publish","format-standard","has-post-thumbnail","hentry","category-sao-paulo"],"yoast_head":"<!-- This site is optimized with the Yoast SEO Premium plugin v24.2 (Yoast SEO v26.9) - https:\/\/yoast.com\/product\/yoast-seo-premium-wordpress\/ -->\n<title>A declara\u00e7\u00e3o do presidente da organizada do S\u00e3o Paulo direcionada a Zubeld\u00eda<\/title>\n<meta name=\"robots\" content=\"index, follow, max-snippet:-1, max-image-preview:large, max-video-preview:-1\" \/>\n<link rel=\"canonical\" href=\"https:\/\/www.gaveanews.com\/index.php\/2025\/04\/12\/a-declaracao-do-presidente-da-organizada-do-sao-paulo-direcionada-a-zubeldia\/\" \/>\n<meta property=\"og:locale\" content=\"pt_BR\" \/>\n<meta property=\"og:type\" content=\"article\" \/>\n<meta property=\"og:title\" content=\"A declara\u00e7\u00e3o do presidente da organizada do S\u00e3o Paulo direcionada a Zubeld\u00eda\" \/>\n<meta property=\"og:description\" content=\"O empate em 2 a 2 entre S\u00e3o Paulo e Alianza Lima, na noite de quinta-feira (10 de abril), no Morumbis, pela segunda rodada da Libertadores, gerou enorme insatisfa\u00e7\u00e3o entre os torcedores tricolores. O presidente da torcida organizada Independente foi enf\u00e1tico ao criticar as decis\u00f5es do t\u00e9cnico Luis Zubeld\u00eda. &#8220;N\u00e3o d\u00e1 pra aceitar o time [&hellip;]\" \/>\n<meta property=\"og:url\" content=\"https:\/\/www.gaveanews.com\/index.php\/2025\/04\/12\/a-declaracao-do-presidente-da-organizada-do-sao-paulo-direcionada-a-zubeldia\/\" \/>\n<meta property=\"og:site_name\" content=\"G\u00e1vea News\" \/>\n<meta property=\"article:publisher\" content=\"https:\/\/facebook.com\/gaveaNews\/\" \/>\n<meta property=\"article:published_time\" content=\"2025-04-12T08:55:00+00:00\" \/>\n<meta property=\"og:image\" content=\"https:\/\/www.gaveanews.com\/wp-content\/uploads\/Luis-Francisco-Zubeldia-treinador-do-Sao-Paulo-durante-partida-da-Copa-do-Brasil-2024.webp\" \/>\n\t<meta property=\"og:image:width\" content=\"1333\" \/>\n\t<meta property=\"og:image:height\" content=\"889\" \/>\n\t<meta property=\"og:image:type\" content=\"image\/webp\" \/>\n<meta name=\"author\" content=\"Ana Teixeira\" \/>\n<meta name=\"twitter:card\" content=\"summary_large_image\" \/>\n<meta name=\"twitter:label1\" content=\"Escrito por\" \/>\n\t<meta name=\"twitter:data1\" content=\"Ana Teixeira\" \/>\n\t<meta name=\"twitter:label2\" content=\"Est. tempo de leitura\" \/>\n\t<meta name=\"twitter:data2\" content=\"4 minutos\" \/>\n<script type=\"application\/ld+json\" class=\"yoast-schema-graph\">{\"@context\":\"https:\/\/schema.org\",\"@graph\":[{\"@type\":\"NewsArticle\",\"@id\":\"https:\/\/www.gaveanews.com\/index.php\/2025\/04\/12\/a-declaracao-do-presidente-da-organizada-do-sao-paulo-direcionada-a-zubeldia\/#article\",\"isPartOf\":{\"@id\":\"https:\/\/www.gaveanews.com\/index.php\/2025\/04\/12\/a-declaracao-do-presidente-da-organizada-do-sao-paulo-direcionada-a-zubeldia\/\"},\"author\":{\"name\":\"Ana Teixeira\",\"@id\":\"https:\/\/www.gaveanews.com\/#\/schema\/person\/3b19f7288b0ce20372991275e4f2e6c2\"},\"headline\":\"A declara\u00e7\u00e3o do presidente da organizada do S\u00e3o Paulo direcionada a Zubeld\u00eda\",\"datePublished\":\"2025-04-12T08:55:00+00:00\",\"mainEntityOfPage\":{\"@id\":\"https:\/\/www.gaveanews.com\/index.php\/2025\/04\/12\/a-declaracao-do-presidente-da-organizada-do-sao-paulo-direcionada-a-zubeldia\/\"},\"wordCount\":568,\"commentCount\":0,\"image\":{\"@id\":\"https:\/\/www.gaveanews.com\/index.php\/2025\/04\/12\/a-declaracao-do-presidente-da-organizada-do-sao-paulo-direcionada-a-zubeldia\/#primaryimage\"},\"thumbnailUrl\":\"https:\/\/www.gaveanews.com\/wp-content\/uploads\/Luis-Francisco-Zubeldia-treinador-do-Sao-Paulo-durante-partida-da-Copa-do-Brasil-2024.webp\",\"articleSection\":[\"S\u00e3o Paulo\"],\"inLanguage\":\"pt-BR\",\"potentialAction\":[{\"@type\":\"CommentAction\",\"name\":\"Comment\",\"target\":[\"https:\/\/www.gaveanews.com\/index.php\/2025\/04\/12\/a-declaracao-do-presidente-da-organizada-do-sao-paulo-direcionada-a-zubeldia\/#respond\"]}],\"copyrightYear\":\"2025\",\"copyrightHolder\":{\"@id\":\"https:\/\/www.gaveanews.com\/#organization\"}},{\"@type\":\"WebPage\",\"@id\":\"https:\/\/www.gaveanews.com\/index.php\/2025\/04\/12\/a-declaracao-do-presidente-da-organizada-do-sao-paulo-direcionada-a-zubeldia\/\",\"url\":\"https:\/\/www.gaveanews.com\/index.php\/2025\/04\/12\/a-declaracao-do-presidente-da-organizada-do-sao-paulo-direcionada-a-zubeldia\/\",\"name\":\"A declara\u00e7\u00e3o do presidente da organizada do S\u00e3o Paulo direcionada a Zubeld\u00eda\",\"isPartOf\":{\"@id\":\"https:\/\/www.gaveanews.com\/#website\"},\"primaryImageOfPage\":{\"@id\":\"https:\/\/www.gaveanews.com\/index.php\/2025\/04\/12\/a-declaracao-do-presidente-da-organizada-do-sao-paulo-direcionada-a-zubeldia\/#primaryimage\"},\"image\":{\"@id\":\"https:\/\/www.gaveanews.com\/index.php\/2025\/04\/12\/a-declaracao-do-presidente-da-organizada-do-sao-paulo-direcionada-a-zubeldia\/#primaryimage\"},\"thumbnailUrl\":\"https:\/\/www.gaveanews.com\/wp-content\/uploads\/Luis-Francisco-Zubeldia-treinador-do-Sao-Paulo-durante-partida-da-Copa-do-Brasil-2024.webp\",\"datePublished\":\"2025-04-12T08:55:00+00:00\",\"author\":{\"@id\":\"https:\/\/www.gaveanews.com\/#\/schema\/person\/3b19f7288b0ce20372991275e4f2e6c2\"},\"breadcrumb\":{\"@id\":\"https:\/\/www.gaveanews.com\/index.php\/2025\/04\/12\/a-declaracao-do-presidente-da-organizada-do-sao-paulo-direcionada-a-zubeldia\/#breadcrumb\"},\"inLanguage\":\"pt-BR\",\"potentialAction\":[{\"@type\":\"ReadAction\",\"target\":[\"https:\/\/www.gaveanews.com\/index.php\/2025\/04\/12\/a-declaracao-do-presidente-da-organizada-do-sao-paulo-direcionada-a-zubeldia\/\"]}]},{\"@type\":\"ImageObject\",\"inLanguage\":\"pt-BR\",\"@id\":\"https:\/\/www.gaveanews.com\/index.php\/2025\/04\/12\/a-declaracao-do-presidente-da-organizada-do-sao-paulo-direcionada-a-zubeldia\/#primaryimage\",\"url\":\"https:\/\/www.gaveanews.com\/wp-content\/uploads\/Luis-Francisco-Zubeldia-treinador-do-Sao-Paulo-durante-partida-da-Copa-do-Brasil-2024.webp\",\"contentUrl\":\"https:\/\/www.gaveanews.com\/wp-content\/uploads\/Luis-Francisco-Zubeldia-treinador-do-Sao-Paulo-durante-partida-da-Copa-do-Brasil-2024.webp\",\"width\":1333,\"height\":889,\"caption\":\"Luis Francisco Zubeld\u00eda, treinador do S\u00e3o Paulo durante partida da Copa do Brasil 2024 (Foto: Rubens Chiri e Paulo Pinto\/S\u00e3o Paulo)\"},{\"@type\":\"BreadcrumbList\",\"@id\":\"https:\/\/www.gaveanews.com\/index.php\/2025\/04\/12\/a-declaracao-do-presidente-da-organizada-do-sao-paulo-direcionada-a-zubeldia\/#breadcrumb\",\"itemListElement\":[{\"@type\":\"ListItem\",\"position\":1,\"name\":\"Home\",\"item\":\"https:\/\/www.gaveanews.com\/\"},{\"@type\":\"ListItem\",\"position\":2,\"name\":\"A declara\u00e7\u00e3o do presidente da organizada do S\u00e3o Paulo direcionada a Zubeld\u00eda\"}]},{\"@type\":\"WebSite\",\"@id\":\"https:\/\/www.gaveanews.com\/#website\",\"url\":\"https:\/\/www.gaveanews.com\/\",\"name\":\"G\u00e1vea News\",\"description\":\"Veja todas as not\u00edcias sobre o Flamengo: Contrata\u00e7\u00f5es, categorias de base, resultados das partidas, tabela de classifica\u00e7\u00e3o, pr\u00f3ximos jogos!\",\"potentialAction\":[{\"@type\":\"SearchAction\",\"target\":{\"@type\":\"EntryPoint\",\"urlTemplate\":\"https:\/\/www.gaveanews.com\/?s={search_term_string}\"},\"query-input\":{\"@type\":\"PropertyValueSpecification\",\"valueRequired\":true,\"valueName\":\"search_term_string\"}}],\"inLanguage\":\"pt-BR\"},{\"@type\":\"Person\",\"@id\":\"https:\/\/www.gaveanews.com\/#\/schema\/person\/3b19f7288b0ce20372991275e4f2e6c2\",\"name\":\"Ana Teixeira\",\"image\":{\"@type\":\"ImageObject\",\"inLanguage\":\"pt-BR\",\"@id\":\"https:\/\/www.gaveanews.com\/#\/schema\/person\/image\/\",\"url\":\"https:\/\/secure.gravatar.com\/avatar\/0a73f5a5258f3fed37fc2fa641892f3f7a4748456d4d4792f9bc550e6c19e06c?s=96&d=mm&r=g\",\"contentUrl\":\"https:\/\/secure.gravatar.com\/avatar\/0a73f5a5258f3fed37fc2fa641892f3f7a4748456d4d4792f9bc550e6c19e06c?s=96&d=mm&r=g\",\"caption\":\"Ana Teixeira\"}}]}<\/script>\n<!-- \/ Yoast SEO Premium plugin. -->","yoast_head_json":{"title":"A declara\u00e7\u00e3o do presidente da organizada do S\u00e3o Paulo direcionada a Zubeld\u00eda","robots":{"index":"index","follow":"follow","max-snippet":"max-snippet:-1","max-image-preview":"max-image-preview:large","max-video-preview":"max-video-preview:-1"},"canonical":"https:\/\/www.gaveanews.com\/index.php\/2025\/04\/12\/a-declaracao-do-presidente-da-organizada-do-sao-paulo-direcionada-a-zubeldia\/","og_locale":"pt_BR","og_type":"article","og_title":"A declara\u00e7\u00e3o do presidente da organizada do S\u00e3o Paulo direcionada a Zubeld\u00eda","og_description":"O empate em 2 a 2 entre S\u00e3o Paulo e Alianza Lima, na noite de quinta-feira (10 de abril), no Morumbis, pela segunda rodada da Libertadores, gerou enorme insatisfa\u00e7\u00e3o entre os torcedores tricolores. O presidente da torcida organizada Independente foi enf\u00e1tico ao criticar as decis\u00f5es do t\u00e9cnico Luis Zubeld\u00eda. &#8220;N\u00e3o d\u00e1 pra aceitar o time [&hellip;]","og_url":"https:\/\/www.gaveanews.com\/index.php\/2025\/04\/12\/a-declaracao-do-presidente-da-organizada-do-sao-paulo-direcionada-a-zubeldia\/","og_site_name":"G\u00e1vea News","article_publisher":"https:\/\/facebook.com\/gaveaNews\/","article_published_time":"2025-04-12T08:55:00+00:00","og_image":[{"width":1333,"height":889,"url":"https:\/\/www.gaveanews.com\/wp-content\/uploads\/Luis-Francisco-Zubeldia-treinador-do-Sao-Paulo-durante-partida-da-Copa-do-Brasil-2024.webp","type":"image\/webp"}],"author":"Ana Teixeira","twitter_card":"summary_large_image","twitter_misc":{"Escrito por":"Ana Teixeira","Est. tempo de leitura":"4 minutos"},"schema":{"@context":"https:\/\/schema.org","@graph":[{"@type":"NewsArticle","@id":"https:\/\/www.gaveanews.com\/index.php\/2025\/04\/12\/a-declaracao-do-presidente-da-organizada-do-sao-paulo-direcionada-a-zubeldia\/#article","isPartOf":{"@id":"https:\/\/www.gaveanews.com\/index.php\/2025\/04\/12\/a-declaracao-do-presidente-da-organizada-do-sao-paulo-direcionada-a-zubeldia\/"},"author":{"name":"Ana Teixeira","@id":"https:\/\/www.gaveanews.com\/#\/schema\/person\/3b19f7288b0ce20372991275e4f2e6c2"},"headline":"A declara\u00e7\u00e3o do presidente da organizada do S\u00e3o Paulo direcionada a Zubeld\u00eda","datePublished":"2025-04-12T08:55:00+00:00","mainEntityOfPage":{"@id":"https:\/\/www.gaveanews.com\/index.php\/2025\/04\/12\/a-declaracao-do-presidente-da-organizada-do-sao-paulo-direcionada-a-zubeldia\/"},"wordCount":568,"commentCount":0,"image":{"@id":"https:\/\/www.gaveanews.com\/index.php\/2025\/04\/12\/a-declaracao-do-presidente-da-organizada-do-sao-paulo-direcionada-a-zubeldia\/#primaryimage"},"thumbnailUrl":"https:\/\/www.gaveanews.com\/wp-content\/uploads\/Luis-Francisco-Zubeldia-treinador-do-Sao-Paulo-durante-partida-da-Copa-do-Brasil-2024.webp","articleSection":["S\u00e3o Paulo"],"inLanguage":"pt-BR","potentialAction":[{"@type":"CommentAction","name":"Comment","target":["https:\/\/www.gaveanews.com\/index.php\/2025\/04\/12\/a-declaracao-do-presidente-da-organizada-do-sao-paulo-direcionada-a-zubeldia\/#respond"]}],"copyrightYear":"2025","copyrightHolder":{"@id":"https:\/\/www.gaveanews.com\/#organization"}},{"@type":"WebPage","@id":"https:\/\/www.gaveanews.com\/index.php\/2025\/04\/12\/a-declaracao-do-presidente-da-organizada-do-sao-paulo-direcionada-a-zubeldia\/","url":"https:\/\/www.gaveanews.com\/index.php\/2025\/04\/12\/a-declaracao-do-presidente-da-organizada-do-sao-paulo-direcionada-a-zubeldia\/","name":"A declara\u00e7\u00e3o do presidente da organizada do S\u00e3o Paulo direcionada a Zubeld\u00eda","isPartOf":{"@id":"https:\/\/www.gaveanews.com\/#website"},"primaryImageOfPage":{"@id":"https:\/\/www.gaveanews.com\/index.php\/2025\/04\/12\/a-declaracao-do-presidente-da-organizada-do-sao-paulo-direcionada-a-zubeldia\/#primaryimage"},"image":{"@id":"https:\/\/www.gaveanews.com\/index.php\/2025\/04\/12\/a-declaracao-do-presidente-da-organizada-do-sao-paulo-direcionada-a-zubeldia\/#primaryimage"},"thumbnailUrl":"https:\/\/www.gaveanews.com\/wp-content\/uploads\/Luis-Francisco-Zubeldia-treinador-do-Sao-Paulo-durante-partida-da-Copa-do-Brasil-2024.webp","datePublished":"2025-04-12T08:55:00+00:00","author":{"@id":"https:\/\/www.gaveanews.com\/#\/schema\/person\/3b19f7288b0ce20372991275e4f2e6c2"},"breadcrumb":{"@id":"https:\/\/www.gaveanews.com\/index.php\/2025\/04\/12\/a-declaracao-do-presidente-da-organizada-do-sao-paulo-direcionada-a-zubeldia\/#breadcrumb"},"inLanguage":"pt-BR","potentialAction":[{"@type":"ReadAction","target":["https:\/\/www.gaveanews.com\/index.php\/2025\/04\/12\/a-declaracao-do-presidente-da-organizada-do-sao-paulo-direcionada-a-zubeldia\/"]}]},{"@type":"ImageObject","inLanguage":"pt-BR","@id":"https:\/\/www.gaveanews.com\/index.php\/2025\/04\/12\/a-declaracao-do-presidente-da-organizada-do-sao-paulo-direcionada-a-zubeldia\/#primaryimage","url":"https:\/\/www.gaveanews.com\/wp-content\/uploads\/Luis-Francisco-Zubeldia-treinador-do-Sao-Paulo-durante-partida-da-Copa-do-Brasil-2024.webp","contentUrl":"https:\/\/www.gaveanews.com\/wp-content\/uploads\/Luis-Francisco-Zubeldia-treinador-do-Sao-Paulo-durante-partida-da-Copa-do-Brasil-2024.webp","width":1333,"height":889,"caption":"Luis Francisco Zubeld\u00eda, treinador do S\u00e3o Paulo durante partida da Copa do Brasil 2024 (Foto: Rubens Chiri e Paulo Pinto\/S\u00e3o Paulo)"},{"@type":"BreadcrumbList","@id":"https:\/\/www.gaveanews.com\/index.php\/2025\/04\/12\/a-declaracao-do-presidente-da-organizada-do-sao-paulo-direcionada-a-zubeldia\/#breadcrumb","itemListElement":[{"@type":"ListItem","position":1,"name":"Home","item":"https:\/\/www.gaveanews.com\/"},{"@type":"ListItem","position":2,"name":"A declara\u00e7\u00e3o do presidente da organizada do S\u00e3o Paulo direcionada a Zubeld\u00eda"}]},{"@type":"WebSite","@id":"https:\/\/www.gaveanews.com\/#website","url":"https:\/\/www.gaveanews.com\/","name":"G\u00e1vea News","description":"Veja todas as not\u00edcias sobre o Flamengo: Contrata\u00e7\u00f5es, categorias de base, resultados das partidas, tabela de classifica\u00e7\u00e3o, pr\u00f3ximos jogos!","potentialAction":[{"@type":"SearchAction","target":{"@type":"EntryPoint","urlTemplate":"https:\/\/www.gaveanews.com\/?s={search_term_string}"},"query-input":{"@type":"PropertyValueSpecification","valueRequired":true,"valueName":"search_term_string"}}],"inLanguage":"pt-BR"},{"@type":"Person","@id":"https:\/\/www.gaveanews.com\/#\/schema\/person\/3b19f7288b0ce20372991275e4f2e6c2","name":"Ana Teixeira","image":{"@type":"ImageObject","inLanguage":"pt-BR","@id":"https:\/\/www.gaveanews.com\/#\/schema\/person\/image\/","url":"https:\/\/secure.gravatar.com\/avatar\/0a73f5a5258f3fed37fc2fa641892f3f7a4748456d4d4792f9bc550e6c19e06c?s=96&d=mm&r=g","contentUrl":"https:\/\/secure.gravatar.com\/avatar\/0a73f5a5258f3fed37fc2fa641892f3f7a4748456d4d4792f9bc550e6c19e06c?s=96&d=mm&r=g","caption":"Ana Teixeira"}}]}},"_links":{"self":[{"href":"https:\/\/www.gaveanews.com\/index.php\/wp-json\/wp\/v2\/posts\/252647","targetHints":{"allow":["GET"]}}],"collection":[{"href":"https:\/\/www.gaveanews.com\/index.php\/wp-json\/wp\/v2\/posts"}],"about":[{"href":"https:\/\/www.gaveanews.com\/index.php\/wp-json\/wp\/v2\/types\/post"}],"author":[{"embeddable":true,"href":"https:\/\/www.gaveanews.com\/index.php\/wp-json\/wp\/v2\/users\/30"}],"replies":[{"embeddable":true,"href":"https:\/\/www.gaveanews.com\/index.php\/wp-json\/wp\/v2\/comments?post=252647"}],"version-history":[{"count":1,"href":"https:\/\/www.gaveanews.com\/index.php\/wp-json\/wp\/v2\/posts\/252647\/revisions"}],"predecessor-version":[{"id":252667,"href":"https:\/\/www.gaveanews.com\/index.php\/wp-json\/wp\/v2\/posts\/252647\/revisions\/252667"}],"wp:featuredmedia":[{"embeddable":true,"href":"https:\/\/www.gaveanews.com\/index.php\/wp-json\/wp\/v2\/media\/155699"}],"wp:attachment":[{"href":"https:\/\/www.gaveanews.com\/index.php\/wp-json\/wp\/v2\/media?parent=252647"}],"wp:term":[{"taxonomy":"category","embeddable":true,"href":"https:\/\/www.gaveanews.com\/index.php\/wp-json\/wp\/v2\/categories?post=252647"},{"taxonomy":"post_tag","embeddable":true,"href":"https:\/\/www.gaveanews.com\/index.php\/wp-json\/wp\/v2\/tags?post=252647"}],"curies":[{"name":"wp","href":"https:\/\/api.w.org\/{rel}","templated":true}]}}