{"id":25268,"date":"2019-08-20T08:11:14","date_gmt":"2019-08-20T11:11:14","guid":{"rendered":"http:\/\/www.gaveanews.com\/?p=25268"},"modified":"2019-08-20T08:11:31","modified_gmt":"2019-08-20T11:11:31","slug":"torcida-nao-quer-so-a-libertadores-ela-pede-o-mundo-diz-gabigol-sobre-titulo-continental-pelo-flamengo","status":"publish","type":"post","link":"https:\/\/www.gaveanews.com\/index.php\/2019\/08\/20\/torcida-nao-quer-so-a-libertadores-ela-pede-o-mundo-diz-gabigol-sobre-titulo-continental-pelo-flamengo\/","title":{"rendered":"\u201cTorcida n\u00e3o quer s\u00f3 a Libertadores, ela pede o mundo\u201d, diz Gabigol sobre t\u00edtulo continental pelo Flamengo"},"content":{"rendered":"\n<p>O Flamengo se prepara para entrar em campo nesta quarta-feira (21), contra o Internacional, pelo primeiro jogo das quartas de final da Copa Conmebol Libertadores. Gabriel Barbosa \u00e9 a grande esperan\u00e7a do Rubro-Negro no confronto. O atacante, por sua vez, demonstra ter conhecimento do que a torcida deseja, de fato, vencer.<\/p>\n\n\n\n<p>Em entrevista ao site <em>Globo Esporte<\/em>, Gabigol lembrou de uma das can\u00e7\u00f5es que vem da arquibancada, em que os torcedores pedem que o Flamengo ven\u00e7a o Mundial de Clubes novamente. <\/p>\n\n\n\n<p>Por isso, o jogador afirmou que, embora restam quatro jogos para que o Rubro-Negro chegue \u00e0 final da Libertadores da Am\u00e9rica, o elenco pensa jogo a jogo. Al\u00e9m disso, o camisa 9 frisou que a torcida \u00e9 exigente, devido \u00e0s ambi\u00e7\u00f5es.<\/p>\n\n\n\n<p>\u2014 A gente n\u00e3o pensa assim, o pensamento \u00e9 jogo a jogo. Futebol n\u00e3o \u00e9 uma coisa exata. Nos dedicamos, fazemos a coisas como temos que ser. Nossa torcida n\u00e3o quer s\u00f3 a Libertadores, ela pede o mundo (risos). S\u00e3o exigentes. Mas o Flamengo est\u00e1 brigando por tudo nos \u00faltimos anos, e tem que ser assim. Uma hora as coisas v\u00e3o acontecer, naturalmente. Estamos trabalhando bem -, disse o atacante.<\/p>\n\n\n\n<p>Gabriel Barbosa \u00e9 o artilheiro do Flamengo na temporada. Em 34 jogos, o goleador j\u00e1 balan\u00e7ou as redes em 24 oportunidades, al\u00e9m de dar cinco assist\u00eancias. A partida contra o Internacional vai ter in\u00edcio \u00e0s 21h30 (hor\u00e1rio de Bras\u00edlia) e ser\u00e1 disputada no Maracan\u00e3, que estar\u00e1 lotado. At\u00e9 ent\u00e3o, 56.112 ingressos foram vendidos de forma antecipada.<\/p>\n\n\n\n\n\n<p>Retirado de: Coluna do Fla<\/p>\n","protected":false},"excerpt":{"rendered":"<p>O Flamengo se prepara para entrar em campo nesta quarta-feira (21), contra o Internacional, pelo primeiro jogo das quartas de final da Copa Conmebol Libertadores. Gabriel Barbosa \u00e9 a grande esperan\u00e7a do Rubro-Negro no confronto. O atacante, por sua vez, demonstra ter conhecimento do que a torcida deseja, de fato, vencer. Em entrevista ao site [&hellip;]<\/p>\n","protected":false},"author":1,"featured_media":14775,"comment_status":"open","ping_status":"open","sticky":false,"template":"","format":"standard","meta":{"footnotes":""},"categories":[1],"tags":[],"class_list":["post-25268","post","type-post","status-publish","format-standard","has-post-thumbnail","hentry","category-flamengo"],"yoast_head":"<!-- This site is optimized with the Yoast SEO Premium plugin v24.2 (Yoast SEO v26.9) - https:\/\/yoast.com\/product\/yoast-seo-premium-wordpress\/ -->\n<title>\u201cTorcida n\u00e3o quer s\u00f3 a Libertadores, ela pede o mundo\u201d, diz Gabigol sobre t\u00edtulo continental pelo Flamengo<\/title>\n<meta name=\"robots\" content=\"index, follow, max-snippet:-1, max-image-preview:large, max-video-preview:-1\" \/>\n<link rel=\"canonical\" href=\"https:\/\/www.gaveanews.com\/index.php\/2019\/08\/20\/torcida-nao-quer-so-a-libertadores-ela-pede-o-mundo-diz-gabigol-sobre-titulo-continental-pelo-flamengo\/\" \/>\n<meta property=\"og:locale\" content=\"pt_BR\" \/>\n<meta property=\"og:type\" content=\"article\" \/>\n<meta property=\"og:title\" content=\"\u201cTorcida n\u00e3o quer s\u00f3 a Libertadores, ela pede o mundo\u201d, diz Gabigol sobre t\u00edtulo continental pelo Flamengo\" \/>\n<meta property=\"og:description\" content=\"O Flamengo se prepara para entrar em campo nesta quarta-feira (21), contra o Internacional, pelo primeiro jogo das quartas de final da Copa Conmebol Libertadores. Gabriel Barbosa \u00e9 a grande esperan\u00e7a do Rubro-Negro no confronto. O atacante, por sua vez, demonstra ter conhecimento do que a torcida deseja, de fato, vencer. Em entrevista ao site [&hellip;]\" \/>\n<meta property=\"og:url\" content=\"https:\/\/www.gaveanews.com\/index.php\/2019\/08\/20\/torcida-nao-quer-so-a-libertadores-ela-pede-o-mundo-diz-gabigol-sobre-titulo-continental-pelo-flamengo\/\" \/>\n<meta property=\"og:site_name\" content=\"G\u00e1vea News\" \/>\n<meta property=\"article:publisher\" content=\"https:\/\/facebook.com\/gaveaNews\/\" \/>\n<meta property=\"article:published_time\" content=\"2019-08-20T11:11:14+00:00\" \/>\n<meta property=\"article:modified_time\" content=\"2019-08-20T11:11:31+00:00\" \/>\n<meta property=\"og:image\" content=\"https:\/\/www.gaveanews.com\/wp-content\/uploads\/2019\/03\/Gabigol-em-acao-pelo-Flamengo-na-partida-de-estreia-da-Libertadores-de-2019.webp\" \/>\n\t<meta property=\"og:image:width\" content=\"1\" \/>\n\t<meta property=\"og:image:height\" content=\"1\" \/>\n\t<meta property=\"og:image:type\" content=\"image\/jpeg\" \/>\n<meta name=\"author\" content=\"Equipe G\u00e1vea News\" \/>\n<meta name=\"twitter:card\" content=\"summary_large_image\" \/>\n<meta name=\"twitter:label1\" content=\"Escrito por\" \/>\n\t<meta name=\"twitter:data1\" content=\"Equipe G\u00e1vea News\" \/>\n\t<meta name=\"twitter:label2\" content=\"Est. tempo de leitura\" \/>\n\t<meta name=\"twitter:data2\" content=\"1 minuto\" \/>\n<script type=\"application\/ld+json\" class=\"yoast-schema-graph\">{\"@context\":\"https:\/\/schema.org\",\"@graph\":[{\"@type\":\"NewsArticle\",\"@id\":\"https:\/\/www.gaveanews.com\/index.php\/2019\/08\/20\/torcida-nao-quer-so-a-libertadores-ela-pede-o-mundo-diz-gabigol-sobre-titulo-continental-pelo-flamengo\/#article\",\"isPartOf\":{\"@id\":\"https:\/\/www.gaveanews.com\/index.php\/2019\/08\/20\/torcida-nao-quer-so-a-libertadores-ela-pede-o-mundo-diz-gabigol-sobre-titulo-continental-pelo-flamengo\/\"},\"author\":{\"name\":\"Equipe G\u00e1vea News\",\"@id\":\"https:\/\/www.gaveanews.com\/#\/schema\/person\/2ec14f73fb96be2caf28f91afb14749d\"},\"headline\":\"\u201cTorcida n\u00e3o quer s\u00f3 a Libertadores, ela pede o mundo\u201d, diz Gabigol sobre t\u00edtulo continental pelo Flamengo\",\"datePublished\":\"2019-08-20T11:11:14+00:00\",\"dateModified\":\"2019-08-20T11:11:31+00:00\",\"mainEntityOfPage\":{\"@id\":\"https:\/\/www.gaveanews.com\/index.php\/2019\/08\/20\/torcida-nao-quer-so-a-libertadores-ela-pede-o-mundo-diz-gabigol-sobre-titulo-continental-pelo-flamengo\/\"},\"wordCount\":278,\"commentCount\":0,\"image\":{\"@id\":\"https:\/\/www.gaveanews.com\/index.php\/2019\/08\/20\/torcida-nao-quer-so-a-libertadores-ela-pede-o-mundo-diz-gabigol-sobre-titulo-continental-pelo-flamengo\/#primaryimage\"},\"thumbnailUrl\":\"https:\/\/www.gaveanews.com\/wp-content\/uploads\/2019\/03\/Gabigol-em-acao-pelo-Flamengo-na-partida-de-estreia-da-Libertadores-de-2019.webp\",\"articleSection\":[\"Flamengo\"],\"inLanguage\":\"pt-BR\",\"potentialAction\":[{\"@type\":\"CommentAction\",\"name\":\"Comment\",\"target\":[\"https:\/\/www.gaveanews.com\/index.php\/2019\/08\/20\/torcida-nao-quer-so-a-libertadores-ela-pede-o-mundo-diz-gabigol-sobre-titulo-continental-pelo-flamengo\/#respond\"]}],\"copyrightYear\":\"2019\",\"copyrightHolder\":{\"@id\":\"https:\/\/www.gaveanews.com\/#organization\"}},{\"@type\":\"WebPage\",\"@id\":\"https:\/\/www.gaveanews.com\/index.php\/2019\/08\/20\/torcida-nao-quer-so-a-libertadores-ela-pede-o-mundo-diz-gabigol-sobre-titulo-continental-pelo-flamengo\/\",\"url\":\"https:\/\/www.gaveanews.com\/index.php\/2019\/08\/20\/torcida-nao-quer-so-a-libertadores-ela-pede-o-mundo-diz-gabigol-sobre-titulo-continental-pelo-flamengo\/\",\"name\":\"\u201cTorcida n\u00e3o quer s\u00f3 a Libertadores, ela pede o mundo\u201d, diz Gabigol sobre t\u00edtulo continental pelo Flamengo\",\"isPartOf\":{\"@id\":\"https:\/\/www.gaveanews.com\/#website\"},\"primaryImageOfPage\":{\"@id\":\"https:\/\/www.gaveanews.com\/index.php\/2019\/08\/20\/torcida-nao-quer-so-a-libertadores-ela-pede-o-mundo-diz-gabigol-sobre-titulo-continental-pelo-flamengo\/#primaryimage\"},\"image\":{\"@id\":\"https:\/\/www.gaveanews.com\/index.php\/2019\/08\/20\/torcida-nao-quer-so-a-libertadores-ela-pede-o-mundo-diz-gabigol-sobre-titulo-continental-pelo-flamengo\/#primaryimage\"},\"thumbnailUrl\":\"https:\/\/www.gaveanews.com\/wp-content\/uploads\/2019\/03\/Gabigol-em-acao-pelo-Flamengo-na-partida-de-estreia-da-Libertadores-de-2019.webp\",\"datePublished\":\"2019-08-20T11:11:14+00:00\",\"dateModified\":\"2019-08-20T11:11:31+00:00\",\"author\":{\"@id\":\"https:\/\/www.gaveanews.com\/#\/schema\/person\/2ec14f73fb96be2caf28f91afb14749d\"},\"breadcrumb\":{\"@id\":\"https:\/\/www.gaveanews.com\/index.php\/2019\/08\/20\/torcida-nao-quer-so-a-libertadores-ela-pede-o-mundo-diz-gabigol-sobre-titulo-continental-pelo-flamengo\/#breadcrumb\"},\"inLanguage\":\"pt-BR\",\"potentialAction\":[{\"@type\":\"ReadAction\",\"target\":[\"https:\/\/www.gaveanews.com\/index.php\/2019\/08\/20\/torcida-nao-quer-so-a-libertadores-ela-pede-o-mundo-diz-gabigol-sobre-titulo-continental-pelo-flamengo\/\"]}]},{\"@type\":\"ImageObject\",\"inLanguage\":\"pt-BR\",\"@id\":\"https:\/\/www.gaveanews.com\/index.php\/2019\/08\/20\/torcida-nao-quer-so-a-libertadores-ela-pede-o-mundo-diz-gabigol-sobre-titulo-continental-pelo-flamengo\/#primaryimage\",\"url\":\"https:\/\/www.gaveanews.com\/wp-content\/uploads\/2019\/03\/Gabigol-em-acao-pelo-Flamengo-na-partida-de-estreia-da-Libertadores-de-2019.webp\",\"contentUrl\":\"https:\/\/www.gaveanews.com\/wp-content\/uploads\/2019\/03\/Gabigol-em-acao-pelo-Flamengo-na-partida-de-estreia-da-Libertadores-de-2019.webp\",\"caption\":\"Gabigol em a\u00e7\u00e3o pelo Flamengo na partida de estreia da Libertadores de 2019 (Foto: Alexandre Vidal\/Flamengo)\"},{\"@type\":\"BreadcrumbList\",\"@id\":\"https:\/\/www.gaveanews.com\/index.php\/2019\/08\/20\/torcida-nao-quer-so-a-libertadores-ela-pede-o-mundo-diz-gabigol-sobre-titulo-continental-pelo-flamengo\/#breadcrumb\",\"itemListElement\":[{\"@type\":\"ListItem\",\"position\":1,\"name\":\"Home\",\"item\":\"https:\/\/www.gaveanews.com\/\"},{\"@type\":\"ListItem\",\"position\":2,\"name\":\"\u201cTorcida n\u00e3o quer s\u00f3 a Libertadores, ela pede o mundo\u201d, diz Gabigol sobre t\u00edtulo continental pelo Flamengo\"}]},{\"@type\":\"WebSite\",\"@id\":\"https:\/\/www.gaveanews.com\/#website\",\"url\":\"https:\/\/www.gaveanews.com\/\",\"name\":\"G\u00e1vea News\",\"description\":\"Veja todas as not\u00edcias sobre o Flamengo: Contrata\u00e7\u00f5es, categorias de base, resultados das partidas, tabela de classifica\u00e7\u00e3o, pr\u00f3ximos jogos!\",\"potentialAction\":[{\"@type\":\"SearchAction\",\"target\":{\"@type\":\"EntryPoint\",\"urlTemplate\":\"https:\/\/www.gaveanews.com\/?s={search_term_string}\"},\"query-input\":{\"@type\":\"PropertyValueSpecification\",\"valueRequired\":true,\"valueName\":\"search_term_string\"}}],\"inLanguage\":\"pt-BR\"},{\"@type\":\"Person\",\"@id\":\"https:\/\/www.gaveanews.com\/#\/schema\/person\/2ec14f73fb96be2caf28f91afb14749d\",\"name\":\"Equipe G\u00e1vea News\",\"image\":{\"@type\":\"ImageObject\",\"inLanguage\":\"pt-BR\",\"@id\":\"https:\/\/www.gaveanews.com\/#\/schema\/person\/image\/\",\"url\":\"https:\/\/secure.gravatar.com\/avatar\/1e1956f1facbffd3f8fa53a326721950116b3b9dc9bd44939c01180fd4a745a9?s=96&d=mm&r=g\",\"contentUrl\":\"https:\/\/secure.gravatar.com\/avatar\/1e1956f1facbffd3f8fa53a326721950116b3b9dc9bd44939c01180fd4a745a9?s=96&d=mm&r=g\",\"caption\":\"Equipe G\u00e1vea News\"}}]}<\/script>\n<!-- \/ Yoast SEO Premium plugin. -->","yoast_head_json":{"title":"\u201cTorcida n\u00e3o quer s\u00f3 a Libertadores, ela pede o mundo\u201d, diz Gabigol sobre t\u00edtulo continental pelo Flamengo","robots":{"index":"index","follow":"follow","max-snippet":"max-snippet:-1","max-image-preview":"max-image-preview:large","max-video-preview":"max-video-preview:-1"},"canonical":"https:\/\/www.gaveanews.com\/index.php\/2019\/08\/20\/torcida-nao-quer-so-a-libertadores-ela-pede-o-mundo-diz-gabigol-sobre-titulo-continental-pelo-flamengo\/","og_locale":"pt_BR","og_type":"article","og_title":"\u201cTorcida n\u00e3o quer s\u00f3 a Libertadores, ela pede o mundo\u201d, diz Gabigol sobre t\u00edtulo continental pelo Flamengo","og_description":"O Flamengo se prepara para entrar em campo nesta quarta-feira (21), contra o Internacional, pelo primeiro jogo das quartas de final da Copa Conmebol Libertadores. Gabriel Barbosa \u00e9 a grande esperan\u00e7a do Rubro-Negro no confronto. O atacante, por sua vez, demonstra ter conhecimento do que a torcida deseja, de fato, vencer. Em entrevista ao site [&hellip;]","og_url":"https:\/\/www.gaveanews.com\/index.php\/2019\/08\/20\/torcida-nao-quer-so-a-libertadores-ela-pede-o-mundo-diz-gabigol-sobre-titulo-continental-pelo-flamengo\/","og_site_name":"G\u00e1vea News","article_publisher":"https:\/\/facebook.com\/gaveaNews\/","article_published_time":"2019-08-20T11:11:14+00:00","article_modified_time":"2019-08-20T11:11:31+00:00","og_image":[{"url":"https:\/\/www.gaveanews.com\/wp-content\/uploads\/2019\/03\/Gabigol-em-acao-pelo-Flamengo-na-partida-de-estreia-da-Libertadores-de-2019.webp","width":1,"height":1,"type":"image\/jpeg"}],"author":"Equipe G\u00e1vea News","twitter_card":"summary_large_image","twitter_misc":{"Escrito por":"Equipe G\u00e1vea News","Est. tempo de leitura":"1 minuto"},"schema":{"@context":"https:\/\/schema.org","@graph":[{"@type":"NewsArticle","@id":"https:\/\/www.gaveanews.com\/index.php\/2019\/08\/20\/torcida-nao-quer-so-a-libertadores-ela-pede-o-mundo-diz-gabigol-sobre-titulo-continental-pelo-flamengo\/#article","isPartOf":{"@id":"https:\/\/www.gaveanews.com\/index.php\/2019\/08\/20\/torcida-nao-quer-so-a-libertadores-ela-pede-o-mundo-diz-gabigol-sobre-titulo-continental-pelo-flamengo\/"},"author":{"name":"Equipe G\u00e1vea News","@id":"https:\/\/www.gaveanews.com\/#\/schema\/person\/2ec14f73fb96be2caf28f91afb14749d"},"headline":"\u201cTorcida n\u00e3o quer s\u00f3 a Libertadores, ela pede o mundo\u201d, diz Gabigol sobre t\u00edtulo continental pelo Flamengo","datePublished":"2019-08-20T11:11:14+00:00","dateModified":"2019-08-20T11:11:31+00:00","mainEntityOfPage":{"@id":"https:\/\/www.gaveanews.com\/index.php\/2019\/08\/20\/torcida-nao-quer-so-a-libertadores-ela-pede-o-mundo-diz-gabigol-sobre-titulo-continental-pelo-flamengo\/"},"wordCount":278,"commentCount":0,"image":{"@id":"https:\/\/www.gaveanews.com\/index.php\/2019\/08\/20\/torcida-nao-quer-so-a-libertadores-ela-pede-o-mundo-diz-gabigol-sobre-titulo-continental-pelo-flamengo\/#primaryimage"},"thumbnailUrl":"https:\/\/www.gaveanews.com\/wp-content\/uploads\/2019\/03\/Gabigol-em-acao-pelo-Flamengo-na-partida-de-estreia-da-Libertadores-de-2019.webp","articleSection":["Flamengo"],"inLanguage":"pt-BR","potentialAction":[{"@type":"CommentAction","name":"Comment","target":["https:\/\/www.gaveanews.com\/index.php\/2019\/08\/20\/torcida-nao-quer-so-a-libertadores-ela-pede-o-mundo-diz-gabigol-sobre-titulo-continental-pelo-flamengo\/#respond"]}],"copyrightYear":"2019","copyrightHolder":{"@id":"https:\/\/www.gaveanews.com\/#organization"}},{"@type":"WebPage","@id":"https:\/\/www.gaveanews.com\/index.php\/2019\/08\/20\/torcida-nao-quer-so-a-libertadores-ela-pede-o-mundo-diz-gabigol-sobre-titulo-continental-pelo-flamengo\/","url":"https:\/\/www.gaveanews.com\/index.php\/2019\/08\/20\/torcida-nao-quer-so-a-libertadores-ela-pede-o-mundo-diz-gabigol-sobre-titulo-continental-pelo-flamengo\/","name":"\u201cTorcida n\u00e3o quer s\u00f3 a Libertadores, ela pede o mundo\u201d, diz Gabigol sobre t\u00edtulo continental pelo Flamengo","isPartOf":{"@id":"https:\/\/www.gaveanews.com\/#website"},"primaryImageOfPage":{"@id":"https:\/\/www.gaveanews.com\/index.php\/2019\/08\/20\/torcida-nao-quer-so-a-libertadores-ela-pede-o-mundo-diz-gabigol-sobre-titulo-continental-pelo-flamengo\/#primaryimage"},"image":{"@id":"https:\/\/www.gaveanews.com\/index.php\/2019\/08\/20\/torcida-nao-quer-so-a-libertadores-ela-pede-o-mundo-diz-gabigol-sobre-titulo-continental-pelo-flamengo\/#primaryimage"},"thumbnailUrl":"https:\/\/www.gaveanews.com\/wp-content\/uploads\/2019\/03\/Gabigol-em-acao-pelo-Flamengo-na-partida-de-estreia-da-Libertadores-de-2019.webp","datePublished":"2019-08-20T11:11:14+00:00","dateModified":"2019-08-20T11:11:31+00:00","author":{"@id":"https:\/\/www.gaveanews.com\/#\/schema\/person\/2ec14f73fb96be2caf28f91afb14749d"},"breadcrumb":{"@id":"https:\/\/www.gaveanews.com\/index.php\/2019\/08\/20\/torcida-nao-quer-so-a-libertadores-ela-pede-o-mundo-diz-gabigol-sobre-titulo-continental-pelo-flamengo\/#breadcrumb"},"inLanguage":"pt-BR","potentialAction":[{"@type":"ReadAction","target":["https:\/\/www.gaveanews.com\/index.php\/2019\/08\/20\/torcida-nao-quer-so-a-libertadores-ela-pede-o-mundo-diz-gabigol-sobre-titulo-continental-pelo-flamengo\/"]}]},{"@type":"ImageObject","inLanguage":"pt-BR","@id":"https:\/\/www.gaveanews.com\/index.php\/2019\/08\/20\/torcida-nao-quer-so-a-libertadores-ela-pede-o-mundo-diz-gabigol-sobre-titulo-continental-pelo-flamengo\/#primaryimage","url":"https:\/\/www.gaveanews.com\/wp-content\/uploads\/2019\/03\/Gabigol-em-acao-pelo-Flamengo-na-partida-de-estreia-da-Libertadores-de-2019.webp","contentUrl":"https:\/\/www.gaveanews.com\/wp-content\/uploads\/2019\/03\/Gabigol-em-acao-pelo-Flamengo-na-partida-de-estreia-da-Libertadores-de-2019.webp","caption":"Gabigol em a\u00e7\u00e3o pelo Flamengo na partida de estreia da Libertadores de 2019 (Foto: Alexandre Vidal\/Flamengo)"},{"@type":"BreadcrumbList","@id":"https:\/\/www.gaveanews.com\/index.php\/2019\/08\/20\/torcida-nao-quer-so-a-libertadores-ela-pede-o-mundo-diz-gabigol-sobre-titulo-continental-pelo-flamengo\/#breadcrumb","itemListElement":[{"@type":"ListItem","position":1,"name":"Home","item":"https:\/\/www.gaveanews.com\/"},{"@type":"ListItem","position":2,"name":"\u201cTorcida n\u00e3o quer s\u00f3 a Libertadores, ela pede o mundo\u201d, diz Gabigol sobre t\u00edtulo continental pelo Flamengo"}]},{"@type":"WebSite","@id":"https:\/\/www.gaveanews.com\/#website","url":"https:\/\/www.gaveanews.com\/","name":"G\u00e1vea News","description":"Veja todas as not\u00edcias sobre o Flamengo: Contrata\u00e7\u00f5es, categorias de base, resultados das partidas, tabela de classifica\u00e7\u00e3o, pr\u00f3ximos jogos!","potentialAction":[{"@type":"SearchAction","target":{"@type":"EntryPoint","urlTemplate":"https:\/\/www.gaveanews.com\/?s={search_term_string}"},"query-input":{"@type":"PropertyValueSpecification","valueRequired":true,"valueName":"search_term_string"}}],"inLanguage":"pt-BR"},{"@type":"Person","@id":"https:\/\/www.gaveanews.com\/#\/schema\/person\/2ec14f73fb96be2caf28f91afb14749d","name":"Equipe G\u00e1vea News","image":{"@type":"ImageObject","inLanguage":"pt-BR","@id":"https:\/\/www.gaveanews.com\/#\/schema\/person\/image\/","url":"https:\/\/secure.gravatar.com\/avatar\/1e1956f1facbffd3f8fa53a326721950116b3b9dc9bd44939c01180fd4a745a9?s=96&d=mm&r=g","contentUrl":"https:\/\/secure.gravatar.com\/avatar\/1e1956f1facbffd3f8fa53a326721950116b3b9dc9bd44939c01180fd4a745a9?s=96&d=mm&r=g","caption":"Equipe G\u00e1vea News"}}]}},"_links":{"self":[{"href":"https:\/\/www.gaveanews.com\/index.php\/wp-json\/wp\/v2\/posts\/25268","targetHints":{"allow":["GET"]}}],"collection":[{"href":"https:\/\/www.gaveanews.com\/index.php\/wp-json\/wp\/v2\/posts"}],"about":[{"href":"https:\/\/www.gaveanews.com\/index.php\/wp-json\/wp\/v2\/types\/post"}],"author":[{"embeddable":true,"href":"https:\/\/www.gaveanews.com\/index.php\/wp-json\/wp\/v2\/users\/1"}],"replies":[{"embeddable":true,"href":"https:\/\/www.gaveanews.com\/index.php\/wp-json\/wp\/v2\/comments?post=25268"}],"version-history":[{"count":0,"href":"https:\/\/www.gaveanews.com\/index.php\/wp-json\/wp\/v2\/posts\/25268\/revisions"}],"wp:featuredmedia":[{"embeddable":true,"href":"https:\/\/www.gaveanews.com\/index.php\/wp-json\/wp\/v2\/media\/14775"}],"wp:attachment":[{"href":"https:\/\/www.gaveanews.com\/index.php\/wp-json\/wp\/v2\/media?parent=25268"}],"wp:term":[{"taxonomy":"category","embeddable":true,"href":"https:\/\/www.gaveanews.com\/index.php\/wp-json\/wp\/v2\/categories?post=25268"},{"taxonomy":"post_tag","embeddable":true,"href":"https:\/\/www.gaveanews.com\/index.php\/wp-json\/wp\/v2\/tags?post=25268"}],"curies":[{"name":"wp","href":"https:\/\/api.w.org\/{rel}","templated":true}]}}