{"id":252772,"date":"2025-04-12T20:40:00","date_gmt":"2025-04-12T23:40:00","guid":{"rendered":"https:\/\/www.gaveanews.com\/?p=252772"},"modified":"2025-04-12T17:07:29","modified_gmt":"2025-04-12T20:07:29","slug":"felipe-melo-opina-sobre-futuro-do-flamengo-na-libertadores","status":"publish","type":"post","link":"https:\/\/www.gaveanews.com\/index.php\/2025\/04\/12\/felipe-melo-opina-sobre-futuro-do-flamengo-na-libertadores\/","title":{"rendered":"Felipe Melo opina sobre futuro do Flamengo na Libertadores"},"content":{"rendered":"\n<p>A derrota do Flamengo para o Central C\u00f3rdoba, em pleno Maracan\u00e3 lotado, preocupou os torcedores em rela\u00e7\u00e3o \u00e0 classifica\u00e7\u00e3o do time para a pr\u00f3xima fase da Libertadores. Depois de duas rodadas, a equipe soma tr\u00eas pontos e est\u00e1 na terceira coloca\u00e7\u00e3o atr\u00e1s da LDU e tamb\u00e9m dos argentinos, ambos com quatro.<\/p>\n\n\n\n<p>O volante Felipe Melo, por\u00e9m, deixou a desconfian\u00e7a de lado e segue otimista na classifica\u00e7\u00e3o do Flamengo para as oitavas de final da Libertadores. O ex-jogador e agora comentarista do Grupo Globo acredita que a derrota foi &#8220;boa, pois vai servir de li\u00e7\u00e3o para o time, que dar\u00e1 uma resposta nas pr\u00f3ximas rodadas.<\/p>\n\n\n\n<p>\u201cEu acho que o Flamengo vai ser o primeiro do grupo. Com o que aconteceu agora, o Flamengo vai mudar, dar\u00e1 uma resposta ao pr\u00f3prio Filipe Lu\u00eds e \u00e0 torcida. O time est\u00e1 muito bem, esse acidente de percurso foi bom e acredito que vai melhorar muito, mostrar tudo aquilo que o torcedor espera\u201d, disse\u00a0Felipe Melo<strong>.<\/strong><\/p>\n\n\n\n<p>Na pr\u00f3xima rodada da Libertadores, o Flamengo vai enfrentar a LDU, na altitude de Quito. A partida est\u00e1 marcada para o dia 22. Logo depois, joga fora contra o Central C\u00f3rdoba. Por fim, recebe a LDU e fecha a fase de grupos contra o Deportivo T\u00e1chira, tamb\u00e9m no Maracan\u00e3.<\/p>\n\n\n\n<p>Uma cr\u00edtica feita ao t\u00e9cnico Filipe Lu\u00eds na partida contra o C\u00f3rdoba foi o fato dele come\u00e7ar o jogo com o lateral Wesley e os meias Pulgar e Gerson no banco de reservas. De acordo com Felipe Melo, o treinador do Flamengo escuta muito a fisiologia e, se estivesse em seu lugar, colocaria sempre o que tem de melhor em jogos da Libertadores.<\/p>\n\n\n\n<p>\u201cEle escuta muito a fisiologia e eu entendo isso. Confesso que, se fosse eu, colocaria o que tenho de melhor para jogar sempre, \u00e9 um jogo importante da Libertadores\u201d, avaliou Felipe Melo.<\/p>\n","protected":false},"excerpt":{"rendered":"<p>A derrota do Flamengo para o Central C\u00f3rdoba, em pleno Maracan\u00e3 lotado, preocupou os torcedores em rela\u00e7\u00e3o \u00e0 classifica\u00e7\u00e3o do time para a pr\u00f3xima fase da Libertadores. Depois de duas rodadas, a equipe soma tr\u00eas pontos e est\u00e1 na terceira coloca\u00e7\u00e3o atr\u00e1s da LDU e tamb\u00e9m dos argentinos, ambos com quatro. O volante Felipe Melo, [&hellip;]<\/p>\n","protected":false},"author":32,"featured_media":244418,"comment_status":"open","ping_status":"closed","sticky":false,"template":"","format":"standard","meta":{"footnotes":""},"categories":[1],"tags":[],"class_list":["post-252772","post","type-post","status-publish","format-standard","has-post-thumbnail","hentry","category-flamengo"],"yoast_head":"<!-- This site is optimized with the Yoast SEO Premium plugin v24.2 (Yoast SEO v26.9) - https:\/\/yoast.com\/product\/yoast-seo-premium-wordpress\/ -->\n<title>Felipe Melo opina sobre futuro do Flamengo na Libertadores<\/title>\n<meta name=\"robots\" content=\"index, follow, max-snippet:-1, max-image-preview:large, max-video-preview:-1\" \/>\n<link rel=\"canonical\" href=\"https:\/\/www.gaveanews.com\/index.php\/2025\/04\/12\/felipe-melo-opina-sobre-futuro-do-flamengo-na-libertadores\/\" \/>\n<meta property=\"og:locale\" content=\"pt_BR\" \/>\n<meta property=\"og:type\" content=\"article\" \/>\n<meta property=\"og:title\" content=\"Felipe Melo opina sobre futuro do Flamengo na Libertadores\" \/>\n<meta property=\"og:description\" content=\"A derrota do Flamengo para o Central C\u00f3rdoba, em pleno Maracan\u00e3 lotado, preocupou os torcedores em rela\u00e7\u00e3o \u00e0 classifica\u00e7\u00e3o do time para a pr\u00f3xima fase da Libertadores. Depois de duas rodadas, a equipe soma tr\u00eas pontos e est\u00e1 na terceira coloca\u00e7\u00e3o atr\u00e1s da LDU e tamb\u00e9m dos argentinos, ambos com quatro. O volante Felipe Melo, [&hellip;]\" \/>\n<meta property=\"og:url\" content=\"https:\/\/www.gaveanews.com\/index.php\/2025\/04\/12\/felipe-melo-opina-sobre-futuro-do-flamengo-na-libertadores\/\" \/>\n<meta property=\"og:site_name\" content=\"G\u00e1vea News\" \/>\n<meta property=\"article:publisher\" content=\"https:\/\/facebook.com\/gaveaNews\/\" \/>\n<meta property=\"article:published_time\" content=\"2025-04-12T23:40:00+00:00\" \/>\n<meta property=\"og:image\" content=\"https:\/\/www.gaveanews.com\/wp-content\/uploads\/Felipe-Melo-comentarista-da-Rede-Globo.webp\" \/>\n\t<meta property=\"og:image:width\" content=\"900\" \/>\n\t<meta property=\"og:image:height\" content=\"600\" \/>\n\t<meta property=\"og:image:type\" content=\"image\/jpeg\" \/>\n<meta name=\"author\" content=\"Matheus Leal\" \/>\n<meta name=\"twitter:card\" content=\"summary_large_image\" \/>\n<meta name=\"twitter:label1\" content=\"Escrito por\" \/>\n\t<meta name=\"twitter:data1\" content=\"Matheus Leal\" \/>\n\t<meta name=\"twitter:label2\" content=\"Est. tempo de leitura\" \/>\n\t<meta name=\"twitter:data2\" content=\"2 minutos\" \/>\n<script type=\"application\/ld+json\" class=\"yoast-schema-graph\">{\"@context\":\"https:\/\/schema.org\",\"@graph\":[{\"@type\":\"NewsArticle\",\"@id\":\"https:\/\/www.gaveanews.com\/index.php\/2025\/04\/12\/felipe-melo-opina-sobre-futuro-do-flamengo-na-libertadores\/#article\",\"isPartOf\":{\"@id\":\"https:\/\/www.gaveanews.com\/index.php\/2025\/04\/12\/felipe-melo-opina-sobre-futuro-do-flamengo-na-libertadores\/\"},\"author\":{\"name\":\"Matheus Leal\",\"@id\":\"https:\/\/www.gaveanews.com\/#\/schema\/person\/49ac99b6823a2b8d5087a6ce3aaaa128\"},\"headline\":\"Felipe Melo opina sobre futuro do Flamengo na Libertadores\",\"datePublished\":\"2025-04-12T23:40:00+00:00\",\"mainEntityOfPage\":{\"@id\":\"https:\/\/www.gaveanews.com\/index.php\/2025\/04\/12\/felipe-melo-opina-sobre-futuro-do-flamengo-na-libertadores\/\"},\"wordCount\":334,\"commentCount\":0,\"image\":{\"@id\":\"https:\/\/www.gaveanews.com\/index.php\/2025\/04\/12\/felipe-melo-opina-sobre-futuro-do-flamengo-na-libertadores\/#primaryimage\"},\"thumbnailUrl\":\"https:\/\/www.gaveanews.com\/wp-content\/uploads\/Felipe-Melo-comentarista-da-Rede-Globo.webp\",\"articleSection\":[\"Flamengo\"],\"inLanguage\":\"pt-BR\",\"potentialAction\":[{\"@type\":\"CommentAction\",\"name\":\"Comment\",\"target\":[\"https:\/\/www.gaveanews.com\/index.php\/2025\/04\/12\/felipe-melo-opina-sobre-futuro-do-flamengo-na-libertadores\/#respond\"]}],\"copyrightYear\":\"2025\",\"copyrightHolder\":{\"@id\":\"https:\/\/www.gaveanews.com\/#organization\"}},{\"@type\":\"WebPage\",\"@id\":\"https:\/\/www.gaveanews.com\/index.php\/2025\/04\/12\/felipe-melo-opina-sobre-futuro-do-flamengo-na-libertadores\/\",\"url\":\"https:\/\/www.gaveanews.com\/index.php\/2025\/04\/12\/felipe-melo-opina-sobre-futuro-do-flamengo-na-libertadores\/\",\"name\":\"Felipe Melo opina sobre futuro do Flamengo na Libertadores\",\"isPartOf\":{\"@id\":\"https:\/\/www.gaveanews.com\/#website\"},\"primaryImageOfPage\":{\"@id\":\"https:\/\/www.gaveanews.com\/index.php\/2025\/04\/12\/felipe-melo-opina-sobre-futuro-do-flamengo-na-libertadores\/#primaryimage\"},\"image\":{\"@id\":\"https:\/\/www.gaveanews.com\/index.php\/2025\/04\/12\/felipe-melo-opina-sobre-futuro-do-flamengo-na-libertadores\/#primaryimage\"},\"thumbnailUrl\":\"https:\/\/www.gaveanews.com\/wp-content\/uploads\/Felipe-Melo-comentarista-da-Rede-Globo.webp\",\"datePublished\":\"2025-04-12T23:40:00+00:00\",\"author\":{\"@id\":\"https:\/\/www.gaveanews.com\/#\/schema\/person\/49ac99b6823a2b8d5087a6ce3aaaa128\"},\"breadcrumb\":{\"@id\":\"https:\/\/www.gaveanews.com\/index.php\/2025\/04\/12\/felipe-melo-opina-sobre-futuro-do-flamengo-na-libertadores\/#breadcrumb\"},\"inLanguage\":\"pt-BR\",\"potentialAction\":[{\"@type\":\"ReadAction\",\"target\":[\"https:\/\/www.gaveanews.com\/index.php\/2025\/04\/12\/felipe-melo-opina-sobre-futuro-do-flamengo-na-libertadores\/\"]}]},{\"@type\":\"ImageObject\",\"inLanguage\":\"pt-BR\",\"@id\":\"https:\/\/www.gaveanews.com\/index.php\/2025\/04\/12\/felipe-melo-opina-sobre-futuro-do-flamengo-na-libertadores\/#primaryimage\",\"url\":\"https:\/\/www.gaveanews.com\/wp-content\/uploads\/Felipe-Melo-comentarista-da-Rede-Globo.webp\",\"contentUrl\":\"https:\/\/www.gaveanews.com\/wp-content\/uploads\/Felipe-Melo-comentarista-da-Rede-Globo.webp\",\"width\":900,\"height\":600,\"caption\":\"Felipe Melo, comentarista da Rede Globo (Foto: Marcelo de Jesus)\"},{\"@type\":\"BreadcrumbList\",\"@id\":\"https:\/\/www.gaveanews.com\/index.php\/2025\/04\/12\/felipe-melo-opina-sobre-futuro-do-flamengo-na-libertadores\/#breadcrumb\",\"itemListElement\":[{\"@type\":\"ListItem\",\"position\":1,\"name\":\"Home\",\"item\":\"https:\/\/www.gaveanews.com\/\"},{\"@type\":\"ListItem\",\"position\":2,\"name\":\"Felipe Melo opina sobre futuro do Flamengo na Libertadores\"}]},{\"@type\":\"WebSite\",\"@id\":\"https:\/\/www.gaveanews.com\/#website\",\"url\":\"https:\/\/www.gaveanews.com\/\",\"name\":\"G\u00e1vea News\",\"description\":\"Veja todas as not\u00edcias sobre o Flamengo: Contrata\u00e7\u00f5es, categorias de base, resultados das partidas, tabela de classifica\u00e7\u00e3o, pr\u00f3ximos jogos!\",\"potentialAction\":[{\"@type\":\"SearchAction\",\"target\":{\"@type\":\"EntryPoint\",\"urlTemplate\":\"https:\/\/www.gaveanews.com\/?s={search_term_string}\"},\"query-input\":{\"@type\":\"PropertyValueSpecification\",\"valueRequired\":true,\"valueName\":\"search_term_string\"}}],\"inLanguage\":\"pt-BR\"},{\"@type\":\"Person\",\"@id\":\"https:\/\/www.gaveanews.com\/#\/schema\/person\/49ac99b6823a2b8d5087a6ce3aaaa128\",\"name\":\"Matheus Leal\",\"image\":{\"@type\":\"ImageObject\",\"inLanguage\":\"pt-BR\",\"@id\":\"https:\/\/www.gaveanews.com\/#\/schema\/person\/image\/\",\"url\":\"https:\/\/secure.gravatar.com\/avatar\/21c52300d1234416f9c886f6dadd7452d8b035ac505314a51e4f56731e90c481?s=96&d=mm&r=g\",\"contentUrl\":\"https:\/\/secure.gravatar.com\/avatar\/21c52300d1234416f9c886f6dadd7452d8b035ac505314a51e4f56731e90c481?s=96&d=mm&r=g\",\"caption\":\"Matheus Leal\"}}]}<\/script>\n<!-- \/ Yoast SEO Premium plugin. -->","yoast_head_json":{"title":"Felipe Melo opina sobre futuro do Flamengo na Libertadores","robots":{"index":"index","follow":"follow","max-snippet":"max-snippet:-1","max-image-preview":"max-image-preview:large","max-video-preview":"max-video-preview:-1"},"canonical":"https:\/\/www.gaveanews.com\/index.php\/2025\/04\/12\/felipe-melo-opina-sobre-futuro-do-flamengo-na-libertadores\/","og_locale":"pt_BR","og_type":"article","og_title":"Felipe Melo opina sobre futuro do Flamengo na Libertadores","og_description":"A derrota do Flamengo para o Central C\u00f3rdoba, em pleno Maracan\u00e3 lotado, preocupou os torcedores em rela\u00e7\u00e3o \u00e0 classifica\u00e7\u00e3o do time para a pr\u00f3xima fase da Libertadores. Depois de duas rodadas, a equipe soma tr\u00eas pontos e est\u00e1 na terceira coloca\u00e7\u00e3o atr\u00e1s da LDU e tamb\u00e9m dos argentinos, ambos com quatro. O volante Felipe Melo, [&hellip;]","og_url":"https:\/\/www.gaveanews.com\/index.php\/2025\/04\/12\/felipe-melo-opina-sobre-futuro-do-flamengo-na-libertadores\/","og_site_name":"G\u00e1vea News","article_publisher":"https:\/\/facebook.com\/gaveaNews\/","article_published_time":"2025-04-12T23:40:00+00:00","og_image":[{"width":900,"height":600,"url":"https:\/\/www.gaveanews.com\/wp-content\/uploads\/Felipe-Melo-comentarista-da-Rede-Globo.webp","type":"image\/jpeg"}],"author":"Matheus Leal","twitter_card":"summary_large_image","twitter_misc":{"Escrito por":"Matheus Leal","Est. tempo de leitura":"2 minutos"},"schema":{"@context":"https:\/\/schema.org","@graph":[{"@type":"NewsArticle","@id":"https:\/\/www.gaveanews.com\/index.php\/2025\/04\/12\/felipe-melo-opina-sobre-futuro-do-flamengo-na-libertadores\/#article","isPartOf":{"@id":"https:\/\/www.gaveanews.com\/index.php\/2025\/04\/12\/felipe-melo-opina-sobre-futuro-do-flamengo-na-libertadores\/"},"author":{"name":"Matheus Leal","@id":"https:\/\/www.gaveanews.com\/#\/schema\/person\/49ac99b6823a2b8d5087a6ce3aaaa128"},"headline":"Felipe Melo opina sobre futuro do Flamengo na Libertadores","datePublished":"2025-04-12T23:40:00+00:00","mainEntityOfPage":{"@id":"https:\/\/www.gaveanews.com\/index.php\/2025\/04\/12\/felipe-melo-opina-sobre-futuro-do-flamengo-na-libertadores\/"},"wordCount":334,"commentCount":0,"image":{"@id":"https:\/\/www.gaveanews.com\/index.php\/2025\/04\/12\/felipe-melo-opina-sobre-futuro-do-flamengo-na-libertadores\/#primaryimage"},"thumbnailUrl":"https:\/\/www.gaveanews.com\/wp-content\/uploads\/Felipe-Melo-comentarista-da-Rede-Globo.webp","articleSection":["Flamengo"],"inLanguage":"pt-BR","potentialAction":[{"@type":"CommentAction","name":"Comment","target":["https:\/\/www.gaveanews.com\/index.php\/2025\/04\/12\/felipe-melo-opina-sobre-futuro-do-flamengo-na-libertadores\/#respond"]}],"copyrightYear":"2025","copyrightHolder":{"@id":"https:\/\/www.gaveanews.com\/#organization"}},{"@type":"WebPage","@id":"https:\/\/www.gaveanews.com\/index.php\/2025\/04\/12\/felipe-melo-opina-sobre-futuro-do-flamengo-na-libertadores\/","url":"https:\/\/www.gaveanews.com\/index.php\/2025\/04\/12\/felipe-melo-opina-sobre-futuro-do-flamengo-na-libertadores\/","name":"Felipe Melo opina sobre futuro do Flamengo na Libertadores","isPartOf":{"@id":"https:\/\/www.gaveanews.com\/#website"},"primaryImageOfPage":{"@id":"https:\/\/www.gaveanews.com\/index.php\/2025\/04\/12\/felipe-melo-opina-sobre-futuro-do-flamengo-na-libertadores\/#primaryimage"},"image":{"@id":"https:\/\/www.gaveanews.com\/index.php\/2025\/04\/12\/felipe-melo-opina-sobre-futuro-do-flamengo-na-libertadores\/#primaryimage"},"thumbnailUrl":"https:\/\/www.gaveanews.com\/wp-content\/uploads\/Felipe-Melo-comentarista-da-Rede-Globo.webp","datePublished":"2025-04-12T23:40:00+00:00","author":{"@id":"https:\/\/www.gaveanews.com\/#\/schema\/person\/49ac99b6823a2b8d5087a6ce3aaaa128"},"breadcrumb":{"@id":"https:\/\/www.gaveanews.com\/index.php\/2025\/04\/12\/felipe-melo-opina-sobre-futuro-do-flamengo-na-libertadores\/#breadcrumb"},"inLanguage":"pt-BR","potentialAction":[{"@type":"ReadAction","target":["https:\/\/www.gaveanews.com\/index.php\/2025\/04\/12\/felipe-melo-opina-sobre-futuro-do-flamengo-na-libertadores\/"]}]},{"@type":"ImageObject","inLanguage":"pt-BR","@id":"https:\/\/www.gaveanews.com\/index.php\/2025\/04\/12\/felipe-melo-opina-sobre-futuro-do-flamengo-na-libertadores\/#primaryimage","url":"https:\/\/www.gaveanews.com\/wp-content\/uploads\/Felipe-Melo-comentarista-da-Rede-Globo.webp","contentUrl":"https:\/\/www.gaveanews.com\/wp-content\/uploads\/Felipe-Melo-comentarista-da-Rede-Globo.webp","width":900,"height":600,"caption":"Felipe Melo, comentarista da Rede Globo (Foto: Marcelo de Jesus)"},{"@type":"BreadcrumbList","@id":"https:\/\/www.gaveanews.com\/index.php\/2025\/04\/12\/felipe-melo-opina-sobre-futuro-do-flamengo-na-libertadores\/#breadcrumb","itemListElement":[{"@type":"ListItem","position":1,"name":"Home","item":"https:\/\/www.gaveanews.com\/"},{"@type":"ListItem","position":2,"name":"Felipe Melo opina sobre futuro do Flamengo na Libertadores"}]},{"@type":"WebSite","@id":"https:\/\/www.gaveanews.com\/#website","url":"https:\/\/www.gaveanews.com\/","name":"G\u00e1vea News","description":"Veja todas as not\u00edcias sobre o Flamengo: Contrata\u00e7\u00f5es, categorias de base, resultados das partidas, tabela de classifica\u00e7\u00e3o, pr\u00f3ximos jogos!","potentialAction":[{"@type":"SearchAction","target":{"@type":"EntryPoint","urlTemplate":"https:\/\/www.gaveanews.com\/?s={search_term_string}"},"query-input":{"@type":"PropertyValueSpecification","valueRequired":true,"valueName":"search_term_string"}}],"inLanguage":"pt-BR"},{"@type":"Person","@id":"https:\/\/www.gaveanews.com\/#\/schema\/person\/49ac99b6823a2b8d5087a6ce3aaaa128","name":"Matheus Leal","image":{"@type":"ImageObject","inLanguage":"pt-BR","@id":"https:\/\/www.gaveanews.com\/#\/schema\/person\/image\/","url":"https:\/\/secure.gravatar.com\/avatar\/21c52300d1234416f9c886f6dadd7452d8b035ac505314a51e4f56731e90c481?s=96&d=mm&r=g","contentUrl":"https:\/\/secure.gravatar.com\/avatar\/21c52300d1234416f9c886f6dadd7452d8b035ac505314a51e4f56731e90c481?s=96&d=mm&r=g","caption":"Matheus Leal"}}]}},"_links":{"self":[{"href":"https:\/\/www.gaveanews.com\/index.php\/wp-json\/wp\/v2\/posts\/252772","targetHints":{"allow":["GET"]}}],"collection":[{"href":"https:\/\/www.gaveanews.com\/index.php\/wp-json\/wp\/v2\/posts"}],"about":[{"href":"https:\/\/www.gaveanews.com\/index.php\/wp-json\/wp\/v2\/types\/post"}],"author":[{"embeddable":true,"href":"https:\/\/www.gaveanews.com\/index.php\/wp-json\/wp\/v2\/users\/32"}],"replies":[{"embeddable":true,"href":"https:\/\/www.gaveanews.com\/index.php\/wp-json\/wp\/v2\/comments?post=252772"}],"version-history":[{"count":1,"href":"https:\/\/www.gaveanews.com\/index.php\/wp-json\/wp\/v2\/posts\/252772\/revisions"}],"predecessor-version":[{"id":252778,"href":"https:\/\/www.gaveanews.com\/index.php\/wp-json\/wp\/v2\/posts\/252772\/revisions\/252778"}],"wp:featuredmedia":[{"embeddable":true,"href":"https:\/\/www.gaveanews.com\/index.php\/wp-json\/wp\/v2\/media\/244418"}],"wp:attachment":[{"href":"https:\/\/www.gaveanews.com\/index.php\/wp-json\/wp\/v2\/media?parent=252772"}],"wp:term":[{"taxonomy":"category","embeddable":true,"href":"https:\/\/www.gaveanews.com\/index.php\/wp-json\/wp\/v2\/categories?post=252772"},{"taxonomy":"post_tag","embeddable":true,"href":"https:\/\/www.gaveanews.com\/index.php\/wp-json\/wp\/v2\/tags?post=252772"}],"curies":[{"name":"wp","href":"https:\/\/api.w.org\/{rel}","templated":true}]}}