{"id":252779,"date":"2025-04-12T20:45:00","date_gmt":"2025-04-12T23:45:00","guid":{"rendered":"https:\/\/www.gaveanews.com\/?p=252779"},"modified":"2025-04-12T17:43:52","modified_gmt":"2025-04-12T20:43:52","slug":"flamengo-planeja-mercado-da-bola-recheado-veja-nomes-possiveis","status":"publish","type":"post","link":"https:\/\/www.gaveanews.com\/index.php\/2025\/04\/12\/flamengo-planeja-mercado-da-bola-recheado-veja-nomes-possiveis\/","title":{"rendered":"Flamengo planeja mercado da bola recheado; veja nomes poss\u00edveis"},"content":{"rendered":"\n<p>Depois da primeira janela de transfer\u00eancias do ano com somente duas contrata\u00e7\u00f5es, o Flamengo planeja ir pesado no mercado da bola no meio da temporada. Al\u00e9m de Jorginho, o Rubro-Negro almeja mais tr\u00eas refor\u00e7os para preencher as lacunas do elenco.<\/p>\n\n\n\n<p>O \u00fanico alvo conhecido e confirmado at\u00e9 o momento \u00e9 o do volante Jorginho, do Arsenal. O \u00edtalo-brasileiro tem bases acertadas com Flamengo, que mostra otimismo pelo refor\u00e7o ap\u00f3s o t\u00e9rmino do seu contrato com os Gunners, no fim da temporada atual. Ele, inclusive, esteve no Brasil recentemente para estreitar os la\u00e7os.<\/p>\n\n\n\n<p>Entretanto, Jorginho n\u00e3o \u00e9 o \u00fanico nome monitorado. A diretoria do Flamengo tamb\u00e9m quer refor\u00e7os para a zaga, o meio e, caso Wesley de fato seja vendido, para a lateral direita. Em parceria com o canal Luiz Ant\u00f4nio Rubro-Negro, o G\u00e1vea News apurou atletas que est\u00e3o na lista de possibilidades do diretor de futebol Jos\u00e9 Boto.<\/p>\n\n\n\n<p>Para a lateral, <a href=\"https:\/\/www.gaveanews.com\/index.php\/2025\/04\/07\/flamengo-define-alvo-para-substituir-wesley-no-meio-do-ano\/\" target=\"_blank\" rel=\"noreferrer noopener\">o jovem Vin\u00edcius Tobias, do Shakhtar Donetsk<\/a>, \u00e9 a prioridade do Flamengo para substituir Wesley. O atleta \u00e9 muito bem avaliado por Boto. Inclusive foi o portugu\u00eas que o contratou para o time ucraniano ainda quando estava na base do Internacional.<\/p>\n\n\n\n<p>Para o meio, o Flamengo entende que Arrascaeta \u00e9 o \u00fanico jogador do elenco que n\u00e3o tem um substituto. Por isso, espera refor\u00e7ar a posi\u00e7\u00e3o e dar um suporte ao uruguaio. Tr\u00eas nomes s\u00e3o analisados no momento. S\u00e3o eles: Enciso, paraguaio do Brighton e emprestado ao Ipswich, Facundo Bounanotte, tamb\u00e9m do Brighton, mas emprestado ao Leicester, e Fabio Carvalho, ex-Liverpool e atualmente no Brentford.<\/p>\n\n\n\n<p>A diretoria rubro-negra, no entanto, tem ci\u00eancia da dificuldade de tirar atletas jovens da Premier League, embora s\u00f3 n\u00e3o tenha contratado Enciso no in\u00edcio do ano, pois o atleta n\u00e3o aceitou voltar ao futebol sul-americano. Para a janela, o or\u00e7amento do Flamengo prev\u00ea um pouco mais de 20 milh\u00f5es de refor\u00e7os dispon\u00edveis. Sendo assim, Boto ter\u00e1 cerca de R$ 130 milh\u00f5es para investir.<\/p>\n","protected":false},"excerpt":{"rendered":"<p>Depois da primeira janela de transfer\u00eancias do ano com somente duas contrata\u00e7\u00f5es, o Flamengo planeja ir pesado no mercado da bola no meio da temporada. Al\u00e9m de Jorginho, o Rubro-Negro almeja mais tr\u00eas refor\u00e7os para preencher as lacunas do elenco. O \u00fanico alvo conhecido e confirmado at\u00e9 o momento \u00e9 o do volante Jorginho, do [&hellip;]<\/p>\n","protected":false},"author":32,"featured_media":249228,"comment_status":"open","ping_status":"closed","sticky":false,"template":"","format":"standard","meta":{"footnotes":""},"categories":[1],"tags":[],"class_list":["post-252779","post","type-post","status-publish","format-standard","has-post-thumbnail","hentry","category-flamengo"],"yoast_head":"<!-- This site is optimized with the Yoast SEO Premium plugin v24.2 (Yoast SEO v26.9) - https:\/\/yoast.com\/product\/yoast-seo-premium-wordpress\/ -->\n<title>Flamengo planeja mercado da bola recheado; veja nomes poss\u00edveis<\/title>\n<meta name=\"robots\" content=\"index, follow, max-snippet:-1, max-image-preview:large, max-video-preview:-1\" \/>\n<link rel=\"canonical\" href=\"https:\/\/www.gaveanews.com\/index.php\/2025\/04\/12\/flamengo-planeja-mercado-da-bola-recheado-veja-nomes-possiveis\/\" \/>\n<meta property=\"og:locale\" content=\"pt_BR\" \/>\n<meta property=\"og:type\" content=\"article\" \/>\n<meta property=\"og:title\" content=\"Flamengo planeja mercado da bola recheado; veja nomes poss\u00edveis\" \/>\n<meta property=\"og:description\" content=\"Depois da primeira janela de transfer\u00eancias do ano com somente duas contrata\u00e7\u00f5es, o Flamengo planeja ir pesado no mercado da bola no meio da temporada. Al\u00e9m de Jorginho, o Rubro-Negro almeja mais tr\u00eas refor\u00e7os para preencher as lacunas do elenco. O \u00fanico alvo conhecido e confirmado at\u00e9 o momento \u00e9 o do volante Jorginho, do [&hellip;]\" \/>\n<meta property=\"og:url\" content=\"https:\/\/www.gaveanews.com\/index.php\/2025\/04\/12\/flamengo-planeja-mercado-da-bola-recheado-veja-nomes-possiveis\/\" \/>\n<meta property=\"og:site_name\" content=\"G\u00e1vea News\" \/>\n<meta property=\"article:publisher\" content=\"https:\/\/facebook.com\/gaveaNews\/\" \/>\n<meta property=\"article:published_time\" content=\"2025-04-12T23:45:00+00:00\" \/>\n<meta property=\"og:image\" content=\"https:\/\/www.gaveanews.com\/wp-content\/uploads\/Filipe-Luis-e-Jose-Boto-pelo-Flamengo.webp\" \/>\n\t<meta property=\"og:image:width\" content=\"805\" \/>\n\t<meta property=\"og:image:height\" content=\"538\" \/>\n\t<meta property=\"og:image:type\" content=\"image\/jpeg\" \/>\n<meta name=\"author\" content=\"Matheus Leal\" \/>\n<meta name=\"twitter:card\" content=\"summary_large_image\" \/>\n<meta name=\"twitter:label1\" content=\"Escrito por\" \/>\n\t<meta name=\"twitter:data1\" content=\"Matheus Leal\" \/>\n\t<meta name=\"twitter:label2\" content=\"Est. tempo de leitura\" \/>\n\t<meta name=\"twitter:data2\" content=\"2 minutos\" \/>\n<script type=\"application\/ld+json\" class=\"yoast-schema-graph\">{\"@context\":\"https:\/\/schema.org\",\"@graph\":[{\"@type\":\"NewsArticle\",\"@id\":\"https:\/\/www.gaveanews.com\/index.php\/2025\/04\/12\/flamengo-planeja-mercado-da-bola-recheado-veja-nomes-possiveis\/#article\",\"isPartOf\":{\"@id\":\"https:\/\/www.gaveanews.com\/index.php\/2025\/04\/12\/flamengo-planeja-mercado-da-bola-recheado-veja-nomes-possiveis\/\"},\"author\":{\"name\":\"Matheus Leal\",\"@id\":\"https:\/\/www.gaveanews.com\/#\/schema\/person\/49ac99b6823a2b8d5087a6ce3aaaa128\"},\"headline\":\"Flamengo planeja mercado da bola recheado; veja nomes poss\u00edveis\",\"datePublished\":\"2025-04-12T23:45:00+00:00\",\"mainEntityOfPage\":{\"@id\":\"https:\/\/www.gaveanews.com\/index.php\/2025\/04\/12\/flamengo-planeja-mercado-da-bola-recheado-veja-nomes-possiveis\/\"},\"wordCount\":355,\"commentCount\":0,\"image\":{\"@id\":\"https:\/\/www.gaveanews.com\/index.php\/2025\/04\/12\/flamengo-planeja-mercado-da-bola-recheado-veja-nomes-possiveis\/#primaryimage\"},\"thumbnailUrl\":\"https:\/\/www.gaveanews.com\/wp-content\/uploads\/Filipe-Luis-e-Jose-Boto-pelo-Flamengo.webp\",\"articleSection\":[\"Flamengo\"],\"inLanguage\":\"pt-BR\",\"potentialAction\":[{\"@type\":\"CommentAction\",\"name\":\"Comment\",\"target\":[\"https:\/\/www.gaveanews.com\/index.php\/2025\/04\/12\/flamengo-planeja-mercado-da-bola-recheado-veja-nomes-possiveis\/#respond\"]}],\"copyrightYear\":\"2025\",\"copyrightHolder\":{\"@id\":\"https:\/\/www.gaveanews.com\/#organization\"}},{\"@type\":\"WebPage\",\"@id\":\"https:\/\/www.gaveanews.com\/index.php\/2025\/04\/12\/flamengo-planeja-mercado-da-bola-recheado-veja-nomes-possiveis\/\",\"url\":\"https:\/\/www.gaveanews.com\/index.php\/2025\/04\/12\/flamengo-planeja-mercado-da-bola-recheado-veja-nomes-possiveis\/\",\"name\":\"Flamengo planeja mercado da bola recheado; veja nomes poss\u00edveis\",\"isPartOf\":{\"@id\":\"https:\/\/www.gaveanews.com\/#website\"},\"primaryImageOfPage\":{\"@id\":\"https:\/\/www.gaveanews.com\/index.php\/2025\/04\/12\/flamengo-planeja-mercado-da-bola-recheado-veja-nomes-possiveis\/#primaryimage\"},\"image\":{\"@id\":\"https:\/\/www.gaveanews.com\/index.php\/2025\/04\/12\/flamengo-planeja-mercado-da-bola-recheado-veja-nomes-possiveis\/#primaryimage\"},\"thumbnailUrl\":\"https:\/\/www.gaveanews.com\/wp-content\/uploads\/Filipe-Luis-e-Jose-Boto-pelo-Flamengo.webp\",\"datePublished\":\"2025-04-12T23:45:00+00:00\",\"author\":{\"@id\":\"https:\/\/www.gaveanews.com\/#\/schema\/person\/49ac99b6823a2b8d5087a6ce3aaaa128\"},\"breadcrumb\":{\"@id\":\"https:\/\/www.gaveanews.com\/index.php\/2025\/04\/12\/flamengo-planeja-mercado-da-bola-recheado-veja-nomes-possiveis\/#breadcrumb\"},\"inLanguage\":\"pt-BR\",\"potentialAction\":[{\"@type\":\"ReadAction\",\"target\":[\"https:\/\/www.gaveanews.com\/index.php\/2025\/04\/12\/flamengo-planeja-mercado-da-bola-recheado-veja-nomes-possiveis\/\"]}]},{\"@type\":\"ImageObject\",\"inLanguage\":\"pt-BR\",\"@id\":\"https:\/\/www.gaveanews.com\/index.php\/2025\/04\/12\/flamengo-planeja-mercado-da-bola-recheado-veja-nomes-possiveis\/#primaryimage\",\"url\":\"https:\/\/www.gaveanews.com\/wp-content\/uploads\/Filipe-Luis-e-Jose-Boto-pelo-Flamengo.webp\",\"contentUrl\":\"https:\/\/www.gaveanews.com\/wp-content\/uploads\/Filipe-Luis-e-Jose-Boto-pelo-Flamengo.webp\",\"width\":805,\"height\":538,\"caption\":\"Filipe Lu\u00eds e Jos\u00e9 Boto pelo Flamengo (Foto: divulga\u00e7\u00e3o\/Flamengo)\"},{\"@type\":\"BreadcrumbList\",\"@id\":\"https:\/\/www.gaveanews.com\/index.php\/2025\/04\/12\/flamengo-planeja-mercado-da-bola-recheado-veja-nomes-possiveis\/#breadcrumb\",\"itemListElement\":[{\"@type\":\"ListItem\",\"position\":1,\"name\":\"Home\",\"item\":\"https:\/\/www.gaveanews.com\/\"},{\"@type\":\"ListItem\",\"position\":2,\"name\":\"Flamengo planeja mercado da bola recheado; veja nomes poss\u00edveis\"}]},{\"@type\":\"WebSite\",\"@id\":\"https:\/\/www.gaveanews.com\/#website\",\"url\":\"https:\/\/www.gaveanews.com\/\",\"name\":\"G\u00e1vea News\",\"description\":\"Veja todas as not\u00edcias sobre o Flamengo: Contrata\u00e7\u00f5es, categorias de base, resultados das partidas, tabela de classifica\u00e7\u00e3o, pr\u00f3ximos jogos!\",\"potentialAction\":[{\"@type\":\"SearchAction\",\"target\":{\"@type\":\"EntryPoint\",\"urlTemplate\":\"https:\/\/www.gaveanews.com\/?s={search_term_string}\"},\"query-input\":{\"@type\":\"PropertyValueSpecification\",\"valueRequired\":true,\"valueName\":\"search_term_string\"}}],\"inLanguage\":\"pt-BR\"},{\"@type\":\"Person\",\"@id\":\"https:\/\/www.gaveanews.com\/#\/schema\/person\/49ac99b6823a2b8d5087a6ce3aaaa128\",\"name\":\"Matheus Leal\",\"image\":{\"@type\":\"ImageObject\",\"inLanguage\":\"pt-BR\",\"@id\":\"https:\/\/www.gaveanews.com\/#\/schema\/person\/image\/\",\"url\":\"https:\/\/secure.gravatar.com\/avatar\/21c52300d1234416f9c886f6dadd7452d8b035ac505314a51e4f56731e90c481?s=96&d=mm&r=g\",\"contentUrl\":\"https:\/\/secure.gravatar.com\/avatar\/21c52300d1234416f9c886f6dadd7452d8b035ac505314a51e4f56731e90c481?s=96&d=mm&r=g\",\"caption\":\"Matheus Leal\"}}]}<\/script>\n<!-- \/ Yoast SEO Premium plugin. -->","yoast_head_json":{"title":"Flamengo planeja mercado da bola recheado; veja nomes poss\u00edveis","robots":{"index":"index","follow":"follow","max-snippet":"max-snippet:-1","max-image-preview":"max-image-preview:large","max-video-preview":"max-video-preview:-1"},"canonical":"https:\/\/www.gaveanews.com\/index.php\/2025\/04\/12\/flamengo-planeja-mercado-da-bola-recheado-veja-nomes-possiveis\/","og_locale":"pt_BR","og_type":"article","og_title":"Flamengo planeja mercado da bola recheado; veja nomes poss\u00edveis","og_description":"Depois da primeira janela de transfer\u00eancias do ano com somente duas contrata\u00e7\u00f5es, o Flamengo planeja ir pesado no mercado da bola no meio da temporada. Al\u00e9m de Jorginho, o Rubro-Negro almeja mais tr\u00eas refor\u00e7os para preencher as lacunas do elenco. O \u00fanico alvo conhecido e confirmado at\u00e9 o momento \u00e9 o do volante Jorginho, do [&hellip;]","og_url":"https:\/\/www.gaveanews.com\/index.php\/2025\/04\/12\/flamengo-planeja-mercado-da-bola-recheado-veja-nomes-possiveis\/","og_site_name":"G\u00e1vea News","article_publisher":"https:\/\/facebook.com\/gaveaNews\/","article_published_time":"2025-04-12T23:45:00+00:00","og_image":[{"width":805,"height":538,"url":"https:\/\/www.gaveanews.com\/wp-content\/uploads\/Filipe-Luis-e-Jose-Boto-pelo-Flamengo.webp","type":"image\/jpeg"}],"author":"Matheus Leal","twitter_card":"summary_large_image","twitter_misc":{"Escrito por":"Matheus Leal","Est. tempo de leitura":"2 minutos"},"schema":{"@context":"https:\/\/schema.org","@graph":[{"@type":"NewsArticle","@id":"https:\/\/www.gaveanews.com\/index.php\/2025\/04\/12\/flamengo-planeja-mercado-da-bola-recheado-veja-nomes-possiveis\/#article","isPartOf":{"@id":"https:\/\/www.gaveanews.com\/index.php\/2025\/04\/12\/flamengo-planeja-mercado-da-bola-recheado-veja-nomes-possiveis\/"},"author":{"name":"Matheus Leal","@id":"https:\/\/www.gaveanews.com\/#\/schema\/person\/49ac99b6823a2b8d5087a6ce3aaaa128"},"headline":"Flamengo planeja mercado da bola recheado; veja nomes poss\u00edveis","datePublished":"2025-04-12T23:45:00+00:00","mainEntityOfPage":{"@id":"https:\/\/www.gaveanews.com\/index.php\/2025\/04\/12\/flamengo-planeja-mercado-da-bola-recheado-veja-nomes-possiveis\/"},"wordCount":355,"commentCount":0,"image":{"@id":"https:\/\/www.gaveanews.com\/index.php\/2025\/04\/12\/flamengo-planeja-mercado-da-bola-recheado-veja-nomes-possiveis\/#primaryimage"},"thumbnailUrl":"https:\/\/www.gaveanews.com\/wp-content\/uploads\/Filipe-Luis-e-Jose-Boto-pelo-Flamengo.webp","articleSection":["Flamengo"],"inLanguage":"pt-BR","potentialAction":[{"@type":"CommentAction","name":"Comment","target":["https:\/\/www.gaveanews.com\/index.php\/2025\/04\/12\/flamengo-planeja-mercado-da-bola-recheado-veja-nomes-possiveis\/#respond"]}],"copyrightYear":"2025","copyrightHolder":{"@id":"https:\/\/www.gaveanews.com\/#organization"}},{"@type":"WebPage","@id":"https:\/\/www.gaveanews.com\/index.php\/2025\/04\/12\/flamengo-planeja-mercado-da-bola-recheado-veja-nomes-possiveis\/","url":"https:\/\/www.gaveanews.com\/index.php\/2025\/04\/12\/flamengo-planeja-mercado-da-bola-recheado-veja-nomes-possiveis\/","name":"Flamengo planeja mercado da bola recheado; veja nomes poss\u00edveis","isPartOf":{"@id":"https:\/\/www.gaveanews.com\/#website"},"primaryImageOfPage":{"@id":"https:\/\/www.gaveanews.com\/index.php\/2025\/04\/12\/flamengo-planeja-mercado-da-bola-recheado-veja-nomes-possiveis\/#primaryimage"},"image":{"@id":"https:\/\/www.gaveanews.com\/index.php\/2025\/04\/12\/flamengo-planeja-mercado-da-bola-recheado-veja-nomes-possiveis\/#primaryimage"},"thumbnailUrl":"https:\/\/www.gaveanews.com\/wp-content\/uploads\/Filipe-Luis-e-Jose-Boto-pelo-Flamengo.webp","datePublished":"2025-04-12T23:45:00+00:00","author":{"@id":"https:\/\/www.gaveanews.com\/#\/schema\/person\/49ac99b6823a2b8d5087a6ce3aaaa128"},"breadcrumb":{"@id":"https:\/\/www.gaveanews.com\/index.php\/2025\/04\/12\/flamengo-planeja-mercado-da-bola-recheado-veja-nomes-possiveis\/#breadcrumb"},"inLanguage":"pt-BR","potentialAction":[{"@type":"ReadAction","target":["https:\/\/www.gaveanews.com\/index.php\/2025\/04\/12\/flamengo-planeja-mercado-da-bola-recheado-veja-nomes-possiveis\/"]}]},{"@type":"ImageObject","inLanguage":"pt-BR","@id":"https:\/\/www.gaveanews.com\/index.php\/2025\/04\/12\/flamengo-planeja-mercado-da-bola-recheado-veja-nomes-possiveis\/#primaryimage","url":"https:\/\/www.gaveanews.com\/wp-content\/uploads\/Filipe-Luis-e-Jose-Boto-pelo-Flamengo.webp","contentUrl":"https:\/\/www.gaveanews.com\/wp-content\/uploads\/Filipe-Luis-e-Jose-Boto-pelo-Flamengo.webp","width":805,"height":538,"caption":"Filipe Lu\u00eds e Jos\u00e9 Boto pelo Flamengo (Foto: divulga\u00e7\u00e3o\/Flamengo)"},{"@type":"BreadcrumbList","@id":"https:\/\/www.gaveanews.com\/index.php\/2025\/04\/12\/flamengo-planeja-mercado-da-bola-recheado-veja-nomes-possiveis\/#breadcrumb","itemListElement":[{"@type":"ListItem","position":1,"name":"Home","item":"https:\/\/www.gaveanews.com\/"},{"@type":"ListItem","position":2,"name":"Flamengo planeja mercado da bola recheado; veja nomes poss\u00edveis"}]},{"@type":"WebSite","@id":"https:\/\/www.gaveanews.com\/#website","url":"https:\/\/www.gaveanews.com\/","name":"G\u00e1vea News","description":"Veja todas as not\u00edcias sobre o Flamengo: Contrata\u00e7\u00f5es, categorias de base, resultados das partidas, tabela de classifica\u00e7\u00e3o, pr\u00f3ximos jogos!","potentialAction":[{"@type":"SearchAction","target":{"@type":"EntryPoint","urlTemplate":"https:\/\/www.gaveanews.com\/?s={search_term_string}"},"query-input":{"@type":"PropertyValueSpecification","valueRequired":true,"valueName":"search_term_string"}}],"inLanguage":"pt-BR"},{"@type":"Person","@id":"https:\/\/www.gaveanews.com\/#\/schema\/person\/49ac99b6823a2b8d5087a6ce3aaaa128","name":"Matheus Leal","image":{"@type":"ImageObject","inLanguage":"pt-BR","@id":"https:\/\/www.gaveanews.com\/#\/schema\/person\/image\/","url":"https:\/\/secure.gravatar.com\/avatar\/21c52300d1234416f9c886f6dadd7452d8b035ac505314a51e4f56731e90c481?s=96&d=mm&r=g","contentUrl":"https:\/\/secure.gravatar.com\/avatar\/21c52300d1234416f9c886f6dadd7452d8b035ac505314a51e4f56731e90c481?s=96&d=mm&r=g","caption":"Matheus Leal"}}]}},"_links":{"self":[{"href":"https:\/\/www.gaveanews.com\/index.php\/wp-json\/wp\/v2\/posts\/252779","targetHints":{"allow":["GET"]}}],"collection":[{"href":"https:\/\/www.gaveanews.com\/index.php\/wp-json\/wp\/v2\/posts"}],"about":[{"href":"https:\/\/www.gaveanews.com\/index.php\/wp-json\/wp\/v2\/types\/post"}],"author":[{"embeddable":true,"href":"https:\/\/www.gaveanews.com\/index.php\/wp-json\/wp\/v2\/users\/32"}],"replies":[{"embeddable":true,"href":"https:\/\/www.gaveanews.com\/index.php\/wp-json\/wp\/v2\/comments?post=252779"}],"version-history":[{"count":1,"href":"https:\/\/www.gaveanews.com\/index.php\/wp-json\/wp\/v2\/posts\/252779\/revisions"}],"predecessor-version":[{"id":252783,"href":"https:\/\/www.gaveanews.com\/index.php\/wp-json\/wp\/v2\/posts\/252779\/revisions\/252783"}],"wp:featuredmedia":[{"embeddable":true,"href":"https:\/\/www.gaveanews.com\/index.php\/wp-json\/wp\/v2\/media\/249228"}],"wp:attachment":[{"href":"https:\/\/www.gaveanews.com\/index.php\/wp-json\/wp\/v2\/media?parent=252779"}],"wp:term":[{"taxonomy":"category","embeddable":true,"href":"https:\/\/www.gaveanews.com\/index.php\/wp-json\/wp\/v2\/categories?post=252779"},{"taxonomy":"post_tag","embeddable":true,"href":"https:\/\/www.gaveanews.com\/index.php\/wp-json\/wp\/v2\/tags?post=252779"}],"curies":[{"name":"wp","href":"https:\/\/api.w.org\/{rel}","templated":true}]}}