{"id":252787,"date":"2025-04-12T20:50:00","date_gmt":"2025-04-12T23:50:00","guid":{"rendered":"https:\/\/www.gaveanews.com\/?p=252787"},"modified":"2025-04-12T20:04:42","modified_gmt":"2025-04-12T23:04:42","slug":"encostado-por-gustavo-quinteros-ele-deixara-o-gremio","status":"publish","type":"post","link":"https:\/\/www.gaveanews.com\/index.php\/2025\/04\/12\/encostado-por-gustavo-quinteros-ele-deixara-o-gremio\/","title":{"rendered":"Encostado por Gustavo Quinteros, ele deixar\u00e1 o Gr\u00eamio"},"content":{"rendered":"\n<p>A situa\u00e7\u00e3o de Gabriel Grando no Gr\u00eamio passou a ser discutida internamente pela diretoria do clube. Revelado pelas categorias de base do Imortal, o goleiro retornou \u00e0 equipe no in\u00edcio de 2025, ap\u00f3s um per\u00edodo de empr\u00e9stimo ao Cruzeiro. Apesar das expectativas criadas com sua volta, o atleta de 25 anos n\u00e3o conseguiu se firmar com Gustavo Quinteros. Grando disputou sete partidas na atual temporada, sendo a maioria delas pelo Campeonato Ga\u00facho, mas perdeu espa\u00e7o nas competi\u00e7\u00f5es seguintes.<\/p>\n\n\n\n<p>Atualmente, o titular da meta tricolor \u00e9 Tiago Volpi, contratado no in\u00edcio da temporada. Assim sendo, Grando tem ocupado o banco de reservas tanto no Campeonato Brasileiro quanto na Copa Sul-Americana. A aus\u00eancia de oportunidades reacendeu rumores sobre sua sa\u00edda. Embora o clube ainda n\u00e3o tenha se pronunciado oficialmente, a possibilidade de uma negocia\u00e7\u00e3o est\u00e1 em pauta.<\/p>\n\n\n\n<figure class=\"wp-block-image size-full\"><img loading=\"lazy\" decoding=\"async\" width=\"774\" height=\"516\" src=\"http:\/\/www.gaveanews.com\/wp-content\/uploads\/Gabriel-Grando-apresentado-pelo-Cruzeiro.webp\" alt=\"\" class=\"wp-image-166449\" srcset=\"https:\/\/www.gaveanews.com\/wp-content\/uploads\/Gabriel-Grando-apresentado-pelo-Cruzeiro.webp 774w, https:\/\/www.gaveanews.com\/wp-content\/uploads\/Gabriel-Grando-apresentado-pelo-Cruzeiro-300x200.webp 300w, https:\/\/www.gaveanews.com\/wp-content\/uploads\/Gabriel-Grando-apresentado-pelo-Cruzeiro-768x512.webp 768w, https:\/\/www.gaveanews.com\/wp-content\/uploads\/Gabriel-Grando-apresentado-pelo-Cruzeiro-630x420.webp 630w, https:\/\/www.gaveanews.com\/wp-content\/uploads\/Gabriel-Grando-apresentado-pelo-Cruzeiro-640x427.webp 640w, https:\/\/www.gaveanews.com\/wp-content\/uploads\/Gabriel-Grando-apresentado-pelo-Cruzeiro-681x454.webp 681w, https:\/\/www.gaveanews.com\/wp-content\/uploads\/Gabriel-Grando-apresentado-pelo-Cruzeiro-100x67.webp 100w\" sizes=\"auto, (max-width: 774px) 100vw, 774px\" \/><figcaption class=\"wp-element-caption\">Gabriel Grando apresentado pelo Cruzeiro (Foto: Gustavo Aleixo\/Cruzeiro)<\/figcaption><\/figure>\n\n\n\n<p>Nesse cen\u00e1rio, o Palmeiras surge como um potencial destino. Conforme apura\u00e7\u00e3o divulgada por F\u00e1bio Vargas, o clube paulista acompanha a situa\u00e7\u00e3o do goleiro e estuda uma investida para a pr\u00f3xima janela de transfer\u00eancias, em julho. A inten\u00e7\u00e3o seria preencher uma poss\u00edvel lacuna deixada por Marcelo Lomba, que desperta interesse de outras equipes. &#8220;O Palmeiras est\u00e1 de olho em Gabriel Grando, mas ainda n\u00e3o houve proposta&#8221;, relatou Vargas.<\/p>\n\n\n\n<p>Gabriel Grando soma 94 partidas com a camisa do Gr\u00eamio, com destaque para as 33 em que n\u00e3o foi vazado. Entretanto, sua \u00faltima temporada como titular foi em 2023. Em 2024, acabou sendo envolvido na negocia\u00e7\u00e3o que levou Rafael Cabral ao Tricolor ga\u00facho. Ap\u00f3s retornar, n\u00e3o conseguiu recuperar o protagonismo que teve anteriormente no clube.<\/p>\n\n\n\n<p>Enquanto avalia o futuro do goleiro, o Gr\u00eamio tamb\u00e9m se movimenta no mercado. A diretoria concluiu recentemente a contrata\u00e7\u00e3o de Marlon, lateral-esquerdo vindo do Cruzeiro, por empr\u00e9stimo at\u00e9 o fim de 2025. H\u00e1, inclusive, uma cl\u00e1usula que permite a compra definitiva do jogador, caso ele atue em ao menos 20 partidas. A princ\u00edpio, o valor estipulado \u00e9 de 3,5 milh\u00f5es de euros.<\/p>\n\n\n\n<p>Ali\u00e1s, outro nome que pode deixar o elenco \u00e9 o de Luan C\u00e2ndido. De acordo com informa\u00e7\u00f5es divulgadas, a comiss\u00e3o t\u00e9cnica avalia a devolu\u00e7\u00e3o do atleta ao RB Bragantino em virtude de problemas f\u00edsicos recorrentes. Assim, o Gr\u00eamio vive um momento de reformula\u00e7\u00e3o pontual, com sa\u00eddas em an\u00e1lise e refor\u00e7os pontuais visando o fortalecimento do elenco para o restante da temporada.<\/p>\n","protected":false},"excerpt":{"rendered":"<p>A situa\u00e7\u00e3o de Gabriel Grando no Gr\u00eamio passou a ser discutida internamente pela diretoria do clube. Revelado pelas categorias de base do Imortal, o goleiro retornou \u00e0 equipe no in\u00edcio de 2025, ap\u00f3s um per\u00edodo de empr\u00e9stimo ao Cruzeiro. Apesar das expectativas criadas com sua volta, o atleta de 25 anos n\u00e3o conseguiu se firmar [&hellip;]<\/p>\n","protected":false},"author":27,"featured_media":208932,"comment_status":"open","ping_status":"closed","sticky":false,"template":"","format":"standard","meta":{"footnotes":""},"categories":[143,147],"tags":[],"class_list":["post-252787","post","type-post","status-publish","format-standard","has-post-thumbnail","hentry","category-cruzeiro","category-gremio"],"yoast_head":"<!-- This site is optimized with the Yoast SEO Premium plugin v24.2 (Yoast SEO v26.9) - https:\/\/yoast.com\/product\/yoast-seo-premium-wordpress\/ -->\n<title>Encostado por Gustavo Quinteros, ele deixar\u00e1 o Gr\u00eamio<\/title>\n<meta name=\"robots\" content=\"index, follow, max-snippet:-1, max-image-preview:large, max-video-preview:-1\" \/>\n<link rel=\"canonical\" href=\"https:\/\/www.gaveanews.com\/index.php\/2025\/04\/12\/encostado-por-gustavo-quinteros-ele-deixara-o-gremio\/\" \/>\n<meta property=\"og:locale\" content=\"pt_BR\" \/>\n<meta property=\"og:type\" content=\"article\" \/>\n<meta property=\"og:title\" content=\"Encostado por Gustavo Quinteros, ele deixar\u00e1 o Gr\u00eamio\" \/>\n<meta property=\"og:description\" content=\"A situa\u00e7\u00e3o de Gabriel Grando no Gr\u00eamio passou a ser discutida internamente pela diretoria do clube. Revelado pelas categorias de base do Imortal, o goleiro retornou \u00e0 equipe no in\u00edcio de 2025, ap\u00f3s um per\u00edodo de empr\u00e9stimo ao Cruzeiro. Apesar das expectativas criadas com sua volta, o atleta de 25 anos n\u00e3o conseguiu se firmar [&hellip;]\" \/>\n<meta property=\"og:url\" content=\"https:\/\/www.gaveanews.com\/index.php\/2025\/04\/12\/encostado-por-gustavo-quinteros-ele-deixara-o-gremio\/\" \/>\n<meta property=\"og:site_name\" content=\"G\u00e1vea News\" \/>\n<meta property=\"article:publisher\" content=\"https:\/\/facebook.com\/gaveaNews\/\" \/>\n<meta property=\"article:published_time\" content=\"2025-04-12T23:50:00+00:00\" \/>\n<meta property=\"og:image\" content=\"https:\/\/www.gaveanews.com\/wp-content\/uploads\/Quinteros-posa-para-foto-no-estadio-do-Gremio.webp\" \/>\n\t<meta property=\"og:image:width\" content=\"1024\" \/>\n\t<meta property=\"og:image:height\" content=\"576\" \/>\n\t<meta property=\"og:image:type\" content=\"image\/webp\" \/>\n<meta name=\"author\" content=\"Matheus Felipe\" \/>\n<meta name=\"twitter:card\" content=\"summary_large_image\" \/>\n<meta name=\"twitter:label1\" content=\"Escrito por\" \/>\n\t<meta name=\"twitter:data1\" content=\"Matheus Felipe\" \/>\n\t<meta name=\"twitter:label2\" content=\"Est. tempo de leitura\" \/>\n\t<meta name=\"twitter:data2\" content=\"3 minutos\" \/>\n<script type=\"application\/ld+json\" class=\"yoast-schema-graph\">{\"@context\":\"https:\/\/schema.org\",\"@graph\":[{\"@type\":\"NewsArticle\",\"@id\":\"https:\/\/www.gaveanews.com\/index.php\/2025\/04\/12\/encostado-por-gustavo-quinteros-ele-deixara-o-gremio\/#article\",\"isPartOf\":{\"@id\":\"https:\/\/www.gaveanews.com\/index.php\/2025\/04\/12\/encostado-por-gustavo-quinteros-ele-deixara-o-gremio\/\"},\"author\":{\"name\":\"Matheus Felipe\",\"@id\":\"https:\/\/www.gaveanews.com\/#\/schema\/person\/8207cd4627f56151707418bfc835b2fb\"},\"headline\":\"Encostado por Gustavo Quinteros, ele deixar\u00e1 o Gr\u00eamio\",\"datePublished\":\"2025-04-12T23:50:00+00:00\",\"mainEntityOfPage\":{\"@id\":\"https:\/\/www.gaveanews.com\/index.php\/2025\/04\/12\/encostado-por-gustavo-quinteros-ele-deixara-o-gremio\/\"},\"wordCount\":434,\"commentCount\":0,\"image\":{\"@id\":\"https:\/\/www.gaveanews.com\/index.php\/2025\/04\/12\/encostado-por-gustavo-quinteros-ele-deixara-o-gremio\/#primaryimage\"},\"thumbnailUrl\":\"https:\/\/www.gaveanews.com\/wp-content\/uploads\/Quinteros-posa-para-foto-no-estadio-do-Gremio.webp\",\"articleSection\":[\"Cruzeiro\",\"Gr\u00eamio\"],\"inLanguage\":\"pt-BR\",\"potentialAction\":[{\"@type\":\"CommentAction\",\"name\":\"Comment\",\"target\":[\"https:\/\/www.gaveanews.com\/index.php\/2025\/04\/12\/encostado-por-gustavo-quinteros-ele-deixara-o-gremio\/#respond\"]}],\"copyrightYear\":\"2025\",\"copyrightHolder\":{\"@id\":\"https:\/\/www.gaveanews.com\/#organization\"}},{\"@type\":\"WebPage\",\"@id\":\"https:\/\/www.gaveanews.com\/index.php\/2025\/04\/12\/encostado-por-gustavo-quinteros-ele-deixara-o-gremio\/\",\"url\":\"https:\/\/www.gaveanews.com\/index.php\/2025\/04\/12\/encostado-por-gustavo-quinteros-ele-deixara-o-gremio\/\",\"name\":\"Encostado por Gustavo Quinteros, ele deixar\u00e1 o Gr\u00eamio\",\"isPartOf\":{\"@id\":\"https:\/\/www.gaveanews.com\/#website\"},\"primaryImageOfPage\":{\"@id\":\"https:\/\/www.gaveanews.com\/index.php\/2025\/04\/12\/encostado-por-gustavo-quinteros-ele-deixara-o-gremio\/#primaryimage\"},\"image\":{\"@id\":\"https:\/\/www.gaveanews.com\/index.php\/2025\/04\/12\/encostado-por-gustavo-quinteros-ele-deixara-o-gremio\/#primaryimage\"},\"thumbnailUrl\":\"https:\/\/www.gaveanews.com\/wp-content\/uploads\/Quinteros-posa-para-foto-no-estadio-do-Gremio.webp\",\"datePublished\":\"2025-04-12T23:50:00+00:00\",\"author\":{\"@id\":\"https:\/\/www.gaveanews.com\/#\/schema\/person\/8207cd4627f56151707418bfc835b2fb\"},\"breadcrumb\":{\"@id\":\"https:\/\/www.gaveanews.com\/index.php\/2025\/04\/12\/encostado-por-gustavo-quinteros-ele-deixara-o-gremio\/#breadcrumb\"},\"inLanguage\":\"pt-BR\",\"potentialAction\":[{\"@type\":\"ReadAction\",\"target\":[\"https:\/\/www.gaveanews.com\/index.php\/2025\/04\/12\/encostado-por-gustavo-quinteros-ele-deixara-o-gremio\/\"]}]},{\"@type\":\"ImageObject\",\"inLanguage\":\"pt-BR\",\"@id\":\"https:\/\/www.gaveanews.com\/index.php\/2025\/04\/12\/encostado-por-gustavo-quinteros-ele-deixara-o-gremio\/#primaryimage\",\"url\":\"https:\/\/www.gaveanews.com\/wp-content\/uploads\/Quinteros-posa-para-foto-no-estadio-do-Gremio.webp\",\"contentUrl\":\"https:\/\/www.gaveanews.com\/wp-content\/uploads\/Quinteros-posa-para-foto-no-estadio-do-Gremio.webp\",\"width\":1024,\"height\":576,\"caption\":\"Quinteros posa para foto no est\u00e1dio do Gr\u00eamio (Foto: Lucas Uebel\/Gr\u00eamio)\"},{\"@type\":\"BreadcrumbList\",\"@id\":\"https:\/\/www.gaveanews.com\/index.php\/2025\/04\/12\/encostado-por-gustavo-quinteros-ele-deixara-o-gremio\/#breadcrumb\",\"itemListElement\":[{\"@type\":\"ListItem\",\"position\":1,\"name\":\"Home\",\"item\":\"https:\/\/www.gaveanews.com\/\"},{\"@type\":\"ListItem\",\"position\":2,\"name\":\"Encostado por Gustavo Quinteros, ele deixar\u00e1 o Gr\u00eamio\"}]},{\"@type\":\"WebSite\",\"@id\":\"https:\/\/www.gaveanews.com\/#website\",\"url\":\"https:\/\/www.gaveanews.com\/\",\"name\":\"G\u00e1vea News\",\"description\":\"Veja todas as not\u00edcias sobre o Flamengo: Contrata\u00e7\u00f5es, categorias de base, resultados das partidas, tabela de classifica\u00e7\u00e3o, pr\u00f3ximos jogos!\",\"potentialAction\":[{\"@type\":\"SearchAction\",\"target\":{\"@type\":\"EntryPoint\",\"urlTemplate\":\"https:\/\/www.gaveanews.com\/?s={search_term_string}\"},\"query-input\":{\"@type\":\"PropertyValueSpecification\",\"valueRequired\":true,\"valueName\":\"search_term_string\"}}],\"inLanguage\":\"pt-BR\"},{\"@type\":\"Person\",\"@id\":\"https:\/\/www.gaveanews.com\/#\/schema\/person\/8207cd4627f56151707418bfc835b2fb\",\"name\":\"Matheus Felipe\",\"image\":{\"@type\":\"ImageObject\",\"inLanguage\":\"pt-BR\",\"@id\":\"https:\/\/www.gaveanews.com\/#\/schema\/person\/image\/\",\"url\":\"https:\/\/secure.gravatar.com\/avatar\/a452ffbed9130f726358b298bb3a99ce4bd3c5338411f8440e87e14d74c7c087?s=96&d=mm&r=g\",\"contentUrl\":\"https:\/\/secure.gravatar.com\/avatar\/a452ffbed9130f726358b298bb3a99ce4bd3c5338411f8440e87e14d74c7c087?s=96&d=mm&r=g\",\"caption\":\"Matheus Felipe\"}}]}<\/script>\n<!-- \/ Yoast SEO Premium plugin. -->","yoast_head_json":{"title":"Encostado por Gustavo Quinteros, ele deixar\u00e1 o Gr\u00eamio","robots":{"index":"index","follow":"follow","max-snippet":"max-snippet:-1","max-image-preview":"max-image-preview:large","max-video-preview":"max-video-preview:-1"},"canonical":"https:\/\/www.gaveanews.com\/index.php\/2025\/04\/12\/encostado-por-gustavo-quinteros-ele-deixara-o-gremio\/","og_locale":"pt_BR","og_type":"article","og_title":"Encostado por Gustavo Quinteros, ele deixar\u00e1 o Gr\u00eamio","og_description":"A situa\u00e7\u00e3o de Gabriel Grando no Gr\u00eamio passou a ser discutida internamente pela diretoria do clube. Revelado pelas categorias de base do Imortal, o goleiro retornou \u00e0 equipe no in\u00edcio de 2025, ap\u00f3s um per\u00edodo de empr\u00e9stimo ao Cruzeiro. Apesar das expectativas criadas com sua volta, o atleta de 25 anos n\u00e3o conseguiu se firmar [&hellip;]","og_url":"https:\/\/www.gaveanews.com\/index.php\/2025\/04\/12\/encostado-por-gustavo-quinteros-ele-deixara-o-gremio\/","og_site_name":"G\u00e1vea News","article_publisher":"https:\/\/facebook.com\/gaveaNews\/","article_published_time":"2025-04-12T23:50:00+00:00","og_image":[{"width":1024,"height":576,"url":"https:\/\/www.gaveanews.com\/wp-content\/uploads\/Quinteros-posa-para-foto-no-estadio-do-Gremio.webp","type":"image\/webp"}],"author":"Matheus Felipe","twitter_card":"summary_large_image","twitter_misc":{"Escrito por":"Matheus Felipe","Est. tempo de leitura":"3 minutos"},"schema":{"@context":"https:\/\/schema.org","@graph":[{"@type":"NewsArticle","@id":"https:\/\/www.gaveanews.com\/index.php\/2025\/04\/12\/encostado-por-gustavo-quinteros-ele-deixara-o-gremio\/#article","isPartOf":{"@id":"https:\/\/www.gaveanews.com\/index.php\/2025\/04\/12\/encostado-por-gustavo-quinteros-ele-deixara-o-gremio\/"},"author":{"name":"Matheus Felipe","@id":"https:\/\/www.gaveanews.com\/#\/schema\/person\/8207cd4627f56151707418bfc835b2fb"},"headline":"Encostado por Gustavo Quinteros, ele deixar\u00e1 o Gr\u00eamio","datePublished":"2025-04-12T23:50:00+00:00","mainEntityOfPage":{"@id":"https:\/\/www.gaveanews.com\/index.php\/2025\/04\/12\/encostado-por-gustavo-quinteros-ele-deixara-o-gremio\/"},"wordCount":434,"commentCount":0,"image":{"@id":"https:\/\/www.gaveanews.com\/index.php\/2025\/04\/12\/encostado-por-gustavo-quinteros-ele-deixara-o-gremio\/#primaryimage"},"thumbnailUrl":"https:\/\/www.gaveanews.com\/wp-content\/uploads\/Quinteros-posa-para-foto-no-estadio-do-Gremio.webp","articleSection":["Cruzeiro","Gr\u00eamio"],"inLanguage":"pt-BR","potentialAction":[{"@type":"CommentAction","name":"Comment","target":["https:\/\/www.gaveanews.com\/index.php\/2025\/04\/12\/encostado-por-gustavo-quinteros-ele-deixara-o-gremio\/#respond"]}],"copyrightYear":"2025","copyrightHolder":{"@id":"https:\/\/www.gaveanews.com\/#organization"}},{"@type":"WebPage","@id":"https:\/\/www.gaveanews.com\/index.php\/2025\/04\/12\/encostado-por-gustavo-quinteros-ele-deixara-o-gremio\/","url":"https:\/\/www.gaveanews.com\/index.php\/2025\/04\/12\/encostado-por-gustavo-quinteros-ele-deixara-o-gremio\/","name":"Encostado por Gustavo Quinteros, ele deixar\u00e1 o Gr\u00eamio","isPartOf":{"@id":"https:\/\/www.gaveanews.com\/#website"},"primaryImageOfPage":{"@id":"https:\/\/www.gaveanews.com\/index.php\/2025\/04\/12\/encostado-por-gustavo-quinteros-ele-deixara-o-gremio\/#primaryimage"},"image":{"@id":"https:\/\/www.gaveanews.com\/index.php\/2025\/04\/12\/encostado-por-gustavo-quinteros-ele-deixara-o-gremio\/#primaryimage"},"thumbnailUrl":"https:\/\/www.gaveanews.com\/wp-content\/uploads\/Quinteros-posa-para-foto-no-estadio-do-Gremio.webp","datePublished":"2025-04-12T23:50:00+00:00","author":{"@id":"https:\/\/www.gaveanews.com\/#\/schema\/person\/8207cd4627f56151707418bfc835b2fb"},"breadcrumb":{"@id":"https:\/\/www.gaveanews.com\/index.php\/2025\/04\/12\/encostado-por-gustavo-quinteros-ele-deixara-o-gremio\/#breadcrumb"},"inLanguage":"pt-BR","potentialAction":[{"@type":"ReadAction","target":["https:\/\/www.gaveanews.com\/index.php\/2025\/04\/12\/encostado-por-gustavo-quinteros-ele-deixara-o-gremio\/"]}]},{"@type":"ImageObject","inLanguage":"pt-BR","@id":"https:\/\/www.gaveanews.com\/index.php\/2025\/04\/12\/encostado-por-gustavo-quinteros-ele-deixara-o-gremio\/#primaryimage","url":"https:\/\/www.gaveanews.com\/wp-content\/uploads\/Quinteros-posa-para-foto-no-estadio-do-Gremio.webp","contentUrl":"https:\/\/www.gaveanews.com\/wp-content\/uploads\/Quinteros-posa-para-foto-no-estadio-do-Gremio.webp","width":1024,"height":576,"caption":"Quinteros posa para foto no est\u00e1dio do Gr\u00eamio (Foto: Lucas Uebel\/Gr\u00eamio)"},{"@type":"BreadcrumbList","@id":"https:\/\/www.gaveanews.com\/index.php\/2025\/04\/12\/encostado-por-gustavo-quinteros-ele-deixara-o-gremio\/#breadcrumb","itemListElement":[{"@type":"ListItem","position":1,"name":"Home","item":"https:\/\/www.gaveanews.com\/"},{"@type":"ListItem","position":2,"name":"Encostado por Gustavo Quinteros, ele deixar\u00e1 o Gr\u00eamio"}]},{"@type":"WebSite","@id":"https:\/\/www.gaveanews.com\/#website","url":"https:\/\/www.gaveanews.com\/","name":"G\u00e1vea News","description":"Veja todas as not\u00edcias sobre o Flamengo: Contrata\u00e7\u00f5es, categorias de base, resultados das partidas, tabela de classifica\u00e7\u00e3o, pr\u00f3ximos jogos!","potentialAction":[{"@type":"SearchAction","target":{"@type":"EntryPoint","urlTemplate":"https:\/\/www.gaveanews.com\/?s={search_term_string}"},"query-input":{"@type":"PropertyValueSpecification","valueRequired":true,"valueName":"search_term_string"}}],"inLanguage":"pt-BR"},{"@type":"Person","@id":"https:\/\/www.gaveanews.com\/#\/schema\/person\/8207cd4627f56151707418bfc835b2fb","name":"Matheus Felipe","image":{"@type":"ImageObject","inLanguage":"pt-BR","@id":"https:\/\/www.gaveanews.com\/#\/schema\/person\/image\/","url":"https:\/\/secure.gravatar.com\/avatar\/a452ffbed9130f726358b298bb3a99ce4bd3c5338411f8440e87e14d74c7c087?s=96&d=mm&r=g","contentUrl":"https:\/\/secure.gravatar.com\/avatar\/a452ffbed9130f726358b298bb3a99ce4bd3c5338411f8440e87e14d74c7c087?s=96&d=mm&r=g","caption":"Matheus Felipe"}}]}},"_links":{"self":[{"href":"https:\/\/www.gaveanews.com\/index.php\/wp-json\/wp\/v2\/posts\/252787","targetHints":{"allow":["GET"]}}],"collection":[{"href":"https:\/\/www.gaveanews.com\/index.php\/wp-json\/wp\/v2\/posts"}],"about":[{"href":"https:\/\/www.gaveanews.com\/index.php\/wp-json\/wp\/v2\/types\/post"}],"author":[{"embeddable":true,"href":"https:\/\/www.gaveanews.com\/index.php\/wp-json\/wp\/v2\/users\/27"}],"replies":[{"embeddable":true,"href":"https:\/\/www.gaveanews.com\/index.php\/wp-json\/wp\/v2\/comments?post=252787"}],"version-history":[{"count":1,"href":"https:\/\/www.gaveanews.com\/index.php\/wp-json\/wp\/v2\/posts\/252787\/revisions"}],"predecessor-version":[{"id":252788,"href":"https:\/\/www.gaveanews.com\/index.php\/wp-json\/wp\/v2\/posts\/252787\/revisions\/252788"}],"wp:featuredmedia":[{"embeddable":true,"href":"https:\/\/www.gaveanews.com\/index.php\/wp-json\/wp\/v2\/media\/208932"}],"wp:attachment":[{"href":"https:\/\/www.gaveanews.com\/index.php\/wp-json\/wp\/v2\/media?parent=252787"}],"wp:term":[{"taxonomy":"category","embeddable":true,"href":"https:\/\/www.gaveanews.com\/index.php\/wp-json\/wp\/v2\/categories?post=252787"},{"taxonomy":"post_tag","embeddable":true,"href":"https:\/\/www.gaveanews.com\/index.php\/wp-json\/wp\/v2\/tags?post=252787"}],"curies":[{"name":"wp","href":"https:\/\/api.w.org\/{rel}","templated":true}]}}