{"id":252789,"date":"2025-04-12T20:55:00","date_gmt":"2025-04-12T23:55:00","guid":{"rendered":"https:\/\/www.gaveanews.com\/?p=252789"},"modified":"2025-04-12T20:11:07","modified_gmt":"2025-04-12T23:11:07","slug":"gremio-atletico-mg-e-cruzeiro-disputam-atacante","status":"publish","type":"post","link":"https:\/\/www.gaveanews.com\/index.php\/2025\/04\/12\/gremio-atletico-mg-e-cruzeiro-disputam-atacante\/","title":{"rendered":"Gr\u00eamio, Atl\u00e9tico-MG e Cruzeiro disputam atacante"},"content":{"rendered":"\n<p>Com a janela de transfer\u00eancias do in\u00edcio do ano prestes a ser encerrada nesta sexta-feira (11 de abril), os principais clubes brasileiros j\u00e1 voltam suas aten\u00e7\u00f5es para o planejamento da pr\u00f3xima fase de contrata\u00e7\u00f5es. Entre os nomes que ganham destaque no mercado, o atacante Sebasti\u00e1n Villa, do Rivadavia, da Argentina, aparece como alvo de tr\u00eas tradicionais equipes do futebol nacional: Gr\u00eamio, Cruzeiro e Atl\u00e9tico-MG.<\/p>\n\n\n\n<p>Aos 28 anos, Villa \u00e9 considerado uma pe\u00e7a importante no setor ofensivo do Rivadavia. No entanto, seu futuro pode estar no Brasil. O t\u00e9cnico Gustavo Quinteros, do Gr\u00eamio, tem o colombiano como prioridade. &#8220;Ele foi um pedido direto da comiss\u00e3o t\u00e9cnica. Entendemos que pode chegar para ser titular e ajudar bastante no ataque&#8221;, relatou uma fonte ligada ao clube ga\u00facho.<\/p>\n\n\n\n<blockquote class=\"twitter-tweet\" data-media-max-width=\"560\"><p lang=\"pt\" dir=\"ltr\">Afirmo para voc\u00eas:<br><br>Sebastian Villa \u00e9 superior tecnicamente que todos os nossos extremas somados.<br><br>Acho que o cara \u00e9 acima da m\u00e9dia na Am\u00e9rica do Sul, somente est\u00e1 no Rivadavia por problemas no extra-campo. <a href=\"https:\/\/t.co\/65JCItZT0D\">pic.twitter.com\/65JCItZT0D<\/a><\/p>&mdash; Gr\u00eamio TimeLine (@GremioTimeLine) <a href=\"https:\/\/twitter.com\/GremioTimeLine\/status\/1911157349303132504?ref_src=twsrc%5Etfw\">April 12, 2025<\/a><\/blockquote> <script async src=\"https:\/\/platform.twitter.com\/widgets.js\" charset=\"utf-8\"><\/script>\n\n\n\n<p>A diretoria gremista, ali\u00e1s, j\u00e1 havia tentado a contrata\u00e7\u00e3o do atleta no in\u00edcio da temporada. Contudo, na ocasi\u00e3o, quest\u00f5es pessoais envolvendo o jogador e o alto custo do neg\u00f3cio \u2014 estimado em cerca de 3 milh\u00f5es de d\u00f3lares \u2014 impediram um avan\u00e7o nas negocia\u00e7\u00f5es. Como resultado, o Gr\u00eamio acabou contratando os atacantes Amuzu e Cristian Oliveira para refor\u00e7ar o elenco.<\/p>\n\n\n\n<p>Entretanto, o clube n\u00e3o encerrou seu interesse por Villa. Conforme apurado, a ideia \u00e9 retomar as conversas na pr\u00f3xima janela de transfer\u00eancias do meio do ano, que antecede a disputa do Super Mundial de Clubes, competi\u00e7\u00e3o que est\u00e1 no centro do planejamento gremista para 2025. &#8220;A expectativa \u00e9 que agora o neg\u00f3cio seja mais vi\u00e1vel&#8221;, comentou um dirigente tricolor.<\/p>\n\n\n\n<p>Enquanto isso, Cruzeiro e Atl\u00e9tico-MG tamb\u00e9m acompanham a situa\u00e7\u00e3o do atacante e prometem entrar na disputa caso surjam condi\u00e7\u00f5es favor\u00e1veis. Ambos os clubes aguardam novos desdobramentos nos pr\u00f3ximos dias e est\u00e3o prontos para apresentar propostas concretas visando a abertura do mercado internacional.<\/p>\n\n\n\n<p>Al\u00e9m do setor ofensivo, o Gr\u00eamio tamb\u00e9m analisa refor\u00e7os para a defesa. Um dos nomes em avalia\u00e7\u00e3o \u00e9 o zagueiro Johan Roma\u00f1a, de 28 anos, que atua no San Lorenzo. O colombiano est\u00e1 avaliado em 4,5 milh\u00f5es de d\u00f3lares, e sua contrata\u00e7\u00e3o tamb\u00e9m pode ser discutida a partir da pr\u00f3xima janela.<\/p>\n","protected":false},"excerpt":{"rendered":"<p>Com a janela de transfer\u00eancias do in\u00edcio do ano prestes a ser encerrada nesta sexta-feira (11 de abril), os principais clubes brasileiros j\u00e1 voltam suas aten\u00e7\u00f5es para o planejamento da pr\u00f3xima fase de contrata\u00e7\u00f5es. Entre os nomes que ganham destaque no mercado, o atacante Sebasti\u00e1n Villa, do Rivadavia, da Argentina, aparece como alvo de tr\u00eas [&hellip;]<\/p>\n","protected":false},"author":27,"featured_media":165925,"comment_status":"open","ping_status":"closed","sticky":false,"template":"","format":"standard","meta":{"footnotes":""},"categories":[136,143,147],"tags":[],"class_list":["post-252789","post","type-post","status-publish","format-standard","has-post-thumbnail","hentry","category-atletico-mg","category-cruzeiro","category-gremio"],"yoast_head":"<!-- This site is optimized with the Yoast SEO Premium plugin v24.2 (Yoast SEO v26.9) - https:\/\/yoast.com\/product\/yoast-seo-premium-wordpress\/ -->\n<title>Gr\u00eamio, Atl\u00e9tico-MG e Cruzeiro disputam atacante<\/title>\n<meta name=\"robots\" content=\"index, follow, max-snippet:-1, max-image-preview:large, max-video-preview:-1\" \/>\n<link rel=\"canonical\" href=\"https:\/\/www.gaveanews.com\/index.php\/2025\/04\/12\/gremio-atletico-mg-e-cruzeiro-disputam-atacante\/\" \/>\n<meta property=\"og:locale\" content=\"pt_BR\" \/>\n<meta property=\"og:type\" content=\"article\" \/>\n<meta property=\"og:title\" content=\"Gr\u00eamio, Atl\u00e9tico-MG e Cruzeiro disputam atacante\" \/>\n<meta property=\"og:description\" content=\"Com a janela de transfer\u00eancias do in\u00edcio do ano prestes a ser encerrada nesta sexta-feira (11 de abril), os principais clubes brasileiros j\u00e1 voltam suas aten\u00e7\u00f5es para o planejamento da pr\u00f3xima fase de contrata\u00e7\u00f5es. Entre os nomes que ganham destaque no mercado, o atacante Sebasti\u00e1n Villa, do Rivadavia, da Argentina, aparece como alvo de tr\u00eas [&hellip;]\" \/>\n<meta property=\"og:url\" content=\"https:\/\/www.gaveanews.com\/index.php\/2025\/04\/12\/gremio-atletico-mg-e-cruzeiro-disputam-atacante\/\" \/>\n<meta property=\"og:site_name\" content=\"G\u00e1vea News\" \/>\n<meta property=\"article:publisher\" content=\"https:\/\/facebook.com\/gaveaNews\/\" \/>\n<meta property=\"article:published_time\" content=\"2025-04-12T23:55:00+00:00\" \/>\n<meta property=\"og:image\" content=\"https:\/\/www.gaveanews.com\/wp-content\/uploads\/Bandeira-do-Gremio.webp\" \/>\n\t<meta property=\"og:image:width\" content=\"1043\" \/>\n\t<meta property=\"og:image:height\" content=\"695\" \/>\n\t<meta property=\"og:image:type\" content=\"image\/webp\" \/>\n<meta name=\"author\" content=\"Matheus Felipe\" \/>\n<meta name=\"twitter:card\" content=\"summary_large_image\" \/>\n<meta name=\"twitter:label1\" content=\"Escrito por\" \/>\n\t<meta name=\"twitter:data1\" content=\"Matheus Felipe\" \/>\n\t<meta name=\"twitter:label2\" content=\"Est. tempo de leitura\" \/>\n\t<meta name=\"twitter:data2\" content=\"3 minutos\" \/>\n<script type=\"application\/ld+json\" class=\"yoast-schema-graph\">{\"@context\":\"https:\/\/schema.org\",\"@graph\":[{\"@type\":\"NewsArticle\",\"@id\":\"https:\/\/www.gaveanews.com\/index.php\/2025\/04\/12\/gremio-atletico-mg-e-cruzeiro-disputam-atacante\/#article\",\"isPartOf\":{\"@id\":\"https:\/\/www.gaveanews.com\/index.php\/2025\/04\/12\/gremio-atletico-mg-e-cruzeiro-disputam-atacante\/\"},\"author\":{\"name\":\"Matheus Felipe\",\"@id\":\"https:\/\/www.gaveanews.com\/#\/schema\/person\/8207cd4627f56151707418bfc835b2fb\"},\"headline\":\"Gr\u00eamio, Atl\u00e9tico-MG e Cruzeiro disputam atacante\",\"datePublished\":\"2025-04-12T23:55:00+00:00\",\"mainEntityOfPage\":{\"@id\":\"https:\/\/www.gaveanews.com\/index.php\/2025\/04\/12\/gremio-atletico-mg-e-cruzeiro-disputam-atacante\/\"},\"wordCount\":429,\"commentCount\":0,\"image\":{\"@id\":\"https:\/\/www.gaveanews.com\/index.php\/2025\/04\/12\/gremio-atletico-mg-e-cruzeiro-disputam-atacante\/#primaryimage\"},\"thumbnailUrl\":\"https:\/\/www.gaveanews.com\/wp-content\/uploads\/Bandeira-do-Gremio.webp\",\"articleSection\":[\"Atl\u00e9tico-MG\",\"Cruzeiro\",\"Gr\u00eamio\"],\"inLanguage\":\"pt-BR\",\"potentialAction\":[{\"@type\":\"CommentAction\",\"name\":\"Comment\",\"target\":[\"https:\/\/www.gaveanews.com\/index.php\/2025\/04\/12\/gremio-atletico-mg-e-cruzeiro-disputam-atacante\/#respond\"]}],\"copyrightYear\":\"2025\",\"copyrightHolder\":{\"@id\":\"https:\/\/www.gaveanews.com\/#organization\"}},{\"@type\":\"WebPage\",\"@id\":\"https:\/\/www.gaveanews.com\/index.php\/2025\/04\/12\/gremio-atletico-mg-e-cruzeiro-disputam-atacante\/\",\"url\":\"https:\/\/www.gaveanews.com\/index.php\/2025\/04\/12\/gremio-atletico-mg-e-cruzeiro-disputam-atacante\/\",\"name\":\"Gr\u00eamio, Atl\u00e9tico-MG e Cruzeiro disputam atacante\",\"isPartOf\":{\"@id\":\"https:\/\/www.gaveanews.com\/#website\"},\"primaryImageOfPage\":{\"@id\":\"https:\/\/www.gaveanews.com\/index.php\/2025\/04\/12\/gremio-atletico-mg-e-cruzeiro-disputam-atacante\/#primaryimage\"},\"image\":{\"@id\":\"https:\/\/www.gaveanews.com\/index.php\/2025\/04\/12\/gremio-atletico-mg-e-cruzeiro-disputam-atacante\/#primaryimage\"},\"thumbnailUrl\":\"https:\/\/www.gaveanews.com\/wp-content\/uploads\/Bandeira-do-Gremio.webp\",\"datePublished\":\"2025-04-12T23:55:00+00:00\",\"author\":{\"@id\":\"https:\/\/www.gaveanews.com\/#\/schema\/person\/8207cd4627f56151707418bfc835b2fb\"},\"breadcrumb\":{\"@id\":\"https:\/\/www.gaveanews.com\/index.php\/2025\/04\/12\/gremio-atletico-mg-e-cruzeiro-disputam-atacante\/#breadcrumb\"},\"inLanguage\":\"pt-BR\",\"potentialAction\":[{\"@type\":\"ReadAction\",\"target\":[\"https:\/\/www.gaveanews.com\/index.php\/2025\/04\/12\/gremio-atletico-mg-e-cruzeiro-disputam-atacante\/\"]}]},{\"@type\":\"ImageObject\",\"inLanguage\":\"pt-BR\",\"@id\":\"https:\/\/www.gaveanews.com\/index.php\/2025\/04\/12\/gremio-atletico-mg-e-cruzeiro-disputam-atacante\/#primaryimage\",\"url\":\"https:\/\/www.gaveanews.com\/wp-content\/uploads\/Bandeira-do-Gremio.webp\",\"contentUrl\":\"https:\/\/www.gaveanews.com\/wp-content\/uploads\/Bandeira-do-Gremio.webp\",\"width\":1043,\"height\":695,\"caption\":\"Bandeira do Gr\u00eamio (Foto: Reprodu\u00e7\u00e3o\/Gr\u00eamio)\"},{\"@type\":\"BreadcrumbList\",\"@id\":\"https:\/\/www.gaveanews.com\/index.php\/2025\/04\/12\/gremio-atletico-mg-e-cruzeiro-disputam-atacante\/#breadcrumb\",\"itemListElement\":[{\"@type\":\"ListItem\",\"position\":1,\"name\":\"Home\",\"item\":\"https:\/\/www.gaveanews.com\/\"},{\"@type\":\"ListItem\",\"position\":2,\"name\":\"Gr\u00eamio, Atl\u00e9tico-MG e Cruzeiro disputam atacante\"}]},{\"@type\":\"WebSite\",\"@id\":\"https:\/\/www.gaveanews.com\/#website\",\"url\":\"https:\/\/www.gaveanews.com\/\",\"name\":\"G\u00e1vea News\",\"description\":\"Veja todas as not\u00edcias sobre o Flamengo: Contrata\u00e7\u00f5es, categorias de base, resultados das partidas, tabela de classifica\u00e7\u00e3o, pr\u00f3ximos jogos!\",\"potentialAction\":[{\"@type\":\"SearchAction\",\"target\":{\"@type\":\"EntryPoint\",\"urlTemplate\":\"https:\/\/www.gaveanews.com\/?s={search_term_string}\"},\"query-input\":{\"@type\":\"PropertyValueSpecification\",\"valueRequired\":true,\"valueName\":\"search_term_string\"}}],\"inLanguage\":\"pt-BR\"},{\"@type\":\"Person\",\"@id\":\"https:\/\/www.gaveanews.com\/#\/schema\/person\/8207cd4627f56151707418bfc835b2fb\",\"name\":\"Matheus Felipe\",\"image\":{\"@type\":\"ImageObject\",\"inLanguage\":\"pt-BR\",\"@id\":\"https:\/\/www.gaveanews.com\/#\/schema\/person\/image\/\",\"url\":\"https:\/\/secure.gravatar.com\/avatar\/a452ffbed9130f726358b298bb3a99ce4bd3c5338411f8440e87e14d74c7c087?s=96&d=mm&r=g\",\"contentUrl\":\"https:\/\/secure.gravatar.com\/avatar\/a452ffbed9130f726358b298bb3a99ce4bd3c5338411f8440e87e14d74c7c087?s=96&d=mm&r=g\",\"caption\":\"Matheus Felipe\"}}]}<\/script>\n<!-- \/ Yoast SEO Premium plugin. -->","yoast_head_json":{"title":"Gr\u00eamio, Atl\u00e9tico-MG e Cruzeiro disputam atacante","robots":{"index":"index","follow":"follow","max-snippet":"max-snippet:-1","max-image-preview":"max-image-preview:large","max-video-preview":"max-video-preview:-1"},"canonical":"https:\/\/www.gaveanews.com\/index.php\/2025\/04\/12\/gremio-atletico-mg-e-cruzeiro-disputam-atacante\/","og_locale":"pt_BR","og_type":"article","og_title":"Gr\u00eamio, Atl\u00e9tico-MG e Cruzeiro disputam atacante","og_description":"Com a janela de transfer\u00eancias do in\u00edcio do ano prestes a ser encerrada nesta sexta-feira (11 de abril), os principais clubes brasileiros j\u00e1 voltam suas aten\u00e7\u00f5es para o planejamento da pr\u00f3xima fase de contrata\u00e7\u00f5es. Entre os nomes que ganham destaque no mercado, o atacante Sebasti\u00e1n Villa, do Rivadavia, da Argentina, aparece como alvo de tr\u00eas [&hellip;]","og_url":"https:\/\/www.gaveanews.com\/index.php\/2025\/04\/12\/gremio-atletico-mg-e-cruzeiro-disputam-atacante\/","og_site_name":"G\u00e1vea News","article_publisher":"https:\/\/facebook.com\/gaveaNews\/","article_published_time":"2025-04-12T23:55:00+00:00","og_image":[{"width":1043,"height":695,"url":"https:\/\/www.gaveanews.com\/wp-content\/uploads\/Bandeira-do-Gremio.webp","type":"image\/webp"}],"author":"Matheus Felipe","twitter_card":"summary_large_image","twitter_misc":{"Escrito por":"Matheus Felipe","Est. tempo de leitura":"3 minutos"},"schema":{"@context":"https:\/\/schema.org","@graph":[{"@type":"NewsArticle","@id":"https:\/\/www.gaveanews.com\/index.php\/2025\/04\/12\/gremio-atletico-mg-e-cruzeiro-disputam-atacante\/#article","isPartOf":{"@id":"https:\/\/www.gaveanews.com\/index.php\/2025\/04\/12\/gremio-atletico-mg-e-cruzeiro-disputam-atacante\/"},"author":{"name":"Matheus Felipe","@id":"https:\/\/www.gaveanews.com\/#\/schema\/person\/8207cd4627f56151707418bfc835b2fb"},"headline":"Gr\u00eamio, Atl\u00e9tico-MG e Cruzeiro disputam atacante","datePublished":"2025-04-12T23:55:00+00:00","mainEntityOfPage":{"@id":"https:\/\/www.gaveanews.com\/index.php\/2025\/04\/12\/gremio-atletico-mg-e-cruzeiro-disputam-atacante\/"},"wordCount":429,"commentCount":0,"image":{"@id":"https:\/\/www.gaveanews.com\/index.php\/2025\/04\/12\/gremio-atletico-mg-e-cruzeiro-disputam-atacante\/#primaryimage"},"thumbnailUrl":"https:\/\/www.gaveanews.com\/wp-content\/uploads\/Bandeira-do-Gremio.webp","articleSection":["Atl\u00e9tico-MG","Cruzeiro","Gr\u00eamio"],"inLanguage":"pt-BR","potentialAction":[{"@type":"CommentAction","name":"Comment","target":["https:\/\/www.gaveanews.com\/index.php\/2025\/04\/12\/gremio-atletico-mg-e-cruzeiro-disputam-atacante\/#respond"]}],"copyrightYear":"2025","copyrightHolder":{"@id":"https:\/\/www.gaveanews.com\/#organization"}},{"@type":"WebPage","@id":"https:\/\/www.gaveanews.com\/index.php\/2025\/04\/12\/gremio-atletico-mg-e-cruzeiro-disputam-atacante\/","url":"https:\/\/www.gaveanews.com\/index.php\/2025\/04\/12\/gremio-atletico-mg-e-cruzeiro-disputam-atacante\/","name":"Gr\u00eamio, Atl\u00e9tico-MG e Cruzeiro disputam atacante","isPartOf":{"@id":"https:\/\/www.gaveanews.com\/#website"},"primaryImageOfPage":{"@id":"https:\/\/www.gaveanews.com\/index.php\/2025\/04\/12\/gremio-atletico-mg-e-cruzeiro-disputam-atacante\/#primaryimage"},"image":{"@id":"https:\/\/www.gaveanews.com\/index.php\/2025\/04\/12\/gremio-atletico-mg-e-cruzeiro-disputam-atacante\/#primaryimage"},"thumbnailUrl":"https:\/\/www.gaveanews.com\/wp-content\/uploads\/Bandeira-do-Gremio.webp","datePublished":"2025-04-12T23:55:00+00:00","author":{"@id":"https:\/\/www.gaveanews.com\/#\/schema\/person\/8207cd4627f56151707418bfc835b2fb"},"breadcrumb":{"@id":"https:\/\/www.gaveanews.com\/index.php\/2025\/04\/12\/gremio-atletico-mg-e-cruzeiro-disputam-atacante\/#breadcrumb"},"inLanguage":"pt-BR","potentialAction":[{"@type":"ReadAction","target":["https:\/\/www.gaveanews.com\/index.php\/2025\/04\/12\/gremio-atletico-mg-e-cruzeiro-disputam-atacante\/"]}]},{"@type":"ImageObject","inLanguage":"pt-BR","@id":"https:\/\/www.gaveanews.com\/index.php\/2025\/04\/12\/gremio-atletico-mg-e-cruzeiro-disputam-atacante\/#primaryimage","url":"https:\/\/www.gaveanews.com\/wp-content\/uploads\/Bandeira-do-Gremio.webp","contentUrl":"https:\/\/www.gaveanews.com\/wp-content\/uploads\/Bandeira-do-Gremio.webp","width":1043,"height":695,"caption":"Bandeira do Gr\u00eamio (Foto: Reprodu\u00e7\u00e3o\/Gr\u00eamio)"},{"@type":"BreadcrumbList","@id":"https:\/\/www.gaveanews.com\/index.php\/2025\/04\/12\/gremio-atletico-mg-e-cruzeiro-disputam-atacante\/#breadcrumb","itemListElement":[{"@type":"ListItem","position":1,"name":"Home","item":"https:\/\/www.gaveanews.com\/"},{"@type":"ListItem","position":2,"name":"Gr\u00eamio, Atl\u00e9tico-MG e Cruzeiro disputam atacante"}]},{"@type":"WebSite","@id":"https:\/\/www.gaveanews.com\/#website","url":"https:\/\/www.gaveanews.com\/","name":"G\u00e1vea News","description":"Veja todas as not\u00edcias sobre o Flamengo: Contrata\u00e7\u00f5es, categorias de base, resultados das partidas, tabela de classifica\u00e7\u00e3o, pr\u00f3ximos jogos!","potentialAction":[{"@type":"SearchAction","target":{"@type":"EntryPoint","urlTemplate":"https:\/\/www.gaveanews.com\/?s={search_term_string}"},"query-input":{"@type":"PropertyValueSpecification","valueRequired":true,"valueName":"search_term_string"}}],"inLanguage":"pt-BR"},{"@type":"Person","@id":"https:\/\/www.gaveanews.com\/#\/schema\/person\/8207cd4627f56151707418bfc835b2fb","name":"Matheus Felipe","image":{"@type":"ImageObject","inLanguage":"pt-BR","@id":"https:\/\/www.gaveanews.com\/#\/schema\/person\/image\/","url":"https:\/\/secure.gravatar.com\/avatar\/a452ffbed9130f726358b298bb3a99ce4bd3c5338411f8440e87e14d74c7c087?s=96&d=mm&r=g","contentUrl":"https:\/\/secure.gravatar.com\/avatar\/a452ffbed9130f726358b298bb3a99ce4bd3c5338411f8440e87e14d74c7c087?s=96&d=mm&r=g","caption":"Matheus Felipe"}}]}},"_links":{"self":[{"href":"https:\/\/www.gaveanews.com\/index.php\/wp-json\/wp\/v2\/posts\/252789","targetHints":{"allow":["GET"]}}],"collection":[{"href":"https:\/\/www.gaveanews.com\/index.php\/wp-json\/wp\/v2\/posts"}],"about":[{"href":"https:\/\/www.gaveanews.com\/index.php\/wp-json\/wp\/v2\/types\/post"}],"author":[{"embeddable":true,"href":"https:\/\/www.gaveanews.com\/index.php\/wp-json\/wp\/v2\/users\/27"}],"replies":[{"embeddable":true,"href":"https:\/\/www.gaveanews.com\/index.php\/wp-json\/wp\/v2\/comments?post=252789"}],"version-history":[{"count":1,"href":"https:\/\/www.gaveanews.com\/index.php\/wp-json\/wp\/v2\/posts\/252789\/revisions"}],"predecessor-version":[{"id":252790,"href":"https:\/\/www.gaveanews.com\/index.php\/wp-json\/wp\/v2\/posts\/252789\/revisions\/252790"}],"wp:featuredmedia":[{"embeddable":true,"href":"https:\/\/www.gaveanews.com\/index.php\/wp-json\/wp\/v2\/media\/165925"}],"wp:attachment":[{"href":"https:\/\/www.gaveanews.com\/index.php\/wp-json\/wp\/v2\/media?parent=252789"}],"wp:term":[{"taxonomy":"category","embeddable":true,"href":"https:\/\/www.gaveanews.com\/index.php\/wp-json\/wp\/v2\/categories?post=252789"},{"taxonomy":"post_tag","embeddable":true,"href":"https:\/\/www.gaveanews.com\/index.php\/wp-json\/wp\/v2\/tags?post=252789"}],"curies":[{"name":"wp","href":"https:\/\/api.w.org\/{rel}","templated":true}]}}