{"id":252899,"date":"2025-04-13T15:40:00","date_gmt":"2025-04-13T18:40:00","guid":{"rendered":"https:\/\/www.gaveanews.com\/?p=252899"},"modified":"2025-04-13T15:28:45","modified_gmt":"2025-04-13T18:28:45","slug":"neymar-aponta-tres-times-que-estao-na-frente-do-santos","status":"publish","type":"post","link":"https:\/\/www.gaveanews.com\/index.php\/2025\/04\/13\/neymar-aponta-tres-times-que-estao-na-frente-do-santos\/","title":{"rendered":"Neymar aponta tr\u00eas times que est\u00e3o na frente do Santos"},"content":{"rendered":"\n<p>O meia-atacante Neymar demonstrou otimismo com o momento vivido pelo Santos e projetou um desempenho promissor da equipe no Campeonato Brasileiro. Em entrevista recente, o camisa 10 santista afirmou que v\u00ea apenas tr\u00eas times em melhor est\u00e1gio que o Alvinegro Praiano na atual edi\u00e7\u00e3o da competi\u00e7\u00e3o nacional.<\/p>\n\n\n\n<p>\u201cHoje, vejo muitos times iguais ao Santos\u201d, declarou o jogador, ao comentar sobre o cen\u00e1rio do Brasileir\u00e3o. Conforme suas palavras, apenas Palmeiras, Flamengo e Botafogo est\u00e3o tecnicamente superiores \u00e0 equipe santista. \u201cO Palmeiras se destaca por manter o mesmo elenco h\u00e1 bastante tempo, o Flamengo pela for\u00e7a do elenco, e o Botafogo pelo bom ano em 2024, mantendo sua base\u201d, completou.<\/p>\n\n\n\n<figure class=\"wp-block-image size-full\"><img loading=\"lazy\" decoding=\"async\" width=\"984\" height=\"709\" src=\"http:\/\/www.gaveanews.com\/wp-content\/uploads\/image-28.webp\" alt=\"Divulga\u00e7\u00e3o: Santos\" class=\"wp-image-220190\"\/><figcaption class=\"wp-element-caption\">Neymar no Santos &#8211; Foto: Divulga\u00e7\u00e3o\/SFC<\/figcaption><\/figure>\n\n\n\n<p>Ali\u00e1s, Neymar ainda apontou que outras equipes, como Internacional, Atl\u00e9tico-MG e Corinthians, est\u00e3o em um n\u00edvel semelhante ao do Santos. A an\u00e1lise do atleta revela confian\u00e7a no elenco e no planejamento tra\u00e7ado pela diretoria para a atual temporada.<\/p>\n\n\n\n<p>Atualmente, o Santos soma um empate e uma derrota nas duas primeiras rodadas do Brasileiro. A equipe comandada por Pedro Caixinha perdeu de virada para o Vasco em S\u00e3o Janu\u00e1rio e ficou no empate com o Bahia, atuando na Vila Belmiro. Apesar disso, Neymar v\u00ea potencial para crescimento.<\/p>\n\n\n\n<p>\u201cNosso time est\u00e1 bem fortalecido. \u00c9 um Santos novo, com investimento alto, treinador novo. Tudo requer tempo para encaixar\u201d, disse o atacante. Ele tamb\u00e9m mencionou que o desempenho no Campeonato Paulista serviu como base para o time encontrar sua forma ideal.<\/p>\n\n\n\n<p>A expectativa em torno do retorno de Neymar \u00e9 alta, sobretudo pela possibilidade de sua estreia no torneio nacional acontecer neste domingo (13 de abril), \u00e0s 19h30min (hor\u00e1rio de Bras\u00edlia), diante do Fluminense, no Maracan\u00e3. A partida pode marcar um novo momento para o clube na competi\u00e7\u00e3o.<\/p>\n\n\n\n<p>Por fim, o camisa 10 afirmou acreditar que o Santos ir\u00e1 surpreender ao longo do campeonato. \u201cVamos brigar l\u00e1 em cima\u201d, concluiu, demonstrando confian\u00e7a no potencial da equipe para superar os desafios da S\u00e9rie A.<\/p>\n","protected":false},"excerpt":{"rendered":"<p>O meia-atacante Neymar demonstrou otimismo com o momento vivido pelo Santos e projetou um desempenho promissor da equipe no Campeonato Brasileiro. Em entrevista recente, o camisa 10 santista afirmou que v\u00ea apenas tr\u00eas times em melhor est\u00e1gio que o Alvinegro Praiano na atual edi\u00e7\u00e3o da competi\u00e7\u00e3o nacional. \u201cHoje, vejo muitos times iguais ao Santos\u201d, declarou [&hellip;]<\/p>\n","protected":false},"author":33,"featured_media":244445,"comment_status":"open","ping_status":"closed","sticky":false,"template":"","format":"standard","meta":{"footnotes":""},"categories":[138,1,150,139],"tags":[],"class_list":["post-252899","post","type-post","status-publish","format-standard","has-post-thumbnail","hentry","category-botafogo","category-flamengo","category-palmeiras","category-santos"],"yoast_head":"<!-- This site is optimized with the Yoast SEO Premium plugin v24.2 (Yoast SEO v26.9) - https:\/\/yoast.com\/product\/yoast-seo-premium-wordpress\/ -->\n<title>Neymar aponta tr\u00eas times que est\u00e3o na frente do Santos<\/title>\n<meta name=\"robots\" content=\"index, follow, max-snippet:-1, max-image-preview:large, max-video-preview:-1\" \/>\n<link rel=\"canonical\" href=\"https:\/\/www.gaveanews.com\/index.php\/2025\/04\/13\/neymar-aponta-tres-times-que-estao-na-frente-do-santos\/\" \/>\n<meta property=\"og:locale\" content=\"pt_BR\" \/>\n<meta property=\"og:type\" content=\"article\" \/>\n<meta property=\"og:title\" content=\"Neymar aponta tr\u00eas times que est\u00e3o na frente do Santos\" \/>\n<meta property=\"og:description\" content=\"O meia-atacante Neymar demonstrou otimismo com o momento vivido pelo Santos e projetou um desempenho promissor da equipe no Campeonato Brasileiro. Em entrevista recente, o camisa 10 santista afirmou que v\u00ea apenas tr\u00eas times em melhor est\u00e1gio que o Alvinegro Praiano na atual edi\u00e7\u00e3o da competi\u00e7\u00e3o nacional. \u201cHoje, vejo muitos times iguais ao Santos\u201d, declarou [&hellip;]\" \/>\n<meta property=\"og:url\" content=\"https:\/\/www.gaveanews.com\/index.php\/2025\/04\/13\/neymar-aponta-tres-times-que-estao-na-frente-do-santos\/\" \/>\n<meta property=\"og:site_name\" content=\"G\u00e1vea News\" \/>\n<meta property=\"article:publisher\" content=\"https:\/\/facebook.com\/gaveaNews\/\" \/>\n<meta property=\"article:published_time\" content=\"2025-04-13T18:40:00+00:00\" \/>\n<meta property=\"og:image\" content=\"https:\/\/www.gaveanews.com\/wp-content\/uploads\/Neymar-em-acao-com-a-camisa-do-Santos-em-2025.webp\" \/>\n\t<meta property=\"og:image:width\" content=\"900\" \/>\n\t<meta property=\"og:image:height\" content=\"600\" \/>\n\t<meta property=\"og:image:type\" content=\"image\/jpeg\" \/>\n<meta name=\"author\" content=\"Brenda Cezillo\" \/>\n<meta name=\"twitter:card\" content=\"summary_large_image\" \/>\n<meta name=\"twitter:label1\" content=\"Escrito por\" \/>\n\t<meta name=\"twitter:data1\" content=\"Brenda Cezillo\" \/>\n\t<meta name=\"twitter:label2\" content=\"Est. tempo de leitura\" \/>\n\t<meta name=\"twitter:data2\" content=\"3 minutos\" \/>\n<script type=\"application\/ld+json\" class=\"yoast-schema-graph\">{\"@context\":\"https:\/\/schema.org\",\"@graph\":[{\"@type\":\"NewsArticle\",\"@id\":\"https:\/\/www.gaveanews.com\/index.php\/2025\/04\/13\/neymar-aponta-tres-times-que-estao-na-frente-do-santos\/#article\",\"isPartOf\":{\"@id\":\"https:\/\/www.gaveanews.com\/index.php\/2025\/04\/13\/neymar-aponta-tres-times-que-estao-na-frente-do-santos\/\"},\"author\":{\"name\":\"Brenda Cezillo\",\"@id\":\"https:\/\/www.gaveanews.com\/#\/schema\/person\/c79759ca337c40791ae8d08e2923d403\"},\"headline\":\"Neymar aponta tr\u00eas times que est\u00e3o na frente do Santos\",\"datePublished\":\"2025-04-13T18:40:00+00:00\",\"mainEntityOfPage\":{\"@id\":\"https:\/\/www.gaveanews.com\/index.php\/2025\/04\/13\/neymar-aponta-tres-times-que-estao-na-frente-do-santos\/\"},\"wordCount\":354,\"commentCount\":0,\"image\":{\"@id\":\"https:\/\/www.gaveanews.com\/index.php\/2025\/04\/13\/neymar-aponta-tres-times-que-estao-na-frente-do-santos\/#primaryimage\"},\"thumbnailUrl\":\"https:\/\/www.gaveanews.com\/wp-content\/uploads\/Neymar-em-acao-com-a-camisa-do-Santos-em-2025.webp\",\"articleSection\":[\"Botafogo\",\"Flamengo\",\"Palmeiras\",\"Santos\"],\"inLanguage\":\"pt-BR\",\"potentialAction\":[{\"@type\":\"CommentAction\",\"name\":\"Comment\",\"target\":[\"https:\/\/www.gaveanews.com\/index.php\/2025\/04\/13\/neymar-aponta-tres-times-que-estao-na-frente-do-santos\/#respond\"]}],\"copyrightYear\":\"2025\",\"copyrightHolder\":{\"@id\":\"https:\/\/www.gaveanews.com\/#organization\"}},{\"@type\":\"WebPage\",\"@id\":\"https:\/\/www.gaveanews.com\/index.php\/2025\/04\/13\/neymar-aponta-tres-times-que-estao-na-frente-do-santos\/\",\"url\":\"https:\/\/www.gaveanews.com\/index.php\/2025\/04\/13\/neymar-aponta-tres-times-que-estao-na-frente-do-santos\/\",\"name\":\"Neymar aponta tr\u00eas times que est\u00e3o na frente do Santos\",\"isPartOf\":{\"@id\":\"https:\/\/www.gaveanews.com\/#website\"},\"primaryImageOfPage\":{\"@id\":\"https:\/\/www.gaveanews.com\/index.php\/2025\/04\/13\/neymar-aponta-tres-times-que-estao-na-frente-do-santos\/#primaryimage\"},\"image\":{\"@id\":\"https:\/\/www.gaveanews.com\/index.php\/2025\/04\/13\/neymar-aponta-tres-times-que-estao-na-frente-do-santos\/#primaryimage\"},\"thumbnailUrl\":\"https:\/\/www.gaveanews.com\/wp-content\/uploads\/Neymar-em-acao-com-a-camisa-do-Santos-em-2025.webp\",\"datePublished\":\"2025-04-13T18:40:00+00:00\",\"author\":{\"@id\":\"https:\/\/www.gaveanews.com\/#\/schema\/person\/c79759ca337c40791ae8d08e2923d403\"},\"breadcrumb\":{\"@id\":\"https:\/\/www.gaveanews.com\/index.php\/2025\/04\/13\/neymar-aponta-tres-times-que-estao-na-frente-do-santos\/#breadcrumb\"},\"inLanguage\":\"pt-BR\",\"potentialAction\":[{\"@type\":\"ReadAction\",\"target\":[\"https:\/\/www.gaveanews.com\/index.php\/2025\/04\/13\/neymar-aponta-tres-times-que-estao-na-frente-do-santos\/\"]}]},{\"@type\":\"ImageObject\",\"inLanguage\":\"pt-BR\",\"@id\":\"https:\/\/www.gaveanews.com\/index.php\/2025\/04\/13\/neymar-aponta-tres-times-que-estao-na-frente-do-santos\/#primaryimage\",\"url\":\"https:\/\/www.gaveanews.com\/wp-content\/uploads\/Neymar-em-acao-com-a-camisa-do-Santos-em-2025.webp\",\"contentUrl\":\"https:\/\/www.gaveanews.com\/wp-content\/uploads\/Neymar-em-acao-com-a-camisa-do-Santos-em-2025.webp\",\"width\":900,\"height\":600,\"caption\":\"Neymar em a\u00e7\u00e3o com a camisa do Santos em 2025 (Foto: Raul Baretta\/ Santos FC)\"},{\"@type\":\"BreadcrumbList\",\"@id\":\"https:\/\/www.gaveanews.com\/index.php\/2025\/04\/13\/neymar-aponta-tres-times-que-estao-na-frente-do-santos\/#breadcrumb\",\"itemListElement\":[{\"@type\":\"ListItem\",\"position\":1,\"name\":\"Home\",\"item\":\"https:\/\/www.gaveanews.com\/\"},{\"@type\":\"ListItem\",\"position\":2,\"name\":\"Neymar aponta tr\u00eas times que est\u00e3o na frente do Santos\"}]},{\"@type\":\"WebSite\",\"@id\":\"https:\/\/www.gaveanews.com\/#website\",\"url\":\"https:\/\/www.gaveanews.com\/\",\"name\":\"G\u00e1vea News\",\"description\":\"Veja todas as not\u00edcias sobre o Flamengo: Contrata\u00e7\u00f5es, categorias de base, resultados das partidas, tabela de classifica\u00e7\u00e3o, pr\u00f3ximos jogos!\",\"potentialAction\":[{\"@type\":\"SearchAction\",\"target\":{\"@type\":\"EntryPoint\",\"urlTemplate\":\"https:\/\/www.gaveanews.com\/?s={search_term_string}\"},\"query-input\":{\"@type\":\"PropertyValueSpecification\",\"valueRequired\":true,\"valueName\":\"search_term_string\"}}],\"inLanguage\":\"pt-BR\"},{\"@type\":\"Person\",\"@id\":\"https:\/\/www.gaveanews.com\/#\/schema\/person\/c79759ca337c40791ae8d08e2923d403\",\"name\":\"Brenda Cezillo\",\"image\":{\"@type\":\"ImageObject\",\"inLanguage\":\"pt-BR\",\"@id\":\"https:\/\/www.gaveanews.com\/#\/schema\/person\/image\/\",\"url\":\"https:\/\/secure.gravatar.com\/avatar\/1738d75cee7317f9c29ae61dd67620c5883d80a92e42a6fff88ae5d527af217a?s=96&d=mm&r=g\",\"contentUrl\":\"https:\/\/secure.gravatar.com\/avatar\/1738d75cee7317f9c29ae61dd67620c5883d80a92e42a6fff88ae5d527af217a?s=96&d=mm&r=g\",\"caption\":\"Brenda Cezillo\"}}]}<\/script>\n<!-- \/ Yoast SEO Premium plugin. -->","yoast_head_json":{"title":"Neymar aponta tr\u00eas times que est\u00e3o na frente do Santos","robots":{"index":"index","follow":"follow","max-snippet":"max-snippet:-1","max-image-preview":"max-image-preview:large","max-video-preview":"max-video-preview:-1"},"canonical":"https:\/\/www.gaveanews.com\/index.php\/2025\/04\/13\/neymar-aponta-tres-times-que-estao-na-frente-do-santos\/","og_locale":"pt_BR","og_type":"article","og_title":"Neymar aponta tr\u00eas times que est\u00e3o na frente do Santos","og_description":"O meia-atacante Neymar demonstrou otimismo com o momento vivido pelo Santos e projetou um desempenho promissor da equipe no Campeonato Brasileiro. Em entrevista recente, o camisa 10 santista afirmou que v\u00ea apenas tr\u00eas times em melhor est\u00e1gio que o Alvinegro Praiano na atual edi\u00e7\u00e3o da competi\u00e7\u00e3o nacional. \u201cHoje, vejo muitos times iguais ao Santos\u201d, declarou [&hellip;]","og_url":"https:\/\/www.gaveanews.com\/index.php\/2025\/04\/13\/neymar-aponta-tres-times-que-estao-na-frente-do-santos\/","og_site_name":"G\u00e1vea News","article_publisher":"https:\/\/facebook.com\/gaveaNews\/","article_published_time":"2025-04-13T18:40:00+00:00","og_image":[{"width":900,"height":600,"url":"https:\/\/www.gaveanews.com\/wp-content\/uploads\/Neymar-em-acao-com-a-camisa-do-Santos-em-2025.webp","type":"image\/jpeg"}],"author":"Brenda Cezillo","twitter_card":"summary_large_image","twitter_misc":{"Escrito por":"Brenda Cezillo","Est. tempo de leitura":"3 minutos"},"schema":{"@context":"https:\/\/schema.org","@graph":[{"@type":"NewsArticle","@id":"https:\/\/www.gaveanews.com\/index.php\/2025\/04\/13\/neymar-aponta-tres-times-que-estao-na-frente-do-santos\/#article","isPartOf":{"@id":"https:\/\/www.gaveanews.com\/index.php\/2025\/04\/13\/neymar-aponta-tres-times-que-estao-na-frente-do-santos\/"},"author":{"name":"Brenda Cezillo","@id":"https:\/\/www.gaveanews.com\/#\/schema\/person\/c79759ca337c40791ae8d08e2923d403"},"headline":"Neymar aponta tr\u00eas times que est\u00e3o na frente do Santos","datePublished":"2025-04-13T18:40:00+00:00","mainEntityOfPage":{"@id":"https:\/\/www.gaveanews.com\/index.php\/2025\/04\/13\/neymar-aponta-tres-times-que-estao-na-frente-do-santos\/"},"wordCount":354,"commentCount":0,"image":{"@id":"https:\/\/www.gaveanews.com\/index.php\/2025\/04\/13\/neymar-aponta-tres-times-que-estao-na-frente-do-santos\/#primaryimage"},"thumbnailUrl":"https:\/\/www.gaveanews.com\/wp-content\/uploads\/Neymar-em-acao-com-a-camisa-do-Santos-em-2025.webp","articleSection":["Botafogo","Flamengo","Palmeiras","Santos"],"inLanguage":"pt-BR","potentialAction":[{"@type":"CommentAction","name":"Comment","target":["https:\/\/www.gaveanews.com\/index.php\/2025\/04\/13\/neymar-aponta-tres-times-que-estao-na-frente-do-santos\/#respond"]}],"copyrightYear":"2025","copyrightHolder":{"@id":"https:\/\/www.gaveanews.com\/#organization"}},{"@type":"WebPage","@id":"https:\/\/www.gaveanews.com\/index.php\/2025\/04\/13\/neymar-aponta-tres-times-que-estao-na-frente-do-santos\/","url":"https:\/\/www.gaveanews.com\/index.php\/2025\/04\/13\/neymar-aponta-tres-times-que-estao-na-frente-do-santos\/","name":"Neymar aponta tr\u00eas times que est\u00e3o na frente do Santos","isPartOf":{"@id":"https:\/\/www.gaveanews.com\/#website"},"primaryImageOfPage":{"@id":"https:\/\/www.gaveanews.com\/index.php\/2025\/04\/13\/neymar-aponta-tres-times-que-estao-na-frente-do-santos\/#primaryimage"},"image":{"@id":"https:\/\/www.gaveanews.com\/index.php\/2025\/04\/13\/neymar-aponta-tres-times-que-estao-na-frente-do-santos\/#primaryimage"},"thumbnailUrl":"https:\/\/www.gaveanews.com\/wp-content\/uploads\/Neymar-em-acao-com-a-camisa-do-Santos-em-2025.webp","datePublished":"2025-04-13T18:40:00+00:00","author":{"@id":"https:\/\/www.gaveanews.com\/#\/schema\/person\/c79759ca337c40791ae8d08e2923d403"},"breadcrumb":{"@id":"https:\/\/www.gaveanews.com\/index.php\/2025\/04\/13\/neymar-aponta-tres-times-que-estao-na-frente-do-santos\/#breadcrumb"},"inLanguage":"pt-BR","potentialAction":[{"@type":"ReadAction","target":["https:\/\/www.gaveanews.com\/index.php\/2025\/04\/13\/neymar-aponta-tres-times-que-estao-na-frente-do-santos\/"]}]},{"@type":"ImageObject","inLanguage":"pt-BR","@id":"https:\/\/www.gaveanews.com\/index.php\/2025\/04\/13\/neymar-aponta-tres-times-que-estao-na-frente-do-santos\/#primaryimage","url":"https:\/\/www.gaveanews.com\/wp-content\/uploads\/Neymar-em-acao-com-a-camisa-do-Santos-em-2025.webp","contentUrl":"https:\/\/www.gaveanews.com\/wp-content\/uploads\/Neymar-em-acao-com-a-camisa-do-Santos-em-2025.webp","width":900,"height":600,"caption":"Neymar em a\u00e7\u00e3o com a camisa do Santos em 2025 (Foto: Raul Baretta\/ Santos FC)"},{"@type":"BreadcrumbList","@id":"https:\/\/www.gaveanews.com\/index.php\/2025\/04\/13\/neymar-aponta-tres-times-que-estao-na-frente-do-santos\/#breadcrumb","itemListElement":[{"@type":"ListItem","position":1,"name":"Home","item":"https:\/\/www.gaveanews.com\/"},{"@type":"ListItem","position":2,"name":"Neymar aponta tr\u00eas times que est\u00e3o na frente do Santos"}]},{"@type":"WebSite","@id":"https:\/\/www.gaveanews.com\/#website","url":"https:\/\/www.gaveanews.com\/","name":"G\u00e1vea News","description":"Veja todas as not\u00edcias sobre o Flamengo: Contrata\u00e7\u00f5es, categorias de base, resultados das partidas, tabela de classifica\u00e7\u00e3o, pr\u00f3ximos jogos!","potentialAction":[{"@type":"SearchAction","target":{"@type":"EntryPoint","urlTemplate":"https:\/\/www.gaveanews.com\/?s={search_term_string}"},"query-input":{"@type":"PropertyValueSpecification","valueRequired":true,"valueName":"search_term_string"}}],"inLanguage":"pt-BR"},{"@type":"Person","@id":"https:\/\/www.gaveanews.com\/#\/schema\/person\/c79759ca337c40791ae8d08e2923d403","name":"Brenda Cezillo","image":{"@type":"ImageObject","inLanguage":"pt-BR","@id":"https:\/\/www.gaveanews.com\/#\/schema\/person\/image\/","url":"https:\/\/secure.gravatar.com\/avatar\/1738d75cee7317f9c29ae61dd67620c5883d80a92e42a6fff88ae5d527af217a?s=96&d=mm&r=g","contentUrl":"https:\/\/secure.gravatar.com\/avatar\/1738d75cee7317f9c29ae61dd67620c5883d80a92e42a6fff88ae5d527af217a?s=96&d=mm&r=g","caption":"Brenda Cezillo"}}]}},"_links":{"self":[{"href":"https:\/\/www.gaveanews.com\/index.php\/wp-json\/wp\/v2\/posts\/252899","targetHints":{"allow":["GET"]}}],"collection":[{"href":"https:\/\/www.gaveanews.com\/index.php\/wp-json\/wp\/v2\/posts"}],"about":[{"href":"https:\/\/www.gaveanews.com\/index.php\/wp-json\/wp\/v2\/types\/post"}],"author":[{"embeddable":true,"href":"https:\/\/www.gaveanews.com\/index.php\/wp-json\/wp\/v2\/users\/33"}],"replies":[{"embeddable":true,"href":"https:\/\/www.gaveanews.com\/index.php\/wp-json\/wp\/v2\/comments?post=252899"}],"version-history":[{"count":1,"href":"https:\/\/www.gaveanews.com\/index.php\/wp-json\/wp\/v2\/posts\/252899\/revisions"}],"predecessor-version":[{"id":252900,"href":"https:\/\/www.gaveanews.com\/index.php\/wp-json\/wp\/v2\/posts\/252899\/revisions\/252900"}],"wp:featuredmedia":[{"embeddable":true,"href":"https:\/\/www.gaveanews.com\/index.php\/wp-json\/wp\/v2\/media\/244445"}],"wp:attachment":[{"href":"https:\/\/www.gaveanews.com\/index.php\/wp-json\/wp\/v2\/media?parent=252899"}],"wp:term":[{"taxonomy":"category","embeddable":true,"href":"https:\/\/www.gaveanews.com\/index.php\/wp-json\/wp\/v2\/categories?post=252899"},{"taxonomy":"post_tag","embeddable":true,"href":"https:\/\/www.gaveanews.com\/index.php\/wp-json\/wp\/v2\/tags?post=252899"}],"curies":[{"name":"wp","href":"https:\/\/api.w.org\/{rel}","templated":true}]}}