{"id":252905,"date":"2025-04-13T16:10:00","date_gmt":"2025-04-13T19:10:00","guid":{"rendered":"https:\/\/www.gaveanews.com\/?p=252905"},"modified":"2025-04-13T16:00:24","modified_gmt":"2025-04-13T19:00:24","slug":"a-declaracao-de-renato-paiva-direcionada-a-patrick-de-paula-do-botafogo-2","status":"publish","type":"post","link":"https:\/\/www.gaveanews.com\/index.php\/2025\/04\/13\/a-declaracao-de-renato-paiva-direcionada-a-patrick-de-paula-do-botafogo-2\/","title":{"rendered":"A declara\u00e7\u00e3o de Renato Paiva direcionada a Patrick de Paula, do Botafogo"},"content":{"rendered":"\n<p>Na derrota por 1 a 0 diante do Red Bull Bragantino, no s\u00e1bado (12 de abril), o t\u00e9cnico Renato Paiva trouxe de volta o esquema com tr\u00eas volantes e optou por escalar Patrick de Paula como titular no meio-campo do Botafogo. A escolha chamou aten\u00e7\u00e3o, especialmente pelo momento do atleta, que ainda busca retomar o melhor n\u00edvel ap\u00f3s per\u00edodo de instabilidade. Segundo o treinador, a decis\u00e3o foi tomada como parte de uma estrat\u00e9gia maior de recupera\u00e7\u00e3o do jogador.<\/p>\n\n\n\n<p>\u201cA quest\u00e3o do Patrick faz parte do projeto que temos para recuperar um bom jogador. Neste momento, \u00e9 um jogador que quer isso. Estamos aqui para isso\u201d, afirmou Paiva, ao justificar sua insist\u00eancia no camisa 6. O comandante destacou ainda que Patrick tem apresentado bom desempenho nos treinamentos e tem se mostrado dedicado ao trabalho, o que, em sua avalia\u00e7\u00e3o, justificaria a titularidade mesmo em um jogo de alta exig\u00eancia.<\/p>\n\n\n\n<figure class=\"wp-block-image size-full\"><img loading=\"lazy\" decoding=\"async\" width=\"808\" height=\"572\" src=\"http:\/\/www.gaveanews.com\/wp-content\/uploads\/Patrick-de-Paula-pelo-Botafogo.webp\" alt=\"\" class=\"wp-image-199256\" srcset=\"https:\/\/www.gaveanews.com\/wp-content\/uploads\/Patrick-de-Paula-pelo-Botafogo.webp 808w, https:\/\/www.gaveanews.com\/wp-content\/uploads\/Patrick-de-Paula-pelo-Botafogo-300x212.webp 300w, https:\/\/www.gaveanews.com\/wp-content\/uploads\/Patrick-de-Paula-pelo-Botafogo-768x544.webp 768w, https:\/\/www.gaveanews.com\/wp-content\/uploads\/Patrick-de-Paula-pelo-Botafogo-593x420.webp 593w, https:\/\/www.gaveanews.com\/wp-content\/uploads\/Patrick-de-Paula-pelo-Botafogo-640x453.webp 640w, https:\/\/www.gaveanews.com\/wp-content\/uploads\/Patrick-de-Paula-pelo-Botafogo-681x482.webp 681w, https:\/\/www.gaveanews.com\/wp-content\/uploads\/Patrick-de-Paula-pelo-Botafogo-100x71.webp 100w\" sizes=\"auto, (max-width: 808px) 100vw, 808px\" \/><figcaption class=\"wp-element-caption\">Patrick de Paula pelo Botafogo (Foto: Vitor Silva\/Botafogo)<\/figcaption><\/figure>\n\n\n\n<p>Ali\u00e1s, o t\u00e9cnico explicou que a escala\u00e7\u00e3o tamb\u00e9m se deu por uma necessidade de gest\u00e3o f\u00edsica do elenco. \u201cTemos jogadores atuando de forma consecutiva quase sempre\u201d, disse ele, ao mencionar atletas como Marlon Freitas, Gregore e os zagueiros. \u201cN\u00e3o \u00e9 rod\u00edzio, mas estamos tentando encontrar o melhor encaixe na avalia\u00e7\u00e3o f\u00edsica\u201d, completou.<\/p>\n\n\n\n<p>Patrick de Paula atuou em uma fun\u00e7\u00e3o mais avan\u00e7ada, jogando solto e se movimentando \u00e0s costas dos marcadores, embora n\u00e3o tenha exercido o papel tradicional de um camisa 10. Conforme Renato Paiva, o posicionamento do jogador teve como objetivo oferecer uma nova din\u00e2mica ofensiva \u00e0 equipe, que buscava explorar espa\u00e7os com mobilidade no meio-campo advers\u00e1rio.<\/p>\n\n\n\n<p>Mesmo com essas tentativas, o Botafogo n\u00e3o conseguiu evitar o rev\u00e9s em Bragan\u00e7a Paulista. A equipe sofreu um gol logo no in\u00edcio e n\u00e3o conseguiu reagir ao longo do confronto. Em entrevista ap\u00f3s a partida, o t\u00e9cnico tamb\u00e9m falou sobre a substitui\u00e7\u00e3o de Marlon Freitas para a entrada de Mastriani nos minutos finais. \u201cArrisquei. Est\u00e1vamos perdendo e quis colocar dois 9. Perdemos consist\u00eancia defensiva, mas precisava me movimentar\u201d, explicou.<\/p>\n\n\n\n<p>Por fim, Paiva admitiu que o resultado refletiu a atua\u00e7\u00e3o em campo e reconheceu os m\u00e9ritos do advers\u00e1rio. \u201cFoi uma vit\u00f3ria justa do Bragantino\u201d, afirmou o treinador, demonstrando sinceridade em sua an\u00e1lise p\u00f3s-jogo. Enfim, o compromisso seguinte do Botafogo est\u00e1 marcado para ter\u00e7a-feira (16 de abril), \u00e0s 18h30 (hor\u00e1rio de Bras\u00edlia), contra o S\u00e3o Paulo, no Est\u00e1dio Nilton Santos, pelo Campeonato Brasileiro.<\/p>\n","protected":false},"excerpt":{"rendered":"<p>Na derrota por 1 a 0 diante do Red Bull Bragantino, no s\u00e1bado (12 de abril), o t\u00e9cnico Renato Paiva trouxe de volta o esquema com tr\u00eas volantes e optou por escalar Patrick de Paula como titular no meio-campo do Botafogo. A escolha chamou aten\u00e7\u00e3o, especialmente pelo momento do atleta, que ainda busca retomar o [&hellip;]<\/p>\n","protected":false},"author":33,"featured_media":244411,"comment_status":"open","ping_status":"closed","sticky":false,"template":"","format":"standard","meta":{"footnotes":""},"categories":[138],"tags":[],"class_list":["post-252905","post","type-post","status-publish","format-standard","has-post-thumbnail","hentry","category-botafogo"],"yoast_head":"<!-- This site is optimized with the Yoast SEO Premium plugin v24.2 (Yoast SEO v26.9) - https:\/\/yoast.com\/product\/yoast-seo-premium-wordpress\/ -->\n<title>A declara\u00e7\u00e3o de Renato Paiva direcionada a Patrick de Paula, do Botafogo<\/title>\n<meta name=\"robots\" content=\"index, follow, max-snippet:-1, max-image-preview:large, max-video-preview:-1\" \/>\n<link rel=\"canonical\" href=\"https:\/\/www.gaveanews.com\/index.php\/2025\/04\/13\/a-declaracao-de-renato-paiva-direcionada-a-patrick-de-paula-do-botafogo-2\/\" \/>\n<meta property=\"og:locale\" content=\"pt_BR\" \/>\n<meta property=\"og:type\" content=\"article\" \/>\n<meta property=\"og:title\" content=\"A declara\u00e7\u00e3o de Renato Paiva direcionada a Patrick de Paula, do Botafogo\" \/>\n<meta property=\"og:description\" content=\"Na derrota por 1 a 0 diante do Red Bull Bragantino, no s\u00e1bado (12 de abril), o t\u00e9cnico Renato Paiva trouxe de volta o esquema com tr\u00eas volantes e optou por escalar Patrick de Paula como titular no meio-campo do Botafogo. A escolha chamou aten\u00e7\u00e3o, especialmente pelo momento do atleta, que ainda busca retomar o [&hellip;]\" \/>\n<meta property=\"og:url\" content=\"https:\/\/www.gaveanews.com\/index.php\/2025\/04\/13\/a-declaracao-de-renato-paiva-direcionada-a-patrick-de-paula-do-botafogo-2\/\" \/>\n<meta property=\"og:site_name\" content=\"G\u00e1vea News\" \/>\n<meta property=\"article:publisher\" content=\"https:\/\/facebook.com\/gaveaNews\/\" \/>\n<meta property=\"article:published_time\" content=\"2025-04-13T19:10:00+00:00\" \/>\n<meta property=\"og:image\" content=\"https:\/\/www.gaveanews.com\/wp-content\/uploads\/Renato-Paiva-em-acao-pelo-Botafogo-em-2025.webp\" \/>\n\t<meta property=\"og:image:width\" content=\"900\" \/>\n\t<meta property=\"og:image:height\" content=\"600\" \/>\n\t<meta property=\"og:image:type\" content=\"image\/jpeg\" \/>\n<meta name=\"author\" content=\"Brenda Cezillo\" \/>\n<meta name=\"twitter:card\" content=\"summary_large_image\" \/>\n<meta name=\"twitter:label1\" content=\"Escrito por\" \/>\n\t<meta name=\"twitter:data1\" content=\"Brenda Cezillo\" \/>\n\t<meta name=\"twitter:label2\" content=\"Est. tempo de leitura\" \/>\n\t<meta name=\"twitter:data2\" content=\"3 minutos\" \/>\n<script type=\"application\/ld+json\" class=\"yoast-schema-graph\">{\"@context\":\"https:\/\/schema.org\",\"@graph\":[{\"@type\":\"NewsArticle\",\"@id\":\"https:\/\/www.gaveanews.com\/index.php\/2025\/04\/13\/a-declaracao-de-renato-paiva-direcionada-a-patrick-de-paula-do-botafogo-2\/#article\",\"isPartOf\":{\"@id\":\"https:\/\/www.gaveanews.com\/index.php\/2025\/04\/13\/a-declaracao-de-renato-paiva-direcionada-a-patrick-de-paula-do-botafogo-2\/\"},\"author\":{\"name\":\"Brenda Cezillo\",\"@id\":\"https:\/\/www.gaveanews.com\/#\/schema\/person\/c79759ca337c40791ae8d08e2923d403\"},\"headline\":\"A declara\u00e7\u00e3o de Renato Paiva direcionada a Patrick de Paula, do Botafogo\",\"datePublished\":\"2025-04-13T19:10:00+00:00\",\"mainEntityOfPage\":{\"@id\":\"https:\/\/www.gaveanews.com\/index.php\/2025\/04\/13\/a-declaracao-de-renato-paiva-direcionada-a-patrick-de-paula-do-botafogo-2\/\"},\"wordCount\":450,\"commentCount\":0,\"image\":{\"@id\":\"https:\/\/www.gaveanews.com\/index.php\/2025\/04\/13\/a-declaracao-de-renato-paiva-direcionada-a-patrick-de-paula-do-botafogo-2\/#primaryimage\"},\"thumbnailUrl\":\"https:\/\/www.gaveanews.com\/wp-content\/uploads\/Renato-Paiva-em-acao-pelo-Botafogo-em-2025.webp\",\"articleSection\":[\"Botafogo\"],\"inLanguage\":\"pt-BR\",\"potentialAction\":[{\"@type\":\"CommentAction\",\"name\":\"Comment\",\"target\":[\"https:\/\/www.gaveanews.com\/index.php\/2025\/04\/13\/a-declaracao-de-renato-paiva-direcionada-a-patrick-de-paula-do-botafogo-2\/#respond\"]}],\"copyrightYear\":\"2025\",\"copyrightHolder\":{\"@id\":\"https:\/\/www.gaveanews.com\/#organization\"}},{\"@type\":\"WebPage\",\"@id\":\"https:\/\/www.gaveanews.com\/index.php\/2025\/04\/13\/a-declaracao-de-renato-paiva-direcionada-a-patrick-de-paula-do-botafogo-2\/\",\"url\":\"https:\/\/www.gaveanews.com\/index.php\/2025\/04\/13\/a-declaracao-de-renato-paiva-direcionada-a-patrick-de-paula-do-botafogo-2\/\",\"name\":\"A declara\u00e7\u00e3o de Renato Paiva direcionada a Patrick de Paula, do Botafogo\",\"isPartOf\":{\"@id\":\"https:\/\/www.gaveanews.com\/#website\"},\"primaryImageOfPage\":{\"@id\":\"https:\/\/www.gaveanews.com\/index.php\/2025\/04\/13\/a-declaracao-de-renato-paiva-direcionada-a-patrick-de-paula-do-botafogo-2\/#primaryimage\"},\"image\":{\"@id\":\"https:\/\/www.gaveanews.com\/index.php\/2025\/04\/13\/a-declaracao-de-renato-paiva-direcionada-a-patrick-de-paula-do-botafogo-2\/#primaryimage\"},\"thumbnailUrl\":\"https:\/\/www.gaveanews.com\/wp-content\/uploads\/Renato-Paiva-em-acao-pelo-Botafogo-em-2025.webp\",\"datePublished\":\"2025-04-13T19:10:00+00:00\",\"author\":{\"@id\":\"https:\/\/www.gaveanews.com\/#\/schema\/person\/c79759ca337c40791ae8d08e2923d403\"},\"breadcrumb\":{\"@id\":\"https:\/\/www.gaveanews.com\/index.php\/2025\/04\/13\/a-declaracao-de-renato-paiva-direcionada-a-patrick-de-paula-do-botafogo-2\/#breadcrumb\"},\"inLanguage\":\"pt-BR\",\"potentialAction\":[{\"@type\":\"ReadAction\",\"target\":[\"https:\/\/www.gaveanews.com\/index.php\/2025\/04\/13\/a-declaracao-de-renato-paiva-direcionada-a-patrick-de-paula-do-botafogo-2\/\"]}]},{\"@type\":\"ImageObject\",\"inLanguage\":\"pt-BR\",\"@id\":\"https:\/\/www.gaveanews.com\/index.php\/2025\/04\/13\/a-declaracao-de-renato-paiva-direcionada-a-patrick-de-paula-do-botafogo-2\/#primaryimage\",\"url\":\"https:\/\/www.gaveanews.com\/wp-content\/uploads\/Renato-Paiva-em-acao-pelo-Botafogo-em-2025.webp\",\"contentUrl\":\"https:\/\/www.gaveanews.com\/wp-content\/uploads\/Renato-Paiva-em-acao-pelo-Botafogo-em-2025.webp\",\"width\":900,\"height\":600,\"caption\":\"Renato Paiva em a\u00e7\u00e3o pelo Botafogo em 2025 (Foto: Vitor Silva\/Botafogo)\"},{\"@type\":\"BreadcrumbList\",\"@id\":\"https:\/\/www.gaveanews.com\/index.php\/2025\/04\/13\/a-declaracao-de-renato-paiva-direcionada-a-patrick-de-paula-do-botafogo-2\/#breadcrumb\",\"itemListElement\":[{\"@type\":\"ListItem\",\"position\":1,\"name\":\"Home\",\"item\":\"https:\/\/www.gaveanews.com\/\"},{\"@type\":\"ListItem\",\"position\":2,\"name\":\"A declara\u00e7\u00e3o de Renato Paiva direcionada a Patrick de Paula, do Botafogo\"}]},{\"@type\":\"WebSite\",\"@id\":\"https:\/\/www.gaveanews.com\/#website\",\"url\":\"https:\/\/www.gaveanews.com\/\",\"name\":\"G\u00e1vea News\",\"description\":\"Veja todas as not\u00edcias sobre o Flamengo: Contrata\u00e7\u00f5es, categorias de base, resultados das partidas, tabela de classifica\u00e7\u00e3o, pr\u00f3ximos jogos!\",\"potentialAction\":[{\"@type\":\"SearchAction\",\"target\":{\"@type\":\"EntryPoint\",\"urlTemplate\":\"https:\/\/www.gaveanews.com\/?s={search_term_string}\"},\"query-input\":{\"@type\":\"PropertyValueSpecification\",\"valueRequired\":true,\"valueName\":\"search_term_string\"}}],\"inLanguage\":\"pt-BR\"},{\"@type\":\"Person\",\"@id\":\"https:\/\/www.gaveanews.com\/#\/schema\/person\/c79759ca337c40791ae8d08e2923d403\",\"name\":\"Brenda Cezillo\",\"image\":{\"@type\":\"ImageObject\",\"inLanguage\":\"pt-BR\",\"@id\":\"https:\/\/www.gaveanews.com\/#\/schema\/person\/image\/\",\"url\":\"https:\/\/secure.gravatar.com\/avatar\/1738d75cee7317f9c29ae61dd67620c5883d80a92e42a6fff88ae5d527af217a?s=96&d=mm&r=g\",\"contentUrl\":\"https:\/\/secure.gravatar.com\/avatar\/1738d75cee7317f9c29ae61dd67620c5883d80a92e42a6fff88ae5d527af217a?s=96&d=mm&r=g\",\"caption\":\"Brenda Cezillo\"}}]}<\/script>\n<!-- \/ Yoast SEO Premium plugin. -->","yoast_head_json":{"title":"A declara\u00e7\u00e3o de Renato Paiva direcionada a Patrick de Paula, do Botafogo","robots":{"index":"index","follow":"follow","max-snippet":"max-snippet:-1","max-image-preview":"max-image-preview:large","max-video-preview":"max-video-preview:-1"},"canonical":"https:\/\/www.gaveanews.com\/index.php\/2025\/04\/13\/a-declaracao-de-renato-paiva-direcionada-a-patrick-de-paula-do-botafogo-2\/","og_locale":"pt_BR","og_type":"article","og_title":"A declara\u00e7\u00e3o de Renato Paiva direcionada a Patrick de Paula, do Botafogo","og_description":"Na derrota por 1 a 0 diante do Red Bull Bragantino, no s\u00e1bado (12 de abril), o t\u00e9cnico Renato Paiva trouxe de volta o esquema com tr\u00eas volantes e optou por escalar Patrick de Paula como titular no meio-campo do Botafogo. A escolha chamou aten\u00e7\u00e3o, especialmente pelo momento do atleta, que ainda busca retomar o [&hellip;]","og_url":"https:\/\/www.gaveanews.com\/index.php\/2025\/04\/13\/a-declaracao-de-renato-paiva-direcionada-a-patrick-de-paula-do-botafogo-2\/","og_site_name":"G\u00e1vea News","article_publisher":"https:\/\/facebook.com\/gaveaNews\/","article_published_time":"2025-04-13T19:10:00+00:00","og_image":[{"width":900,"height":600,"url":"https:\/\/www.gaveanews.com\/wp-content\/uploads\/Renato-Paiva-em-acao-pelo-Botafogo-em-2025.webp","type":"image\/jpeg"}],"author":"Brenda Cezillo","twitter_card":"summary_large_image","twitter_misc":{"Escrito por":"Brenda Cezillo","Est. tempo de leitura":"3 minutos"},"schema":{"@context":"https:\/\/schema.org","@graph":[{"@type":"NewsArticle","@id":"https:\/\/www.gaveanews.com\/index.php\/2025\/04\/13\/a-declaracao-de-renato-paiva-direcionada-a-patrick-de-paula-do-botafogo-2\/#article","isPartOf":{"@id":"https:\/\/www.gaveanews.com\/index.php\/2025\/04\/13\/a-declaracao-de-renato-paiva-direcionada-a-patrick-de-paula-do-botafogo-2\/"},"author":{"name":"Brenda Cezillo","@id":"https:\/\/www.gaveanews.com\/#\/schema\/person\/c79759ca337c40791ae8d08e2923d403"},"headline":"A declara\u00e7\u00e3o de Renato Paiva direcionada a Patrick de Paula, do Botafogo","datePublished":"2025-04-13T19:10:00+00:00","mainEntityOfPage":{"@id":"https:\/\/www.gaveanews.com\/index.php\/2025\/04\/13\/a-declaracao-de-renato-paiva-direcionada-a-patrick-de-paula-do-botafogo-2\/"},"wordCount":450,"commentCount":0,"image":{"@id":"https:\/\/www.gaveanews.com\/index.php\/2025\/04\/13\/a-declaracao-de-renato-paiva-direcionada-a-patrick-de-paula-do-botafogo-2\/#primaryimage"},"thumbnailUrl":"https:\/\/www.gaveanews.com\/wp-content\/uploads\/Renato-Paiva-em-acao-pelo-Botafogo-em-2025.webp","articleSection":["Botafogo"],"inLanguage":"pt-BR","potentialAction":[{"@type":"CommentAction","name":"Comment","target":["https:\/\/www.gaveanews.com\/index.php\/2025\/04\/13\/a-declaracao-de-renato-paiva-direcionada-a-patrick-de-paula-do-botafogo-2\/#respond"]}],"copyrightYear":"2025","copyrightHolder":{"@id":"https:\/\/www.gaveanews.com\/#organization"}},{"@type":"WebPage","@id":"https:\/\/www.gaveanews.com\/index.php\/2025\/04\/13\/a-declaracao-de-renato-paiva-direcionada-a-patrick-de-paula-do-botafogo-2\/","url":"https:\/\/www.gaveanews.com\/index.php\/2025\/04\/13\/a-declaracao-de-renato-paiva-direcionada-a-patrick-de-paula-do-botafogo-2\/","name":"A declara\u00e7\u00e3o de Renato Paiva direcionada a Patrick de Paula, do Botafogo","isPartOf":{"@id":"https:\/\/www.gaveanews.com\/#website"},"primaryImageOfPage":{"@id":"https:\/\/www.gaveanews.com\/index.php\/2025\/04\/13\/a-declaracao-de-renato-paiva-direcionada-a-patrick-de-paula-do-botafogo-2\/#primaryimage"},"image":{"@id":"https:\/\/www.gaveanews.com\/index.php\/2025\/04\/13\/a-declaracao-de-renato-paiva-direcionada-a-patrick-de-paula-do-botafogo-2\/#primaryimage"},"thumbnailUrl":"https:\/\/www.gaveanews.com\/wp-content\/uploads\/Renato-Paiva-em-acao-pelo-Botafogo-em-2025.webp","datePublished":"2025-04-13T19:10:00+00:00","author":{"@id":"https:\/\/www.gaveanews.com\/#\/schema\/person\/c79759ca337c40791ae8d08e2923d403"},"breadcrumb":{"@id":"https:\/\/www.gaveanews.com\/index.php\/2025\/04\/13\/a-declaracao-de-renato-paiva-direcionada-a-patrick-de-paula-do-botafogo-2\/#breadcrumb"},"inLanguage":"pt-BR","potentialAction":[{"@type":"ReadAction","target":["https:\/\/www.gaveanews.com\/index.php\/2025\/04\/13\/a-declaracao-de-renato-paiva-direcionada-a-patrick-de-paula-do-botafogo-2\/"]}]},{"@type":"ImageObject","inLanguage":"pt-BR","@id":"https:\/\/www.gaveanews.com\/index.php\/2025\/04\/13\/a-declaracao-de-renato-paiva-direcionada-a-patrick-de-paula-do-botafogo-2\/#primaryimage","url":"https:\/\/www.gaveanews.com\/wp-content\/uploads\/Renato-Paiva-em-acao-pelo-Botafogo-em-2025.webp","contentUrl":"https:\/\/www.gaveanews.com\/wp-content\/uploads\/Renato-Paiva-em-acao-pelo-Botafogo-em-2025.webp","width":900,"height":600,"caption":"Renato Paiva em a\u00e7\u00e3o pelo Botafogo em 2025 (Foto: Vitor Silva\/Botafogo)"},{"@type":"BreadcrumbList","@id":"https:\/\/www.gaveanews.com\/index.php\/2025\/04\/13\/a-declaracao-de-renato-paiva-direcionada-a-patrick-de-paula-do-botafogo-2\/#breadcrumb","itemListElement":[{"@type":"ListItem","position":1,"name":"Home","item":"https:\/\/www.gaveanews.com\/"},{"@type":"ListItem","position":2,"name":"A declara\u00e7\u00e3o de Renato Paiva direcionada a Patrick de Paula, do Botafogo"}]},{"@type":"WebSite","@id":"https:\/\/www.gaveanews.com\/#website","url":"https:\/\/www.gaveanews.com\/","name":"G\u00e1vea News","description":"Veja todas as not\u00edcias sobre o Flamengo: Contrata\u00e7\u00f5es, categorias de base, resultados das partidas, tabela de classifica\u00e7\u00e3o, pr\u00f3ximos jogos!","potentialAction":[{"@type":"SearchAction","target":{"@type":"EntryPoint","urlTemplate":"https:\/\/www.gaveanews.com\/?s={search_term_string}"},"query-input":{"@type":"PropertyValueSpecification","valueRequired":true,"valueName":"search_term_string"}}],"inLanguage":"pt-BR"},{"@type":"Person","@id":"https:\/\/www.gaveanews.com\/#\/schema\/person\/c79759ca337c40791ae8d08e2923d403","name":"Brenda Cezillo","image":{"@type":"ImageObject","inLanguage":"pt-BR","@id":"https:\/\/www.gaveanews.com\/#\/schema\/person\/image\/","url":"https:\/\/secure.gravatar.com\/avatar\/1738d75cee7317f9c29ae61dd67620c5883d80a92e42a6fff88ae5d527af217a?s=96&d=mm&r=g","contentUrl":"https:\/\/secure.gravatar.com\/avatar\/1738d75cee7317f9c29ae61dd67620c5883d80a92e42a6fff88ae5d527af217a?s=96&d=mm&r=g","caption":"Brenda Cezillo"}}]}},"_links":{"self":[{"href":"https:\/\/www.gaveanews.com\/index.php\/wp-json\/wp\/v2\/posts\/252905","targetHints":{"allow":["GET"]}}],"collection":[{"href":"https:\/\/www.gaveanews.com\/index.php\/wp-json\/wp\/v2\/posts"}],"about":[{"href":"https:\/\/www.gaveanews.com\/index.php\/wp-json\/wp\/v2\/types\/post"}],"author":[{"embeddable":true,"href":"https:\/\/www.gaveanews.com\/index.php\/wp-json\/wp\/v2\/users\/33"}],"replies":[{"embeddable":true,"href":"https:\/\/www.gaveanews.com\/index.php\/wp-json\/wp\/v2\/comments?post=252905"}],"version-history":[{"count":1,"href":"https:\/\/www.gaveanews.com\/index.php\/wp-json\/wp\/v2\/posts\/252905\/revisions"}],"predecessor-version":[{"id":252911,"href":"https:\/\/www.gaveanews.com\/index.php\/wp-json\/wp\/v2\/posts\/252905\/revisions\/252911"}],"wp:featuredmedia":[{"embeddable":true,"href":"https:\/\/www.gaveanews.com\/index.php\/wp-json\/wp\/v2\/media\/244411"}],"wp:attachment":[{"href":"https:\/\/www.gaveanews.com\/index.php\/wp-json\/wp\/v2\/media?parent=252905"}],"wp:term":[{"taxonomy":"category","embeddable":true,"href":"https:\/\/www.gaveanews.com\/index.php\/wp-json\/wp\/v2\/categories?post=252905"},{"taxonomy":"post_tag","embeddable":true,"href":"https:\/\/www.gaveanews.com\/index.php\/wp-json\/wp\/v2\/tags?post=252905"}],"curies":[{"name":"wp","href":"https:\/\/api.w.org\/{rel}","templated":true}]}}