{"id":252910,"date":"2025-04-13T16:30:00","date_gmt":"2025-04-13T19:30:00","guid":{"rendered":"https:\/\/www.gaveanews.com\/?p=252910"},"modified":"2025-04-13T16:22:58","modified_gmt":"2025-04-13T19:22:58","slug":"tiago-leifert-alfineta-a-diretoria-do-botafogo","status":"publish","type":"post","link":"https:\/\/www.gaveanews.com\/index.php\/2025\/04\/13\/tiago-leifert-alfineta-a-diretoria-do-botafogo\/","title":{"rendered":"Tiago Leifert alfineta a diretoria do Botafogo"},"content":{"rendered":"\n<p>Durante uma transmiss\u00e3o ao vivo no canal \u201cTiaGOL\u201d, o jornalista Tiago Leifert criticou a forma como o Cruzeiro tem conduzido seu planejamento no futebol profissional. O comunicador destacou o desequil\u00edbrio financeiro de clubes que investem valores elevados sem retorno esportivo proporcional, mencionando o caso do time mineiro como exemplo dessa pr\u00e1tica.<\/p>\n\n\n\n<p>Leifert chamou a aten\u00e7\u00e3o para situa\u00e7\u00f5es em que jogadores recebem sal\u00e1rios elevados e comiss\u00f5es milion\u00e1rias s\u00e3o pagas mensalmente a empres\u00e1rios. \u201cN\u00e3o adianta voc\u00ea pagar 2 milh\u00f5es de reais no cara e dar 200 mil de comiss\u00e3o para o empres\u00e1rio dele todo m\u00eas\u201d, declarou. Ele refor\u00e7ou que, apesar de o dinheiro ajudar a resolver muitos problemas no futebol, ele n\u00e3o deve ser considerado o fator mais importante para alcan\u00e7ar o sucesso em campo.<\/p>\n\n\n\n<figure class=\"wp-block-image size-full\"><img loading=\"lazy\" decoding=\"async\" width=\"787\" height=\"525\" src=\"http:\/\/www.gaveanews.com\/wp-content\/uploads\/Escudo-do-Botafogo-1.webp\" alt=\"\" class=\"wp-image-182060\" srcset=\"https:\/\/www.gaveanews.com\/wp-content\/uploads\/Escudo-do-Botafogo-1.webp 787w, https:\/\/www.gaveanews.com\/wp-content\/uploads\/Escudo-do-Botafogo-1-300x200.webp 300w, https:\/\/www.gaveanews.com\/wp-content\/uploads\/Escudo-do-Botafogo-1-768x512.webp 768w, https:\/\/www.gaveanews.com\/wp-content\/uploads\/Escudo-do-Botafogo-1-630x420.webp 630w, https:\/\/www.gaveanews.com\/wp-content\/uploads\/Escudo-do-Botafogo-1-640x427.webp 640w, https:\/\/www.gaveanews.com\/wp-content\/uploads\/Escudo-do-Botafogo-1-681x454.webp 681w, https:\/\/www.gaveanews.com\/wp-content\/uploads\/Escudo-do-Botafogo-1-100x67.webp 100w\" sizes=\"auto, (max-width: 787px) 100vw, 787px\" \/><figcaption class=\"wp-element-caption\">Escudo do Botafogo (Foto: Reprodu\u00e7\u00e3o\/Botafogo)<\/figcaption><\/figure>\n\n\n\n<p>Ao tra\u00e7ar paralelos, o jornalista ainda citou franquias e clubes de outros contextos esportivos, como Phoenix Suns (NBA) e Paris Saint-Germain (Fran\u00e7a), que investem grandes quantias, mas nem sempre apresentam resultados convincentes. Conforme sua vis\u00e3o, h\u00e1 casos em que o poder financeiro acaba mascarando falhas estruturais e administrativas.<\/p>\n\n\n\n<p>A fala mais destacada da live foi a valoriza\u00e7\u00e3o do modelo adotado pelo Fortaleza, elogiado por sua efici\u00eancia na gest\u00e3o dos recursos dispon\u00edveis. \u201cO Fortaleza faz muito mais com o pre\u00e7o de um Thiago Almada\u201d, afirmou Leifert, referindo-se ao meia argentino que brilhou pelo Botafogo em 2024 e atualmente est\u00e1 emprestado ao Lyon. O jogador foi campe\u00e3o brasileiro e da Libertadores naquela temporada, enquanto o clube cearense chegou ao 4\u00ba lugar no Campeonato Brasileiro, mesmo com or\u00e7amento reduzido.<\/p>\n\n\n\n<p>Ali\u00e1s, Leifert usou os \u00faltimos desempenhos do Fortaleza para refor\u00e7ar seu argumento. O clube havia terminado em 10\u00ba lugar em 2023 e, no ano seguinte, protagonizou uma campanha expressiva. Assim tamb\u00e9m, o jornalista sugere que a organiza\u00e7\u00e3o e a intelig\u00eancia na montagem do elenco podem ter impacto superior ao investimento puro.<\/p>\n\n\n\n<p>Em resumo, a declara\u00e7\u00e3o de Tiago Leifert exp\u00f4s uma vis\u00e3o cr\u00edtica, mas igualmente reflexiva sobre os rumos do futebol nacional. Ele indicou que, embora o investimento financeiro seja relevante, a chave para o sucesso passa, antes de tudo, por planejamento, boas escolhas e gest\u00e3o coerente dos recursos dispon\u00edveis.<\/p>\n","protected":false},"excerpt":{"rendered":"<p>Durante uma transmiss\u00e3o ao vivo no canal \u201cTiaGOL\u201d, o jornalista Tiago Leifert criticou a forma como o Cruzeiro tem conduzido seu planejamento no futebol profissional. O comunicador destacou o desequil\u00edbrio financeiro de clubes que investem valores elevados sem retorno esportivo proporcional, mencionando o caso do time mineiro como exemplo dessa pr\u00e1tica. Leifert chamou a aten\u00e7\u00e3o [&hellip;]<\/p>\n","protected":false},"author":33,"featured_media":162700,"comment_status":"open","ping_status":"closed","sticky":false,"template":"","format":"standard","meta":{"footnotes":""},"categories":[138],"tags":[],"class_list":["post-252910","post","type-post","status-publish","format-standard","has-post-thumbnail","hentry","category-botafogo"],"yoast_head":"<!-- This site is optimized with the Yoast SEO Premium plugin v24.2 (Yoast SEO v26.9) - https:\/\/yoast.com\/product\/yoast-seo-premium-wordpress\/ -->\n<title>Tiago Leifert alfineta a diretoria do Botafogo<\/title>\n<meta name=\"robots\" content=\"index, follow, max-snippet:-1, max-image-preview:large, max-video-preview:-1\" \/>\n<link rel=\"canonical\" href=\"https:\/\/www.gaveanews.com\/index.php\/2025\/04\/13\/tiago-leifert-alfineta-a-diretoria-do-botafogo\/\" \/>\n<meta property=\"og:locale\" content=\"pt_BR\" \/>\n<meta property=\"og:type\" content=\"article\" \/>\n<meta property=\"og:title\" content=\"Tiago Leifert alfineta a diretoria do Botafogo\" \/>\n<meta property=\"og:description\" content=\"Durante uma transmiss\u00e3o ao vivo no canal \u201cTiaGOL\u201d, o jornalista Tiago Leifert criticou a forma como o Cruzeiro tem conduzido seu planejamento no futebol profissional. O comunicador destacou o desequil\u00edbrio financeiro de clubes que investem valores elevados sem retorno esportivo proporcional, mencionando o caso do time mineiro como exemplo dessa pr\u00e1tica. Leifert chamou a aten\u00e7\u00e3o [&hellip;]\" \/>\n<meta property=\"og:url\" content=\"https:\/\/www.gaveanews.com\/index.php\/2025\/04\/13\/tiago-leifert-alfineta-a-diretoria-do-botafogo\/\" \/>\n<meta property=\"og:site_name\" content=\"G\u00e1vea News\" \/>\n<meta property=\"article:publisher\" content=\"https:\/\/facebook.com\/gaveaNews\/\" \/>\n<meta property=\"article:published_time\" content=\"2025-04-13T19:30:00+00:00\" \/>\n<meta property=\"og:image\" content=\"https:\/\/www.gaveanews.com\/wp-content\/uploads\/Tiago-Leifert.webp\" \/>\n\t<meta property=\"og:image:width\" content=\"611\" \/>\n\t<meta property=\"og:image:height\" content=\"407\" \/>\n\t<meta property=\"og:image:type\" content=\"image\/webp\" \/>\n<meta name=\"author\" content=\"Brenda Cezillo\" \/>\n<meta name=\"twitter:card\" content=\"summary_large_image\" \/>\n<meta name=\"twitter:label1\" content=\"Escrito por\" \/>\n\t<meta name=\"twitter:data1\" content=\"Brenda Cezillo\" \/>\n\t<meta name=\"twitter:label2\" content=\"Est. tempo de leitura\" \/>\n\t<meta name=\"twitter:data2\" content=\"3 minutos\" \/>\n<script type=\"application\/ld+json\" class=\"yoast-schema-graph\">{\"@context\":\"https:\/\/schema.org\",\"@graph\":[{\"@type\":\"NewsArticle\",\"@id\":\"https:\/\/www.gaveanews.com\/index.php\/2025\/04\/13\/tiago-leifert-alfineta-a-diretoria-do-botafogo\/#article\",\"isPartOf\":{\"@id\":\"https:\/\/www.gaveanews.com\/index.php\/2025\/04\/13\/tiago-leifert-alfineta-a-diretoria-do-botafogo\/\"},\"author\":{\"name\":\"Brenda Cezillo\",\"@id\":\"https:\/\/www.gaveanews.com\/#\/schema\/person\/c79759ca337c40791ae8d08e2923d403\"},\"headline\":\"Tiago Leifert alfineta a diretoria do Botafogo\",\"datePublished\":\"2025-04-13T19:30:00+00:00\",\"mainEntityOfPage\":{\"@id\":\"https:\/\/www.gaveanews.com\/index.php\/2025\/04\/13\/tiago-leifert-alfineta-a-diretoria-do-botafogo\/\"},\"wordCount\":395,\"commentCount\":0,\"image\":{\"@id\":\"https:\/\/www.gaveanews.com\/index.php\/2025\/04\/13\/tiago-leifert-alfineta-a-diretoria-do-botafogo\/#primaryimage\"},\"thumbnailUrl\":\"https:\/\/www.gaveanews.com\/wp-content\/uploads\/Tiago-Leifert.webp\",\"articleSection\":[\"Botafogo\"],\"inLanguage\":\"pt-BR\",\"potentialAction\":[{\"@type\":\"CommentAction\",\"name\":\"Comment\",\"target\":[\"https:\/\/www.gaveanews.com\/index.php\/2025\/04\/13\/tiago-leifert-alfineta-a-diretoria-do-botafogo\/#respond\"]}],\"copyrightYear\":\"2025\",\"copyrightHolder\":{\"@id\":\"https:\/\/www.gaveanews.com\/#organization\"}},{\"@type\":\"WebPage\",\"@id\":\"https:\/\/www.gaveanews.com\/index.php\/2025\/04\/13\/tiago-leifert-alfineta-a-diretoria-do-botafogo\/\",\"url\":\"https:\/\/www.gaveanews.com\/index.php\/2025\/04\/13\/tiago-leifert-alfineta-a-diretoria-do-botafogo\/\",\"name\":\"Tiago Leifert alfineta a diretoria do Botafogo\",\"isPartOf\":{\"@id\":\"https:\/\/www.gaveanews.com\/#website\"},\"primaryImageOfPage\":{\"@id\":\"https:\/\/www.gaveanews.com\/index.php\/2025\/04\/13\/tiago-leifert-alfineta-a-diretoria-do-botafogo\/#primaryimage\"},\"image\":{\"@id\":\"https:\/\/www.gaveanews.com\/index.php\/2025\/04\/13\/tiago-leifert-alfineta-a-diretoria-do-botafogo\/#primaryimage\"},\"thumbnailUrl\":\"https:\/\/www.gaveanews.com\/wp-content\/uploads\/Tiago-Leifert.webp\",\"datePublished\":\"2025-04-13T19:30:00+00:00\",\"author\":{\"@id\":\"https:\/\/www.gaveanews.com\/#\/schema\/person\/c79759ca337c40791ae8d08e2923d403\"},\"breadcrumb\":{\"@id\":\"https:\/\/www.gaveanews.com\/index.php\/2025\/04\/13\/tiago-leifert-alfineta-a-diretoria-do-botafogo\/#breadcrumb\"},\"inLanguage\":\"pt-BR\",\"potentialAction\":[{\"@type\":\"ReadAction\",\"target\":[\"https:\/\/www.gaveanews.com\/index.php\/2025\/04\/13\/tiago-leifert-alfineta-a-diretoria-do-botafogo\/\"]}]},{\"@type\":\"ImageObject\",\"inLanguage\":\"pt-BR\",\"@id\":\"https:\/\/www.gaveanews.com\/index.php\/2025\/04\/13\/tiago-leifert-alfineta-a-diretoria-do-botafogo\/#primaryimage\",\"url\":\"https:\/\/www.gaveanews.com\/wp-content\/uploads\/Tiago-Leifert.webp\",\"contentUrl\":\"https:\/\/www.gaveanews.com\/wp-content\/uploads\/Tiago-Leifert.webp\",\"width\":611,\"height\":407,\"caption\":\"Tiago Leifert (Foto: Reprodu\u00e7\u00e3o\/Instagram)\"},{\"@type\":\"BreadcrumbList\",\"@id\":\"https:\/\/www.gaveanews.com\/index.php\/2025\/04\/13\/tiago-leifert-alfineta-a-diretoria-do-botafogo\/#breadcrumb\",\"itemListElement\":[{\"@type\":\"ListItem\",\"position\":1,\"name\":\"Home\",\"item\":\"https:\/\/www.gaveanews.com\/\"},{\"@type\":\"ListItem\",\"position\":2,\"name\":\"Tiago Leifert alfineta a diretoria do Botafogo\"}]},{\"@type\":\"WebSite\",\"@id\":\"https:\/\/www.gaveanews.com\/#website\",\"url\":\"https:\/\/www.gaveanews.com\/\",\"name\":\"G\u00e1vea News\",\"description\":\"Veja todas as not\u00edcias sobre o Flamengo: Contrata\u00e7\u00f5es, categorias de base, resultados das partidas, tabela de classifica\u00e7\u00e3o, pr\u00f3ximos jogos!\",\"potentialAction\":[{\"@type\":\"SearchAction\",\"target\":{\"@type\":\"EntryPoint\",\"urlTemplate\":\"https:\/\/www.gaveanews.com\/?s={search_term_string}\"},\"query-input\":{\"@type\":\"PropertyValueSpecification\",\"valueRequired\":true,\"valueName\":\"search_term_string\"}}],\"inLanguage\":\"pt-BR\"},{\"@type\":\"Person\",\"@id\":\"https:\/\/www.gaveanews.com\/#\/schema\/person\/c79759ca337c40791ae8d08e2923d403\",\"name\":\"Brenda Cezillo\",\"image\":{\"@type\":\"ImageObject\",\"inLanguage\":\"pt-BR\",\"@id\":\"https:\/\/www.gaveanews.com\/#\/schema\/person\/image\/\",\"url\":\"https:\/\/secure.gravatar.com\/avatar\/1738d75cee7317f9c29ae61dd67620c5883d80a92e42a6fff88ae5d527af217a?s=96&d=mm&r=g\",\"contentUrl\":\"https:\/\/secure.gravatar.com\/avatar\/1738d75cee7317f9c29ae61dd67620c5883d80a92e42a6fff88ae5d527af217a?s=96&d=mm&r=g\",\"caption\":\"Brenda Cezillo\"}}]}<\/script>\n<!-- \/ Yoast SEO Premium plugin. -->","yoast_head_json":{"title":"Tiago Leifert alfineta a diretoria do Botafogo","robots":{"index":"index","follow":"follow","max-snippet":"max-snippet:-1","max-image-preview":"max-image-preview:large","max-video-preview":"max-video-preview:-1"},"canonical":"https:\/\/www.gaveanews.com\/index.php\/2025\/04\/13\/tiago-leifert-alfineta-a-diretoria-do-botafogo\/","og_locale":"pt_BR","og_type":"article","og_title":"Tiago Leifert alfineta a diretoria do Botafogo","og_description":"Durante uma transmiss\u00e3o ao vivo no canal \u201cTiaGOL\u201d, o jornalista Tiago Leifert criticou a forma como o Cruzeiro tem conduzido seu planejamento no futebol profissional. O comunicador destacou o desequil\u00edbrio financeiro de clubes que investem valores elevados sem retorno esportivo proporcional, mencionando o caso do time mineiro como exemplo dessa pr\u00e1tica. Leifert chamou a aten\u00e7\u00e3o [&hellip;]","og_url":"https:\/\/www.gaveanews.com\/index.php\/2025\/04\/13\/tiago-leifert-alfineta-a-diretoria-do-botafogo\/","og_site_name":"G\u00e1vea News","article_publisher":"https:\/\/facebook.com\/gaveaNews\/","article_published_time":"2025-04-13T19:30:00+00:00","og_image":[{"width":611,"height":407,"url":"https:\/\/www.gaveanews.com\/wp-content\/uploads\/Tiago-Leifert.webp","type":"image\/webp"}],"author":"Brenda Cezillo","twitter_card":"summary_large_image","twitter_misc":{"Escrito por":"Brenda Cezillo","Est. tempo de leitura":"3 minutos"},"schema":{"@context":"https:\/\/schema.org","@graph":[{"@type":"NewsArticle","@id":"https:\/\/www.gaveanews.com\/index.php\/2025\/04\/13\/tiago-leifert-alfineta-a-diretoria-do-botafogo\/#article","isPartOf":{"@id":"https:\/\/www.gaveanews.com\/index.php\/2025\/04\/13\/tiago-leifert-alfineta-a-diretoria-do-botafogo\/"},"author":{"name":"Brenda Cezillo","@id":"https:\/\/www.gaveanews.com\/#\/schema\/person\/c79759ca337c40791ae8d08e2923d403"},"headline":"Tiago Leifert alfineta a diretoria do Botafogo","datePublished":"2025-04-13T19:30:00+00:00","mainEntityOfPage":{"@id":"https:\/\/www.gaveanews.com\/index.php\/2025\/04\/13\/tiago-leifert-alfineta-a-diretoria-do-botafogo\/"},"wordCount":395,"commentCount":0,"image":{"@id":"https:\/\/www.gaveanews.com\/index.php\/2025\/04\/13\/tiago-leifert-alfineta-a-diretoria-do-botafogo\/#primaryimage"},"thumbnailUrl":"https:\/\/www.gaveanews.com\/wp-content\/uploads\/Tiago-Leifert.webp","articleSection":["Botafogo"],"inLanguage":"pt-BR","potentialAction":[{"@type":"CommentAction","name":"Comment","target":["https:\/\/www.gaveanews.com\/index.php\/2025\/04\/13\/tiago-leifert-alfineta-a-diretoria-do-botafogo\/#respond"]}],"copyrightYear":"2025","copyrightHolder":{"@id":"https:\/\/www.gaveanews.com\/#organization"}},{"@type":"WebPage","@id":"https:\/\/www.gaveanews.com\/index.php\/2025\/04\/13\/tiago-leifert-alfineta-a-diretoria-do-botafogo\/","url":"https:\/\/www.gaveanews.com\/index.php\/2025\/04\/13\/tiago-leifert-alfineta-a-diretoria-do-botafogo\/","name":"Tiago Leifert alfineta a diretoria do Botafogo","isPartOf":{"@id":"https:\/\/www.gaveanews.com\/#website"},"primaryImageOfPage":{"@id":"https:\/\/www.gaveanews.com\/index.php\/2025\/04\/13\/tiago-leifert-alfineta-a-diretoria-do-botafogo\/#primaryimage"},"image":{"@id":"https:\/\/www.gaveanews.com\/index.php\/2025\/04\/13\/tiago-leifert-alfineta-a-diretoria-do-botafogo\/#primaryimage"},"thumbnailUrl":"https:\/\/www.gaveanews.com\/wp-content\/uploads\/Tiago-Leifert.webp","datePublished":"2025-04-13T19:30:00+00:00","author":{"@id":"https:\/\/www.gaveanews.com\/#\/schema\/person\/c79759ca337c40791ae8d08e2923d403"},"breadcrumb":{"@id":"https:\/\/www.gaveanews.com\/index.php\/2025\/04\/13\/tiago-leifert-alfineta-a-diretoria-do-botafogo\/#breadcrumb"},"inLanguage":"pt-BR","potentialAction":[{"@type":"ReadAction","target":["https:\/\/www.gaveanews.com\/index.php\/2025\/04\/13\/tiago-leifert-alfineta-a-diretoria-do-botafogo\/"]}]},{"@type":"ImageObject","inLanguage":"pt-BR","@id":"https:\/\/www.gaveanews.com\/index.php\/2025\/04\/13\/tiago-leifert-alfineta-a-diretoria-do-botafogo\/#primaryimage","url":"https:\/\/www.gaveanews.com\/wp-content\/uploads\/Tiago-Leifert.webp","contentUrl":"https:\/\/www.gaveanews.com\/wp-content\/uploads\/Tiago-Leifert.webp","width":611,"height":407,"caption":"Tiago Leifert (Foto: Reprodu\u00e7\u00e3o\/Instagram)"},{"@type":"BreadcrumbList","@id":"https:\/\/www.gaveanews.com\/index.php\/2025\/04\/13\/tiago-leifert-alfineta-a-diretoria-do-botafogo\/#breadcrumb","itemListElement":[{"@type":"ListItem","position":1,"name":"Home","item":"https:\/\/www.gaveanews.com\/"},{"@type":"ListItem","position":2,"name":"Tiago Leifert alfineta a diretoria do Botafogo"}]},{"@type":"WebSite","@id":"https:\/\/www.gaveanews.com\/#website","url":"https:\/\/www.gaveanews.com\/","name":"G\u00e1vea News","description":"Veja todas as not\u00edcias sobre o Flamengo: Contrata\u00e7\u00f5es, categorias de base, resultados das partidas, tabela de classifica\u00e7\u00e3o, pr\u00f3ximos jogos!","potentialAction":[{"@type":"SearchAction","target":{"@type":"EntryPoint","urlTemplate":"https:\/\/www.gaveanews.com\/?s={search_term_string}"},"query-input":{"@type":"PropertyValueSpecification","valueRequired":true,"valueName":"search_term_string"}}],"inLanguage":"pt-BR"},{"@type":"Person","@id":"https:\/\/www.gaveanews.com\/#\/schema\/person\/c79759ca337c40791ae8d08e2923d403","name":"Brenda Cezillo","image":{"@type":"ImageObject","inLanguage":"pt-BR","@id":"https:\/\/www.gaveanews.com\/#\/schema\/person\/image\/","url":"https:\/\/secure.gravatar.com\/avatar\/1738d75cee7317f9c29ae61dd67620c5883d80a92e42a6fff88ae5d527af217a?s=96&d=mm&r=g","contentUrl":"https:\/\/secure.gravatar.com\/avatar\/1738d75cee7317f9c29ae61dd67620c5883d80a92e42a6fff88ae5d527af217a?s=96&d=mm&r=g","caption":"Brenda Cezillo"}}]}},"_links":{"self":[{"href":"https:\/\/www.gaveanews.com\/index.php\/wp-json\/wp\/v2\/posts\/252910","targetHints":{"allow":["GET"]}}],"collection":[{"href":"https:\/\/www.gaveanews.com\/index.php\/wp-json\/wp\/v2\/posts"}],"about":[{"href":"https:\/\/www.gaveanews.com\/index.php\/wp-json\/wp\/v2\/types\/post"}],"author":[{"embeddable":true,"href":"https:\/\/www.gaveanews.com\/index.php\/wp-json\/wp\/v2\/users\/33"}],"replies":[{"embeddable":true,"href":"https:\/\/www.gaveanews.com\/index.php\/wp-json\/wp\/v2\/comments?post=252910"}],"version-history":[{"count":1,"href":"https:\/\/www.gaveanews.com\/index.php\/wp-json\/wp\/v2\/posts\/252910\/revisions"}],"predecessor-version":[{"id":252917,"href":"https:\/\/www.gaveanews.com\/index.php\/wp-json\/wp\/v2\/posts\/252910\/revisions\/252917"}],"wp:featuredmedia":[{"embeddable":true,"href":"https:\/\/www.gaveanews.com\/index.php\/wp-json\/wp\/v2\/media\/162700"}],"wp:attachment":[{"href":"https:\/\/www.gaveanews.com\/index.php\/wp-json\/wp\/v2\/media?parent=252910"}],"wp:term":[{"taxonomy":"category","embeddable":true,"href":"https:\/\/www.gaveanews.com\/index.php\/wp-json\/wp\/v2\/categories?post=252910"},{"taxonomy":"post_tag","embeddable":true,"href":"https:\/\/www.gaveanews.com\/index.php\/wp-json\/wp\/v2\/tags?post=252910"}],"curies":[{"name":"wp","href":"https:\/\/api.w.org\/{rel}","templated":true}]}}