{"id":252913,"date":"2025-04-13T16:25:00","date_gmt":"2025-04-13T19:25:00","guid":{"rendered":"https:\/\/www.gaveanews.com\/?p=252913"},"modified":"2025-04-13T16:18:20","modified_gmt":"2025-04-13T19:18:20","slug":"a-declaracao-de-igor-jesus-apos-a-derrota-do-botafogo-para-o-bragantino","status":"publish","type":"post","link":"https:\/\/www.gaveanews.com\/index.php\/2025\/04\/13\/a-declaracao-de-igor-jesus-apos-a-derrota-do-botafogo-para-o-bragantino\/","title":{"rendered":"A declara\u00e7\u00e3o de Igor Jesus ap\u00f3s a derrota do Botafogo para o Bragantino"},"content":{"rendered":"\n<p>O Botafogo sofreu sua primeira derrota no Campeonato Brasileiro de 2025 ao ser superado pelo Red Bull Bragantino por 1 a 0, no s\u00e1bado (12 de abril), em partida realizada no Est\u00e1dio Nabi Abi Chedid, em Bragan\u00e7a Paulista. O \u00fanico gol da partida foi marcado ainda no in\u00edcio do confronto, o que dificultou a rea\u00e7\u00e3o da equipe carioca durante o restante do duelo.<\/p>\n\n\n\n<p>Igor Jesus, atacante titular do Botafogo, foi um dos que mais se aproximaram de balan\u00e7ar as redes advers\u00e1rias. O camisa 99 teve duas boas oportunidades: a primeira, no primeiro tempo, terminou com a bola carimbando a trave. A segunda foi no segundo tempo, mas o goleiro Cleiton conseguiu defender. Ap\u00f3s o jogo, o jogador demonstrou frustra\u00e7\u00e3o com o resultado, mas destacou a import\u00e2ncia de manter o foco no trabalho. \u201cTem dia que as coisas n\u00e3o v\u00e3o dar certo. Mas \u00e9 continuar trabalhando para que eu possa aperfei\u00e7oar cada vez mais\u201d, afirmou ao canal Premiere.<\/p>\n\n\n\n<figure class=\"wp-block-image size-full\"><img loading=\"lazy\" decoding=\"async\" width=\"787\" height=\"525\" src=\"http:\/\/www.gaveanews.com\/wp-content\/uploads\/Escudo-do-Botafogo-1.webp\" alt=\"\" class=\"wp-image-182060\" srcset=\"https:\/\/www.gaveanews.com\/wp-content\/uploads\/Escudo-do-Botafogo-1.webp 787w, https:\/\/www.gaveanews.com\/wp-content\/uploads\/Escudo-do-Botafogo-1-300x200.webp 300w, https:\/\/www.gaveanews.com\/wp-content\/uploads\/Escudo-do-Botafogo-1-768x512.webp 768w, https:\/\/www.gaveanews.com\/wp-content\/uploads\/Escudo-do-Botafogo-1-630x420.webp 630w, https:\/\/www.gaveanews.com\/wp-content\/uploads\/Escudo-do-Botafogo-1-640x427.webp 640w, https:\/\/www.gaveanews.com\/wp-content\/uploads\/Escudo-do-Botafogo-1-681x454.webp 681w, https:\/\/www.gaveanews.com\/wp-content\/uploads\/Escudo-do-Botafogo-1-100x67.webp 100w\" sizes=\"auto, (max-width: 787px) 100vw, 787px\" \/><figcaption class=\"wp-element-caption\">Escudo do Botafogo (Foto: Reprodu\u00e7\u00e3o\/Botafogo)<\/figcaption><\/figure>\n\n\n\n<p>Al\u00e9m disso, Igor comentou sobre a irrita\u00e7\u00e3o do t\u00e9cnico Renato Paiva com a atua\u00e7\u00e3o no primeiro tempo. Conforme o jogador, a equipe n\u00e3o conseguiu colocar em pr\u00e1tica o plano estabelecido pelo treinador. \u201c\u00c9 normal o treinador ficar revoltado por conta que no primeiro tempo n\u00e3o est\u00e1vamos fazendo o que ele nos pediu\u201d, destacou.<\/p>\n\n\n\n<p>O centroavante ressaltou, ent\u00e3o, a necessidade de ajustes no setor ofensivo e no ritmo de jogo, salientando que o elenco est\u00e1 comprometido em corrigir os erros. \u201cAgora \u00e9 trabalhar para que possamos trabalhar essa bola mais r\u00e1pido e encaixar o jogo que t\u00ednhamos que fazer\u201d, complementou.<\/p>\n\n\n\n<p>Atualmente, o Botafogo soma quatro pontos na tabela ap\u00f3s tr\u00eas rodadas disputadas. O desempenho oscilante acende um alerta para a comiss\u00e3o t\u00e9cnica, que ter\u00e1 pouco tempo para realizar mudan\u00e7as antes do pr\u00f3ximo desafio. Afinal, a sequ\u00eancia da competi\u00e7\u00e3o exige respostas r\u00e1pidas por parte dos jogadores e da comiss\u00e3o.<\/p>\n\n\n\n<p>A pr\u00f3xima partida do time alvinegro ser\u00e1 na quarta-feira (16 de abril), \u00e0s 18h30 (hor\u00e1rio de Bras\u00edlia), no Est\u00e1dio Nilton Santos. O advers\u00e1rio ser\u00e1 o S\u00e3o Paulo, confronto que promete ser mais um teste para o elenco comandado por Renato Paiva, sobretudo no que diz respeito \u00e0 consist\u00eancia t\u00e1tica e capacidade de rea\u00e7\u00e3o.<\/p>\n","protected":false},"excerpt":{"rendered":"<p>O Botafogo sofreu sua primeira derrota no Campeonato Brasileiro de 2025 ao ser superado pelo Red Bull Bragantino por 1 a 0, no s\u00e1bado (12 de abril), em partida realizada no Est\u00e1dio Nabi Abi Chedid, em Bragan\u00e7a Paulista. O \u00fanico gol da partida foi marcado ainda no in\u00edcio do confronto, o que dificultou a rea\u00e7\u00e3o [&hellip;]<\/p>\n","protected":false},"author":33,"featured_media":172206,"comment_status":"open","ping_status":"closed","sticky":false,"template":"","format":"standard","meta":{"footnotes":""},"categories":[138],"tags":[],"class_list":["post-252913","post","type-post","status-publish","format-standard","has-post-thumbnail","hentry","category-botafogo"],"yoast_head":"<!-- This site is optimized with the Yoast SEO Premium plugin v24.2 (Yoast SEO v26.9) - https:\/\/yoast.com\/product\/yoast-seo-premium-wordpress\/ -->\n<title>A declara\u00e7\u00e3o de Igor Jesus ap\u00f3s a derrota do Botafogo para o Bragantino<\/title>\n<meta name=\"robots\" content=\"index, follow, max-snippet:-1, max-image-preview:large, max-video-preview:-1\" \/>\n<link rel=\"canonical\" href=\"https:\/\/www.gaveanews.com\/index.php\/2025\/04\/13\/a-declaracao-de-igor-jesus-apos-a-derrota-do-botafogo-para-o-bragantino\/\" \/>\n<meta property=\"og:locale\" content=\"pt_BR\" \/>\n<meta property=\"og:type\" content=\"article\" \/>\n<meta property=\"og:title\" content=\"A declara\u00e7\u00e3o de Igor Jesus ap\u00f3s a derrota do Botafogo para o Bragantino\" \/>\n<meta property=\"og:description\" content=\"O Botafogo sofreu sua primeira derrota no Campeonato Brasileiro de 2025 ao ser superado pelo Red Bull Bragantino por 1 a 0, no s\u00e1bado (12 de abril), em partida realizada no Est\u00e1dio Nabi Abi Chedid, em Bragan\u00e7a Paulista. O \u00fanico gol da partida foi marcado ainda no in\u00edcio do confronto, o que dificultou a rea\u00e7\u00e3o [&hellip;]\" \/>\n<meta property=\"og:url\" content=\"https:\/\/www.gaveanews.com\/index.php\/2025\/04\/13\/a-declaracao-de-igor-jesus-apos-a-derrota-do-botafogo-para-o-bragantino\/\" \/>\n<meta property=\"og:site_name\" content=\"G\u00e1vea News\" \/>\n<meta property=\"article:publisher\" content=\"https:\/\/facebook.com\/gaveaNews\/\" \/>\n<meta property=\"article:published_time\" content=\"2025-04-13T19:25:00+00:00\" \/>\n<meta property=\"og:image\" content=\"https:\/\/www.gaveanews.com\/wp-content\/uploads\/image-2024-10-07T101937.797.webp\" \/>\n\t<meta property=\"og:image:width\" content=\"740\" \/>\n\t<meta property=\"og:image:height\" content=\"416\" \/>\n\t<meta property=\"og:image:type\" content=\"image\/webp\" \/>\n<meta name=\"author\" content=\"Brenda Cezillo\" \/>\n<meta name=\"twitter:card\" content=\"summary_large_image\" \/>\n<meta name=\"twitter:label1\" content=\"Escrito por\" \/>\n\t<meta name=\"twitter:data1\" content=\"Brenda Cezillo\" \/>\n\t<meta name=\"twitter:label2\" content=\"Est. tempo de leitura\" \/>\n\t<meta name=\"twitter:data2\" content=\"3 minutos\" \/>\n<script type=\"application\/ld+json\" class=\"yoast-schema-graph\">{\"@context\":\"https:\/\/schema.org\",\"@graph\":[{\"@type\":\"NewsArticle\",\"@id\":\"https:\/\/www.gaveanews.com\/index.php\/2025\/04\/13\/a-declaracao-de-igor-jesus-apos-a-derrota-do-botafogo-para-o-bragantino\/#article\",\"isPartOf\":{\"@id\":\"https:\/\/www.gaveanews.com\/index.php\/2025\/04\/13\/a-declaracao-de-igor-jesus-apos-a-derrota-do-botafogo-para-o-bragantino\/\"},\"author\":{\"name\":\"Brenda Cezillo\",\"@id\":\"https:\/\/www.gaveanews.com\/#\/schema\/person\/c79759ca337c40791ae8d08e2923d403\"},\"headline\":\"A declara\u00e7\u00e3o de Igor Jesus ap\u00f3s a derrota do Botafogo para o Bragantino\",\"datePublished\":\"2025-04-13T19:25:00+00:00\",\"mainEntityOfPage\":{\"@id\":\"https:\/\/www.gaveanews.com\/index.php\/2025\/04\/13\/a-declaracao-de-igor-jesus-apos-a-derrota-do-botafogo-para-o-bragantino\/\"},\"wordCount\":412,\"commentCount\":0,\"image\":{\"@id\":\"https:\/\/www.gaveanews.com\/index.php\/2025\/04\/13\/a-declaracao-de-igor-jesus-apos-a-derrota-do-botafogo-para-o-bragantino\/#primaryimage\"},\"thumbnailUrl\":\"https:\/\/www.gaveanews.com\/wp-content\/uploads\/image-2024-10-07T101937.797.webp\",\"articleSection\":[\"Botafogo\"],\"inLanguage\":\"pt-BR\",\"potentialAction\":[{\"@type\":\"CommentAction\",\"name\":\"Comment\",\"target\":[\"https:\/\/www.gaveanews.com\/index.php\/2025\/04\/13\/a-declaracao-de-igor-jesus-apos-a-derrota-do-botafogo-para-o-bragantino\/#respond\"]}],\"copyrightYear\":\"2025\",\"copyrightHolder\":{\"@id\":\"https:\/\/www.gaveanews.com\/#organization\"}},{\"@type\":\"WebPage\",\"@id\":\"https:\/\/www.gaveanews.com\/index.php\/2025\/04\/13\/a-declaracao-de-igor-jesus-apos-a-derrota-do-botafogo-para-o-bragantino\/\",\"url\":\"https:\/\/www.gaveanews.com\/index.php\/2025\/04\/13\/a-declaracao-de-igor-jesus-apos-a-derrota-do-botafogo-para-o-bragantino\/\",\"name\":\"A declara\u00e7\u00e3o de Igor Jesus ap\u00f3s a derrota do Botafogo para o Bragantino\",\"isPartOf\":{\"@id\":\"https:\/\/www.gaveanews.com\/#website\"},\"primaryImageOfPage\":{\"@id\":\"https:\/\/www.gaveanews.com\/index.php\/2025\/04\/13\/a-declaracao-de-igor-jesus-apos-a-derrota-do-botafogo-para-o-bragantino\/#primaryimage\"},\"image\":{\"@id\":\"https:\/\/www.gaveanews.com\/index.php\/2025\/04\/13\/a-declaracao-de-igor-jesus-apos-a-derrota-do-botafogo-para-o-bragantino\/#primaryimage\"},\"thumbnailUrl\":\"https:\/\/www.gaveanews.com\/wp-content\/uploads\/image-2024-10-07T101937.797.webp\",\"datePublished\":\"2025-04-13T19:25:00+00:00\",\"author\":{\"@id\":\"https:\/\/www.gaveanews.com\/#\/schema\/person\/c79759ca337c40791ae8d08e2923d403\"},\"breadcrumb\":{\"@id\":\"https:\/\/www.gaveanews.com\/index.php\/2025\/04\/13\/a-declaracao-de-igor-jesus-apos-a-derrota-do-botafogo-para-o-bragantino\/#breadcrumb\"},\"inLanguage\":\"pt-BR\",\"potentialAction\":[{\"@type\":\"ReadAction\",\"target\":[\"https:\/\/www.gaveanews.com\/index.php\/2025\/04\/13\/a-declaracao-de-igor-jesus-apos-a-derrota-do-botafogo-para-o-bragantino\/\"]}]},{\"@type\":\"ImageObject\",\"inLanguage\":\"pt-BR\",\"@id\":\"https:\/\/www.gaveanews.com\/index.php\/2025\/04\/13\/a-declaracao-de-igor-jesus-apos-a-derrota-do-botafogo-para-o-bragantino\/#primaryimage\",\"url\":\"https:\/\/www.gaveanews.com\/wp-content\/uploads\/image-2024-10-07T101937.797.webp\",\"contentUrl\":\"https:\/\/www.gaveanews.com\/wp-content\/uploads\/image-2024-10-07T101937.797.webp\",\"width\":740,\"height\":416,\"caption\":\"Igor Jesus \u00e9 elogiado por Artur Jorge (Foto: Robson Mafra\/AGIF)\"},{\"@type\":\"BreadcrumbList\",\"@id\":\"https:\/\/www.gaveanews.com\/index.php\/2025\/04\/13\/a-declaracao-de-igor-jesus-apos-a-derrota-do-botafogo-para-o-bragantino\/#breadcrumb\",\"itemListElement\":[{\"@type\":\"ListItem\",\"position\":1,\"name\":\"Home\",\"item\":\"https:\/\/www.gaveanews.com\/\"},{\"@type\":\"ListItem\",\"position\":2,\"name\":\"A declara\u00e7\u00e3o de Igor Jesus ap\u00f3s a derrota do Botafogo para o Bragantino\"}]},{\"@type\":\"WebSite\",\"@id\":\"https:\/\/www.gaveanews.com\/#website\",\"url\":\"https:\/\/www.gaveanews.com\/\",\"name\":\"G\u00e1vea News\",\"description\":\"Veja todas as not\u00edcias sobre o Flamengo: Contrata\u00e7\u00f5es, categorias de base, resultados das partidas, tabela de classifica\u00e7\u00e3o, pr\u00f3ximos jogos!\",\"potentialAction\":[{\"@type\":\"SearchAction\",\"target\":{\"@type\":\"EntryPoint\",\"urlTemplate\":\"https:\/\/www.gaveanews.com\/?s={search_term_string}\"},\"query-input\":{\"@type\":\"PropertyValueSpecification\",\"valueRequired\":true,\"valueName\":\"search_term_string\"}}],\"inLanguage\":\"pt-BR\"},{\"@type\":\"Person\",\"@id\":\"https:\/\/www.gaveanews.com\/#\/schema\/person\/c79759ca337c40791ae8d08e2923d403\",\"name\":\"Brenda Cezillo\",\"image\":{\"@type\":\"ImageObject\",\"inLanguage\":\"pt-BR\",\"@id\":\"https:\/\/www.gaveanews.com\/#\/schema\/person\/image\/\",\"url\":\"https:\/\/secure.gravatar.com\/avatar\/1738d75cee7317f9c29ae61dd67620c5883d80a92e42a6fff88ae5d527af217a?s=96&d=mm&r=g\",\"contentUrl\":\"https:\/\/secure.gravatar.com\/avatar\/1738d75cee7317f9c29ae61dd67620c5883d80a92e42a6fff88ae5d527af217a?s=96&d=mm&r=g\",\"caption\":\"Brenda Cezillo\"}}]}<\/script>\n<!-- \/ Yoast SEO Premium plugin. -->","yoast_head_json":{"title":"A declara\u00e7\u00e3o de Igor Jesus ap\u00f3s a derrota do Botafogo para o Bragantino","robots":{"index":"index","follow":"follow","max-snippet":"max-snippet:-1","max-image-preview":"max-image-preview:large","max-video-preview":"max-video-preview:-1"},"canonical":"https:\/\/www.gaveanews.com\/index.php\/2025\/04\/13\/a-declaracao-de-igor-jesus-apos-a-derrota-do-botafogo-para-o-bragantino\/","og_locale":"pt_BR","og_type":"article","og_title":"A declara\u00e7\u00e3o de Igor Jesus ap\u00f3s a derrota do Botafogo para o Bragantino","og_description":"O Botafogo sofreu sua primeira derrota no Campeonato Brasileiro de 2025 ao ser superado pelo Red Bull Bragantino por 1 a 0, no s\u00e1bado (12 de abril), em partida realizada no Est\u00e1dio Nabi Abi Chedid, em Bragan\u00e7a Paulista. O \u00fanico gol da partida foi marcado ainda no in\u00edcio do confronto, o que dificultou a rea\u00e7\u00e3o [&hellip;]","og_url":"https:\/\/www.gaveanews.com\/index.php\/2025\/04\/13\/a-declaracao-de-igor-jesus-apos-a-derrota-do-botafogo-para-o-bragantino\/","og_site_name":"G\u00e1vea News","article_publisher":"https:\/\/facebook.com\/gaveaNews\/","article_published_time":"2025-04-13T19:25:00+00:00","og_image":[{"width":740,"height":416,"url":"https:\/\/www.gaveanews.com\/wp-content\/uploads\/image-2024-10-07T101937.797.webp","type":"image\/webp"}],"author":"Brenda Cezillo","twitter_card":"summary_large_image","twitter_misc":{"Escrito por":"Brenda Cezillo","Est. tempo de leitura":"3 minutos"},"schema":{"@context":"https:\/\/schema.org","@graph":[{"@type":"NewsArticle","@id":"https:\/\/www.gaveanews.com\/index.php\/2025\/04\/13\/a-declaracao-de-igor-jesus-apos-a-derrota-do-botafogo-para-o-bragantino\/#article","isPartOf":{"@id":"https:\/\/www.gaveanews.com\/index.php\/2025\/04\/13\/a-declaracao-de-igor-jesus-apos-a-derrota-do-botafogo-para-o-bragantino\/"},"author":{"name":"Brenda Cezillo","@id":"https:\/\/www.gaveanews.com\/#\/schema\/person\/c79759ca337c40791ae8d08e2923d403"},"headline":"A declara\u00e7\u00e3o de Igor Jesus ap\u00f3s a derrota do Botafogo para o Bragantino","datePublished":"2025-04-13T19:25:00+00:00","mainEntityOfPage":{"@id":"https:\/\/www.gaveanews.com\/index.php\/2025\/04\/13\/a-declaracao-de-igor-jesus-apos-a-derrota-do-botafogo-para-o-bragantino\/"},"wordCount":412,"commentCount":0,"image":{"@id":"https:\/\/www.gaveanews.com\/index.php\/2025\/04\/13\/a-declaracao-de-igor-jesus-apos-a-derrota-do-botafogo-para-o-bragantino\/#primaryimage"},"thumbnailUrl":"https:\/\/www.gaveanews.com\/wp-content\/uploads\/image-2024-10-07T101937.797.webp","articleSection":["Botafogo"],"inLanguage":"pt-BR","potentialAction":[{"@type":"CommentAction","name":"Comment","target":["https:\/\/www.gaveanews.com\/index.php\/2025\/04\/13\/a-declaracao-de-igor-jesus-apos-a-derrota-do-botafogo-para-o-bragantino\/#respond"]}],"copyrightYear":"2025","copyrightHolder":{"@id":"https:\/\/www.gaveanews.com\/#organization"}},{"@type":"WebPage","@id":"https:\/\/www.gaveanews.com\/index.php\/2025\/04\/13\/a-declaracao-de-igor-jesus-apos-a-derrota-do-botafogo-para-o-bragantino\/","url":"https:\/\/www.gaveanews.com\/index.php\/2025\/04\/13\/a-declaracao-de-igor-jesus-apos-a-derrota-do-botafogo-para-o-bragantino\/","name":"A declara\u00e7\u00e3o de Igor Jesus ap\u00f3s a derrota do Botafogo para o Bragantino","isPartOf":{"@id":"https:\/\/www.gaveanews.com\/#website"},"primaryImageOfPage":{"@id":"https:\/\/www.gaveanews.com\/index.php\/2025\/04\/13\/a-declaracao-de-igor-jesus-apos-a-derrota-do-botafogo-para-o-bragantino\/#primaryimage"},"image":{"@id":"https:\/\/www.gaveanews.com\/index.php\/2025\/04\/13\/a-declaracao-de-igor-jesus-apos-a-derrota-do-botafogo-para-o-bragantino\/#primaryimage"},"thumbnailUrl":"https:\/\/www.gaveanews.com\/wp-content\/uploads\/image-2024-10-07T101937.797.webp","datePublished":"2025-04-13T19:25:00+00:00","author":{"@id":"https:\/\/www.gaveanews.com\/#\/schema\/person\/c79759ca337c40791ae8d08e2923d403"},"breadcrumb":{"@id":"https:\/\/www.gaveanews.com\/index.php\/2025\/04\/13\/a-declaracao-de-igor-jesus-apos-a-derrota-do-botafogo-para-o-bragantino\/#breadcrumb"},"inLanguage":"pt-BR","potentialAction":[{"@type":"ReadAction","target":["https:\/\/www.gaveanews.com\/index.php\/2025\/04\/13\/a-declaracao-de-igor-jesus-apos-a-derrota-do-botafogo-para-o-bragantino\/"]}]},{"@type":"ImageObject","inLanguage":"pt-BR","@id":"https:\/\/www.gaveanews.com\/index.php\/2025\/04\/13\/a-declaracao-de-igor-jesus-apos-a-derrota-do-botafogo-para-o-bragantino\/#primaryimage","url":"https:\/\/www.gaveanews.com\/wp-content\/uploads\/image-2024-10-07T101937.797.webp","contentUrl":"https:\/\/www.gaveanews.com\/wp-content\/uploads\/image-2024-10-07T101937.797.webp","width":740,"height":416,"caption":"Igor Jesus \u00e9 elogiado por Artur Jorge (Foto: Robson Mafra\/AGIF)"},{"@type":"BreadcrumbList","@id":"https:\/\/www.gaveanews.com\/index.php\/2025\/04\/13\/a-declaracao-de-igor-jesus-apos-a-derrota-do-botafogo-para-o-bragantino\/#breadcrumb","itemListElement":[{"@type":"ListItem","position":1,"name":"Home","item":"https:\/\/www.gaveanews.com\/"},{"@type":"ListItem","position":2,"name":"A declara\u00e7\u00e3o de Igor Jesus ap\u00f3s a derrota do Botafogo para o Bragantino"}]},{"@type":"WebSite","@id":"https:\/\/www.gaveanews.com\/#website","url":"https:\/\/www.gaveanews.com\/","name":"G\u00e1vea News","description":"Veja todas as not\u00edcias sobre o Flamengo: Contrata\u00e7\u00f5es, categorias de base, resultados das partidas, tabela de classifica\u00e7\u00e3o, pr\u00f3ximos jogos!","potentialAction":[{"@type":"SearchAction","target":{"@type":"EntryPoint","urlTemplate":"https:\/\/www.gaveanews.com\/?s={search_term_string}"},"query-input":{"@type":"PropertyValueSpecification","valueRequired":true,"valueName":"search_term_string"}}],"inLanguage":"pt-BR"},{"@type":"Person","@id":"https:\/\/www.gaveanews.com\/#\/schema\/person\/c79759ca337c40791ae8d08e2923d403","name":"Brenda Cezillo","image":{"@type":"ImageObject","inLanguage":"pt-BR","@id":"https:\/\/www.gaveanews.com\/#\/schema\/person\/image\/","url":"https:\/\/secure.gravatar.com\/avatar\/1738d75cee7317f9c29ae61dd67620c5883d80a92e42a6fff88ae5d527af217a?s=96&d=mm&r=g","contentUrl":"https:\/\/secure.gravatar.com\/avatar\/1738d75cee7317f9c29ae61dd67620c5883d80a92e42a6fff88ae5d527af217a?s=96&d=mm&r=g","caption":"Brenda Cezillo"}}]}},"_links":{"self":[{"href":"https:\/\/www.gaveanews.com\/index.php\/wp-json\/wp\/v2\/posts\/252913","targetHints":{"allow":["GET"]}}],"collection":[{"href":"https:\/\/www.gaveanews.com\/index.php\/wp-json\/wp\/v2\/posts"}],"about":[{"href":"https:\/\/www.gaveanews.com\/index.php\/wp-json\/wp\/v2\/types\/post"}],"author":[{"embeddable":true,"href":"https:\/\/www.gaveanews.com\/index.php\/wp-json\/wp\/v2\/users\/33"}],"replies":[{"embeddable":true,"href":"https:\/\/www.gaveanews.com\/index.php\/wp-json\/wp\/v2\/comments?post=252913"}],"version-history":[{"count":1,"href":"https:\/\/www.gaveanews.com\/index.php\/wp-json\/wp\/v2\/posts\/252913\/revisions"}],"predecessor-version":[{"id":252915,"href":"https:\/\/www.gaveanews.com\/index.php\/wp-json\/wp\/v2\/posts\/252913\/revisions\/252915"}],"wp:featuredmedia":[{"embeddable":true,"href":"https:\/\/www.gaveanews.com\/index.php\/wp-json\/wp\/v2\/media\/172206"}],"wp:attachment":[{"href":"https:\/\/www.gaveanews.com\/index.php\/wp-json\/wp\/v2\/media?parent=252913"}],"wp:term":[{"taxonomy":"category","embeddable":true,"href":"https:\/\/www.gaveanews.com\/index.php\/wp-json\/wp\/v2\/categories?post=252913"},{"taxonomy":"post_tag","embeddable":true,"href":"https:\/\/www.gaveanews.com\/index.php\/wp-json\/wp\/v2\/tags?post=252913"}],"curies":[{"name":"wp","href":"https:\/\/api.w.org\/{rel}","templated":true}]}}