{"id":252914,"date":"2025-04-13T16:35:00","date_gmt":"2025-04-13T19:35:00","guid":{"rendered":"https:\/\/www.gaveanews.com\/?p=252914"},"modified":"2025-06-07T23:23:16","modified_gmt":"2025-06-08T02:23:16","slug":"video-revisao-do-var-mostra-jhon-jhon-do-bragantino-impedido","status":"publish","type":"post","link":"https:\/\/www.gaveanews.com\/index.php\/2025\/04\/13\/video-revisao-do-var-mostra-jhon-jhon-do-bragantino-impedido\/","title":{"rendered":"Revis\u00e3o do VAR mostra Jhon Jhon, do Bragantino, impedido"},"content":{"rendered":"\n<p>A Confedera\u00e7\u00e3o Brasileira de Futebol (CBF) divulgou, no \u00faltimo s\u00e1bado (12 de abril), as imagens da revis\u00e3o do VAR no gol da vit\u00f3ria do Bragantino sobre o Botafogo por 1 a 0, em jogo v\u00e1lido pela terceira rodada do Campeonato Brasileiro. O conte\u00fado, no entanto, gerou mais questionamentos do que esclarecimentos entre torcedores e analistas.<\/p>\n\n\n\n<p>Na jogada, Jhon Jhon recebeu a bola e fez o passe que resultou no gol de Eduardo Sasha. O lance foi imediatamente analisado pelo \u00e1rbitro de v\u00eddeo Daniel Nobre Bins, que atua como VAR-Fifa. Durante a revis\u00e3o, a tecnologia foi utilizada para verificar a posi\u00e7\u00e3o do jogador do Bragantino em rela\u00e7\u00e3o \u00e0 linha defensiva do Botafogo.<\/p>\n\n\n\n<p>O ponto que causou maior controv\u00e9rsia foi a sobreposi\u00e7\u00e3o das linhas de impedimento. Conforme mostrado nas imagens divulgadas pela CBF, a linha vermelha \u2014 que representa o atacante \u2014 foi posicionada no ombro de Jhon Jhon. J\u00e1 a linha azul, que marca o defensor, foi fixada sobre o p\u00e9 esquerdo de Alex Telles, atleta do Botafogo.<\/p>\n\n\n\n<p>Ali\u00e1s, o detalhe mais discutido foi justamente o \u00faltimo ajuste na linha vermelha, que aparece ligeiramente \u00e0 frente da azul. Isso, tecnicamente, configuraria impedimento. Entretanto, em poucos segundos, o \u00e1rbitro de v\u00eddeo decidiu pela legalidade do gol e informou a decis\u00e3o \u00e0 equipe em campo.<\/p>\n\n\n\n<p>\u201c\u2013 Vai ser o ombro direito dele, t\u00e1? Esquerda, esquerda, mais um \u00e0 esquerda ainda. OK, pode confirmar. Checado, OK, gol legal\u201d, afirmou Daniel Nobre Bins, conforme \u00e1udio exibido no v\u00eddeo de revis\u00e3o publicado pela CBF.<\/p>\n\n\n\n<p>A pressa na conclus\u00e3o do lance e o desaparecimento repentino da linha vermelha na tela, exibida logo antes da mensagem \u201cn\u00e3o impedimento\u201d, alimentaram as cr\u00edticas quanto \u00e0 clareza e \u00e0 consist\u00eancia do procedimento. Dessa maneira, a revis\u00e3o trouxe \u00e0 tona novas discuss\u00f5es sobre a transpar\u00eancia no uso da tecnologia do VAR no futebol brasileiro.<\/p>\n","protected":false},"excerpt":{"rendered":"<p>A Confedera\u00e7\u00e3o Brasileira de Futebol (CBF) divulgou, no \u00faltimo s\u00e1bado (12 de abril), as imagens da revis\u00e3o do VAR no gol da vit\u00f3ria do Bragantino sobre o Botafogo por 1 a 0, em jogo v\u00e1lido pela terceira rodada do Campeonato Brasileiro. O conte\u00fado, no entanto, gerou mais questionamentos do que esclarecimentos entre torcedores e analistas. [&hellip;]<\/p>\n","protected":false},"author":33,"featured_media":130357,"comment_status":"open","ping_status":"closed","sticky":false,"template":"","format":"standard","meta":{"footnotes":""},"categories":[140],"tags":[],"class_list":["post-252914","post","type-post","status-publish","format-standard","has-post-thumbnail","hentry","category-bragantino"],"yoast_head":"<!-- This site is optimized with the Yoast SEO Premium plugin v24.2 (Yoast SEO v26.9) - https:\/\/yoast.com\/product\/yoast-seo-premium-wordpress\/ -->\n<title>Revis\u00e3o do VAR mostra Jhon Jhon, do Bragantino, impedido<\/title>\n<meta name=\"robots\" content=\"index, follow, max-snippet:-1, max-image-preview:large, max-video-preview:-1\" \/>\n<link rel=\"canonical\" href=\"https:\/\/www.gaveanews.com\/index.php\/2025\/04\/13\/video-revisao-do-var-mostra-jhon-jhon-do-bragantino-impedido\/\" \/>\n<meta property=\"og:locale\" content=\"pt_BR\" \/>\n<meta property=\"og:type\" content=\"article\" \/>\n<meta property=\"og:title\" content=\"Revis\u00e3o do VAR mostra Jhon Jhon, do Bragantino, impedido\" \/>\n<meta property=\"og:description\" content=\"A Confedera\u00e7\u00e3o Brasileira de Futebol (CBF) divulgou, no \u00faltimo s\u00e1bado (12 de abril), as imagens da revis\u00e3o do VAR no gol da vit\u00f3ria do Bragantino sobre o Botafogo por 1 a 0, em jogo v\u00e1lido pela terceira rodada do Campeonato Brasileiro. O conte\u00fado, no entanto, gerou mais questionamentos do que esclarecimentos entre torcedores e analistas. [&hellip;]\" \/>\n<meta property=\"og:url\" content=\"https:\/\/www.gaveanews.com\/index.php\/2025\/04\/13\/video-revisao-do-var-mostra-jhon-jhon-do-bragantino-impedido\/\" \/>\n<meta property=\"og:site_name\" content=\"G\u00e1vea News\" \/>\n<meta property=\"article:publisher\" content=\"https:\/\/facebook.com\/gaveaNews\/\" \/>\n<meta property=\"article:published_time\" content=\"2025-04-13T19:35:00+00:00\" \/>\n<meta property=\"article:modified_time\" content=\"2025-06-08T02:23:16+00:00\" \/>\n<meta property=\"og:image\" content=\"http:\/\/www.gaveanews.com\/wp-content\/uploads\/Escudo-do-RedBull-Bragantino.webp\" \/>\n\t<meta property=\"og:image:width\" content=\"1200\" \/>\n\t<meta property=\"og:image:height\" content=\"628\" \/>\n\t<meta property=\"og:image:type\" content=\"image\/webp\" \/>\n<meta name=\"author\" content=\"Brenda Cezillo\" \/>\n<meta name=\"twitter:card\" content=\"summary_large_image\" \/>\n<meta name=\"twitter:label1\" content=\"Escrito por\" \/>\n\t<meta name=\"twitter:data1\" content=\"Brenda Cezillo\" \/>\n\t<meta name=\"twitter:label2\" content=\"Est. tempo de leitura\" \/>\n\t<meta name=\"twitter:data2\" content=\"2 minutos\" \/>\n<script type=\"application\/ld+json\" class=\"yoast-schema-graph\">{\"@context\":\"https:\/\/schema.org\",\"@graph\":[{\"@type\":\"NewsArticle\",\"@id\":\"https:\/\/www.gaveanews.com\/index.php\/2025\/04\/13\/video-revisao-do-var-mostra-jhon-jhon-do-bragantino-impedido\/#article\",\"isPartOf\":{\"@id\":\"https:\/\/www.gaveanews.com\/index.php\/2025\/04\/13\/video-revisao-do-var-mostra-jhon-jhon-do-bragantino-impedido\/\"},\"author\":{\"name\":\"Brenda Cezillo\",\"@id\":\"https:\/\/www.gaveanews.com\/#\/schema\/person\/c79759ca337c40791ae8d08e2923d403\"},\"headline\":\"Revis\u00e3o do VAR mostra Jhon Jhon, do Bragantino, impedido\",\"datePublished\":\"2025-04-13T19:35:00+00:00\",\"dateModified\":\"2025-06-08T02:23:16+00:00\",\"mainEntityOfPage\":{\"@id\":\"https:\/\/www.gaveanews.com\/index.php\/2025\/04\/13\/video-revisao-do-var-mostra-jhon-jhon-do-bragantino-impedido\/\"},\"wordCount\":323,\"commentCount\":0,\"image\":{\"@id\":\"https:\/\/www.gaveanews.com\/index.php\/2025\/04\/13\/video-revisao-do-var-mostra-jhon-jhon-do-bragantino-impedido\/#primaryimage\"},\"thumbnailUrl\":\"https:\/\/www.gaveanews.com\/wp-content\/uploads\/Escudo-do-RedBull-Bragantino.webp\",\"articleSection\":[\"Bragantino\"],\"inLanguage\":\"pt-BR\",\"potentialAction\":[{\"@type\":\"CommentAction\",\"name\":\"Comment\",\"target\":[\"https:\/\/www.gaveanews.com\/index.php\/2025\/04\/13\/video-revisao-do-var-mostra-jhon-jhon-do-bragantino-impedido\/#respond\"]}],\"copyrightYear\":\"2025\",\"copyrightHolder\":{\"@id\":\"https:\/\/www.gaveanews.com\/#organization\"}},{\"@type\":\"WebPage\",\"@id\":\"https:\/\/www.gaveanews.com\/index.php\/2025\/04\/13\/video-revisao-do-var-mostra-jhon-jhon-do-bragantino-impedido\/\",\"url\":\"https:\/\/www.gaveanews.com\/index.php\/2025\/04\/13\/video-revisao-do-var-mostra-jhon-jhon-do-bragantino-impedido\/\",\"name\":\"Revis\u00e3o do VAR mostra Jhon Jhon, do Bragantino, impedido\",\"isPartOf\":{\"@id\":\"https:\/\/www.gaveanews.com\/#website\"},\"primaryImageOfPage\":{\"@id\":\"https:\/\/www.gaveanews.com\/index.php\/2025\/04\/13\/video-revisao-do-var-mostra-jhon-jhon-do-bragantino-impedido\/#primaryimage\"},\"image\":{\"@id\":\"https:\/\/www.gaveanews.com\/index.php\/2025\/04\/13\/video-revisao-do-var-mostra-jhon-jhon-do-bragantino-impedido\/#primaryimage\"},\"thumbnailUrl\":\"https:\/\/www.gaveanews.com\/wp-content\/uploads\/Escudo-do-RedBull-Bragantino.webp\",\"datePublished\":\"2025-04-13T19:35:00+00:00\",\"dateModified\":\"2025-06-08T02:23:16+00:00\",\"author\":{\"@id\":\"https:\/\/www.gaveanews.com\/#\/schema\/person\/c79759ca337c40791ae8d08e2923d403\"},\"breadcrumb\":{\"@id\":\"https:\/\/www.gaveanews.com\/index.php\/2025\/04\/13\/video-revisao-do-var-mostra-jhon-jhon-do-bragantino-impedido\/#breadcrumb\"},\"inLanguage\":\"pt-BR\",\"potentialAction\":[{\"@type\":\"ReadAction\",\"target\":[\"https:\/\/www.gaveanews.com\/index.php\/2025\/04\/13\/video-revisao-do-var-mostra-jhon-jhon-do-bragantino-impedido\/\"]}]},{\"@type\":\"ImageObject\",\"inLanguage\":\"pt-BR\",\"@id\":\"https:\/\/www.gaveanews.com\/index.php\/2025\/04\/13\/video-revisao-do-var-mostra-jhon-jhon-do-bragantino-impedido\/#primaryimage\",\"url\":\"https:\/\/www.gaveanews.com\/wp-content\/uploads\/Escudo-do-RedBull-Bragantino.webp\",\"contentUrl\":\"https:\/\/www.gaveanews.com\/wp-content\/uploads\/Escudo-do-RedBull-Bragantino.webp\",\"width\":1200,\"height\":628,\"caption\":\"Escudo do RedBull Bragantino (Foto: Reprodu\u00e7\u00e3o)\"},{\"@type\":\"BreadcrumbList\",\"@id\":\"https:\/\/www.gaveanews.com\/index.php\/2025\/04\/13\/video-revisao-do-var-mostra-jhon-jhon-do-bragantino-impedido\/#breadcrumb\",\"itemListElement\":[{\"@type\":\"ListItem\",\"position\":1,\"name\":\"Home\",\"item\":\"https:\/\/www.gaveanews.com\/\"},{\"@type\":\"ListItem\",\"position\":2,\"name\":\"Revis\u00e3o do VAR mostra Jhon Jhon, do Bragantino, impedido\"}]},{\"@type\":\"WebSite\",\"@id\":\"https:\/\/www.gaveanews.com\/#website\",\"url\":\"https:\/\/www.gaveanews.com\/\",\"name\":\"G\u00e1vea News\",\"description\":\"Veja todas as not\u00edcias sobre o Flamengo: Contrata\u00e7\u00f5es, categorias de base, resultados das partidas, tabela de classifica\u00e7\u00e3o, pr\u00f3ximos jogos!\",\"potentialAction\":[{\"@type\":\"SearchAction\",\"target\":{\"@type\":\"EntryPoint\",\"urlTemplate\":\"https:\/\/www.gaveanews.com\/?s={search_term_string}\"},\"query-input\":{\"@type\":\"PropertyValueSpecification\",\"valueRequired\":true,\"valueName\":\"search_term_string\"}}],\"inLanguage\":\"pt-BR\"},{\"@type\":\"Person\",\"@id\":\"https:\/\/www.gaveanews.com\/#\/schema\/person\/c79759ca337c40791ae8d08e2923d403\",\"name\":\"Brenda Cezillo\",\"image\":{\"@type\":\"ImageObject\",\"inLanguage\":\"pt-BR\",\"@id\":\"https:\/\/www.gaveanews.com\/#\/schema\/person\/image\/\",\"url\":\"https:\/\/secure.gravatar.com\/avatar\/1738d75cee7317f9c29ae61dd67620c5883d80a92e42a6fff88ae5d527af217a?s=96&d=mm&r=g\",\"contentUrl\":\"https:\/\/secure.gravatar.com\/avatar\/1738d75cee7317f9c29ae61dd67620c5883d80a92e42a6fff88ae5d527af217a?s=96&d=mm&r=g\",\"caption\":\"Brenda Cezillo\"}}]}<\/script>\n<!-- \/ Yoast SEO Premium plugin. -->","yoast_head_json":{"title":"Revis\u00e3o do VAR mostra Jhon Jhon, do Bragantino, impedido","robots":{"index":"index","follow":"follow","max-snippet":"max-snippet:-1","max-image-preview":"max-image-preview:large","max-video-preview":"max-video-preview:-1"},"canonical":"https:\/\/www.gaveanews.com\/index.php\/2025\/04\/13\/video-revisao-do-var-mostra-jhon-jhon-do-bragantino-impedido\/","og_locale":"pt_BR","og_type":"article","og_title":"Revis\u00e3o do VAR mostra Jhon Jhon, do Bragantino, impedido","og_description":"A Confedera\u00e7\u00e3o Brasileira de Futebol (CBF) divulgou, no \u00faltimo s\u00e1bado (12 de abril), as imagens da revis\u00e3o do VAR no gol da vit\u00f3ria do Bragantino sobre o Botafogo por 1 a 0, em jogo v\u00e1lido pela terceira rodada do Campeonato Brasileiro. O conte\u00fado, no entanto, gerou mais questionamentos do que esclarecimentos entre torcedores e analistas. [&hellip;]","og_url":"https:\/\/www.gaveanews.com\/index.php\/2025\/04\/13\/video-revisao-do-var-mostra-jhon-jhon-do-bragantino-impedido\/","og_site_name":"G\u00e1vea News","article_publisher":"https:\/\/facebook.com\/gaveaNews\/","article_published_time":"2025-04-13T19:35:00+00:00","article_modified_time":"2025-06-08T02:23:16+00:00","og_image":[{"width":1200,"height":628,"url":"http:\/\/www.gaveanews.com\/wp-content\/uploads\/Escudo-do-RedBull-Bragantino.webp","type":"image\/webp"}],"author":"Brenda Cezillo","twitter_card":"summary_large_image","twitter_misc":{"Escrito por":"Brenda Cezillo","Est. tempo de leitura":"2 minutos"},"schema":{"@context":"https:\/\/schema.org","@graph":[{"@type":"NewsArticle","@id":"https:\/\/www.gaveanews.com\/index.php\/2025\/04\/13\/video-revisao-do-var-mostra-jhon-jhon-do-bragantino-impedido\/#article","isPartOf":{"@id":"https:\/\/www.gaveanews.com\/index.php\/2025\/04\/13\/video-revisao-do-var-mostra-jhon-jhon-do-bragantino-impedido\/"},"author":{"name":"Brenda Cezillo","@id":"https:\/\/www.gaveanews.com\/#\/schema\/person\/c79759ca337c40791ae8d08e2923d403"},"headline":"Revis\u00e3o do VAR mostra Jhon Jhon, do Bragantino, impedido","datePublished":"2025-04-13T19:35:00+00:00","dateModified":"2025-06-08T02:23:16+00:00","mainEntityOfPage":{"@id":"https:\/\/www.gaveanews.com\/index.php\/2025\/04\/13\/video-revisao-do-var-mostra-jhon-jhon-do-bragantino-impedido\/"},"wordCount":323,"commentCount":0,"image":{"@id":"https:\/\/www.gaveanews.com\/index.php\/2025\/04\/13\/video-revisao-do-var-mostra-jhon-jhon-do-bragantino-impedido\/#primaryimage"},"thumbnailUrl":"https:\/\/www.gaveanews.com\/wp-content\/uploads\/Escudo-do-RedBull-Bragantino.webp","articleSection":["Bragantino"],"inLanguage":"pt-BR","potentialAction":[{"@type":"CommentAction","name":"Comment","target":["https:\/\/www.gaveanews.com\/index.php\/2025\/04\/13\/video-revisao-do-var-mostra-jhon-jhon-do-bragantino-impedido\/#respond"]}],"copyrightYear":"2025","copyrightHolder":{"@id":"https:\/\/www.gaveanews.com\/#organization"}},{"@type":"WebPage","@id":"https:\/\/www.gaveanews.com\/index.php\/2025\/04\/13\/video-revisao-do-var-mostra-jhon-jhon-do-bragantino-impedido\/","url":"https:\/\/www.gaveanews.com\/index.php\/2025\/04\/13\/video-revisao-do-var-mostra-jhon-jhon-do-bragantino-impedido\/","name":"Revis\u00e3o do VAR mostra Jhon Jhon, do Bragantino, impedido","isPartOf":{"@id":"https:\/\/www.gaveanews.com\/#website"},"primaryImageOfPage":{"@id":"https:\/\/www.gaveanews.com\/index.php\/2025\/04\/13\/video-revisao-do-var-mostra-jhon-jhon-do-bragantino-impedido\/#primaryimage"},"image":{"@id":"https:\/\/www.gaveanews.com\/index.php\/2025\/04\/13\/video-revisao-do-var-mostra-jhon-jhon-do-bragantino-impedido\/#primaryimage"},"thumbnailUrl":"https:\/\/www.gaveanews.com\/wp-content\/uploads\/Escudo-do-RedBull-Bragantino.webp","datePublished":"2025-04-13T19:35:00+00:00","dateModified":"2025-06-08T02:23:16+00:00","author":{"@id":"https:\/\/www.gaveanews.com\/#\/schema\/person\/c79759ca337c40791ae8d08e2923d403"},"breadcrumb":{"@id":"https:\/\/www.gaveanews.com\/index.php\/2025\/04\/13\/video-revisao-do-var-mostra-jhon-jhon-do-bragantino-impedido\/#breadcrumb"},"inLanguage":"pt-BR","potentialAction":[{"@type":"ReadAction","target":["https:\/\/www.gaveanews.com\/index.php\/2025\/04\/13\/video-revisao-do-var-mostra-jhon-jhon-do-bragantino-impedido\/"]}]},{"@type":"ImageObject","inLanguage":"pt-BR","@id":"https:\/\/www.gaveanews.com\/index.php\/2025\/04\/13\/video-revisao-do-var-mostra-jhon-jhon-do-bragantino-impedido\/#primaryimage","url":"https:\/\/www.gaveanews.com\/wp-content\/uploads\/Escudo-do-RedBull-Bragantino.webp","contentUrl":"https:\/\/www.gaveanews.com\/wp-content\/uploads\/Escudo-do-RedBull-Bragantino.webp","width":1200,"height":628,"caption":"Escudo do RedBull Bragantino (Foto: Reprodu\u00e7\u00e3o)"},{"@type":"BreadcrumbList","@id":"https:\/\/www.gaveanews.com\/index.php\/2025\/04\/13\/video-revisao-do-var-mostra-jhon-jhon-do-bragantino-impedido\/#breadcrumb","itemListElement":[{"@type":"ListItem","position":1,"name":"Home","item":"https:\/\/www.gaveanews.com\/"},{"@type":"ListItem","position":2,"name":"Revis\u00e3o do VAR mostra Jhon Jhon, do Bragantino, impedido"}]},{"@type":"WebSite","@id":"https:\/\/www.gaveanews.com\/#website","url":"https:\/\/www.gaveanews.com\/","name":"G\u00e1vea News","description":"Veja todas as not\u00edcias sobre o Flamengo: Contrata\u00e7\u00f5es, categorias de base, resultados das partidas, tabela de classifica\u00e7\u00e3o, pr\u00f3ximos jogos!","potentialAction":[{"@type":"SearchAction","target":{"@type":"EntryPoint","urlTemplate":"https:\/\/www.gaveanews.com\/?s={search_term_string}"},"query-input":{"@type":"PropertyValueSpecification","valueRequired":true,"valueName":"search_term_string"}}],"inLanguage":"pt-BR"},{"@type":"Person","@id":"https:\/\/www.gaveanews.com\/#\/schema\/person\/c79759ca337c40791ae8d08e2923d403","name":"Brenda Cezillo","image":{"@type":"ImageObject","inLanguage":"pt-BR","@id":"https:\/\/www.gaveanews.com\/#\/schema\/person\/image\/","url":"https:\/\/secure.gravatar.com\/avatar\/1738d75cee7317f9c29ae61dd67620c5883d80a92e42a6fff88ae5d527af217a?s=96&d=mm&r=g","contentUrl":"https:\/\/secure.gravatar.com\/avatar\/1738d75cee7317f9c29ae61dd67620c5883d80a92e42a6fff88ae5d527af217a?s=96&d=mm&r=g","caption":"Brenda Cezillo"}}]}},"_links":{"self":[{"href":"https:\/\/www.gaveanews.com\/index.php\/wp-json\/wp\/v2\/posts\/252914","targetHints":{"allow":["GET"]}}],"collection":[{"href":"https:\/\/www.gaveanews.com\/index.php\/wp-json\/wp\/v2\/posts"}],"about":[{"href":"https:\/\/www.gaveanews.com\/index.php\/wp-json\/wp\/v2\/types\/post"}],"author":[{"embeddable":true,"href":"https:\/\/www.gaveanews.com\/index.php\/wp-json\/wp\/v2\/users\/33"}],"replies":[{"embeddable":true,"href":"https:\/\/www.gaveanews.com\/index.php\/wp-json\/wp\/v2\/comments?post=252914"}],"version-history":[{"count":2,"href":"https:\/\/www.gaveanews.com\/index.php\/wp-json\/wp\/v2\/posts\/252914\/revisions"}],"predecessor-version":[{"id":270533,"href":"https:\/\/www.gaveanews.com\/index.php\/wp-json\/wp\/v2\/posts\/252914\/revisions\/270533"}],"wp:featuredmedia":[{"embeddable":true,"href":"https:\/\/www.gaveanews.com\/index.php\/wp-json\/wp\/v2\/media\/130357"}],"wp:attachment":[{"href":"https:\/\/www.gaveanews.com\/index.php\/wp-json\/wp\/v2\/media?parent=252914"}],"wp:term":[{"taxonomy":"category","embeddable":true,"href":"https:\/\/www.gaveanews.com\/index.php\/wp-json\/wp\/v2\/categories?post=252914"},{"taxonomy":"post_tag","embeddable":true,"href":"https:\/\/www.gaveanews.com\/index.php\/wp-json\/wp\/v2\/tags?post=252914"}],"curies":[{"name":"wp","href":"https:\/\/api.w.org\/{rel}","templated":true}]}}