{"id":252916,"date":"2025-04-13T16:40:00","date_gmt":"2025-04-13T19:40:00","guid":{"rendered":"https:\/\/www.gaveanews.com\/?p=252916"},"modified":"2025-04-13T16:32:03","modified_gmt":"2025-04-13T19:32:03","slug":"video-a-declaracao-de-martinez-apos-a-derrota-do-corinthians-para-o-palmeiras","status":"publish","type":"post","link":"https:\/\/www.gaveanews.com\/index.php\/2025\/04\/13\/video-a-declaracao-de-martinez-apos-a-derrota-do-corinthians-para-o-palmeiras\/","title":{"rendered":"V\u00eddeo: a declara\u00e7\u00e3o de Mart\u00ednez ap\u00f3s a derrota do Corinthians para o Palmeiras"},"content":{"rendered":"\n<p>Ap\u00f3s o rev\u00e9s diante do Palmeiras, na Arena Barueri, o volante Jos\u00e9 Mart\u00ednez concedeu entrevista e abordou pontos centrais que marcaram o desempenho do Corinthians no cl\u00e1ssico disputado na sexta-feira (11 de abril). Conforme o pr\u00f3prio atleta, a atua\u00e7\u00e3o do meio-campo foi determinante para o resultado negativo, algo que, segundo ele, precisa ser rapidamente corrigido.<\/p>\n\n\n\n<p>\u201cSabemos que o Palmeiras tem um bom time, mas n\u00e3o pod\u00edamos ter dado tanto espa\u00e7o como demos\u201d, declarou Mart\u00ednez, ao analisar a fragilidade do setor central corintiano. Conforme o jogador, a equipe falhou em conter as principais articula\u00e7\u00f5es do rival e isso acabou comprometendo o controle da partida. A avalia\u00e7\u00e3o ocorreu logo ap\u00f3s o apito final, em tom de autocr\u00edtica e com foco na evolu\u00e7\u00e3o.<\/p>\n\n\n\n<figure class=\"wp-block-image size-full\"><img loading=\"lazy\" decoding=\"async\" width=\"1440\" height=\"959\" src=\"http:\/\/www.gaveanews.com\/wp-content\/uploads\/Escudo-do-Corinthians-na-Neo-Quimica-Arena.webp\" alt=\"\" class=\"wp-image-154473\" srcset=\"https:\/\/www.gaveanews.com\/wp-content\/uploads\/Escudo-do-Corinthians-na-Neo-Quimica-Arena.webp 1440w, https:\/\/www.gaveanews.com\/wp-content\/uploads\/Escudo-do-Corinthians-na-Neo-Quimica-Arena-300x200.webp 300w, https:\/\/www.gaveanews.com\/wp-content\/uploads\/Escudo-do-Corinthians-na-Neo-Quimica-Arena-1024x682.webp 1024w, https:\/\/www.gaveanews.com\/wp-content\/uploads\/Escudo-do-Corinthians-na-Neo-Quimica-Arena-768x511.webp 768w, https:\/\/www.gaveanews.com\/wp-content\/uploads\/Escudo-do-Corinthians-na-Neo-Quimica-Arena-631x420.webp 631w, https:\/\/www.gaveanews.com\/wp-content\/uploads\/Escudo-do-Corinthians-na-Neo-Quimica-Arena-1261x840.webp 1261w, https:\/\/www.gaveanews.com\/wp-content\/uploads\/Escudo-do-Corinthians-na-Neo-Quimica-Arena-640x426.webp 640w, https:\/\/www.gaveanews.com\/wp-content\/uploads\/Escudo-do-Corinthians-na-Neo-Quimica-Arena-1280x852.webp 1280w, https:\/\/www.gaveanews.com\/wp-content\/uploads\/Escudo-do-Corinthians-na-Neo-Quimica-Arena-681x454.webp 681w, https:\/\/www.gaveanews.com\/wp-content\/uploads\/Escudo-do-Corinthians-na-Neo-Quimica-Arena-1362x907.webp 1362w, https:\/\/www.gaveanews.com\/wp-content\/uploads\/Escudo-do-Corinthians-na-Neo-Quimica-Arena-100x67.webp 100w\" sizes=\"auto, (max-width: 1440px) 100vw, 1440px\" \/><figcaption class=\"wp-element-caption\">Escudo do Corinthians na N\u00e9o Qu\u00edmica Arena (Foto Reprodu\u00e7\u00e3o\/Instagram)<\/figcaption><\/figure>\n\n\n\n<p>O volante destacou que, apesar do resultado, houve uma mudan\u00e7a percept\u00edvel de postura no segundo tempo. Para ele, o time conseguiu equilibrar as a\u00e7\u00f5es e competir em condi\u00e7\u00f5es melhores, embora o esfor\u00e7o n\u00e3o tenha sido suficiente para evitar a derrota. \u201cA gente tentou ajustar durante o jogo, mas infelizmente n\u00e3o conseguimos reverter\u201d, completou.<\/p>\n\n\n\n<p>Mart\u00ednez ainda frisou que n\u00e3o se trata de apontar culpados, mas sim de reconhecer que o desempenho coletivo ficou abaixo do esperado. Assim, a fala do camisa 5 refor\u00e7a a necessidade de uma resposta imediata do grupo, tanto em atitude quanto na aplica\u00e7\u00e3o t\u00e1tica. \u201cTemos que trabalhar juntos para corrigir isso\u201d, afirmou, mostrando preocupa\u00e7\u00e3o com a sequ\u00eancia da temporada.<\/p>\n\n\n\n<p>A derrota no cl\u00e1ssico acontece em um momento de avalia\u00e7\u00e3o do elenco alvinegro, que tenta encontrar maior estabilidade no Campeonato Brasileiro. O meio-campo, principal ponto de desequil\u00edbrio no confronto, surge como foco de aten\u00e7\u00e3o dentro do planejamento da comiss\u00e3o t\u00e9cnica para os pr\u00f3ximos jogos.<\/p>\n\n\n\n<p>Portanto, a fala de Mart\u00ednez sinaliza que, al\u00e9m dos ajustes t\u00e9cnicos, h\u00e1 tamb\u00e9m um alerta sobre a mentalidade da equipe. Afinal, como evidenciado no D\u00e9rbi, manter a intensidade do in\u00edcio ao fim se torna fundamental para encarar advers\u00e1rios do porte do Palmeiras. A expectativa interna \u00e9 de que esse diagn\u00f3stico sirva como ponto de partida para uma reestrutura\u00e7\u00e3o nas pr\u00f3ximas rodadas.<\/p>\n","protected":false},"excerpt":{"rendered":"<p>Ap\u00f3s o rev\u00e9s diante do Palmeiras, na Arena Barueri, o volante Jos\u00e9 Mart\u00ednez concedeu entrevista e abordou pontos centrais que marcaram o desempenho do Corinthians no cl\u00e1ssico disputado na sexta-feira (11 de abril). Conforme o pr\u00f3prio atleta, a atua\u00e7\u00e3o do meio-campo foi determinante para o resultado negativo, algo que, segundo ele, precisa ser rapidamente corrigido. [&hellip;]<\/p>\n","protected":false},"author":33,"featured_media":225578,"comment_status":"open","ping_status":"closed","sticky":false,"template":"","format":"standard","meta":{"footnotes":""},"categories":[141],"tags":[],"class_list":["post-252916","post","type-post","status-publish","format-standard","has-post-thumbnail","hentry","category-corinthians"],"yoast_head":"<!-- This site is optimized with the Yoast SEO Premium plugin v24.2 (Yoast SEO v26.9) - https:\/\/yoast.com\/product\/yoast-seo-premium-wordpress\/ -->\n<title>V\u00eddeo: a declara\u00e7\u00e3o de Mart\u00ednez ap\u00f3s a derrota do Corinthians para o Palmeiras<\/title>\n<meta name=\"robots\" content=\"index, follow, max-snippet:-1, max-image-preview:large, max-video-preview:-1\" \/>\n<link rel=\"canonical\" href=\"https:\/\/www.gaveanews.com\/index.php\/2025\/04\/13\/video-a-declaracao-de-martinez-apos-a-derrota-do-corinthians-para-o-palmeiras\/\" \/>\n<meta property=\"og:locale\" content=\"pt_BR\" \/>\n<meta property=\"og:type\" content=\"article\" \/>\n<meta property=\"og:title\" content=\"V\u00eddeo: a declara\u00e7\u00e3o de Mart\u00ednez ap\u00f3s a derrota do Corinthians para o Palmeiras\" \/>\n<meta property=\"og:description\" content=\"Ap\u00f3s o rev\u00e9s diante do Palmeiras, na Arena Barueri, o volante Jos\u00e9 Mart\u00ednez concedeu entrevista e abordou pontos centrais que marcaram o desempenho do Corinthians no cl\u00e1ssico disputado na sexta-feira (11 de abril). Conforme o pr\u00f3prio atleta, a atua\u00e7\u00e3o do meio-campo foi determinante para o resultado negativo, algo que, segundo ele, precisa ser rapidamente corrigido. [&hellip;]\" \/>\n<meta property=\"og:url\" content=\"https:\/\/www.gaveanews.com\/index.php\/2025\/04\/13\/video-a-declaracao-de-martinez-apos-a-derrota-do-corinthians-para-o-palmeiras\/\" \/>\n<meta property=\"og:site_name\" content=\"G\u00e1vea News\" \/>\n<meta property=\"article:publisher\" content=\"https:\/\/facebook.com\/gaveaNews\/\" \/>\n<meta property=\"article:published_time\" content=\"2025-04-13T19:40:00+00:00\" \/>\n<meta property=\"og:image\" content=\"https:\/\/www.gaveanews.com\/wp-content\/uploads\/Jose-Andres-Martinez-com-a-camisa-do-Corinthians.webp\" \/>\n\t<meta property=\"og:image:width\" content=\"1414\" \/>\n\t<meta property=\"og:image:height\" content=\"1060\" \/>\n\t<meta property=\"og:image:type\" content=\"image\/jpeg\" \/>\n<meta name=\"author\" content=\"Brenda Cezillo\" \/>\n<meta name=\"twitter:card\" content=\"summary_large_image\" \/>\n<meta name=\"twitter:label1\" content=\"Escrito por\" \/>\n\t<meta name=\"twitter:data1\" content=\"Brenda Cezillo\" \/>\n\t<meta name=\"twitter:label2\" content=\"Est. tempo de leitura\" \/>\n\t<meta name=\"twitter:data2\" content=\"3 minutos\" \/>\n<script type=\"application\/ld+json\" class=\"yoast-schema-graph\">{\"@context\":\"https:\/\/schema.org\",\"@graph\":[{\"@type\":\"NewsArticle\",\"@id\":\"https:\/\/www.gaveanews.com\/index.php\/2025\/04\/13\/video-a-declaracao-de-martinez-apos-a-derrota-do-corinthians-para-o-palmeiras\/#article\",\"isPartOf\":{\"@id\":\"https:\/\/www.gaveanews.com\/index.php\/2025\/04\/13\/video-a-declaracao-de-martinez-apos-a-derrota-do-corinthians-para-o-palmeiras\/\"},\"author\":{\"name\":\"Brenda Cezillo\",\"@id\":\"https:\/\/www.gaveanews.com\/#\/schema\/person\/c79759ca337c40791ae8d08e2923d403\"},\"headline\":\"V\u00eddeo: a declara\u00e7\u00e3o de Mart\u00ednez ap\u00f3s a derrota do Corinthians para o Palmeiras\",\"datePublished\":\"2025-04-13T19:40:00+00:00\",\"mainEntityOfPage\":{\"@id\":\"https:\/\/www.gaveanews.com\/index.php\/2025\/04\/13\/video-a-declaracao-de-martinez-apos-a-derrota-do-corinthians-para-o-palmeiras\/\"},\"wordCount\":410,\"commentCount\":0,\"image\":{\"@id\":\"https:\/\/www.gaveanews.com\/index.php\/2025\/04\/13\/video-a-declaracao-de-martinez-apos-a-derrota-do-corinthians-para-o-palmeiras\/#primaryimage\"},\"thumbnailUrl\":\"https:\/\/www.gaveanews.com\/wp-content\/uploads\/Jose-Andres-Martinez-com-a-camisa-do-Corinthians.webp\",\"articleSection\":[\"Corinthians\"],\"inLanguage\":\"pt-BR\",\"potentialAction\":[{\"@type\":\"CommentAction\",\"name\":\"Comment\",\"target\":[\"https:\/\/www.gaveanews.com\/index.php\/2025\/04\/13\/video-a-declaracao-de-martinez-apos-a-derrota-do-corinthians-para-o-palmeiras\/#respond\"]}],\"copyrightYear\":\"2025\",\"copyrightHolder\":{\"@id\":\"https:\/\/www.gaveanews.com\/#organization\"}},{\"@type\":\"WebPage\",\"@id\":\"https:\/\/www.gaveanews.com\/index.php\/2025\/04\/13\/video-a-declaracao-de-martinez-apos-a-derrota-do-corinthians-para-o-palmeiras\/\",\"url\":\"https:\/\/www.gaveanews.com\/index.php\/2025\/04\/13\/video-a-declaracao-de-martinez-apos-a-derrota-do-corinthians-para-o-palmeiras\/\",\"name\":\"V\u00eddeo: a declara\u00e7\u00e3o de Mart\u00ednez ap\u00f3s a derrota do Corinthians para o Palmeiras\",\"isPartOf\":{\"@id\":\"https:\/\/www.gaveanews.com\/#website\"},\"primaryImageOfPage\":{\"@id\":\"https:\/\/www.gaveanews.com\/index.php\/2025\/04\/13\/video-a-declaracao-de-martinez-apos-a-derrota-do-corinthians-para-o-palmeiras\/#primaryimage\"},\"image\":{\"@id\":\"https:\/\/www.gaveanews.com\/index.php\/2025\/04\/13\/video-a-declaracao-de-martinez-apos-a-derrota-do-corinthians-para-o-palmeiras\/#primaryimage\"},\"thumbnailUrl\":\"https:\/\/www.gaveanews.com\/wp-content\/uploads\/Jose-Andres-Martinez-com-a-camisa-do-Corinthians.webp\",\"datePublished\":\"2025-04-13T19:40:00+00:00\",\"author\":{\"@id\":\"https:\/\/www.gaveanews.com\/#\/schema\/person\/c79759ca337c40791ae8d08e2923d403\"},\"breadcrumb\":{\"@id\":\"https:\/\/www.gaveanews.com\/index.php\/2025\/04\/13\/video-a-declaracao-de-martinez-apos-a-derrota-do-corinthians-para-o-palmeiras\/#breadcrumb\"},\"inLanguage\":\"pt-BR\",\"potentialAction\":[{\"@type\":\"ReadAction\",\"target\":[\"https:\/\/www.gaveanews.com\/index.php\/2025\/04\/13\/video-a-declaracao-de-martinez-apos-a-derrota-do-corinthians-para-o-palmeiras\/\"]}]},{\"@type\":\"ImageObject\",\"inLanguage\":\"pt-BR\",\"@id\":\"https:\/\/www.gaveanews.com\/index.php\/2025\/04\/13\/video-a-declaracao-de-martinez-apos-a-derrota-do-corinthians-para-o-palmeiras\/#primaryimage\",\"url\":\"https:\/\/www.gaveanews.com\/wp-content\/uploads\/Jose-Andres-Martinez-com-a-camisa-do-Corinthians.webp\",\"contentUrl\":\"https:\/\/www.gaveanews.com\/wp-content\/uploads\/Jose-Andres-Martinez-com-a-camisa-do-Corinthians.webp\",\"width\":1414,\"height\":1060,\"caption\":\"Jose Andres Martinez com a camisa do Corinthians (Foto: Reprodu\u00e7\u00e3o\/Instagram)\"},{\"@type\":\"BreadcrumbList\",\"@id\":\"https:\/\/www.gaveanews.com\/index.php\/2025\/04\/13\/video-a-declaracao-de-martinez-apos-a-derrota-do-corinthians-para-o-palmeiras\/#breadcrumb\",\"itemListElement\":[{\"@type\":\"ListItem\",\"position\":1,\"name\":\"Home\",\"item\":\"https:\/\/www.gaveanews.com\/\"},{\"@type\":\"ListItem\",\"position\":2,\"name\":\"V\u00eddeo: a declara\u00e7\u00e3o de Mart\u00ednez ap\u00f3s a derrota do Corinthians para o Palmeiras\"}]},{\"@type\":\"WebSite\",\"@id\":\"https:\/\/www.gaveanews.com\/#website\",\"url\":\"https:\/\/www.gaveanews.com\/\",\"name\":\"G\u00e1vea News\",\"description\":\"Veja todas as not\u00edcias sobre o Flamengo: Contrata\u00e7\u00f5es, categorias de base, resultados das partidas, tabela de classifica\u00e7\u00e3o, pr\u00f3ximos jogos!\",\"potentialAction\":[{\"@type\":\"SearchAction\",\"target\":{\"@type\":\"EntryPoint\",\"urlTemplate\":\"https:\/\/www.gaveanews.com\/?s={search_term_string}\"},\"query-input\":{\"@type\":\"PropertyValueSpecification\",\"valueRequired\":true,\"valueName\":\"search_term_string\"}}],\"inLanguage\":\"pt-BR\"},{\"@type\":\"Person\",\"@id\":\"https:\/\/www.gaveanews.com\/#\/schema\/person\/c79759ca337c40791ae8d08e2923d403\",\"name\":\"Brenda Cezillo\",\"image\":{\"@type\":\"ImageObject\",\"inLanguage\":\"pt-BR\",\"@id\":\"https:\/\/www.gaveanews.com\/#\/schema\/person\/image\/\",\"url\":\"https:\/\/secure.gravatar.com\/avatar\/1738d75cee7317f9c29ae61dd67620c5883d80a92e42a6fff88ae5d527af217a?s=96&d=mm&r=g\",\"contentUrl\":\"https:\/\/secure.gravatar.com\/avatar\/1738d75cee7317f9c29ae61dd67620c5883d80a92e42a6fff88ae5d527af217a?s=96&d=mm&r=g\",\"caption\":\"Brenda Cezillo\"}}]}<\/script>\n<!-- \/ Yoast SEO Premium plugin. -->","yoast_head_json":{"title":"V\u00eddeo: a declara\u00e7\u00e3o de Mart\u00ednez ap\u00f3s a derrota do Corinthians para o Palmeiras","robots":{"index":"index","follow":"follow","max-snippet":"max-snippet:-1","max-image-preview":"max-image-preview:large","max-video-preview":"max-video-preview:-1"},"canonical":"https:\/\/www.gaveanews.com\/index.php\/2025\/04\/13\/video-a-declaracao-de-martinez-apos-a-derrota-do-corinthians-para-o-palmeiras\/","og_locale":"pt_BR","og_type":"article","og_title":"V\u00eddeo: a declara\u00e7\u00e3o de Mart\u00ednez ap\u00f3s a derrota do Corinthians para o Palmeiras","og_description":"Ap\u00f3s o rev\u00e9s diante do Palmeiras, na Arena Barueri, o volante Jos\u00e9 Mart\u00ednez concedeu entrevista e abordou pontos centrais que marcaram o desempenho do Corinthians no cl\u00e1ssico disputado na sexta-feira (11 de abril). Conforme o pr\u00f3prio atleta, a atua\u00e7\u00e3o do meio-campo foi determinante para o resultado negativo, algo que, segundo ele, precisa ser rapidamente corrigido. [&hellip;]","og_url":"https:\/\/www.gaveanews.com\/index.php\/2025\/04\/13\/video-a-declaracao-de-martinez-apos-a-derrota-do-corinthians-para-o-palmeiras\/","og_site_name":"G\u00e1vea News","article_publisher":"https:\/\/facebook.com\/gaveaNews\/","article_published_time":"2025-04-13T19:40:00+00:00","og_image":[{"width":1414,"height":1060,"url":"https:\/\/www.gaveanews.com\/wp-content\/uploads\/Jose-Andres-Martinez-com-a-camisa-do-Corinthians.webp","type":"image\/jpeg"}],"author":"Brenda Cezillo","twitter_card":"summary_large_image","twitter_misc":{"Escrito por":"Brenda Cezillo","Est. tempo de leitura":"3 minutos"},"schema":{"@context":"https:\/\/schema.org","@graph":[{"@type":"NewsArticle","@id":"https:\/\/www.gaveanews.com\/index.php\/2025\/04\/13\/video-a-declaracao-de-martinez-apos-a-derrota-do-corinthians-para-o-palmeiras\/#article","isPartOf":{"@id":"https:\/\/www.gaveanews.com\/index.php\/2025\/04\/13\/video-a-declaracao-de-martinez-apos-a-derrota-do-corinthians-para-o-palmeiras\/"},"author":{"name":"Brenda Cezillo","@id":"https:\/\/www.gaveanews.com\/#\/schema\/person\/c79759ca337c40791ae8d08e2923d403"},"headline":"V\u00eddeo: a declara\u00e7\u00e3o de Mart\u00ednez ap\u00f3s a derrota do Corinthians para o Palmeiras","datePublished":"2025-04-13T19:40:00+00:00","mainEntityOfPage":{"@id":"https:\/\/www.gaveanews.com\/index.php\/2025\/04\/13\/video-a-declaracao-de-martinez-apos-a-derrota-do-corinthians-para-o-palmeiras\/"},"wordCount":410,"commentCount":0,"image":{"@id":"https:\/\/www.gaveanews.com\/index.php\/2025\/04\/13\/video-a-declaracao-de-martinez-apos-a-derrota-do-corinthians-para-o-palmeiras\/#primaryimage"},"thumbnailUrl":"https:\/\/www.gaveanews.com\/wp-content\/uploads\/Jose-Andres-Martinez-com-a-camisa-do-Corinthians.webp","articleSection":["Corinthians"],"inLanguage":"pt-BR","potentialAction":[{"@type":"CommentAction","name":"Comment","target":["https:\/\/www.gaveanews.com\/index.php\/2025\/04\/13\/video-a-declaracao-de-martinez-apos-a-derrota-do-corinthians-para-o-palmeiras\/#respond"]}],"copyrightYear":"2025","copyrightHolder":{"@id":"https:\/\/www.gaveanews.com\/#organization"}},{"@type":"WebPage","@id":"https:\/\/www.gaveanews.com\/index.php\/2025\/04\/13\/video-a-declaracao-de-martinez-apos-a-derrota-do-corinthians-para-o-palmeiras\/","url":"https:\/\/www.gaveanews.com\/index.php\/2025\/04\/13\/video-a-declaracao-de-martinez-apos-a-derrota-do-corinthians-para-o-palmeiras\/","name":"V\u00eddeo: a declara\u00e7\u00e3o de Mart\u00ednez ap\u00f3s a derrota do Corinthians para o Palmeiras","isPartOf":{"@id":"https:\/\/www.gaveanews.com\/#website"},"primaryImageOfPage":{"@id":"https:\/\/www.gaveanews.com\/index.php\/2025\/04\/13\/video-a-declaracao-de-martinez-apos-a-derrota-do-corinthians-para-o-palmeiras\/#primaryimage"},"image":{"@id":"https:\/\/www.gaveanews.com\/index.php\/2025\/04\/13\/video-a-declaracao-de-martinez-apos-a-derrota-do-corinthians-para-o-palmeiras\/#primaryimage"},"thumbnailUrl":"https:\/\/www.gaveanews.com\/wp-content\/uploads\/Jose-Andres-Martinez-com-a-camisa-do-Corinthians.webp","datePublished":"2025-04-13T19:40:00+00:00","author":{"@id":"https:\/\/www.gaveanews.com\/#\/schema\/person\/c79759ca337c40791ae8d08e2923d403"},"breadcrumb":{"@id":"https:\/\/www.gaveanews.com\/index.php\/2025\/04\/13\/video-a-declaracao-de-martinez-apos-a-derrota-do-corinthians-para-o-palmeiras\/#breadcrumb"},"inLanguage":"pt-BR","potentialAction":[{"@type":"ReadAction","target":["https:\/\/www.gaveanews.com\/index.php\/2025\/04\/13\/video-a-declaracao-de-martinez-apos-a-derrota-do-corinthians-para-o-palmeiras\/"]}]},{"@type":"ImageObject","inLanguage":"pt-BR","@id":"https:\/\/www.gaveanews.com\/index.php\/2025\/04\/13\/video-a-declaracao-de-martinez-apos-a-derrota-do-corinthians-para-o-palmeiras\/#primaryimage","url":"https:\/\/www.gaveanews.com\/wp-content\/uploads\/Jose-Andres-Martinez-com-a-camisa-do-Corinthians.webp","contentUrl":"https:\/\/www.gaveanews.com\/wp-content\/uploads\/Jose-Andres-Martinez-com-a-camisa-do-Corinthians.webp","width":1414,"height":1060,"caption":"Jose Andres Martinez com a camisa do Corinthians (Foto: Reprodu\u00e7\u00e3o\/Instagram)"},{"@type":"BreadcrumbList","@id":"https:\/\/www.gaveanews.com\/index.php\/2025\/04\/13\/video-a-declaracao-de-martinez-apos-a-derrota-do-corinthians-para-o-palmeiras\/#breadcrumb","itemListElement":[{"@type":"ListItem","position":1,"name":"Home","item":"https:\/\/www.gaveanews.com\/"},{"@type":"ListItem","position":2,"name":"V\u00eddeo: a declara\u00e7\u00e3o de Mart\u00ednez ap\u00f3s a derrota do Corinthians para o Palmeiras"}]},{"@type":"WebSite","@id":"https:\/\/www.gaveanews.com\/#website","url":"https:\/\/www.gaveanews.com\/","name":"G\u00e1vea News","description":"Veja todas as not\u00edcias sobre o Flamengo: Contrata\u00e7\u00f5es, categorias de base, resultados das partidas, tabela de classifica\u00e7\u00e3o, pr\u00f3ximos jogos!","potentialAction":[{"@type":"SearchAction","target":{"@type":"EntryPoint","urlTemplate":"https:\/\/www.gaveanews.com\/?s={search_term_string}"},"query-input":{"@type":"PropertyValueSpecification","valueRequired":true,"valueName":"search_term_string"}}],"inLanguage":"pt-BR"},{"@type":"Person","@id":"https:\/\/www.gaveanews.com\/#\/schema\/person\/c79759ca337c40791ae8d08e2923d403","name":"Brenda Cezillo","image":{"@type":"ImageObject","inLanguage":"pt-BR","@id":"https:\/\/www.gaveanews.com\/#\/schema\/person\/image\/","url":"https:\/\/secure.gravatar.com\/avatar\/1738d75cee7317f9c29ae61dd67620c5883d80a92e42a6fff88ae5d527af217a?s=96&d=mm&r=g","contentUrl":"https:\/\/secure.gravatar.com\/avatar\/1738d75cee7317f9c29ae61dd67620c5883d80a92e42a6fff88ae5d527af217a?s=96&d=mm&r=g","caption":"Brenda Cezillo"}}]}},"_links":{"self":[{"href":"https:\/\/www.gaveanews.com\/index.php\/wp-json\/wp\/v2\/posts\/252916","targetHints":{"allow":["GET"]}}],"collection":[{"href":"https:\/\/www.gaveanews.com\/index.php\/wp-json\/wp\/v2\/posts"}],"about":[{"href":"https:\/\/www.gaveanews.com\/index.php\/wp-json\/wp\/v2\/types\/post"}],"author":[{"embeddable":true,"href":"https:\/\/www.gaveanews.com\/index.php\/wp-json\/wp\/v2\/users\/33"}],"replies":[{"embeddable":true,"href":"https:\/\/www.gaveanews.com\/index.php\/wp-json\/wp\/v2\/comments?post=252916"}],"version-history":[{"count":1,"href":"https:\/\/www.gaveanews.com\/index.php\/wp-json\/wp\/v2\/posts\/252916\/revisions"}],"predecessor-version":[{"id":252921,"href":"https:\/\/www.gaveanews.com\/index.php\/wp-json\/wp\/v2\/posts\/252916\/revisions\/252921"}],"wp:featuredmedia":[{"embeddable":true,"href":"https:\/\/www.gaveanews.com\/index.php\/wp-json\/wp\/v2\/media\/225578"}],"wp:attachment":[{"href":"https:\/\/www.gaveanews.com\/index.php\/wp-json\/wp\/v2\/media?parent=252916"}],"wp:term":[{"taxonomy":"category","embeddable":true,"href":"https:\/\/www.gaveanews.com\/index.php\/wp-json\/wp\/v2\/categories?post=252916"},{"taxonomy":"post_tag","embeddable":true,"href":"https:\/\/www.gaveanews.com\/index.php\/wp-json\/wp\/v2\/tags?post=252916"}],"curies":[{"name":"wp","href":"https:\/\/api.w.org\/{rel}","templated":true}]}}