{"id":253049,"date":"2025-04-13T23:09:17","date_gmt":"2025-04-14T02:09:17","guid":{"rendered":"https:\/\/www.gaveanews.com\/?p=253049"},"modified":"2025-04-13T23:09:19","modified_gmt":"2025-04-14T02:09:19","slug":"a-declaracao-de-junior-apos-ser-ultrapassado-por-arrascaeta-no-flamengo","status":"publish","type":"post","link":"https:\/\/www.gaveanews.com\/index.php\/2025\/04\/13\/a-declaracao-de-junior-apos-ser-ultrapassado-por-arrascaeta-no-flamengo\/","title":{"rendered":"A declara\u00e7\u00e3o de J\u00fanior ap\u00f3s ser ultrapassado por Arrascaeta no Flamengo"},"content":{"rendered":"\n<p>Com uma performance decisiva neste domingo, Arrascaeta comandou a vit\u00f3ria do Flamengo por 2 a 0 sobre o Gr\u00eamio. O meia uruguaio marcou os dois gols do confronto, garantindo assim n\u00e3o apenas o resultado positivo para sua equipe, mas tamb\u00e9m um avan\u00e7o pessoal em um ranking hist\u00f3rico do clube.<\/p>\n\n\n\n<p>Sua atua\u00e7\u00e3o rendeu-lhe, al\u00e9m dos gols, o reconhecimento como o melhor jogador em campo na partida. Esse desempenho impulsionou Arrascaeta na lista de artilheiros hist\u00f3ricos do Flamengo, pois ele alcan\u00e7ou uma nova marca expressiva.<\/p>\n\n\n\n<p>Com os tentos anotados contra o time ga\u00facho, o camisa 14 chegou a 78 gols vestindo a camisa rubro-negra. Dessa maneira, ele ultrapassou uma verdadeira lenda do clube, o ex-jogador e atual comentarista J\u00fanior, que acumulou 77 gols em sua trajet\u00f3ria.<\/p>\n\n\n\n<h2 class=\"wp-block-heading\" id=\"h-arrascaeta-supera-marca-historica\">Arrascaeta supera marca hist\u00f3rica<\/h2>\n\n\n\n<p>Ap\u00f3s o apito final, ainda no gramado, Arrascaeta celebrou o feito durante entrevista. O jogador destacou primeiramente o esfor\u00e7o coletivo e a import\u00e2ncia de somar pontos fora de casa, especialmente considerando a dificuldade da partida.<\/p>\n\n\n\n<p>&#8220;Fico feliz por ajudar o time&#8221;, declarou o uruguaio, ressaltando em seguida o valor da vit\u00f3ria: &#8220;\u00c9 sempre dif\u00edcil conseguir tr\u00eas pontos fora de casa, pois temos que pensar em cada jogo como uma final. Hoje fizemos um grande jogo e vamos voltar felizes para casa&#8221;.<\/p>\n\n\n\n<p>Sobre superar J\u00fanior na artilharia, Arrascaeta demonstrou respeito e felicidade. Ele reconheceu o peso do nome de J\u00fanior na hist\u00f3ria flamenguista, ao mesmo tempo que valorizou sua pr\u00f3pria contribui\u00e7\u00e3o. &#8220;(A marca) fala por si s\u00f3. (Esses n\u00fameros) mostram o tamanho da import\u00e2ncia que ele (J\u00fanior) tem no clube. Eu pessoalmente fico muito feliz por continuar ajudando meus companheiros e entrar na hist\u00f3ria desse grande clube&#8221;, completou o meia.<\/p>\n\n\n\n<figure class=\"wp-block-image size-large\"><img loading=\"lazy\" decoding=\"async\" width=\"1024\" height=\"775\" src=\"http:\/\/www.gaveanews.com\/wp-content\/uploads\/Arrascaeta-durante-jogo-contra-o-Palmeiras-pelo-Campeonato-Brasileiro-no-Maracana--1024x775.webp\" alt=\"\" class=\"wp-image-157914\" srcset=\"https:\/\/www.gaveanews.com\/wp-content\/uploads\/Arrascaeta-durante-jogo-contra-o-Palmeiras-pelo-Campeonato-Brasileiro-no-Maracana--1024x775.webp 1024w, https:\/\/www.gaveanews.com\/wp-content\/uploads\/Arrascaeta-durante-jogo-contra-o-Palmeiras-pelo-Campeonato-Brasileiro-no-Maracana--300x227.webp 300w, https:\/\/www.gaveanews.com\/wp-content\/uploads\/Arrascaeta-durante-jogo-contra-o-Palmeiras-pelo-Campeonato-Brasileiro-no-Maracana--768x581.webp 768w, https:\/\/www.gaveanews.com\/wp-content\/uploads\/Arrascaeta-durante-jogo-contra-o-Palmeiras-pelo-Campeonato-Brasileiro-no-Maracana--555x420.webp 555w, https:\/\/www.gaveanews.com\/wp-content\/uploads\/Arrascaeta-durante-jogo-contra-o-Palmeiras-pelo-Campeonato-Brasileiro-no-Maracana--1111x840.webp 1111w, https:\/\/www.gaveanews.com\/wp-content\/uploads\/Arrascaeta-durante-jogo-contra-o-Palmeiras-pelo-Campeonato-Brasileiro-no-Maracana--80x60.webp 80w, https:\/\/www.gaveanews.com\/wp-content\/uploads\/Arrascaeta-durante-jogo-contra-o-Palmeiras-pelo-Campeonato-Brasileiro-no-Maracana--160x120.webp 160w, https:\/\/www.gaveanews.com\/wp-content\/uploads\/Arrascaeta-durante-jogo-contra-o-Palmeiras-pelo-Campeonato-Brasileiro-no-Maracana--100x76.webp 100w, https:\/\/www.gaveanews.com\/wp-content\/uploads\/Arrascaeta-durante-jogo-contra-o-Palmeiras-pelo-Campeonato-Brasileiro-no-Maracana--200x150.webp 200w, https:\/\/www.gaveanews.com\/wp-content\/uploads\/Arrascaeta-durante-jogo-contra-o-Palmeiras-pelo-Campeonato-Brasileiro-no-Maracana--180x135.webp 180w, https:\/\/www.gaveanews.com\/wp-content\/uploads\/Arrascaeta-durante-jogo-contra-o-Palmeiras-pelo-Campeonato-Brasileiro-no-Maracana--640x484.webp 640w, https:\/\/www.gaveanews.com\/wp-content\/uploads\/Arrascaeta-durante-jogo-contra-o-Palmeiras-pelo-Campeonato-Brasileiro-no-Maracana--681x515.webp 681w, https:\/\/www.gaveanews.com\/wp-content\/uploads\/Arrascaeta-durante-jogo-contra-o-Palmeiras-pelo-Campeonato-Brasileiro-no-Maracana-.webp 1170w\" sizes=\"auto, (max-width: 1024px) 100vw, 1024px\" \/><figcaption class=\"wp-element-caption\">Arrascaeta durante jogo entre Flamengo e Palmeiras, pelo Brasileir\u00e3o, no Maracan\u00e3 (Foto: Divulga\u00e7\u00e3o\/Flamengo)<\/figcaption><\/figure>\n\n\n\n<h2 class=\"wp-block-heading\" id=\"h-repercussao-por-junior\">Repercuss\u00e3o por J\u00fanior<\/h2>\n\n\n\n<p>O feito de Arrascaeta repercutiu inclusive durante a transmiss\u00e3o televisiva da partida. O narrador Lu\u00eds Roberto, ciente da marca, interagiu com J\u00fanior, que comentava o jogo. &#8220;O cara te ultrapassou, Maestro&#8221;, brincou o narrador, provocando uma rea\u00e7\u00e3o imediata do \u00eddolo.<\/p>\n\n\n\n<p>J\u00fanior, por sua vez, respondeu com aprova\u00e7\u00e3o e reconhecimento ao talento do uruguaio. &#8220;Maravilha, Lu\u00eds. Parab\u00e9ns. Ainda mais sendo ele, uma honra ser ultrapassado por ele. Fez uma partida excepcional&#8221;, afirmou o Maestro, elogiando a performance do jogador que agora o sucede na lista.<\/p>\n\n\n\n<p>Al\u00e9m do marco hist\u00f3rico dentro do clube, Arrascaeta tamb\u00e9m atingiu o topo da artilharia do Campeonato Brasileiro. Com os dois gols marcados na partida, ele soma agora tr\u00eas gols na competi\u00e7\u00e3o, dividindo assim a lideran\u00e7a do ranking de goleadores com Pablo Vegetti, atacante do Vasco.<\/p>\n","protected":false},"excerpt":{"rendered":"<p>Com uma performance decisiva neste domingo, Arrascaeta comandou a vit\u00f3ria do Flamengo por 2 a 0 sobre o Gr\u00eamio. O meia uruguaio marcou os dois gols do confronto, garantindo assim n\u00e3o apenas o resultado positivo para sua equipe, mas tamb\u00e9m um avan\u00e7o pessoal em um ranking hist\u00f3rico do clube. Sua atua\u00e7\u00e3o rendeu-lhe, al\u00e9m dos gols, [&hellip;]<\/p>\n","protected":false},"author":28,"featured_media":112652,"comment_status":"open","ping_status":"closed","sticky":false,"template":"","format":"standard","meta":{"footnotes":""},"categories":[1],"tags":[],"class_list":["post-253049","post","type-post","status-publish","format-standard","has-post-thumbnail","hentry","category-flamengo"],"yoast_head":"<!-- This site is optimized with the Yoast SEO Premium plugin v24.2 (Yoast SEO v26.9) - https:\/\/yoast.com\/product\/yoast-seo-premium-wordpress\/ -->\n<title>A declara\u00e7\u00e3o de J\u00fanior ap\u00f3s ser ultrapassado por Arrascaeta no Flamengo<\/title>\n<meta name=\"robots\" content=\"index, follow, max-snippet:-1, max-image-preview:large, max-video-preview:-1\" \/>\n<link rel=\"canonical\" href=\"https:\/\/www.gaveanews.com\/index.php\/2025\/04\/13\/a-declaracao-de-junior-apos-ser-ultrapassado-por-arrascaeta-no-flamengo\/\" \/>\n<meta property=\"og:locale\" content=\"pt_BR\" \/>\n<meta property=\"og:type\" content=\"article\" \/>\n<meta property=\"og:title\" content=\"A declara\u00e7\u00e3o de J\u00fanior ap\u00f3s ser ultrapassado por Arrascaeta no Flamengo\" \/>\n<meta property=\"og:description\" content=\"Com uma performance decisiva neste domingo, Arrascaeta comandou a vit\u00f3ria do Flamengo por 2 a 0 sobre o Gr\u00eamio. O meia uruguaio marcou os dois gols do confronto, garantindo assim n\u00e3o apenas o resultado positivo para sua equipe, mas tamb\u00e9m um avan\u00e7o pessoal em um ranking hist\u00f3rico do clube. Sua atua\u00e7\u00e3o rendeu-lhe, al\u00e9m dos gols, [&hellip;]\" \/>\n<meta property=\"og:url\" content=\"https:\/\/www.gaveanews.com\/index.php\/2025\/04\/13\/a-declaracao-de-junior-apos-ser-ultrapassado-por-arrascaeta-no-flamengo\/\" \/>\n<meta property=\"og:site_name\" content=\"G\u00e1vea News\" \/>\n<meta property=\"article:publisher\" content=\"https:\/\/facebook.com\/gaveaNews\/\" \/>\n<meta property=\"article:published_time\" content=\"2025-04-14T02:09:17+00:00\" \/>\n<meta property=\"article:modified_time\" content=\"2025-04-14T02:09:19+00:00\" \/>\n<meta property=\"og:image\" content=\"http:\/\/www.gaveanews.com\/wp-content\/uploads\/maestro-junior.webp\" \/>\n\t<meta property=\"og:image:width\" content=\"640\" \/>\n\t<meta property=\"og:image:height\" content=\"400\" \/>\n\t<meta property=\"og:image:type\" content=\"image\/jpeg\" \/>\n<meta name=\"author\" content=\"Hudson Pereira\" \/>\n<meta name=\"twitter:card\" content=\"summary_large_image\" \/>\n<meta name=\"twitter:label1\" content=\"Escrito por\" \/>\n\t<meta name=\"twitter:data1\" content=\"Hudson Pereira\" \/>\n\t<meta name=\"twitter:label2\" content=\"Est. tempo de leitura\" \/>\n\t<meta name=\"twitter:data2\" content=\"3 minutos\" \/>\n<script type=\"application\/ld+json\" class=\"yoast-schema-graph\">{\"@context\":\"https:\/\/schema.org\",\"@graph\":[{\"@type\":\"NewsArticle\",\"@id\":\"https:\/\/www.gaveanews.com\/index.php\/2025\/04\/13\/a-declaracao-de-junior-apos-ser-ultrapassado-por-arrascaeta-no-flamengo\/#article\",\"isPartOf\":{\"@id\":\"https:\/\/www.gaveanews.com\/index.php\/2025\/04\/13\/a-declaracao-de-junior-apos-ser-ultrapassado-por-arrascaeta-no-flamengo\/\"},\"author\":{\"name\":\"Hudson Pereira\",\"@id\":\"https:\/\/www.gaveanews.com\/#\/schema\/person\/bd08f00534b403119b92741a6d469ef0\"},\"headline\":\"A declara\u00e7\u00e3o de J\u00fanior ap\u00f3s ser ultrapassado por Arrascaeta no Flamengo\",\"datePublished\":\"2025-04-14T02:09:17+00:00\",\"dateModified\":\"2025-04-14T02:09:19+00:00\",\"mainEntityOfPage\":{\"@id\":\"https:\/\/www.gaveanews.com\/index.php\/2025\/04\/13\/a-declaracao-de-junior-apos-ser-ultrapassado-por-arrascaeta-no-flamengo\/\"},\"wordCount\":478,\"commentCount\":0,\"image\":{\"@id\":\"https:\/\/www.gaveanews.com\/index.php\/2025\/04\/13\/a-declaracao-de-junior-apos-ser-ultrapassado-por-arrascaeta-no-flamengo\/#primaryimage\"},\"thumbnailUrl\":\"https:\/\/www.gaveanews.com\/wp-content\/uploads\/maestro-junior.webp\",\"articleSection\":[\"Flamengo\"],\"inLanguage\":\"pt-BR\",\"potentialAction\":[{\"@type\":\"CommentAction\",\"name\":\"Comment\",\"target\":[\"https:\/\/www.gaveanews.com\/index.php\/2025\/04\/13\/a-declaracao-de-junior-apos-ser-ultrapassado-por-arrascaeta-no-flamengo\/#respond\"]}],\"copyrightYear\":\"2025\",\"copyrightHolder\":{\"@id\":\"https:\/\/www.gaveanews.com\/#organization\"}},{\"@type\":\"WebPage\",\"@id\":\"https:\/\/www.gaveanews.com\/index.php\/2025\/04\/13\/a-declaracao-de-junior-apos-ser-ultrapassado-por-arrascaeta-no-flamengo\/\",\"url\":\"https:\/\/www.gaveanews.com\/index.php\/2025\/04\/13\/a-declaracao-de-junior-apos-ser-ultrapassado-por-arrascaeta-no-flamengo\/\",\"name\":\"A declara\u00e7\u00e3o de J\u00fanior ap\u00f3s ser ultrapassado por Arrascaeta no Flamengo\",\"isPartOf\":{\"@id\":\"https:\/\/www.gaveanews.com\/#website\"},\"primaryImageOfPage\":{\"@id\":\"https:\/\/www.gaveanews.com\/index.php\/2025\/04\/13\/a-declaracao-de-junior-apos-ser-ultrapassado-por-arrascaeta-no-flamengo\/#primaryimage\"},\"image\":{\"@id\":\"https:\/\/www.gaveanews.com\/index.php\/2025\/04\/13\/a-declaracao-de-junior-apos-ser-ultrapassado-por-arrascaeta-no-flamengo\/#primaryimage\"},\"thumbnailUrl\":\"https:\/\/www.gaveanews.com\/wp-content\/uploads\/maestro-junior.webp\",\"datePublished\":\"2025-04-14T02:09:17+00:00\",\"dateModified\":\"2025-04-14T02:09:19+00:00\",\"author\":{\"@id\":\"https:\/\/www.gaveanews.com\/#\/schema\/person\/bd08f00534b403119b92741a6d469ef0\"},\"breadcrumb\":{\"@id\":\"https:\/\/www.gaveanews.com\/index.php\/2025\/04\/13\/a-declaracao-de-junior-apos-ser-ultrapassado-por-arrascaeta-no-flamengo\/#breadcrumb\"},\"inLanguage\":\"pt-BR\",\"potentialAction\":[{\"@type\":\"ReadAction\",\"target\":[\"https:\/\/www.gaveanews.com\/index.php\/2025\/04\/13\/a-declaracao-de-junior-apos-ser-ultrapassado-por-arrascaeta-no-flamengo\/\"]}]},{\"@type\":\"ImageObject\",\"inLanguage\":\"pt-BR\",\"@id\":\"https:\/\/www.gaveanews.com\/index.php\/2025\/04\/13\/a-declaracao-de-junior-apos-ser-ultrapassado-por-arrascaeta-no-flamengo\/#primaryimage\",\"url\":\"https:\/\/www.gaveanews.com\/wp-content\/uploads\/maestro-junior.webp\",\"contentUrl\":\"https:\/\/www.gaveanews.com\/wp-content\/uploads\/maestro-junior.webp\",\"width\":640,\"height\":400,\"caption\":\"Maestro Junior durante programa Sportv - Foto: Reprodu\u00e7\u00e3o\"},{\"@type\":\"BreadcrumbList\",\"@id\":\"https:\/\/www.gaveanews.com\/index.php\/2025\/04\/13\/a-declaracao-de-junior-apos-ser-ultrapassado-por-arrascaeta-no-flamengo\/#breadcrumb\",\"itemListElement\":[{\"@type\":\"ListItem\",\"position\":1,\"name\":\"Home\",\"item\":\"https:\/\/www.gaveanews.com\/\"},{\"@type\":\"ListItem\",\"position\":2,\"name\":\"A declara\u00e7\u00e3o de J\u00fanior ap\u00f3s ser ultrapassado por Arrascaeta no Flamengo\"}]},{\"@type\":\"WebSite\",\"@id\":\"https:\/\/www.gaveanews.com\/#website\",\"url\":\"https:\/\/www.gaveanews.com\/\",\"name\":\"G\u00e1vea News\",\"description\":\"Veja todas as not\u00edcias sobre o Flamengo: Contrata\u00e7\u00f5es, categorias de base, resultados das partidas, tabela de classifica\u00e7\u00e3o, pr\u00f3ximos jogos!\",\"potentialAction\":[{\"@type\":\"SearchAction\",\"target\":{\"@type\":\"EntryPoint\",\"urlTemplate\":\"https:\/\/www.gaveanews.com\/?s={search_term_string}\"},\"query-input\":{\"@type\":\"PropertyValueSpecification\",\"valueRequired\":true,\"valueName\":\"search_term_string\"}}],\"inLanguage\":\"pt-BR\"},{\"@type\":\"Person\",\"@id\":\"https:\/\/www.gaveanews.com\/#\/schema\/person\/bd08f00534b403119b92741a6d469ef0\",\"name\":\"Hudson Pereira\",\"image\":{\"@type\":\"ImageObject\",\"inLanguage\":\"pt-BR\",\"@id\":\"https:\/\/www.gaveanews.com\/#\/schema\/person\/image\/\",\"url\":\"https:\/\/secure.gravatar.com\/avatar\/ecc491b489e454e510efffc9b23c1052ce5fb4f2e05555768ba65819cd55f03e?s=96&d=mm&r=g\",\"contentUrl\":\"https:\/\/secure.gravatar.com\/avatar\/ecc491b489e454e510efffc9b23c1052ce5fb4f2e05555768ba65819cd55f03e?s=96&d=mm&r=g\",\"caption\":\"Hudson Pereira\"}}]}<\/script>\n<!-- \/ Yoast SEO Premium plugin. -->","yoast_head_json":{"title":"A declara\u00e7\u00e3o de J\u00fanior ap\u00f3s ser ultrapassado por Arrascaeta no Flamengo","robots":{"index":"index","follow":"follow","max-snippet":"max-snippet:-1","max-image-preview":"max-image-preview:large","max-video-preview":"max-video-preview:-1"},"canonical":"https:\/\/www.gaveanews.com\/index.php\/2025\/04\/13\/a-declaracao-de-junior-apos-ser-ultrapassado-por-arrascaeta-no-flamengo\/","og_locale":"pt_BR","og_type":"article","og_title":"A declara\u00e7\u00e3o de J\u00fanior ap\u00f3s ser ultrapassado por Arrascaeta no Flamengo","og_description":"Com uma performance decisiva neste domingo, Arrascaeta comandou a vit\u00f3ria do Flamengo por 2 a 0 sobre o Gr\u00eamio. O meia uruguaio marcou os dois gols do confronto, garantindo assim n\u00e3o apenas o resultado positivo para sua equipe, mas tamb\u00e9m um avan\u00e7o pessoal em um ranking hist\u00f3rico do clube. Sua atua\u00e7\u00e3o rendeu-lhe, al\u00e9m dos gols, [&hellip;]","og_url":"https:\/\/www.gaveanews.com\/index.php\/2025\/04\/13\/a-declaracao-de-junior-apos-ser-ultrapassado-por-arrascaeta-no-flamengo\/","og_site_name":"G\u00e1vea News","article_publisher":"https:\/\/facebook.com\/gaveaNews\/","article_published_time":"2025-04-14T02:09:17+00:00","article_modified_time":"2025-04-14T02:09:19+00:00","og_image":[{"width":640,"height":400,"url":"http:\/\/www.gaveanews.com\/wp-content\/uploads\/maestro-junior.webp","type":"image\/jpeg"}],"author":"Hudson Pereira","twitter_card":"summary_large_image","twitter_misc":{"Escrito por":"Hudson Pereira","Est. tempo de leitura":"3 minutos"},"schema":{"@context":"https:\/\/schema.org","@graph":[{"@type":"NewsArticle","@id":"https:\/\/www.gaveanews.com\/index.php\/2025\/04\/13\/a-declaracao-de-junior-apos-ser-ultrapassado-por-arrascaeta-no-flamengo\/#article","isPartOf":{"@id":"https:\/\/www.gaveanews.com\/index.php\/2025\/04\/13\/a-declaracao-de-junior-apos-ser-ultrapassado-por-arrascaeta-no-flamengo\/"},"author":{"name":"Hudson Pereira","@id":"https:\/\/www.gaveanews.com\/#\/schema\/person\/bd08f00534b403119b92741a6d469ef0"},"headline":"A declara\u00e7\u00e3o de J\u00fanior ap\u00f3s ser ultrapassado por Arrascaeta no Flamengo","datePublished":"2025-04-14T02:09:17+00:00","dateModified":"2025-04-14T02:09:19+00:00","mainEntityOfPage":{"@id":"https:\/\/www.gaveanews.com\/index.php\/2025\/04\/13\/a-declaracao-de-junior-apos-ser-ultrapassado-por-arrascaeta-no-flamengo\/"},"wordCount":478,"commentCount":0,"image":{"@id":"https:\/\/www.gaveanews.com\/index.php\/2025\/04\/13\/a-declaracao-de-junior-apos-ser-ultrapassado-por-arrascaeta-no-flamengo\/#primaryimage"},"thumbnailUrl":"https:\/\/www.gaveanews.com\/wp-content\/uploads\/maestro-junior.webp","articleSection":["Flamengo"],"inLanguage":"pt-BR","potentialAction":[{"@type":"CommentAction","name":"Comment","target":["https:\/\/www.gaveanews.com\/index.php\/2025\/04\/13\/a-declaracao-de-junior-apos-ser-ultrapassado-por-arrascaeta-no-flamengo\/#respond"]}],"copyrightYear":"2025","copyrightHolder":{"@id":"https:\/\/www.gaveanews.com\/#organization"}},{"@type":"WebPage","@id":"https:\/\/www.gaveanews.com\/index.php\/2025\/04\/13\/a-declaracao-de-junior-apos-ser-ultrapassado-por-arrascaeta-no-flamengo\/","url":"https:\/\/www.gaveanews.com\/index.php\/2025\/04\/13\/a-declaracao-de-junior-apos-ser-ultrapassado-por-arrascaeta-no-flamengo\/","name":"A declara\u00e7\u00e3o de J\u00fanior ap\u00f3s ser ultrapassado por Arrascaeta no Flamengo","isPartOf":{"@id":"https:\/\/www.gaveanews.com\/#website"},"primaryImageOfPage":{"@id":"https:\/\/www.gaveanews.com\/index.php\/2025\/04\/13\/a-declaracao-de-junior-apos-ser-ultrapassado-por-arrascaeta-no-flamengo\/#primaryimage"},"image":{"@id":"https:\/\/www.gaveanews.com\/index.php\/2025\/04\/13\/a-declaracao-de-junior-apos-ser-ultrapassado-por-arrascaeta-no-flamengo\/#primaryimage"},"thumbnailUrl":"https:\/\/www.gaveanews.com\/wp-content\/uploads\/maestro-junior.webp","datePublished":"2025-04-14T02:09:17+00:00","dateModified":"2025-04-14T02:09:19+00:00","author":{"@id":"https:\/\/www.gaveanews.com\/#\/schema\/person\/bd08f00534b403119b92741a6d469ef0"},"breadcrumb":{"@id":"https:\/\/www.gaveanews.com\/index.php\/2025\/04\/13\/a-declaracao-de-junior-apos-ser-ultrapassado-por-arrascaeta-no-flamengo\/#breadcrumb"},"inLanguage":"pt-BR","potentialAction":[{"@type":"ReadAction","target":["https:\/\/www.gaveanews.com\/index.php\/2025\/04\/13\/a-declaracao-de-junior-apos-ser-ultrapassado-por-arrascaeta-no-flamengo\/"]}]},{"@type":"ImageObject","inLanguage":"pt-BR","@id":"https:\/\/www.gaveanews.com\/index.php\/2025\/04\/13\/a-declaracao-de-junior-apos-ser-ultrapassado-por-arrascaeta-no-flamengo\/#primaryimage","url":"https:\/\/www.gaveanews.com\/wp-content\/uploads\/maestro-junior.webp","contentUrl":"https:\/\/www.gaveanews.com\/wp-content\/uploads\/maestro-junior.webp","width":640,"height":400,"caption":"Maestro Junior durante programa Sportv - Foto: Reprodu\u00e7\u00e3o"},{"@type":"BreadcrumbList","@id":"https:\/\/www.gaveanews.com\/index.php\/2025\/04\/13\/a-declaracao-de-junior-apos-ser-ultrapassado-por-arrascaeta-no-flamengo\/#breadcrumb","itemListElement":[{"@type":"ListItem","position":1,"name":"Home","item":"https:\/\/www.gaveanews.com\/"},{"@type":"ListItem","position":2,"name":"A declara\u00e7\u00e3o de J\u00fanior ap\u00f3s ser ultrapassado por Arrascaeta no Flamengo"}]},{"@type":"WebSite","@id":"https:\/\/www.gaveanews.com\/#website","url":"https:\/\/www.gaveanews.com\/","name":"G\u00e1vea News","description":"Veja todas as not\u00edcias sobre o Flamengo: Contrata\u00e7\u00f5es, categorias de base, resultados das partidas, tabela de classifica\u00e7\u00e3o, pr\u00f3ximos jogos!","potentialAction":[{"@type":"SearchAction","target":{"@type":"EntryPoint","urlTemplate":"https:\/\/www.gaveanews.com\/?s={search_term_string}"},"query-input":{"@type":"PropertyValueSpecification","valueRequired":true,"valueName":"search_term_string"}}],"inLanguage":"pt-BR"},{"@type":"Person","@id":"https:\/\/www.gaveanews.com\/#\/schema\/person\/bd08f00534b403119b92741a6d469ef0","name":"Hudson Pereira","image":{"@type":"ImageObject","inLanguage":"pt-BR","@id":"https:\/\/www.gaveanews.com\/#\/schema\/person\/image\/","url":"https:\/\/secure.gravatar.com\/avatar\/ecc491b489e454e510efffc9b23c1052ce5fb4f2e05555768ba65819cd55f03e?s=96&d=mm&r=g","contentUrl":"https:\/\/secure.gravatar.com\/avatar\/ecc491b489e454e510efffc9b23c1052ce5fb4f2e05555768ba65819cd55f03e?s=96&d=mm&r=g","caption":"Hudson Pereira"}}]}},"_links":{"self":[{"href":"https:\/\/www.gaveanews.com\/index.php\/wp-json\/wp\/v2\/posts\/253049","targetHints":{"allow":["GET"]}}],"collection":[{"href":"https:\/\/www.gaveanews.com\/index.php\/wp-json\/wp\/v2\/posts"}],"about":[{"href":"https:\/\/www.gaveanews.com\/index.php\/wp-json\/wp\/v2\/types\/post"}],"author":[{"embeddable":true,"href":"https:\/\/www.gaveanews.com\/index.php\/wp-json\/wp\/v2\/users\/28"}],"replies":[{"embeddable":true,"href":"https:\/\/www.gaveanews.com\/index.php\/wp-json\/wp\/v2\/comments?post=253049"}],"version-history":[{"count":2,"href":"https:\/\/www.gaveanews.com\/index.php\/wp-json\/wp\/v2\/posts\/253049\/revisions"}],"predecessor-version":[{"id":253054,"href":"https:\/\/www.gaveanews.com\/index.php\/wp-json\/wp\/v2\/posts\/253049\/revisions\/253054"}],"wp:featuredmedia":[{"embeddable":true,"href":"https:\/\/www.gaveanews.com\/index.php\/wp-json\/wp\/v2\/media\/112652"}],"wp:attachment":[{"href":"https:\/\/www.gaveanews.com\/index.php\/wp-json\/wp\/v2\/media?parent=253049"}],"wp:term":[{"taxonomy":"category","embeddable":true,"href":"https:\/\/www.gaveanews.com\/index.php\/wp-json\/wp\/v2\/categories?post=253049"},{"taxonomy":"post_tag","embeddable":true,"href":"https:\/\/www.gaveanews.com\/index.php\/wp-json\/wp\/v2\/tags?post=253049"}],"curies":[{"name":"wp","href":"https:\/\/api.w.org\/{rel}","templated":true}]}}