{"id":253129,"date":"2025-04-14T02:40:00","date_gmt":"2025-04-14T05:40:00","guid":{"rendered":"https:\/\/www.gaveanews.com\/?p=253129"},"modified":"2025-04-14T01:44:45","modified_gmt":"2025-04-14T04:44:45","slug":"ele-vai-substituir-jonathan-calleri-no-sao-paulo","status":"publish","type":"post","link":"https:\/\/www.gaveanews.com\/index.php\/2025\/04\/14\/ele-vai-substituir-jonathan-calleri-no-sao-paulo\/","title":{"rendered":"Ele vai substituir Jonathan Calleri no S\u00e3o Paulo"},"content":{"rendered":"\n<p>A expuls\u00e3o de Calleri diante do Atl\u00e9tico-MG trouxe repercuss\u00f5es importantes no elenco do S\u00e3o Paulo, sobretudo no setor ofensivo. O cart\u00e3o vermelho recebido pelo camisa 9 argentino, que entrou no segundo tempo e foi expulso apenas 11 minutos depois, abriu caminho para que Andr\u00e9 Silva ganhasse uma rara sequ\u00eancia como titular.<\/p>\n\n\n\n<p>O empate em 1 a 1 com o Cruzeiro, nesse domingo (13), no Morumbis, pela terceira rodada do Campeonato Brasileiro, marcou a segunda partida consecutiva com Andr\u00e9 Silva entre os onze iniciais. O atacante de 27 anos, artilheiro do time na temporada com cinco gols, vive um momento especial, embora ainda seja considerado reserva pela comiss\u00e3o t\u00e9cnica liderada por Luis Zubeld\u00eda.<\/p>\n\n\n\n<p>Conforme o pr\u00f3prio treinador j\u00e1 destacou em outras ocasi\u00f5es, Calleri \u00e9 o capit\u00e3o da equipe e, em sua vis\u00e3o, possui uma vaga praticamente assegurada no time titular. Contudo, as recentes atua\u00e7\u00f5es abaixo do esperado do argentino v\u00eam alimentando questionamentos internos e externos, colocando em pauta a possibilidade de mudan\u00e7as no comando do ataque.<\/p>\n\n\n\n<p>Andr\u00e9 Silva est\u00e1 em sua segunda temporada com a camisa do Tricolor e acumula, at\u00e9 aqui, 17 jogos oficiais em 2025. Entretanto, suas oportunidades como titular t\u00eam sido pontuais. Antes da sequ\u00eancia atual, ele havia come\u00e7ado jogando apenas contra a Portuguesa e o Red Bull Bragantino \u2014 ocasi\u00f5es em que o clube utilizou uma forma\u00e7\u00e3o alternativa \u2014 e contra o S\u00e3o Bernardo, quando balan\u00e7ou as redes duas vezes na vit\u00f3ria por 3 a 1.<\/p>\n\n\n\n<p>Ali\u00e1s, o desempenho convincente em jogos espor\u00e1dicos como esse sustenta as esperan\u00e7as de Andr\u00e9 Silva de conquistar uma posi\u00e7\u00e3o de maior protagonismo no elenco. \u201cQuando Calleri n\u00e3o est\u00e1, vai Andr\u00e9. N\u00e3o vamos acumular atacantes\u201d, declarou Zubeld\u00eda, indicando a confian\u00e7a no camisa 17, embora sem cravar qualquer mudan\u00e7a definitiva.<\/p>\n\n\n\n<h2 class=\"wp-block-heading\" id=\"h-disputa-com-jovem-promessa\">Disputa com jovem promessa<\/h2>\n\n\n\n<p>Enquanto Andr\u00e9 Silva ganha terreno, outro nome passa a figurar no radar do torcedor s\u00e3o-paulino: Ryan Francisco. Com apenas 18 anos, o atacante \u00e9 apontado como promessa das categorias de base e j\u00e1 teve algumas participa\u00e7\u00f5es em 2025. Em uma delas, no Paulist\u00e3o, marcou o gol da vit\u00f3ria sobre a Portuguesa.<\/p>\n\n\n\n<p>Apesar de ter apenas cinco jogos no ano, Ryan vem se destacando nos treinamentos e demonstrando ansiedade por mais oportunidades. A comiss\u00e3o t\u00e9cnica, no entanto, adota cautela com o jovem. O ex-meia Fabiano Costa, que tamb\u00e9m atua como seu agente, tem orientado o atleta a manter a paci\u00eancia e a confian\u00e7a no processo de evolu\u00e7\u00e3o gradual.<\/p>\n\n\n\n<p>Zubeld\u00eda refor\u00e7ou que o garoto ter\u00e1 chances ao longo da temporada, assim como aconteceu com outros jovens da base. \u201cRyan vai ter oportunidades como tiveram Alves e Lucas Ferreira. Est\u00e1 come\u00e7ando a temporada, falta muito, ele vai jogar\u201d, garantiu o treinador.<\/p>\n\n\n\n<p><\/p>\n\n\n\n<p><\/p>\n","protected":false},"excerpt":{"rendered":"<p>A expuls\u00e3o de Calleri diante do Atl\u00e9tico-MG trouxe repercuss\u00f5es importantes no elenco do S\u00e3o Paulo, sobretudo no setor ofensivo. O cart\u00e3o vermelho recebido pelo camisa 9 argentino, que entrou no segundo tempo e foi expulso apenas 11 minutos depois, abriu caminho para que Andr\u00e9 Silva ganhasse uma rara sequ\u00eancia como titular. O empate em 1 [&hellip;]<\/p>\n","protected":false},"author":30,"featured_media":148324,"comment_status":"open","ping_status":"closed","sticky":false,"template":"","format":"standard","meta":{"footnotes":""},"categories":[133,151],"tags":[],"class_list":["post-253129","post","type-post","status-publish","format-standard","has-post-thumbnail","hentry","category-brasileirao","category-sao-paulo"],"yoast_head":"<!-- This site is optimized with the Yoast SEO Premium plugin v24.2 (Yoast SEO v26.9) - https:\/\/yoast.com\/product\/yoast-seo-premium-wordpress\/ -->\n<title>Ele vai substituir Jonathan Calleri no S\u00e3o Paulo<\/title>\n<meta name=\"robots\" content=\"index, follow, max-snippet:-1, max-image-preview:large, max-video-preview:-1\" \/>\n<link rel=\"canonical\" href=\"https:\/\/www.gaveanews.com\/index.php\/2025\/04\/14\/ele-vai-substituir-jonathan-calleri-no-sao-paulo\/\" \/>\n<meta property=\"og:locale\" content=\"pt_BR\" \/>\n<meta property=\"og:type\" content=\"article\" \/>\n<meta property=\"og:title\" content=\"Ele vai substituir Jonathan Calleri no S\u00e3o Paulo\" \/>\n<meta property=\"og:description\" content=\"A expuls\u00e3o de Calleri diante do Atl\u00e9tico-MG trouxe repercuss\u00f5es importantes no elenco do S\u00e3o Paulo, sobretudo no setor ofensivo. O cart\u00e3o vermelho recebido pelo camisa 9 argentino, que entrou no segundo tempo e foi expulso apenas 11 minutos depois, abriu caminho para que Andr\u00e9 Silva ganhasse uma rara sequ\u00eancia como titular. O empate em 1 [&hellip;]\" \/>\n<meta property=\"og:url\" content=\"https:\/\/www.gaveanews.com\/index.php\/2025\/04\/14\/ele-vai-substituir-jonathan-calleri-no-sao-paulo\/\" \/>\n<meta property=\"og:site_name\" content=\"G\u00e1vea News\" \/>\n<meta property=\"article:publisher\" content=\"https:\/\/facebook.com\/gaveaNews\/\" \/>\n<meta property=\"article:published_time\" content=\"2025-04-14T05:40:00+00:00\" \/>\n<meta property=\"og:image\" content=\"https:\/\/www.gaveanews.com\/wp-content\/uploads\/Jonathan-Calleri-em-acao-pelo-Sao-Paulo.webp\" \/>\n\t<meta property=\"og:image:width\" content=\"1080\" \/>\n\t<meta property=\"og:image:height\" content=\"1346\" \/>\n\t<meta property=\"og:image:type\" content=\"image\/jpeg\" \/>\n<meta name=\"author\" content=\"Ana Teixeira\" \/>\n<meta name=\"twitter:card\" content=\"summary_large_image\" \/>\n<meta name=\"twitter:label1\" content=\"Escrito por\" \/>\n\t<meta name=\"twitter:data1\" content=\"Ana Teixeira\" \/>\n\t<meta name=\"twitter:label2\" content=\"Est. tempo de leitura\" \/>\n\t<meta name=\"twitter:data2\" content=\"3 minutos\" \/>\n<script type=\"application\/ld+json\" class=\"yoast-schema-graph\">{\"@context\":\"https:\/\/schema.org\",\"@graph\":[{\"@type\":\"NewsArticle\",\"@id\":\"https:\/\/www.gaveanews.com\/index.php\/2025\/04\/14\/ele-vai-substituir-jonathan-calleri-no-sao-paulo\/#article\",\"isPartOf\":{\"@id\":\"https:\/\/www.gaveanews.com\/index.php\/2025\/04\/14\/ele-vai-substituir-jonathan-calleri-no-sao-paulo\/\"},\"author\":{\"name\":\"Ana Teixeira\",\"@id\":\"https:\/\/www.gaveanews.com\/#\/schema\/person\/3b19f7288b0ce20372991275e4f2e6c2\"},\"headline\":\"Ele vai substituir Jonathan Calleri no S\u00e3o Paulo\",\"datePublished\":\"2025-04-14T05:40:00+00:00\",\"mainEntityOfPage\":{\"@id\":\"https:\/\/www.gaveanews.com\/index.php\/2025\/04\/14\/ele-vai-substituir-jonathan-calleri-no-sao-paulo\/\"},\"wordCount\":477,\"commentCount\":0,\"image\":{\"@id\":\"https:\/\/www.gaveanews.com\/index.php\/2025\/04\/14\/ele-vai-substituir-jonathan-calleri-no-sao-paulo\/#primaryimage\"},\"thumbnailUrl\":\"https:\/\/www.gaveanews.com\/wp-content\/uploads\/Jonathan-Calleri-em-acao-pelo-Sao-Paulo.webp\",\"articleSection\":[\"Brasileir\u00e3o\",\"S\u00e3o Paulo\"],\"inLanguage\":\"pt-BR\",\"potentialAction\":[{\"@type\":\"CommentAction\",\"name\":\"Comment\",\"target\":[\"https:\/\/www.gaveanews.com\/index.php\/2025\/04\/14\/ele-vai-substituir-jonathan-calleri-no-sao-paulo\/#respond\"]}],\"copyrightYear\":\"2025\",\"copyrightHolder\":{\"@id\":\"https:\/\/www.gaveanews.com\/#organization\"}},{\"@type\":\"WebPage\",\"@id\":\"https:\/\/www.gaveanews.com\/index.php\/2025\/04\/14\/ele-vai-substituir-jonathan-calleri-no-sao-paulo\/\",\"url\":\"https:\/\/www.gaveanews.com\/index.php\/2025\/04\/14\/ele-vai-substituir-jonathan-calleri-no-sao-paulo\/\",\"name\":\"Ele vai substituir Jonathan Calleri no S\u00e3o Paulo\",\"isPartOf\":{\"@id\":\"https:\/\/www.gaveanews.com\/#website\"},\"primaryImageOfPage\":{\"@id\":\"https:\/\/www.gaveanews.com\/index.php\/2025\/04\/14\/ele-vai-substituir-jonathan-calleri-no-sao-paulo\/#primaryimage\"},\"image\":{\"@id\":\"https:\/\/www.gaveanews.com\/index.php\/2025\/04\/14\/ele-vai-substituir-jonathan-calleri-no-sao-paulo\/#primaryimage\"},\"thumbnailUrl\":\"https:\/\/www.gaveanews.com\/wp-content\/uploads\/Jonathan-Calleri-em-acao-pelo-Sao-Paulo.webp\",\"datePublished\":\"2025-04-14T05:40:00+00:00\",\"author\":{\"@id\":\"https:\/\/www.gaveanews.com\/#\/schema\/person\/3b19f7288b0ce20372991275e4f2e6c2\"},\"breadcrumb\":{\"@id\":\"https:\/\/www.gaveanews.com\/index.php\/2025\/04\/14\/ele-vai-substituir-jonathan-calleri-no-sao-paulo\/#breadcrumb\"},\"inLanguage\":\"pt-BR\",\"potentialAction\":[{\"@type\":\"ReadAction\",\"target\":[\"https:\/\/www.gaveanews.com\/index.php\/2025\/04\/14\/ele-vai-substituir-jonathan-calleri-no-sao-paulo\/\"]}]},{\"@type\":\"ImageObject\",\"inLanguage\":\"pt-BR\",\"@id\":\"https:\/\/www.gaveanews.com\/index.php\/2025\/04\/14\/ele-vai-substituir-jonathan-calleri-no-sao-paulo\/#primaryimage\",\"url\":\"https:\/\/www.gaveanews.com\/wp-content\/uploads\/Jonathan-Calleri-em-acao-pelo-Sao-Paulo.webp\",\"contentUrl\":\"https:\/\/www.gaveanews.com\/wp-content\/uploads\/Jonathan-Calleri-em-acao-pelo-Sao-Paulo.webp\",\"width\":1080,\"height\":1346,\"caption\":\"Jonathan Calleri em a\u00e7\u00e3o pelo S\u00e3o Paulo (Foto: Reprodu\u00e7\u00e3o\/Instagram)\"},{\"@type\":\"BreadcrumbList\",\"@id\":\"https:\/\/www.gaveanews.com\/index.php\/2025\/04\/14\/ele-vai-substituir-jonathan-calleri-no-sao-paulo\/#breadcrumb\",\"itemListElement\":[{\"@type\":\"ListItem\",\"position\":1,\"name\":\"Home\",\"item\":\"https:\/\/www.gaveanews.com\/\"},{\"@type\":\"ListItem\",\"position\":2,\"name\":\"Ele vai substituir Jonathan Calleri no S\u00e3o Paulo\"}]},{\"@type\":\"WebSite\",\"@id\":\"https:\/\/www.gaveanews.com\/#website\",\"url\":\"https:\/\/www.gaveanews.com\/\",\"name\":\"G\u00e1vea News\",\"description\":\"Veja todas as not\u00edcias sobre o Flamengo: Contrata\u00e7\u00f5es, categorias de base, resultados das partidas, tabela de classifica\u00e7\u00e3o, pr\u00f3ximos jogos!\",\"potentialAction\":[{\"@type\":\"SearchAction\",\"target\":{\"@type\":\"EntryPoint\",\"urlTemplate\":\"https:\/\/www.gaveanews.com\/?s={search_term_string}\"},\"query-input\":{\"@type\":\"PropertyValueSpecification\",\"valueRequired\":true,\"valueName\":\"search_term_string\"}}],\"inLanguage\":\"pt-BR\"},{\"@type\":\"Person\",\"@id\":\"https:\/\/www.gaveanews.com\/#\/schema\/person\/3b19f7288b0ce20372991275e4f2e6c2\",\"name\":\"Ana Teixeira\",\"image\":{\"@type\":\"ImageObject\",\"inLanguage\":\"pt-BR\",\"@id\":\"https:\/\/www.gaveanews.com\/#\/schema\/person\/image\/\",\"url\":\"https:\/\/secure.gravatar.com\/avatar\/0a73f5a5258f3fed37fc2fa641892f3f7a4748456d4d4792f9bc550e6c19e06c?s=96&d=mm&r=g\",\"contentUrl\":\"https:\/\/secure.gravatar.com\/avatar\/0a73f5a5258f3fed37fc2fa641892f3f7a4748456d4d4792f9bc550e6c19e06c?s=96&d=mm&r=g\",\"caption\":\"Ana Teixeira\"}}]}<\/script>\n<!-- \/ Yoast SEO Premium plugin. -->","yoast_head_json":{"title":"Ele vai substituir Jonathan Calleri no S\u00e3o Paulo","robots":{"index":"index","follow":"follow","max-snippet":"max-snippet:-1","max-image-preview":"max-image-preview:large","max-video-preview":"max-video-preview:-1"},"canonical":"https:\/\/www.gaveanews.com\/index.php\/2025\/04\/14\/ele-vai-substituir-jonathan-calleri-no-sao-paulo\/","og_locale":"pt_BR","og_type":"article","og_title":"Ele vai substituir Jonathan Calleri no S\u00e3o Paulo","og_description":"A expuls\u00e3o de Calleri diante do Atl\u00e9tico-MG trouxe repercuss\u00f5es importantes no elenco do S\u00e3o Paulo, sobretudo no setor ofensivo. O cart\u00e3o vermelho recebido pelo camisa 9 argentino, que entrou no segundo tempo e foi expulso apenas 11 minutos depois, abriu caminho para que Andr\u00e9 Silva ganhasse uma rara sequ\u00eancia como titular. O empate em 1 [&hellip;]","og_url":"https:\/\/www.gaveanews.com\/index.php\/2025\/04\/14\/ele-vai-substituir-jonathan-calleri-no-sao-paulo\/","og_site_name":"G\u00e1vea News","article_publisher":"https:\/\/facebook.com\/gaveaNews\/","article_published_time":"2025-04-14T05:40:00+00:00","og_image":[{"width":1080,"height":1346,"url":"https:\/\/www.gaveanews.com\/wp-content\/uploads\/Jonathan-Calleri-em-acao-pelo-Sao-Paulo.webp","type":"image\/jpeg"}],"author":"Ana Teixeira","twitter_card":"summary_large_image","twitter_misc":{"Escrito por":"Ana Teixeira","Est. tempo de leitura":"3 minutos"},"schema":{"@context":"https:\/\/schema.org","@graph":[{"@type":"NewsArticle","@id":"https:\/\/www.gaveanews.com\/index.php\/2025\/04\/14\/ele-vai-substituir-jonathan-calleri-no-sao-paulo\/#article","isPartOf":{"@id":"https:\/\/www.gaveanews.com\/index.php\/2025\/04\/14\/ele-vai-substituir-jonathan-calleri-no-sao-paulo\/"},"author":{"name":"Ana Teixeira","@id":"https:\/\/www.gaveanews.com\/#\/schema\/person\/3b19f7288b0ce20372991275e4f2e6c2"},"headline":"Ele vai substituir Jonathan Calleri no S\u00e3o Paulo","datePublished":"2025-04-14T05:40:00+00:00","mainEntityOfPage":{"@id":"https:\/\/www.gaveanews.com\/index.php\/2025\/04\/14\/ele-vai-substituir-jonathan-calleri-no-sao-paulo\/"},"wordCount":477,"commentCount":0,"image":{"@id":"https:\/\/www.gaveanews.com\/index.php\/2025\/04\/14\/ele-vai-substituir-jonathan-calleri-no-sao-paulo\/#primaryimage"},"thumbnailUrl":"https:\/\/www.gaveanews.com\/wp-content\/uploads\/Jonathan-Calleri-em-acao-pelo-Sao-Paulo.webp","articleSection":["Brasileir\u00e3o","S\u00e3o Paulo"],"inLanguage":"pt-BR","potentialAction":[{"@type":"CommentAction","name":"Comment","target":["https:\/\/www.gaveanews.com\/index.php\/2025\/04\/14\/ele-vai-substituir-jonathan-calleri-no-sao-paulo\/#respond"]}],"copyrightYear":"2025","copyrightHolder":{"@id":"https:\/\/www.gaveanews.com\/#organization"}},{"@type":"WebPage","@id":"https:\/\/www.gaveanews.com\/index.php\/2025\/04\/14\/ele-vai-substituir-jonathan-calleri-no-sao-paulo\/","url":"https:\/\/www.gaveanews.com\/index.php\/2025\/04\/14\/ele-vai-substituir-jonathan-calleri-no-sao-paulo\/","name":"Ele vai substituir Jonathan Calleri no S\u00e3o Paulo","isPartOf":{"@id":"https:\/\/www.gaveanews.com\/#website"},"primaryImageOfPage":{"@id":"https:\/\/www.gaveanews.com\/index.php\/2025\/04\/14\/ele-vai-substituir-jonathan-calleri-no-sao-paulo\/#primaryimage"},"image":{"@id":"https:\/\/www.gaveanews.com\/index.php\/2025\/04\/14\/ele-vai-substituir-jonathan-calleri-no-sao-paulo\/#primaryimage"},"thumbnailUrl":"https:\/\/www.gaveanews.com\/wp-content\/uploads\/Jonathan-Calleri-em-acao-pelo-Sao-Paulo.webp","datePublished":"2025-04-14T05:40:00+00:00","author":{"@id":"https:\/\/www.gaveanews.com\/#\/schema\/person\/3b19f7288b0ce20372991275e4f2e6c2"},"breadcrumb":{"@id":"https:\/\/www.gaveanews.com\/index.php\/2025\/04\/14\/ele-vai-substituir-jonathan-calleri-no-sao-paulo\/#breadcrumb"},"inLanguage":"pt-BR","potentialAction":[{"@type":"ReadAction","target":["https:\/\/www.gaveanews.com\/index.php\/2025\/04\/14\/ele-vai-substituir-jonathan-calleri-no-sao-paulo\/"]}]},{"@type":"ImageObject","inLanguage":"pt-BR","@id":"https:\/\/www.gaveanews.com\/index.php\/2025\/04\/14\/ele-vai-substituir-jonathan-calleri-no-sao-paulo\/#primaryimage","url":"https:\/\/www.gaveanews.com\/wp-content\/uploads\/Jonathan-Calleri-em-acao-pelo-Sao-Paulo.webp","contentUrl":"https:\/\/www.gaveanews.com\/wp-content\/uploads\/Jonathan-Calleri-em-acao-pelo-Sao-Paulo.webp","width":1080,"height":1346,"caption":"Jonathan Calleri em a\u00e7\u00e3o pelo S\u00e3o Paulo (Foto: Reprodu\u00e7\u00e3o\/Instagram)"},{"@type":"BreadcrumbList","@id":"https:\/\/www.gaveanews.com\/index.php\/2025\/04\/14\/ele-vai-substituir-jonathan-calleri-no-sao-paulo\/#breadcrumb","itemListElement":[{"@type":"ListItem","position":1,"name":"Home","item":"https:\/\/www.gaveanews.com\/"},{"@type":"ListItem","position":2,"name":"Ele vai substituir Jonathan Calleri no S\u00e3o Paulo"}]},{"@type":"WebSite","@id":"https:\/\/www.gaveanews.com\/#website","url":"https:\/\/www.gaveanews.com\/","name":"G\u00e1vea News","description":"Veja todas as not\u00edcias sobre o Flamengo: Contrata\u00e7\u00f5es, categorias de base, resultados das partidas, tabela de classifica\u00e7\u00e3o, pr\u00f3ximos jogos!","potentialAction":[{"@type":"SearchAction","target":{"@type":"EntryPoint","urlTemplate":"https:\/\/www.gaveanews.com\/?s={search_term_string}"},"query-input":{"@type":"PropertyValueSpecification","valueRequired":true,"valueName":"search_term_string"}}],"inLanguage":"pt-BR"},{"@type":"Person","@id":"https:\/\/www.gaveanews.com\/#\/schema\/person\/3b19f7288b0ce20372991275e4f2e6c2","name":"Ana Teixeira","image":{"@type":"ImageObject","inLanguage":"pt-BR","@id":"https:\/\/www.gaveanews.com\/#\/schema\/person\/image\/","url":"https:\/\/secure.gravatar.com\/avatar\/0a73f5a5258f3fed37fc2fa641892f3f7a4748456d4d4792f9bc550e6c19e06c?s=96&d=mm&r=g","contentUrl":"https:\/\/secure.gravatar.com\/avatar\/0a73f5a5258f3fed37fc2fa641892f3f7a4748456d4d4792f9bc550e6c19e06c?s=96&d=mm&r=g","caption":"Ana Teixeira"}}]}},"_links":{"self":[{"href":"https:\/\/www.gaveanews.com\/index.php\/wp-json\/wp\/v2\/posts\/253129","targetHints":{"allow":["GET"]}}],"collection":[{"href":"https:\/\/www.gaveanews.com\/index.php\/wp-json\/wp\/v2\/posts"}],"about":[{"href":"https:\/\/www.gaveanews.com\/index.php\/wp-json\/wp\/v2\/types\/post"}],"author":[{"embeddable":true,"href":"https:\/\/www.gaveanews.com\/index.php\/wp-json\/wp\/v2\/users\/30"}],"replies":[{"embeddable":true,"href":"https:\/\/www.gaveanews.com\/index.php\/wp-json\/wp\/v2\/comments?post=253129"}],"version-history":[{"count":1,"href":"https:\/\/www.gaveanews.com\/index.php\/wp-json\/wp\/v2\/posts\/253129\/revisions"}],"predecessor-version":[{"id":253140,"href":"https:\/\/www.gaveanews.com\/index.php\/wp-json\/wp\/v2\/posts\/253129\/revisions\/253140"}],"wp:featuredmedia":[{"embeddable":true,"href":"https:\/\/www.gaveanews.com\/index.php\/wp-json\/wp\/v2\/media\/148324"}],"wp:attachment":[{"href":"https:\/\/www.gaveanews.com\/index.php\/wp-json\/wp\/v2\/media?parent=253129"}],"wp:term":[{"taxonomy":"category","embeddable":true,"href":"https:\/\/www.gaveanews.com\/index.php\/wp-json\/wp\/v2\/categories?post=253129"},{"taxonomy":"post_tag","embeddable":true,"href":"https:\/\/www.gaveanews.com\/index.php\/wp-json\/wp\/v2\/tags?post=253129"}],"curies":[{"name":"wp","href":"https:\/\/api.w.org\/{rel}","templated":true}]}}