{"id":253166,"date":"2025-04-14T08:55:16","date_gmt":"2025-04-14T11:55:16","guid":{"rendered":"https:\/\/www.gaveanews.com\/?p=253166"},"modified":"2025-04-14T08:55:20","modified_gmt":"2025-04-14T11:55:20","slug":"a-primeira-declaracao-de-neymar-apos-retorno-ao-santos","status":"publish","type":"post","link":"https:\/\/www.gaveanews.com\/index.php\/2025\/04\/14\/a-primeira-declaracao-de-neymar-apos-retorno-ao-santos\/","title":{"rendered":"A primeira declara\u00e7\u00e3o de Neymar ap\u00f3s retorno ao Santos"},"content":{"rendered":"\n<p>O domingo (13) marcou o retorno de Neymar aos gramados com a camisa do Santos ap\u00f3s 42 dias afastado por les\u00e3o. A volta do camisa 10, no entanto, foi ofuscada pela derrota do time por 1 a 0 para o Fluminense, em partida v\u00e1lida pelo Campeonato Brasileiro, disputada no Maracan\u00e3. Embora tenha demonstrado felicidade por estar novamente em campo, o atacante foi direto ao criticar a postura do elenco santista, cobrando mais atitude nos momentos decisivos.<\/p>\n\n\n\n<p>\u201cEstou feliz, obviamente, em voltar a jogar. O que eu amo fazer \u00e9 jogar futebol. Mas, em rela\u00e7\u00e3o ao jogo, mais uma vez a gente deu um vacilo e acabou saindo prejudicado mais uma vez\u201d, declarou Neymar ao Prime Video logo ap\u00f3s o apito final.<\/p>\n\n\n\n<p>Neymar iniciou o confronto no banco de reservas, apesar de j\u00e1 ter participado de um amistoso contra o \u00c1gua Santa na quinta-feira (10). A decis\u00e3o do t\u00e9cnico Pedro Caixinha de poupar o jogador no in\u00edcio da partida foi motivada por precau\u00e7\u00f5es m\u00e9dicas, visando n\u00e3o comprometer a plena recupera\u00e7\u00e3o da les\u00e3o na coxa esquerda. Ainda assim, o camisa 10 esteve \u00e0 disposi\u00e7\u00e3o e atuou durante toda a segunda etapa.<\/p>\n\n\n\n<p>Segundo o pr\u00f3prio atleta, ele est\u00e1 100% recuperado e pronto para contribuir com a equipe. \u201cEu quero jogar. Desde quando voltei pra c\u00e1 estou \u00e0 disposi\u00e7\u00e3o 100%. Mas, obviamente, respeitando o nosso treinador e o staff m\u00e9dico. Eu estou inteiro, me senti bem hoje, me movimentei bem\u201d, ressaltou.<\/p>\n\n\n\n<h2 class=\"wp-block-heading\" id=\"h-reflexao-e-cobranca\">Reflex\u00e3o e cobran\u00e7a<\/h2>\n\n\n\n<p>Apesar do resultado negativo, Neymar protagonizou um gesto simb\u00f3lico ao final da partida. Reuniu os companheiros e os levou at\u00e9 a torcida santista presente no est\u00e1dio, para agradecer pelo apoio. A atitude foi interpretada como um sinal de lideran\u00e7a em meio ao momento delicado vivido pelo clube.<\/p>\n\n\n\n<p>\u201cSaudar o nosso torcedor na vit\u00f3ria \u00e9 muito f\u00e1cil. Quero ver levantar a cabe\u00e7a e ir cumprimentar o nosso torcedor que veio nos apoiar na derrota. Foi por isso que eu chamei eles. Porque, obviamente, a gente nessa situa\u00e7\u00e3o, sem a nossa torcida, vai ser mais dif\u00edcil ainda\u201d, afirmou o jogador.<\/p>\n\n\n\n<p>Com um discurso firme, Neymar chamou a aten\u00e7\u00e3o para a necessidade de o time demonstrar mais confian\u00e7a nos jogos. \u201cSabemos a situa\u00e7\u00e3o que estamos, mas s\u00f3 depende de n\u00f3s. Temos um time bom, jogadores de qualidade. Falta encaixar. Falta mais personalidade para chamar o jogo e mostrar quem realmente \u00e9 o Santos\u201d, concluiu.<\/p>\n\n\n\n<h2 class=\"wp-block-heading\" id=\"h-contexto-do-santos\">Contexto do Santos<\/h2>\n\n\n\n<p>A derrota para o Fluminense evidenciou fragilidades no setor defensivo e a dificuldade do Santos em manter a concentra\u00e7\u00e3o at\u00e9 os instantes finais das partidas. O gol sofrido nos minutos finais exp\u00f4s a vulnerabilidade do sistema, algo que precisa ser corrigido a fim de que a equipe possa reagir na competi\u00e7\u00e3o.<\/p>\n\n\n\n<p>Por ora, a equipe comandada por Pedro Caixinha tenta equilibrar os desafios t\u00e1ticos com o retorno de suas principais pe\u00e7as, como Neymar, e busca transformar cobran\u00e7as internas em atitude dentro de campo. Resta ao elenco santista corresponder \u00e0s palavras de seu principal jogador com desempenho t\u00e9cnico e mental mais s\u00f3lido nas pr\u00f3ximas rodadas do Brasileir\u00e3o.<\/p>\n","protected":false},"excerpt":{"rendered":"<p>O domingo (13) marcou o retorno de Neymar aos gramados com a camisa do Santos ap\u00f3s 42 dias afastado por les\u00e3o. A volta do camisa 10, no entanto, foi ofuscada pela derrota do time por 1 a 0 para o Fluminense, em partida v\u00e1lida pelo Campeonato Brasileiro, disputada no Maracan\u00e3. Embora tenha demonstrado felicidade por [&hellip;]<\/p>\n","protected":false},"author":30,"featured_media":253093,"comment_status":"open","ping_status":"closed","sticky":false,"template":"","format":"standard","meta":{"footnotes":""},"categories":[133,139],"tags":[],"class_list":["post-253166","post","type-post","status-publish","format-standard","has-post-thumbnail","hentry","category-brasileirao","category-santos"],"yoast_head":"<!-- This site is optimized with the Yoast SEO Premium plugin v24.2 (Yoast SEO v26.9) - https:\/\/yoast.com\/product\/yoast-seo-premium-wordpress\/ -->\n<title>A primeira declara\u00e7\u00e3o de Neymar ap\u00f3s retorno ao Santos<\/title>\n<meta name=\"robots\" content=\"index, follow, max-snippet:-1, max-image-preview:large, max-video-preview:-1\" \/>\n<link rel=\"canonical\" href=\"https:\/\/www.gaveanews.com\/index.php\/2025\/04\/14\/a-primeira-declaracao-de-neymar-apos-retorno-ao-santos\/\" \/>\n<meta property=\"og:locale\" content=\"pt_BR\" \/>\n<meta property=\"og:type\" content=\"article\" \/>\n<meta property=\"og:title\" content=\"A primeira declara\u00e7\u00e3o de Neymar ap\u00f3s retorno ao Santos\" \/>\n<meta property=\"og:description\" content=\"O domingo (13) marcou o retorno de Neymar aos gramados com a camisa do Santos ap\u00f3s 42 dias afastado por les\u00e3o. A volta do camisa 10, no entanto, foi ofuscada pela derrota do time por 1 a 0 para o Fluminense, em partida v\u00e1lida pelo Campeonato Brasileiro, disputada no Maracan\u00e3. Embora tenha demonstrado felicidade por [&hellip;]\" \/>\n<meta property=\"og:url\" content=\"https:\/\/www.gaveanews.com\/index.php\/2025\/04\/14\/a-primeira-declaracao-de-neymar-apos-retorno-ao-santos\/\" \/>\n<meta property=\"og:site_name\" content=\"G\u00e1vea News\" \/>\n<meta property=\"article:publisher\" content=\"https:\/\/facebook.com\/gaveaNews\/\" \/>\n<meta property=\"article:published_time\" content=\"2025-04-14T11:55:16+00:00\" \/>\n<meta property=\"article:modified_time\" content=\"2025-04-14T11:55:20+00:00\" \/>\n<meta property=\"og:image\" content=\"http:\/\/www.gaveanews.com\/wp-content\/uploads\/Neymar-e-Thiago-Silva-em-Fluminense-x-Santos.webp\" \/>\n\t<meta property=\"og:image:width\" content=\"482\" \/>\n\t<meta property=\"og:image:height\" content=\"356\" \/>\n\t<meta property=\"og:image:type\" content=\"image\/jpeg\" \/>\n<meta name=\"author\" content=\"Ana Teixeira\" \/>\n<meta name=\"twitter:card\" content=\"summary_large_image\" \/>\n<meta name=\"twitter:label1\" content=\"Escrito por\" \/>\n\t<meta name=\"twitter:data1\" content=\"Ana Teixeira\" \/>\n\t<meta name=\"twitter:label2\" content=\"Est. tempo de leitura\" \/>\n\t<meta name=\"twitter:data2\" content=\"3 minutos\" \/>\n<script type=\"application\/ld+json\" class=\"yoast-schema-graph\">{\"@context\":\"https:\/\/schema.org\",\"@graph\":[{\"@type\":\"NewsArticle\",\"@id\":\"https:\/\/www.gaveanews.com\/index.php\/2025\/04\/14\/a-primeira-declaracao-de-neymar-apos-retorno-ao-santos\/#article\",\"isPartOf\":{\"@id\":\"https:\/\/www.gaveanews.com\/index.php\/2025\/04\/14\/a-primeira-declaracao-de-neymar-apos-retorno-ao-santos\/\"},\"author\":{\"name\":\"Ana Teixeira\",\"@id\":\"https:\/\/www.gaveanews.com\/#\/schema\/person\/3b19f7288b0ce20372991275e4f2e6c2\"},\"headline\":\"A primeira declara\u00e7\u00e3o de Neymar ap\u00f3s retorno ao Santos\",\"datePublished\":\"2025-04-14T11:55:16+00:00\",\"dateModified\":\"2025-04-14T11:55:20+00:00\",\"mainEntityOfPage\":{\"@id\":\"https:\/\/www.gaveanews.com\/index.php\/2025\/04\/14\/a-primeira-declaracao-de-neymar-apos-retorno-ao-santos\/\"},\"wordCount\":538,\"commentCount\":0,\"image\":{\"@id\":\"https:\/\/www.gaveanews.com\/index.php\/2025\/04\/14\/a-primeira-declaracao-de-neymar-apos-retorno-ao-santos\/#primaryimage\"},\"thumbnailUrl\":\"https:\/\/www.gaveanews.com\/wp-content\/uploads\/Neymar-e-Thiago-Silva-em-Fluminense-x-Santos.webp\",\"articleSection\":[\"Brasileir\u00e3o\",\"Santos\"],\"inLanguage\":\"pt-BR\",\"potentialAction\":[{\"@type\":\"CommentAction\",\"name\":\"Comment\",\"target\":[\"https:\/\/www.gaveanews.com\/index.php\/2025\/04\/14\/a-primeira-declaracao-de-neymar-apos-retorno-ao-santos\/#respond\"]}],\"copyrightYear\":\"2025\",\"copyrightHolder\":{\"@id\":\"https:\/\/www.gaveanews.com\/#organization\"}},{\"@type\":\"WebPage\",\"@id\":\"https:\/\/www.gaveanews.com\/index.php\/2025\/04\/14\/a-primeira-declaracao-de-neymar-apos-retorno-ao-santos\/\",\"url\":\"https:\/\/www.gaveanews.com\/index.php\/2025\/04\/14\/a-primeira-declaracao-de-neymar-apos-retorno-ao-santos\/\",\"name\":\"A primeira declara\u00e7\u00e3o de Neymar ap\u00f3s retorno ao Santos\",\"isPartOf\":{\"@id\":\"https:\/\/www.gaveanews.com\/#website\"},\"primaryImageOfPage\":{\"@id\":\"https:\/\/www.gaveanews.com\/index.php\/2025\/04\/14\/a-primeira-declaracao-de-neymar-apos-retorno-ao-santos\/#primaryimage\"},\"image\":{\"@id\":\"https:\/\/www.gaveanews.com\/index.php\/2025\/04\/14\/a-primeira-declaracao-de-neymar-apos-retorno-ao-santos\/#primaryimage\"},\"thumbnailUrl\":\"https:\/\/www.gaveanews.com\/wp-content\/uploads\/Neymar-e-Thiago-Silva-em-Fluminense-x-Santos.webp\",\"datePublished\":\"2025-04-14T11:55:16+00:00\",\"dateModified\":\"2025-04-14T11:55:20+00:00\",\"author\":{\"@id\":\"https:\/\/www.gaveanews.com\/#\/schema\/person\/3b19f7288b0ce20372991275e4f2e6c2\"},\"breadcrumb\":{\"@id\":\"https:\/\/www.gaveanews.com\/index.php\/2025\/04\/14\/a-primeira-declaracao-de-neymar-apos-retorno-ao-santos\/#breadcrumb\"},\"inLanguage\":\"pt-BR\",\"potentialAction\":[{\"@type\":\"ReadAction\",\"target\":[\"https:\/\/www.gaveanews.com\/index.php\/2025\/04\/14\/a-primeira-declaracao-de-neymar-apos-retorno-ao-santos\/\"]}]},{\"@type\":\"ImageObject\",\"inLanguage\":\"pt-BR\",\"@id\":\"https:\/\/www.gaveanews.com\/index.php\/2025\/04\/14\/a-primeira-declaracao-de-neymar-apos-retorno-ao-santos\/#primaryimage\",\"url\":\"https:\/\/www.gaveanews.com\/wp-content\/uploads\/Neymar-e-Thiago-Silva-em-Fluminense-x-Santos.webp\",\"contentUrl\":\"https:\/\/www.gaveanews.com\/wp-content\/uploads\/Neymar-e-Thiago-Silva-em-Fluminense-x-Santos.webp\",\"width\":482,\"height\":356,\"caption\":\"Neymar e Thiago Silva em Fluminense x Santos (FOTO: LUCAS MER\u00c7ON \/ FLUMINENSE F.C.)\"},{\"@type\":\"BreadcrumbList\",\"@id\":\"https:\/\/www.gaveanews.com\/index.php\/2025\/04\/14\/a-primeira-declaracao-de-neymar-apos-retorno-ao-santos\/#breadcrumb\",\"itemListElement\":[{\"@type\":\"ListItem\",\"position\":1,\"name\":\"Home\",\"item\":\"https:\/\/www.gaveanews.com\/\"},{\"@type\":\"ListItem\",\"position\":2,\"name\":\"A primeira declara\u00e7\u00e3o de Neymar ap\u00f3s retorno ao Santos\"}]},{\"@type\":\"WebSite\",\"@id\":\"https:\/\/www.gaveanews.com\/#website\",\"url\":\"https:\/\/www.gaveanews.com\/\",\"name\":\"G\u00e1vea News\",\"description\":\"Veja todas as not\u00edcias sobre o Flamengo: Contrata\u00e7\u00f5es, categorias de base, resultados das partidas, tabela de classifica\u00e7\u00e3o, pr\u00f3ximos jogos!\",\"potentialAction\":[{\"@type\":\"SearchAction\",\"target\":{\"@type\":\"EntryPoint\",\"urlTemplate\":\"https:\/\/www.gaveanews.com\/?s={search_term_string}\"},\"query-input\":{\"@type\":\"PropertyValueSpecification\",\"valueRequired\":true,\"valueName\":\"search_term_string\"}}],\"inLanguage\":\"pt-BR\"},{\"@type\":\"Person\",\"@id\":\"https:\/\/www.gaveanews.com\/#\/schema\/person\/3b19f7288b0ce20372991275e4f2e6c2\",\"name\":\"Ana Teixeira\",\"image\":{\"@type\":\"ImageObject\",\"inLanguage\":\"pt-BR\",\"@id\":\"https:\/\/www.gaveanews.com\/#\/schema\/person\/image\/\",\"url\":\"https:\/\/secure.gravatar.com\/avatar\/0a73f5a5258f3fed37fc2fa641892f3f7a4748456d4d4792f9bc550e6c19e06c?s=96&d=mm&r=g\",\"contentUrl\":\"https:\/\/secure.gravatar.com\/avatar\/0a73f5a5258f3fed37fc2fa641892f3f7a4748456d4d4792f9bc550e6c19e06c?s=96&d=mm&r=g\",\"caption\":\"Ana Teixeira\"}}]}<\/script>\n<!-- \/ Yoast SEO Premium plugin. -->","yoast_head_json":{"title":"A primeira declara\u00e7\u00e3o de Neymar ap\u00f3s retorno ao Santos","robots":{"index":"index","follow":"follow","max-snippet":"max-snippet:-1","max-image-preview":"max-image-preview:large","max-video-preview":"max-video-preview:-1"},"canonical":"https:\/\/www.gaveanews.com\/index.php\/2025\/04\/14\/a-primeira-declaracao-de-neymar-apos-retorno-ao-santos\/","og_locale":"pt_BR","og_type":"article","og_title":"A primeira declara\u00e7\u00e3o de Neymar ap\u00f3s retorno ao Santos","og_description":"O domingo (13) marcou o retorno de Neymar aos gramados com a camisa do Santos ap\u00f3s 42 dias afastado por les\u00e3o. A volta do camisa 10, no entanto, foi ofuscada pela derrota do time por 1 a 0 para o Fluminense, em partida v\u00e1lida pelo Campeonato Brasileiro, disputada no Maracan\u00e3. Embora tenha demonstrado felicidade por [&hellip;]","og_url":"https:\/\/www.gaveanews.com\/index.php\/2025\/04\/14\/a-primeira-declaracao-de-neymar-apos-retorno-ao-santos\/","og_site_name":"G\u00e1vea News","article_publisher":"https:\/\/facebook.com\/gaveaNews\/","article_published_time":"2025-04-14T11:55:16+00:00","article_modified_time":"2025-04-14T11:55:20+00:00","og_image":[{"width":482,"height":356,"url":"http:\/\/www.gaveanews.com\/wp-content\/uploads\/Neymar-e-Thiago-Silva-em-Fluminense-x-Santos.webp","type":"image\/jpeg"}],"author":"Ana Teixeira","twitter_card":"summary_large_image","twitter_misc":{"Escrito por":"Ana Teixeira","Est. tempo de leitura":"3 minutos"},"schema":{"@context":"https:\/\/schema.org","@graph":[{"@type":"NewsArticle","@id":"https:\/\/www.gaveanews.com\/index.php\/2025\/04\/14\/a-primeira-declaracao-de-neymar-apos-retorno-ao-santos\/#article","isPartOf":{"@id":"https:\/\/www.gaveanews.com\/index.php\/2025\/04\/14\/a-primeira-declaracao-de-neymar-apos-retorno-ao-santos\/"},"author":{"name":"Ana Teixeira","@id":"https:\/\/www.gaveanews.com\/#\/schema\/person\/3b19f7288b0ce20372991275e4f2e6c2"},"headline":"A primeira declara\u00e7\u00e3o de Neymar ap\u00f3s retorno ao Santos","datePublished":"2025-04-14T11:55:16+00:00","dateModified":"2025-04-14T11:55:20+00:00","mainEntityOfPage":{"@id":"https:\/\/www.gaveanews.com\/index.php\/2025\/04\/14\/a-primeira-declaracao-de-neymar-apos-retorno-ao-santos\/"},"wordCount":538,"commentCount":0,"image":{"@id":"https:\/\/www.gaveanews.com\/index.php\/2025\/04\/14\/a-primeira-declaracao-de-neymar-apos-retorno-ao-santos\/#primaryimage"},"thumbnailUrl":"https:\/\/www.gaveanews.com\/wp-content\/uploads\/Neymar-e-Thiago-Silva-em-Fluminense-x-Santos.webp","articleSection":["Brasileir\u00e3o","Santos"],"inLanguage":"pt-BR","potentialAction":[{"@type":"CommentAction","name":"Comment","target":["https:\/\/www.gaveanews.com\/index.php\/2025\/04\/14\/a-primeira-declaracao-de-neymar-apos-retorno-ao-santos\/#respond"]}],"copyrightYear":"2025","copyrightHolder":{"@id":"https:\/\/www.gaveanews.com\/#organization"}},{"@type":"WebPage","@id":"https:\/\/www.gaveanews.com\/index.php\/2025\/04\/14\/a-primeira-declaracao-de-neymar-apos-retorno-ao-santos\/","url":"https:\/\/www.gaveanews.com\/index.php\/2025\/04\/14\/a-primeira-declaracao-de-neymar-apos-retorno-ao-santos\/","name":"A primeira declara\u00e7\u00e3o de Neymar ap\u00f3s retorno ao Santos","isPartOf":{"@id":"https:\/\/www.gaveanews.com\/#website"},"primaryImageOfPage":{"@id":"https:\/\/www.gaveanews.com\/index.php\/2025\/04\/14\/a-primeira-declaracao-de-neymar-apos-retorno-ao-santos\/#primaryimage"},"image":{"@id":"https:\/\/www.gaveanews.com\/index.php\/2025\/04\/14\/a-primeira-declaracao-de-neymar-apos-retorno-ao-santos\/#primaryimage"},"thumbnailUrl":"https:\/\/www.gaveanews.com\/wp-content\/uploads\/Neymar-e-Thiago-Silva-em-Fluminense-x-Santos.webp","datePublished":"2025-04-14T11:55:16+00:00","dateModified":"2025-04-14T11:55:20+00:00","author":{"@id":"https:\/\/www.gaveanews.com\/#\/schema\/person\/3b19f7288b0ce20372991275e4f2e6c2"},"breadcrumb":{"@id":"https:\/\/www.gaveanews.com\/index.php\/2025\/04\/14\/a-primeira-declaracao-de-neymar-apos-retorno-ao-santos\/#breadcrumb"},"inLanguage":"pt-BR","potentialAction":[{"@type":"ReadAction","target":["https:\/\/www.gaveanews.com\/index.php\/2025\/04\/14\/a-primeira-declaracao-de-neymar-apos-retorno-ao-santos\/"]}]},{"@type":"ImageObject","inLanguage":"pt-BR","@id":"https:\/\/www.gaveanews.com\/index.php\/2025\/04\/14\/a-primeira-declaracao-de-neymar-apos-retorno-ao-santos\/#primaryimage","url":"https:\/\/www.gaveanews.com\/wp-content\/uploads\/Neymar-e-Thiago-Silva-em-Fluminense-x-Santos.webp","contentUrl":"https:\/\/www.gaveanews.com\/wp-content\/uploads\/Neymar-e-Thiago-Silva-em-Fluminense-x-Santos.webp","width":482,"height":356,"caption":"Neymar e Thiago Silva em Fluminense x Santos (FOTO: LUCAS MER\u00c7ON \/ FLUMINENSE F.C.)"},{"@type":"BreadcrumbList","@id":"https:\/\/www.gaveanews.com\/index.php\/2025\/04\/14\/a-primeira-declaracao-de-neymar-apos-retorno-ao-santos\/#breadcrumb","itemListElement":[{"@type":"ListItem","position":1,"name":"Home","item":"https:\/\/www.gaveanews.com\/"},{"@type":"ListItem","position":2,"name":"A primeira declara\u00e7\u00e3o de Neymar ap\u00f3s retorno ao Santos"}]},{"@type":"WebSite","@id":"https:\/\/www.gaveanews.com\/#website","url":"https:\/\/www.gaveanews.com\/","name":"G\u00e1vea News","description":"Veja todas as not\u00edcias sobre o Flamengo: Contrata\u00e7\u00f5es, categorias de base, resultados das partidas, tabela de classifica\u00e7\u00e3o, pr\u00f3ximos jogos!","potentialAction":[{"@type":"SearchAction","target":{"@type":"EntryPoint","urlTemplate":"https:\/\/www.gaveanews.com\/?s={search_term_string}"},"query-input":{"@type":"PropertyValueSpecification","valueRequired":true,"valueName":"search_term_string"}}],"inLanguage":"pt-BR"},{"@type":"Person","@id":"https:\/\/www.gaveanews.com\/#\/schema\/person\/3b19f7288b0ce20372991275e4f2e6c2","name":"Ana Teixeira","image":{"@type":"ImageObject","inLanguage":"pt-BR","@id":"https:\/\/www.gaveanews.com\/#\/schema\/person\/image\/","url":"https:\/\/secure.gravatar.com\/avatar\/0a73f5a5258f3fed37fc2fa641892f3f7a4748456d4d4792f9bc550e6c19e06c?s=96&d=mm&r=g","contentUrl":"https:\/\/secure.gravatar.com\/avatar\/0a73f5a5258f3fed37fc2fa641892f3f7a4748456d4d4792f9bc550e6c19e06c?s=96&d=mm&r=g","caption":"Ana Teixeira"}}]}},"_links":{"self":[{"href":"https:\/\/www.gaveanews.com\/index.php\/wp-json\/wp\/v2\/posts\/253166","targetHints":{"allow":["GET"]}}],"collection":[{"href":"https:\/\/www.gaveanews.com\/index.php\/wp-json\/wp\/v2\/posts"}],"about":[{"href":"https:\/\/www.gaveanews.com\/index.php\/wp-json\/wp\/v2\/types\/post"}],"author":[{"embeddable":true,"href":"https:\/\/www.gaveanews.com\/index.php\/wp-json\/wp\/v2\/users\/30"}],"replies":[{"embeddable":true,"href":"https:\/\/www.gaveanews.com\/index.php\/wp-json\/wp\/v2\/comments?post=253166"}],"version-history":[{"count":1,"href":"https:\/\/www.gaveanews.com\/index.php\/wp-json\/wp\/v2\/posts\/253166\/revisions"}],"predecessor-version":[{"id":253172,"href":"https:\/\/www.gaveanews.com\/index.php\/wp-json\/wp\/v2\/posts\/253166\/revisions\/253172"}],"wp:featuredmedia":[{"embeddable":true,"href":"https:\/\/www.gaveanews.com\/index.php\/wp-json\/wp\/v2\/media\/253093"}],"wp:attachment":[{"href":"https:\/\/www.gaveanews.com\/index.php\/wp-json\/wp\/v2\/media?parent=253166"}],"wp:term":[{"taxonomy":"category","embeddable":true,"href":"https:\/\/www.gaveanews.com\/index.php\/wp-json\/wp\/v2\/categories?post=253166"},{"taxonomy":"post_tag","embeddable":true,"href":"https:\/\/www.gaveanews.com\/index.php\/wp-json\/wp\/v2\/tags?post=253166"}],"curies":[{"name":"wp","href":"https:\/\/api.w.org\/{rel}","templated":true}]}}