{"id":253167,"date":"2025-04-14T09:00:00","date_gmt":"2025-04-14T12:00:00","guid":{"rendered":"https:\/\/www.gaveanews.com\/?p=253167"},"modified":"2025-04-14T08:59:20","modified_gmt":"2025-04-14T11:59:20","slug":"video-torcida-do-fluminense-ofende-neymar-no-estadio-do-maracana","status":"publish","type":"post","link":"https:\/\/www.gaveanews.com\/index.php\/2025\/04\/14\/video-torcida-do-fluminense-ofende-neymar-no-estadio-do-maracana\/","title":{"rendered":"V\u00eddeo: torcida do Fluminense ofende Neymar no est\u00e1dio do Maracan\u00e3"},"content":{"rendered":"\n<p>O retorno de Neymar ao Campeonato Brasileiro ficou marcado por um epis\u00f3dio de hostilidade no Maracan\u00e3. No domingo (13), durante a partida entre Fluminense e Santos, v\u00e1lida pela terceira rodada do Brasileir\u00e3o, o camisa 10 da equipe paulista foi alvo de vaias e xingamentos por parte dos cerca de 40 mil tricolores que marcaram presen\u00e7a no est\u00e1dio. <\/p>\n\n\n\n<p>Conforme planejado pelo t\u00e9cnico Pedro Caixinha, Neymar iniciou a partida no banco de reservas. O jogador retornava ap\u00f3s 42 dias afastado, per\u00edodo em que se recuperava de uma les\u00e3o na parte posterior da coxa esquerda, sofrida ainda nas quartas de final do Campeonato Paulista. No entanto, o t\u00e9cnico optou por utiliz\u00e1-lo j\u00e1 no in\u00edcio da segunda etapa, substituindo Thaciano.<\/p>\n\n\n\n<p>Assim que o craque se dirigiu \u00e0 beira do gramado para o aquecimento, as manifesta\u00e7\u00f5es de reprova\u00e7\u00e3o come\u00e7aram. As vaias se intensificaram quando o \u00e1rbitro autorizou sua entrada, e, posteriormente, a cada toque na bola. O comportamento da torcida do Fluminense se manteve constante at\u00e9 o apito final, chegando inclusive a ofensas verbais vindas da arquibancada.<\/p>\n\n\n\n<p>Ali\u00e1s, o epis\u00f3dio repercutiu amplamente nas redes sociais, principalmente ap\u00f3s a divulga\u00e7\u00e3o de v\u00eddeos registrando os gritos e insultos direcionados ao jogador. &#8220;Eu quero jogar&#8221;, declarou Neymar ap\u00f3s a partida, refor\u00e7ando que se sente bem fisicamente e pronto para seguir ajudando o Santos na temporada.<\/p>\n\n\n\n<p>Ainda que o foco estivesse em seu retorno, o camisa 10 enfrentou uma recep\u00e7\u00e3o hostil. As manifesta\u00e7\u00f5es adversas contrastam com a expectativa gerada em torno da sua volta aos gramados. A pr\u00f3pria presen\u00e7a do jogador no banco j\u00e1 era vista como ind\u00edcio de que o clube avaliava cuidadosamente sua condi\u00e7\u00e3o f\u00edsica para evitar riscos de uma nova les\u00e3o.<\/p>\n\n\n\n<blockquote class=\"tiktok-embed\" cite=\"https:\/\/www.tiktok.com\/@lancedigital\/video\/7492954893783977221\" data-video-id=\"7492954893783977221\" style=\"max-width: 605px;min-width: 325px;\" > <section> <a target=\"_blank\" title=\"@lancedigital\" href=\"https:\/\/www.tiktok.com\/@lancedigital?refer=embed\">@lancedigital<\/a> Todo o carinho da torcida tricolor pelo Neymar! \ud83d\ude05\ud83d\udde3\ufe0f \ud83d\udcf2Siga o Lance! para mais conte\u00fados como esse! <a title=\"futebolbrasileiro\" target=\"_blank\" href=\"https:\/\/www.tiktok.com\/tag\/futebolbrasileiro?refer=embed\">#FutebolBrasileiro<\/a> <a title=\"neymar\" target=\"_blank\" href=\"https:\/\/www.tiktok.com\/tag\/neymar?refer=embed\">#Neymar<\/a> <a title=\"santos\" target=\"_blank\" href=\"https:\/\/www.tiktok.com\/tag\/santos?refer=embed\">#Santos<\/a> <a title=\"fluminense\" target=\"_blank\" href=\"https:\/\/www.tiktok.com\/tag\/fluminense?refer=embed\">#Fluminense<\/a> <a target=\"_blank\" title=\"\u266c som original  - Lance!\" href=\"https:\/\/www.tiktok.com\/music\/som-original-Lance-7492954902894807814?refer=embed\">\u266c som original  &#8211; Lance!<\/a> <\/section> <\/blockquote> <script async src=\"https:\/\/www.tiktok.com\/embed.js\"><\/script>\n\n\n\n<h2 class=\"wp-block-heading\" id=\"h-fluminense-1x0-santos\">Fluminense 1&#215;0 Santos<\/h2>\n\n\n\n<p>Entretanto, o desempenho do Santos ficou aqu\u00e9m do esperado, e o Fluminense saiu de campo com a vit\u00f3ria gra\u00e7as a um gol nos instantes finais. Posteriormente, Caixinha admitiu que &#8220;n\u00e3o deu praticamente nada certo&#8221; para o time santista e que o advers\u00e1rio foi superior durante os 90 minutos.<\/p>\n\n\n\n<p>Embora Neymar n\u00e3o tenha se envolvido em lances decisivos na partida, sua presen\u00e7a em campo era um dos principais atrativos da rodada. Em virtude disso, o epis\u00f3dio das vaias se tornou um dos assuntos mais comentados do fim de semana, evidenciando o impacto que o jogador ainda exerce nos ambientes onde atua, sejam eles positivos ou negativos.<\/p>\n\n\n\n<p><\/p>\n\n\n\n<p><\/p>\n","protected":false},"excerpt":{"rendered":"<p>O retorno de Neymar ao Campeonato Brasileiro ficou marcado por um epis\u00f3dio de hostilidade no Maracan\u00e3. No domingo (13), durante a partida entre Fluminense e Santos, v\u00e1lida pela terceira rodada do Brasileir\u00e3o, o camisa 10 da equipe paulista foi alvo de vaias e xingamentos por parte dos cerca de 40 mil tricolores que marcaram presen\u00e7a [&hellip;]<\/p>\n","protected":false},"author":30,"featured_media":155883,"comment_status":"open","ping_status":"closed","sticky":false,"template":"","format":"standard","meta":{"footnotes":""},"categories":[133,145,139],"tags":[],"class_list":["post-253167","post","type-post","status-publish","format-standard","has-post-thumbnail","hentry","category-brasileirao","category-fluminense","category-santos"],"yoast_head":"<!-- This site is optimized with the Yoast SEO Premium plugin v24.2 (Yoast SEO v26.9) - https:\/\/yoast.com\/product\/yoast-seo-premium-wordpress\/ -->\n<title>V\u00eddeo: torcida do Fluminense ofende Neymar no est\u00e1dio do Maracan\u00e3<\/title>\n<meta name=\"robots\" content=\"index, follow, max-snippet:-1, max-image-preview:large, max-video-preview:-1\" \/>\n<link rel=\"canonical\" href=\"https:\/\/www.gaveanews.com\/index.php\/2025\/04\/14\/video-torcida-do-fluminense-ofende-neymar-no-estadio-do-maracana\/\" \/>\n<meta property=\"og:locale\" content=\"pt_BR\" \/>\n<meta property=\"og:type\" content=\"article\" \/>\n<meta property=\"og:title\" content=\"V\u00eddeo: torcida do Fluminense ofende Neymar no est\u00e1dio do Maracan\u00e3\" \/>\n<meta property=\"og:description\" content=\"O retorno de Neymar ao Campeonato Brasileiro ficou marcado por um epis\u00f3dio de hostilidade no Maracan\u00e3. No domingo (13), durante a partida entre Fluminense e Santos, v\u00e1lida pela terceira rodada do Brasileir\u00e3o, o camisa 10 da equipe paulista foi alvo de vaias e xingamentos por parte dos cerca de 40 mil tricolores que marcaram presen\u00e7a [&hellip;]\" \/>\n<meta property=\"og:url\" content=\"https:\/\/www.gaveanews.com\/index.php\/2025\/04\/14\/video-torcida-do-fluminense-ofende-neymar-no-estadio-do-maracana\/\" \/>\n<meta property=\"og:site_name\" content=\"G\u00e1vea News\" \/>\n<meta property=\"article:publisher\" content=\"https:\/\/facebook.com\/gaveaNews\/\" \/>\n<meta property=\"article:published_time\" content=\"2025-04-14T12:00:00+00:00\" \/>\n<meta property=\"og:image\" content=\"http:\/\/www.gaveanews.com\/wp-content\/uploads\/Torcida-do-Fluminense-durante-partida-no-Maracana.webp\" \/>\n\t<meta property=\"og:image:width\" content=\"1236\" \/>\n\t<meta property=\"og:image:height\" content=\"1066\" \/>\n\t<meta property=\"og:image:type\" content=\"image\/jpeg\" \/>\n<meta name=\"author\" content=\"Ana Teixeira\" \/>\n<meta name=\"twitter:card\" content=\"summary_large_image\" \/>\n<meta name=\"twitter:label1\" content=\"Escrito por\" \/>\n\t<meta name=\"twitter:data1\" content=\"Ana Teixeira\" \/>\n\t<meta name=\"twitter:label2\" content=\"Est. tempo de leitura\" \/>\n\t<meta name=\"twitter:data2\" content=\"3 minutos\" \/>\n<script type=\"application\/ld+json\" class=\"yoast-schema-graph\">{\"@context\":\"https:\/\/schema.org\",\"@graph\":[{\"@type\":\"NewsArticle\",\"@id\":\"https:\/\/www.gaveanews.com\/index.php\/2025\/04\/14\/video-torcida-do-fluminense-ofende-neymar-no-estadio-do-maracana\/#article\",\"isPartOf\":{\"@id\":\"https:\/\/www.gaveanews.com\/index.php\/2025\/04\/14\/video-torcida-do-fluminense-ofende-neymar-no-estadio-do-maracana\/\"},\"author\":{\"name\":\"Ana Teixeira\",\"@id\":\"https:\/\/www.gaveanews.com\/#\/schema\/person\/3b19f7288b0ce20372991275e4f2e6c2\"},\"headline\":\"V\u00eddeo: torcida do Fluminense ofende Neymar no est\u00e1dio do Maracan\u00e3\",\"datePublished\":\"2025-04-14T12:00:00+00:00\",\"mainEntityOfPage\":{\"@id\":\"https:\/\/www.gaveanews.com\/index.php\/2025\/04\/14\/video-torcida-do-fluminense-ofende-neymar-no-estadio-do-maracana\/\"},\"wordCount\":452,\"commentCount\":0,\"image\":{\"@id\":\"https:\/\/www.gaveanews.com\/index.php\/2025\/04\/14\/video-torcida-do-fluminense-ofende-neymar-no-estadio-do-maracana\/#primaryimage\"},\"thumbnailUrl\":\"https:\/\/www.gaveanews.com\/wp-content\/uploads\/Torcida-do-Fluminense-durante-partida-no-Maracana.webp\",\"articleSection\":[\"Brasileir\u00e3o\",\"Fluminense\",\"Santos\"],\"inLanguage\":\"pt-BR\",\"potentialAction\":[{\"@type\":\"CommentAction\",\"name\":\"Comment\",\"target\":[\"https:\/\/www.gaveanews.com\/index.php\/2025\/04\/14\/video-torcida-do-fluminense-ofende-neymar-no-estadio-do-maracana\/#respond\"]}],\"copyrightYear\":\"2025\",\"copyrightHolder\":{\"@id\":\"https:\/\/www.gaveanews.com\/#organization\"}},{\"@type\":\"WebPage\",\"@id\":\"https:\/\/www.gaveanews.com\/index.php\/2025\/04\/14\/video-torcida-do-fluminense-ofende-neymar-no-estadio-do-maracana\/\",\"url\":\"https:\/\/www.gaveanews.com\/index.php\/2025\/04\/14\/video-torcida-do-fluminense-ofende-neymar-no-estadio-do-maracana\/\",\"name\":\"V\u00eddeo: torcida do Fluminense ofende Neymar no est\u00e1dio do Maracan\u00e3\",\"isPartOf\":{\"@id\":\"https:\/\/www.gaveanews.com\/#website\"},\"primaryImageOfPage\":{\"@id\":\"https:\/\/www.gaveanews.com\/index.php\/2025\/04\/14\/video-torcida-do-fluminense-ofende-neymar-no-estadio-do-maracana\/#primaryimage\"},\"image\":{\"@id\":\"https:\/\/www.gaveanews.com\/index.php\/2025\/04\/14\/video-torcida-do-fluminense-ofende-neymar-no-estadio-do-maracana\/#primaryimage\"},\"thumbnailUrl\":\"https:\/\/www.gaveanews.com\/wp-content\/uploads\/Torcida-do-Fluminense-durante-partida-no-Maracana.webp\",\"datePublished\":\"2025-04-14T12:00:00+00:00\",\"author\":{\"@id\":\"https:\/\/www.gaveanews.com\/#\/schema\/person\/3b19f7288b0ce20372991275e4f2e6c2\"},\"breadcrumb\":{\"@id\":\"https:\/\/www.gaveanews.com\/index.php\/2025\/04\/14\/video-torcida-do-fluminense-ofende-neymar-no-estadio-do-maracana\/#breadcrumb\"},\"inLanguage\":\"pt-BR\",\"potentialAction\":[{\"@type\":\"ReadAction\",\"target\":[\"https:\/\/www.gaveanews.com\/index.php\/2025\/04\/14\/video-torcida-do-fluminense-ofende-neymar-no-estadio-do-maracana\/\"]}]},{\"@type\":\"ImageObject\",\"inLanguage\":\"pt-BR\",\"@id\":\"https:\/\/www.gaveanews.com\/index.php\/2025\/04\/14\/video-torcida-do-fluminense-ofende-neymar-no-estadio-do-maracana\/#primaryimage\",\"url\":\"https:\/\/www.gaveanews.com\/wp-content\/uploads\/Torcida-do-Fluminense-durante-partida-no-Maracana.webp\",\"contentUrl\":\"https:\/\/www.gaveanews.com\/wp-content\/uploads\/Torcida-do-Fluminense-durante-partida-no-Maracana.webp\",\"width\":1236,\"height\":1066,\"caption\":\"Torcida do Fluminense durante partida no Maracan\u00e3 (Foto: Reprodu\u00e7\u00e3o\/Fluminense)\"},{\"@type\":\"BreadcrumbList\",\"@id\":\"https:\/\/www.gaveanews.com\/index.php\/2025\/04\/14\/video-torcida-do-fluminense-ofende-neymar-no-estadio-do-maracana\/#breadcrumb\",\"itemListElement\":[{\"@type\":\"ListItem\",\"position\":1,\"name\":\"Home\",\"item\":\"https:\/\/www.gaveanews.com\/\"},{\"@type\":\"ListItem\",\"position\":2,\"name\":\"V\u00eddeo: torcida do Fluminense ofende Neymar no est\u00e1dio do Maracan\u00e3\"}]},{\"@type\":\"WebSite\",\"@id\":\"https:\/\/www.gaveanews.com\/#website\",\"url\":\"https:\/\/www.gaveanews.com\/\",\"name\":\"G\u00e1vea News\",\"description\":\"Veja todas as not\u00edcias sobre o Flamengo: Contrata\u00e7\u00f5es, categorias de base, resultados das partidas, tabela de classifica\u00e7\u00e3o, pr\u00f3ximos jogos!\",\"potentialAction\":[{\"@type\":\"SearchAction\",\"target\":{\"@type\":\"EntryPoint\",\"urlTemplate\":\"https:\/\/www.gaveanews.com\/?s={search_term_string}\"},\"query-input\":{\"@type\":\"PropertyValueSpecification\",\"valueRequired\":true,\"valueName\":\"search_term_string\"}}],\"inLanguage\":\"pt-BR\"},{\"@type\":\"Person\",\"@id\":\"https:\/\/www.gaveanews.com\/#\/schema\/person\/3b19f7288b0ce20372991275e4f2e6c2\",\"name\":\"Ana Teixeira\",\"image\":{\"@type\":\"ImageObject\",\"inLanguage\":\"pt-BR\",\"@id\":\"https:\/\/www.gaveanews.com\/#\/schema\/person\/image\/\",\"url\":\"https:\/\/secure.gravatar.com\/avatar\/0a73f5a5258f3fed37fc2fa641892f3f7a4748456d4d4792f9bc550e6c19e06c?s=96&d=mm&r=g\",\"contentUrl\":\"https:\/\/secure.gravatar.com\/avatar\/0a73f5a5258f3fed37fc2fa641892f3f7a4748456d4d4792f9bc550e6c19e06c?s=96&d=mm&r=g\",\"caption\":\"Ana Teixeira\"}}]}<\/script>\n<!-- \/ Yoast SEO Premium plugin. -->","yoast_head_json":{"title":"V\u00eddeo: torcida do Fluminense ofende Neymar no est\u00e1dio do Maracan\u00e3","robots":{"index":"index","follow":"follow","max-snippet":"max-snippet:-1","max-image-preview":"max-image-preview:large","max-video-preview":"max-video-preview:-1"},"canonical":"https:\/\/www.gaveanews.com\/index.php\/2025\/04\/14\/video-torcida-do-fluminense-ofende-neymar-no-estadio-do-maracana\/","og_locale":"pt_BR","og_type":"article","og_title":"V\u00eddeo: torcida do Fluminense ofende Neymar no est\u00e1dio do Maracan\u00e3","og_description":"O retorno de Neymar ao Campeonato Brasileiro ficou marcado por um epis\u00f3dio de hostilidade no Maracan\u00e3. No domingo (13), durante a partida entre Fluminense e Santos, v\u00e1lida pela terceira rodada do Brasileir\u00e3o, o camisa 10 da equipe paulista foi alvo de vaias e xingamentos por parte dos cerca de 40 mil tricolores que marcaram presen\u00e7a [&hellip;]","og_url":"https:\/\/www.gaveanews.com\/index.php\/2025\/04\/14\/video-torcida-do-fluminense-ofende-neymar-no-estadio-do-maracana\/","og_site_name":"G\u00e1vea News","article_publisher":"https:\/\/facebook.com\/gaveaNews\/","article_published_time":"2025-04-14T12:00:00+00:00","og_image":[{"width":1236,"height":1066,"url":"http:\/\/www.gaveanews.com\/wp-content\/uploads\/Torcida-do-Fluminense-durante-partida-no-Maracana.webp","type":"image\/jpeg"}],"author":"Ana Teixeira","twitter_card":"summary_large_image","twitter_misc":{"Escrito por":"Ana Teixeira","Est. tempo de leitura":"3 minutos"},"schema":{"@context":"https:\/\/schema.org","@graph":[{"@type":"NewsArticle","@id":"https:\/\/www.gaveanews.com\/index.php\/2025\/04\/14\/video-torcida-do-fluminense-ofende-neymar-no-estadio-do-maracana\/#article","isPartOf":{"@id":"https:\/\/www.gaveanews.com\/index.php\/2025\/04\/14\/video-torcida-do-fluminense-ofende-neymar-no-estadio-do-maracana\/"},"author":{"name":"Ana Teixeira","@id":"https:\/\/www.gaveanews.com\/#\/schema\/person\/3b19f7288b0ce20372991275e4f2e6c2"},"headline":"V\u00eddeo: torcida do Fluminense ofende Neymar no est\u00e1dio do Maracan\u00e3","datePublished":"2025-04-14T12:00:00+00:00","mainEntityOfPage":{"@id":"https:\/\/www.gaveanews.com\/index.php\/2025\/04\/14\/video-torcida-do-fluminense-ofende-neymar-no-estadio-do-maracana\/"},"wordCount":452,"commentCount":0,"image":{"@id":"https:\/\/www.gaveanews.com\/index.php\/2025\/04\/14\/video-torcida-do-fluminense-ofende-neymar-no-estadio-do-maracana\/#primaryimage"},"thumbnailUrl":"https:\/\/www.gaveanews.com\/wp-content\/uploads\/Torcida-do-Fluminense-durante-partida-no-Maracana.webp","articleSection":["Brasileir\u00e3o","Fluminense","Santos"],"inLanguage":"pt-BR","potentialAction":[{"@type":"CommentAction","name":"Comment","target":["https:\/\/www.gaveanews.com\/index.php\/2025\/04\/14\/video-torcida-do-fluminense-ofende-neymar-no-estadio-do-maracana\/#respond"]}],"copyrightYear":"2025","copyrightHolder":{"@id":"https:\/\/www.gaveanews.com\/#organization"}},{"@type":"WebPage","@id":"https:\/\/www.gaveanews.com\/index.php\/2025\/04\/14\/video-torcida-do-fluminense-ofende-neymar-no-estadio-do-maracana\/","url":"https:\/\/www.gaveanews.com\/index.php\/2025\/04\/14\/video-torcida-do-fluminense-ofende-neymar-no-estadio-do-maracana\/","name":"V\u00eddeo: torcida do Fluminense ofende Neymar no est\u00e1dio do Maracan\u00e3","isPartOf":{"@id":"https:\/\/www.gaveanews.com\/#website"},"primaryImageOfPage":{"@id":"https:\/\/www.gaveanews.com\/index.php\/2025\/04\/14\/video-torcida-do-fluminense-ofende-neymar-no-estadio-do-maracana\/#primaryimage"},"image":{"@id":"https:\/\/www.gaveanews.com\/index.php\/2025\/04\/14\/video-torcida-do-fluminense-ofende-neymar-no-estadio-do-maracana\/#primaryimage"},"thumbnailUrl":"https:\/\/www.gaveanews.com\/wp-content\/uploads\/Torcida-do-Fluminense-durante-partida-no-Maracana.webp","datePublished":"2025-04-14T12:00:00+00:00","author":{"@id":"https:\/\/www.gaveanews.com\/#\/schema\/person\/3b19f7288b0ce20372991275e4f2e6c2"},"breadcrumb":{"@id":"https:\/\/www.gaveanews.com\/index.php\/2025\/04\/14\/video-torcida-do-fluminense-ofende-neymar-no-estadio-do-maracana\/#breadcrumb"},"inLanguage":"pt-BR","potentialAction":[{"@type":"ReadAction","target":["https:\/\/www.gaveanews.com\/index.php\/2025\/04\/14\/video-torcida-do-fluminense-ofende-neymar-no-estadio-do-maracana\/"]}]},{"@type":"ImageObject","inLanguage":"pt-BR","@id":"https:\/\/www.gaveanews.com\/index.php\/2025\/04\/14\/video-torcida-do-fluminense-ofende-neymar-no-estadio-do-maracana\/#primaryimage","url":"https:\/\/www.gaveanews.com\/wp-content\/uploads\/Torcida-do-Fluminense-durante-partida-no-Maracana.webp","contentUrl":"https:\/\/www.gaveanews.com\/wp-content\/uploads\/Torcida-do-Fluminense-durante-partida-no-Maracana.webp","width":1236,"height":1066,"caption":"Torcida do Fluminense durante partida no Maracan\u00e3 (Foto: Reprodu\u00e7\u00e3o\/Fluminense)"},{"@type":"BreadcrumbList","@id":"https:\/\/www.gaveanews.com\/index.php\/2025\/04\/14\/video-torcida-do-fluminense-ofende-neymar-no-estadio-do-maracana\/#breadcrumb","itemListElement":[{"@type":"ListItem","position":1,"name":"Home","item":"https:\/\/www.gaveanews.com\/"},{"@type":"ListItem","position":2,"name":"V\u00eddeo: torcida do Fluminense ofende Neymar no est\u00e1dio do Maracan\u00e3"}]},{"@type":"WebSite","@id":"https:\/\/www.gaveanews.com\/#website","url":"https:\/\/www.gaveanews.com\/","name":"G\u00e1vea News","description":"Veja todas as not\u00edcias sobre o Flamengo: Contrata\u00e7\u00f5es, categorias de base, resultados das partidas, tabela de classifica\u00e7\u00e3o, pr\u00f3ximos jogos!","potentialAction":[{"@type":"SearchAction","target":{"@type":"EntryPoint","urlTemplate":"https:\/\/www.gaveanews.com\/?s={search_term_string}"},"query-input":{"@type":"PropertyValueSpecification","valueRequired":true,"valueName":"search_term_string"}}],"inLanguage":"pt-BR"},{"@type":"Person","@id":"https:\/\/www.gaveanews.com\/#\/schema\/person\/3b19f7288b0ce20372991275e4f2e6c2","name":"Ana Teixeira","image":{"@type":"ImageObject","inLanguage":"pt-BR","@id":"https:\/\/www.gaveanews.com\/#\/schema\/person\/image\/","url":"https:\/\/secure.gravatar.com\/avatar\/0a73f5a5258f3fed37fc2fa641892f3f7a4748456d4d4792f9bc550e6c19e06c?s=96&d=mm&r=g","contentUrl":"https:\/\/secure.gravatar.com\/avatar\/0a73f5a5258f3fed37fc2fa641892f3f7a4748456d4d4792f9bc550e6c19e06c?s=96&d=mm&r=g","caption":"Ana Teixeira"}}]}},"_links":{"self":[{"href":"https:\/\/www.gaveanews.com\/index.php\/wp-json\/wp\/v2\/posts\/253167","targetHints":{"allow":["GET"]}}],"collection":[{"href":"https:\/\/www.gaveanews.com\/index.php\/wp-json\/wp\/v2\/posts"}],"about":[{"href":"https:\/\/www.gaveanews.com\/index.php\/wp-json\/wp\/v2\/types\/post"}],"author":[{"embeddable":true,"href":"https:\/\/www.gaveanews.com\/index.php\/wp-json\/wp\/v2\/users\/30"}],"replies":[{"embeddable":true,"href":"https:\/\/www.gaveanews.com\/index.php\/wp-json\/wp\/v2\/comments?post=253167"}],"version-history":[{"count":1,"href":"https:\/\/www.gaveanews.com\/index.php\/wp-json\/wp\/v2\/posts\/253167\/revisions"}],"predecessor-version":[{"id":253173,"href":"https:\/\/www.gaveanews.com\/index.php\/wp-json\/wp\/v2\/posts\/253167\/revisions\/253173"}],"wp:featuredmedia":[{"embeddable":true,"href":"https:\/\/www.gaveanews.com\/index.php\/wp-json\/wp\/v2\/media\/155883"}],"wp:attachment":[{"href":"https:\/\/www.gaveanews.com\/index.php\/wp-json\/wp\/v2\/media?parent=253167"}],"wp:term":[{"taxonomy":"category","embeddable":true,"href":"https:\/\/www.gaveanews.com\/index.php\/wp-json\/wp\/v2\/categories?post=253167"},{"taxonomy":"post_tag","embeddable":true,"href":"https:\/\/www.gaveanews.com\/index.php\/wp-json\/wp\/v2\/tags?post=253167"}],"curies":[{"name":"wp","href":"https:\/\/api.w.org\/{rel}","templated":true}]}}