{"id":253174,"date":"2025-04-14T09:30:00","date_gmt":"2025-04-14T12:30:00","guid":{"rendered":"https:\/\/www.gaveanews.com\/?p=253174"},"modified":"2025-04-14T09:27:53","modified_gmt":"2025-04-14T12:27:53","slug":"video-a-cobranca-de-rogerio-ceni-direcionada-aos-jogadores-do-bahia","status":"publish","type":"post","link":"https:\/\/www.gaveanews.com\/index.php\/2025\/04\/14\/video-a-cobranca-de-rogerio-ceni-direcionada-aos-jogadores-do-bahia\/","title":{"rendered":"V\u00eddeo: a cobran\u00e7a de Rog\u00e9rio Ceni direcionada aos jogadores do Bahia"},"content":{"rendered":"\n<p>O Bahia n\u00e3o conseguiu superar o Mirassol na Arena Fonte Nova e apenas empatou em 1 a 1 na tarde de domingo (13), pela terceira rodada do Campeonato Brasileiro. O resultado mant\u00e9m o Tricolor sem vit\u00f3rias na competi\u00e7\u00e3o e acendeu o sinal de alerta no clube. Ap\u00f3s o apito final, o t\u00e9cnico Rog\u00e9rio Ceni fez duras cr\u00edticas \u00e0 postura da equipe, especialmente nos minutos iniciais da partida.<\/p>\n\n\n\n<p>Logo nos primeiros momentos do jogo, o Bahia demonstrou dificuldades, principalmente na sa\u00edda de bola. Segundo Ceni, o advers\u00e1rio pressionou com efici\u00eancia, comprometendo a constru\u00e7\u00e3o de jogadas: \u201cNos primeiros 15 minutos n\u00e3o conseguimos jogar\u201d, afirmou. Ainda de acordo com o t\u00e9cnico, a equipe sofreu com chut\u00f5es e desarmes sucessivos, o que impediu a organiza\u00e7\u00e3o ofensiva desejada. \u201cPrecisamos ser pr\u00e1ticos e objetivos\u201d, completou.<\/p>\n\n\n\n<p>A equipe visitante abriu o placar com Gabriel, e Erick Pulga empatou ainda na etapa inicial. Na sequ\u00eancia, o Tricolor chegou a virar o jogo com um gol de David Duarte, mas o lance foi anulado por impedimento.<\/p>\n\n\n\n<h3 class=\"wp-block-heading\" id=\"h-avaliacao-do-desempenho-e-criticas-contundentes\">Avalia\u00e7\u00e3o do desempenho e cr\u00edticas contundentes<\/h3>\n\n\n\n<p>Ceni foi direto ao comentar sobre o desempenho do elenco. \u201cOs primeiros 20, 30 minutos s\u00e3o os piores que jogamos esse ano\u201d, declarou. O treinador ainda fez um paralelo com a atua\u00e7\u00e3o anterior contra o Nacional (URU), pela Libertadores, classificando a postura diante do Mirassol como ap\u00e1tica. \u201cA gente n\u00e3o pode buscar um resultado expressivo no Uruguai e se acomodar no jogo seguinte\u201d, desabafou.<\/p>\n\n\n\n<p>Ali\u00e1s, o t\u00e9cnico tamb\u00e9m citou um lance espec\u00edfico para exemplificar a falta de foco da equipe: uma tentativa de caneta feita por Luciano Juba nos minutos iniciais. Para Ceni, atitudes como essa refletem a aus\u00eancia de seriedade. \u201cDar caneta, isso n\u00e3o \u00e9&#8230;\u201d, criticou, indicando que faltou concentra\u00e7\u00e3o e comprometimento com o estilo de jogo proposto.<\/p>\n\n\n\n<blockquote class=\"tiktok-embed\" cite=\"https:\/\/www.tiktok.com\/@geglobo\/video\/7492934039834217734\" data-video-id=\"7492934039834217734\" style=\"max-width: 605px;min-width: 325px;\" > <section> <a target=\"_blank\" title=\"@geglobo\" href=\"https:\/\/www.tiktok.com\/@geglobo?refer=embed\">@geglobo<\/a> Rog\u00e9rio Ceni lamentou a postura do time do Bahia no in\u00edcio do jogo contra o Mirassol, que acabou 1 a 1: &#34;A gente n\u00e3o pode ir pro Uruguai, conseguir um resultado expressivo, que fica pra hist\u00f3ria, e se acomodar no jogo seguinte&#34; <a title=\"futebol\" target=\"_blank\" href=\"https:\/\/www.tiktok.com\/tag\/futebol?refer=embed\">#futebol<\/a> <a title=\"bahia\" target=\"_blank\" href=\"https:\/\/www.tiktok.com\/tag\/bahia?refer=embed\">#bahia<\/a> <a title=\"mirassol\" target=\"_blank\" href=\"https:\/\/www.tiktok.com\/tag\/mirassol?refer=embed\">#mirassol<\/a> <a title=\"brasileirao\" target=\"_blank\" href=\"https:\/\/www.tiktok.com\/tag\/brasileirao?refer=embed\">#brasileirao<\/a> <a title=\"tiktokesportes\" target=\"_blank\" href=\"https:\/\/www.tiktok.com\/tag\/tiktokesportes?refer=embed\">#tiktokesportes<\/a> <a target=\"_blank\" title=\"\u266c som original  - geglobo\" href=\"https:\/\/www.tiktok.com\/music\/som-original-geglobo-7492934088141916934?refer=embed\">\u266c som original  &#8211; geglobo<\/a> <\/section> <\/blockquote> <script async src=\"https:\/\/www.tiktok.com\/embed.js\"><\/script>\n\n\n\n<h2 class=\"wp-block-heading\" id=\"h-lesao-problemas-no-setor-defensivo\">Les\u00e3o problemas no setor defensivo<\/h2>\n\n\n\n<p>Outro ponto que preocupa o treinador \u00e9 a situa\u00e7\u00e3o de Kanu, que se lesionou aos 10 minutos de partida e deixou o gramado de maca. Ceni revelou que o zagueiro pode ter sofrido uma les\u00e3o muscular na panturrilha e, com isso, aumenta a lista de desfalques no setor defensivo, que j\u00e1 conta com Gabriel Xavier. \u201cVamos ter que encontrar solu\u00e7\u00f5es, seja improvisa\u00e7\u00e3o ou garoto das categorias de base\u201d, comentou, citando os nomes de Fredi e Kau\u00e3 como poss\u00edveis alternativas.<\/p>\n\n\n\n<h2 class=\"wp-block-heading\" id=\"h-cansaco-desgaste-e-sequencia-de-jogos\">Cansa\u00e7o, desgaste e sequ\u00eancia de jogos<\/h2>\n\n\n\n<p>Ceni tamb\u00e9m abordou o desgaste f\u00edsico do elenco, que j\u00e1 soma 24 jogos desde janeiro. \u201cEntrar no avi\u00e3o, vai jogar, descansa um dia&#8230; Puxado\u201d, desabafou. Para o t\u00e9cnico, o alto n\u00famero de partidas tem influenciado diretamente no rendimento, especialmente na reta final dos confrontos. \u201cO atleta precisa de energia para chegar ao final do jogo com condi\u00e7\u00f5es de tomar boas decis\u00f5es\u201d, destacou.<\/p>\n\n\n\n<h2 class=\"wp-block-heading\" id=\"h-estatisticas-e-expectativa-para-o-proximo-desafio\">Estat\u00edsticas e expectativa para o pr\u00f3ximo desafio<\/h2>\n\n\n\n<p>Apesar do empate, o Bahia apresentou superioridade nos n\u00fameros. A equipe finalizou tr\u00eas vezes mais que o Mirassol e teve uma expectativa de gols tr\u00eas vezes maior. Ainda assim, Ceni reconheceu a qualidade do advers\u00e1rio. \u201cO Mirassol \u00e9 uma equipe boa, organizada, sabe o que fazer com a bola\u201d, analisou. Contudo, refor\u00e7ou que a m\u00e1 postura inicial foi determinante para o resultado.<\/p>\n\n\n\n<p>O pr\u00f3ximo compromisso do Tricolor est\u00e1 marcado para quinta-feira (17), \u00e0s 21h30, contra o Cruzeiro, no Mineir\u00e3o. A partida ser\u00e1 v\u00e1lida pela quarta rodada do Brasileir\u00e3o e pode ser crucial para mudar o cen\u00e1rio da equipe na competi\u00e7\u00e3o.<\/p>\n","protected":false},"excerpt":{"rendered":"<p>O Bahia n\u00e3o conseguiu superar o Mirassol na Arena Fonte Nova e apenas empatou em 1 a 1 na tarde de domingo (13), pela terceira rodada do Campeonato Brasileiro. O resultado mant\u00e9m o Tricolor sem vit\u00f3rias na competi\u00e7\u00e3o e acendeu o sinal de alerta no clube. Ap\u00f3s o apito final, o t\u00e9cnico Rog\u00e9rio Ceni fez [&hellip;]<\/p>\n","protected":false},"author":30,"featured_media":148504,"comment_status":"open","ping_status":"closed","sticky":false,"template":"","format":"standard","meta":{"footnotes":""},"categories":[137,133],"tags":[],"class_list":["post-253174","post","type-post","status-publish","format-standard","has-post-thumbnail","hentry","category-bahia","category-brasileirao"],"yoast_head":"<!-- This site is optimized with the Yoast SEO Premium plugin v24.2 (Yoast SEO v26.9) - https:\/\/yoast.com\/product\/yoast-seo-premium-wordpress\/ -->\n<title>V\u00eddeo: a cobran\u00e7a de Rog\u00e9rio Ceni direcionada aos jogadores do Bahia<\/title>\n<meta name=\"robots\" content=\"index, follow, max-snippet:-1, max-image-preview:large, max-video-preview:-1\" \/>\n<link rel=\"canonical\" href=\"https:\/\/www.gaveanews.com\/index.php\/2025\/04\/14\/video-a-cobranca-de-rogerio-ceni-direcionada-aos-jogadores-do-bahia\/\" \/>\n<meta property=\"og:locale\" content=\"pt_BR\" \/>\n<meta property=\"og:type\" content=\"article\" \/>\n<meta property=\"og:title\" content=\"V\u00eddeo: a cobran\u00e7a de Rog\u00e9rio Ceni direcionada aos jogadores do Bahia\" \/>\n<meta property=\"og:description\" content=\"O Bahia n\u00e3o conseguiu superar o Mirassol na Arena Fonte Nova e apenas empatou em 1 a 1 na tarde de domingo (13), pela terceira rodada do Campeonato Brasileiro. O resultado mant\u00e9m o Tricolor sem vit\u00f3rias na competi\u00e7\u00e3o e acendeu o sinal de alerta no clube. Ap\u00f3s o apito final, o t\u00e9cnico Rog\u00e9rio Ceni fez [&hellip;]\" \/>\n<meta property=\"og:url\" content=\"https:\/\/www.gaveanews.com\/index.php\/2025\/04\/14\/video-a-cobranca-de-rogerio-ceni-direcionada-aos-jogadores-do-bahia\/\" \/>\n<meta property=\"og:site_name\" content=\"G\u00e1vea News\" \/>\n<meta property=\"article:publisher\" content=\"https:\/\/facebook.com\/gaveaNews\/\" \/>\n<meta property=\"article:published_time\" content=\"2025-04-14T12:30:00+00:00\" \/>\n<meta property=\"og:image\" content=\"https:\/\/www.gaveanews.com\/wp-content\/uploads\/Rogerio-Ceni-tecnico-do-Bahia-em-entrevista-coletiva-apos-o-classico-contra-o-Vitoria.webp\" \/>\n\t<meta property=\"og:image:width\" content=\"874\" \/>\n\t<meta property=\"og:image:height\" content=\"463\" \/>\n\t<meta property=\"og:image:type\" content=\"image\/webp\" \/>\n<meta name=\"author\" content=\"Ana Teixeira\" \/>\n<meta name=\"twitter:card\" content=\"summary_large_image\" \/>\n<meta name=\"twitter:label1\" content=\"Escrito por\" \/>\n\t<meta name=\"twitter:data1\" content=\"Ana Teixeira\" \/>\n\t<meta name=\"twitter:label2\" content=\"Est. tempo de leitura\" \/>\n\t<meta name=\"twitter:data2\" content=\"4 minutos\" \/>\n<script type=\"application\/ld+json\" class=\"yoast-schema-graph\">{\"@context\":\"https:\/\/schema.org\",\"@graph\":[{\"@type\":\"NewsArticle\",\"@id\":\"https:\/\/www.gaveanews.com\/index.php\/2025\/04\/14\/video-a-cobranca-de-rogerio-ceni-direcionada-aos-jogadores-do-bahia\/#article\",\"isPartOf\":{\"@id\":\"https:\/\/www.gaveanews.com\/index.php\/2025\/04\/14\/video-a-cobranca-de-rogerio-ceni-direcionada-aos-jogadores-do-bahia\/\"},\"author\":{\"name\":\"Ana Teixeira\",\"@id\":\"https:\/\/www.gaveanews.com\/#\/schema\/person\/3b19f7288b0ce20372991275e4f2e6c2\"},\"headline\":\"V\u00eddeo: a cobran\u00e7a de Rog\u00e9rio Ceni direcionada aos jogadores do Bahia\",\"datePublished\":\"2025-04-14T12:30:00+00:00\",\"mainEntityOfPage\":{\"@id\":\"https:\/\/www.gaveanews.com\/index.php\/2025\/04\/14\/video-a-cobranca-de-rogerio-ceni-direcionada-aos-jogadores-do-bahia\/\"},\"wordCount\":665,\"commentCount\":0,\"image\":{\"@id\":\"https:\/\/www.gaveanews.com\/index.php\/2025\/04\/14\/video-a-cobranca-de-rogerio-ceni-direcionada-aos-jogadores-do-bahia\/#primaryimage\"},\"thumbnailUrl\":\"https:\/\/www.gaveanews.com\/wp-content\/uploads\/Rogerio-Ceni-tecnico-do-Bahia-em-entrevista-coletiva-apos-o-classico-contra-o-Vitoria.webp\",\"articleSection\":[\"Bahia\",\"Brasileir\u00e3o\"],\"inLanguage\":\"pt-BR\",\"potentialAction\":[{\"@type\":\"CommentAction\",\"name\":\"Comment\",\"target\":[\"https:\/\/www.gaveanews.com\/index.php\/2025\/04\/14\/video-a-cobranca-de-rogerio-ceni-direcionada-aos-jogadores-do-bahia\/#respond\"]}],\"copyrightYear\":\"2025\",\"copyrightHolder\":{\"@id\":\"https:\/\/www.gaveanews.com\/#organization\"}},{\"@type\":\"WebPage\",\"@id\":\"https:\/\/www.gaveanews.com\/index.php\/2025\/04\/14\/video-a-cobranca-de-rogerio-ceni-direcionada-aos-jogadores-do-bahia\/\",\"url\":\"https:\/\/www.gaveanews.com\/index.php\/2025\/04\/14\/video-a-cobranca-de-rogerio-ceni-direcionada-aos-jogadores-do-bahia\/\",\"name\":\"V\u00eddeo: a cobran\u00e7a de Rog\u00e9rio Ceni direcionada aos jogadores do Bahia\",\"isPartOf\":{\"@id\":\"https:\/\/www.gaveanews.com\/#website\"},\"primaryImageOfPage\":{\"@id\":\"https:\/\/www.gaveanews.com\/index.php\/2025\/04\/14\/video-a-cobranca-de-rogerio-ceni-direcionada-aos-jogadores-do-bahia\/#primaryimage\"},\"image\":{\"@id\":\"https:\/\/www.gaveanews.com\/index.php\/2025\/04\/14\/video-a-cobranca-de-rogerio-ceni-direcionada-aos-jogadores-do-bahia\/#primaryimage\"},\"thumbnailUrl\":\"https:\/\/www.gaveanews.com\/wp-content\/uploads\/Rogerio-Ceni-tecnico-do-Bahia-em-entrevista-coletiva-apos-o-classico-contra-o-Vitoria.webp\",\"datePublished\":\"2025-04-14T12:30:00+00:00\",\"author\":{\"@id\":\"https:\/\/www.gaveanews.com\/#\/schema\/person\/3b19f7288b0ce20372991275e4f2e6c2\"},\"breadcrumb\":{\"@id\":\"https:\/\/www.gaveanews.com\/index.php\/2025\/04\/14\/video-a-cobranca-de-rogerio-ceni-direcionada-aos-jogadores-do-bahia\/#breadcrumb\"},\"inLanguage\":\"pt-BR\",\"potentialAction\":[{\"@type\":\"ReadAction\",\"target\":[\"https:\/\/www.gaveanews.com\/index.php\/2025\/04\/14\/video-a-cobranca-de-rogerio-ceni-direcionada-aos-jogadores-do-bahia\/\"]}]},{\"@type\":\"ImageObject\",\"inLanguage\":\"pt-BR\",\"@id\":\"https:\/\/www.gaveanews.com\/index.php\/2025\/04\/14\/video-a-cobranca-de-rogerio-ceni-direcionada-aos-jogadores-do-bahia\/#primaryimage\",\"url\":\"https:\/\/www.gaveanews.com\/wp-content\/uploads\/Rogerio-Ceni-tecnico-do-Bahia-em-entrevista-coletiva-apos-o-classico-contra-o-Vitoria.webp\",\"contentUrl\":\"https:\/\/www.gaveanews.com\/wp-content\/uploads\/Rogerio-Ceni-tecnico-do-Bahia-em-entrevista-coletiva-apos-o-classico-contra-o-Vitoria.webp\",\"width\":874,\"height\":463,\"caption\":\"Rog\u00e9rio Ceni - Foto: Let\u00edcia Martins \/ EC Bahia\"},{\"@type\":\"BreadcrumbList\",\"@id\":\"https:\/\/www.gaveanews.com\/index.php\/2025\/04\/14\/video-a-cobranca-de-rogerio-ceni-direcionada-aos-jogadores-do-bahia\/#breadcrumb\",\"itemListElement\":[{\"@type\":\"ListItem\",\"position\":1,\"name\":\"Home\",\"item\":\"https:\/\/www.gaveanews.com\/\"},{\"@type\":\"ListItem\",\"position\":2,\"name\":\"V\u00eddeo: a cobran\u00e7a de Rog\u00e9rio Ceni direcionada aos jogadores do Bahia\"}]},{\"@type\":\"WebSite\",\"@id\":\"https:\/\/www.gaveanews.com\/#website\",\"url\":\"https:\/\/www.gaveanews.com\/\",\"name\":\"G\u00e1vea News\",\"description\":\"Veja todas as not\u00edcias sobre o Flamengo: Contrata\u00e7\u00f5es, categorias de base, resultados das partidas, tabela de classifica\u00e7\u00e3o, pr\u00f3ximos jogos!\",\"potentialAction\":[{\"@type\":\"SearchAction\",\"target\":{\"@type\":\"EntryPoint\",\"urlTemplate\":\"https:\/\/www.gaveanews.com\/?s={search_term_string}\"},\"query-input\":{\"@type\":\"PropertyValueSpecification\",\"valueRequired\":true,\"valueName\":\"search_term_string\"}}],\"inLanguage\":\"pt-BR\"},{\"@type\":\"Person\",\"@id\":\"https:\/\/www.gaveanews.com\/#\/schema\/person\/3b19f7288b0ce20372991275e4f2e6c2\",\"name\":\"Ana Teixeira\",\"image\":{\"@type\":\"ImageObject\",\"inLanguage\":\"pt-BR\",\"@id\":\"https:\/\/www.gaveanews.com\/#\/schema\/person\/image\/\",\"url\":\"https:\/\/secure.gravatar.com\/avatar\/0a73f5a5258f3fed37fc2fa641892f3f7a4748456d4d4792f9bc550e6c19e06c?s=96&d=mm&r=g\",\"contentUrl\":\"https:\/\/secure.gravatar.com\/avatar\/0a73f5a5258f3fed37fc2fa641892f3f7a4748456d4d4792f9bc550e6c19e06c?s=96&d=mm&r=g\",\"caption\":\"Ana Teixeira\"}}]}<\/script>\n<!-- \/ Yoast SEO Premium plugin. -->","yoast_head_json":{"title":"V\u00eddeo: a cobran\u00e7a de Rog\u00e9rio Ceni direcionada aos jogadores do Bahia","robots":{"index":"index","follow":"follow","max-snippet":"max-snippet:-1","max-image-preview":"max-image-preview:large","max-video-preview":"max-video-preview:-1"},"canonical":"https:\/\/www.gaveanews.com\/index.php\/2025\/04\/14\/video-a-cobranca-de-rogerio-ceni-direcionada-aos-jogadores-do-bahia\/","og_locale":"pt_BR","og_type":"article","og_title":"V\u00eddeo: a cobran\u00e7a de Rog\u00e9rio Ceni direcionada aos jogadores do Bahia","og_description":"O Bahia n\u00e3o conseguiu superar o Mirassol na Arena Fonte Nova e apenas empatou em 1 a 1 na tarde de domingo (13), pela terceira rodada do Campeonato Brasileiro. O resultado mant\u00e9m o Tricolor sem vit\u00f3rias na competi\u00e7\u00e3o e acendeu o sinal de alerta no clube. Ap\u00f3s o apito final, o t\u00e9cnico Rog\u00e9rio Ceni fez [&hellip;]","og_url":"https:\/\/www.gaveanews.com\/index.php\/2025\/04\/14\/video-a-cobranca-de-rogerio-ceni-direcionada-aos-jogadores-do-bahia\/","og_site_name":"G\u00e1vea News","article_publisher":"https:\/\/facebook.com\/gaveaNews\/","article_published_time":"2025-04-14T12:30:00+00:00","og_image":[{"width":874,"height":463,"url":"https:\/\/www.gaveanews.com\/wp-content\/uploads\/Rogerio-Ceni-tecnico-do-Bahia-em-entrevista-coletiva-apos-o-classico-contra-o-Vitoria.webp","type":"image\/webp"}],"author":"Ana Teixeira","twitter_card":"summary_large_image","twitter_misc":{"Escrito por":"Ana Teixeira","Est. tempo de leitura":"4 minutos"},"schema":{"@context":"https:\/\/schema.org","@graph":[{"@type":"NewsArticle","@id":"https:\/\/www.gaveanews.com\/index.php\/2025\/04\/14\/video-a-cobranca-de-rogerio-ceni-direcionada-aos-jogadores-do-bahia\/#article","isPartOf":{"@id":"https:\/\/www.gaveanews.com\/index.php\/2025\/04\/14\/video-a-cobranca-de-rogerio-ceni-direcionada-aos-jogadores-do-bahia\/"},"author":{"name":"Ana Teixeira","@id":"https:\/\/www.gaveanews.com\/#\/schema\/person\/3b19f7288b0ce20372991275e4f2e6c2"},"headline":"V\u00eddeo: a cobran\u00e7a de Rog\u00e9rio Ceni direcionada aos jogadores do Bahia","datePublished":"2025-04-14T12:30:00+00:00","mainEntityOfPage":{"@id":"https:\/\/www.gaveanews.com\/index.php\/2025\/04\/14\/video-a-cobranca-de-rogerio-ceni-direcionada-aos-jogadores-do-bahia\/"},"wordCount":665,"commentCount":0,"image":{"@id":"https:\/\/www.gaveanews.com\/index.php\/2025\/04\/14\/video-a-cobranca-de-rogerio-ceni-direcionada-aos-jogadores-do-bahia\/#primaryimage"},"thumbnailUrl":"https:\/\/www.gaveanews.com\/wp-content\/uploads\/Rogerio-Ceni-tecnico-do-Bahia-em-entrevista-coletiva-apos-o-classico-contra-o-Vitoria.webp","articleSection":["Bahia","Brasileir\u00e3o"],"inLanguage":"pt-BR","potentialAction":[{"@type":"CommentAction","name":"Comment","target":["https:\/\/www.gaveanews.com\/index.php\/2025\/04\/14\/video-a-cobranca-de-rogerio-ceni-direcionada-aos-jogadores-do-bahia\/#respond"]}],"copyrightYear":"2025","copyrightHolder":{"@id":"https:\/\/www.gaveanews.com\/#organization"}},{"@type":"WebPage","@id":"https:\/\/www.gaveanews.com\/index.php\/2025\/04\/14\/video-a-cobranca-de-rogerio-ceni-direcionada-aos-jogadores-do-bahia\/","url":"https:\/\/www.gaveanews.com\/index.php\/2025\/04\/14\/video-a-cobranca-de-rogerio-ceni-direcionada-aos-jogadores-do-bahia\/","name":"V\u00eddeo: a cobran\u00e7a de Rog\u00e9rio Ceni direcionada aos jogadores do Bahia","isPartOf":{"@id":"https:\/\/www.gaveanews.com\/#website"},"primaryImageOfPage":{"@id":"https:\/\/www.gaveanews.com\/index.php\/2025\/04\/14\/video-a-cobranca-de-rogerio-ceni-direcionada-aos-jogadores-do-bahia\/#primaryimage"},"image":{"@id":"https:\/\/www.gaveanews.com\/index.php\/2025\/04\/14\/video-a-cobranca-de-rogerio-ceni-direcionada-aos-jogadores-do-bahia\/#primaryimage"},"thumbnailUrl":"https:\/\/www.gaveanews.com\/wp-content\/uploads\/Rogerio-Ceni-tecnico-do-Bahia-em-entrevista-coletiva-apos-o-classico-contra-o-Vitoria.webp","datePublished":"2025-04-14T12:30:00+00:00","author":{"@id":"https:\/\/www.gaveanews.com\/#\/schema\/person\/3b19f7288b0ce20372991275e4f2e6c2"},"breadcrumb":{"@id":"https:\/\/www.gaveanews.com\/index.php\/2025\/04\/14\/video-a-cobranca-de-rogerio-ceni-direcionada-aos-jogadores-do-bahia\/#breadcrumb"},"inLanguage":"pt-BR","potentialAction":[{"@type":"ReadAction","target":["https:\/\/www.gaveanews.com\/index.php\/2025\/04\/14\/video-a-cobranca-de-rogerio-ceni-direcionada-aos-jogadores-do-bahia\/"]}]},{"@type":"ImageObject","inLanguage":"pt-BR","@id":"https:\/\/www.gaveanews.com\/index.php\/2025\/04\/14\/video-a-cobranca-de-rogerio-ceni-direcionada-aos-jogadores-do-bahia\/#primaryimage","url":"https:\/\/www.gaveanews.com\/wp-content\/uploads\/Rogerio-Ceni-tecnico-do-Bahia-em-entrevista-coletiva-apos-o-classico-contra-o-Vitoria.webp","contentUrl":"https:\/\/www.gaveanews.com\/wp-content\/uploads\/Rogerio-Ceni-tecnico-do-Bahia-em-entrevista-coletiva-apos-o-classico-contra-o-Vitoria.webp","width":874,"height":463,"caption":"Rog\u00e9rio Ceni - Foto: Let\u00edcia Martins \/ EC Bahia"},{"@type":"BreadcrumbList","@id":"https:\/\/www.gaveanews.com\/index.php\/2025\/04\/14\/video-a-cobranca-de-rogerio-ceni-direcionada-aos-jogadores-do-bahia\/#breadcrumb","itemListElement":[{"@type":"ListItem","position":1,"name":"Home","item":"https:\/\/www.gaveanews.com\/"},{"@type":"ListItem","position":2,"name":"V\u00eddeo: a cobran\u00e7a de Rog\u00e9rio Ceni direcionada aos jogadores do Bahia"}]},{"@type":"WebSite","@id":"https:\/\/www.gaveanews.com\/#website","url":"https:\/\/www.gaveanews.com\/","name":"G\u00e1vea News","description":"Veja todas as not\u00edcias sobre o Flamengo: Contrata\u00e7\u00f5es, categorias de base, resultados das partidas, tabela de classifica\u00e7\u00e3o, pr\u00f3ximos jogos!","potentialAction":[{"@type":"SearchAction","target":{"@type":"EntryPoint","urlTemplate":"https:\/\/www.gaveanews.com\/?s={search_term_string}"},"query-input":{"@type":"PropertyValueSpecification","valueRequired":true,"valueName":"search_term_string"}}],"inLanguage":"pt-BR"},{"@type":"Person","@id":"https:\/\/www.gaveanews.com\/#\/schema\/person\/3b19f7288b0ce20372991275e4f2e6c2","name":"Ana Teixeira","image":{"@type":"ImageObject","inLanguage":"pt-BR","@id":"https:\/\/www.gaveanews.com\/#\/schema\/person\/image\/","url":"https:\/\/secure.gravatar.com\/avatar\/0a73f5a5258f3fed37fc2fa641892f3f7a4748456d4d4792f9bc550e6c19e06c?s=96&d=mm&r=g","contentUrl":"https:\/\/secure.gravatar.com\/avatar\/0a73f5a5258f3fed37fc2fa641892f3f7a4748456d4d4792f9bc550e6c19e06c?s=96&d=mm&r=g","caption":"Ana Teixeira"}}]}},"_links":{"self":[{"href":"https:\/\/www.gaveanews.com\/index.php\/wp-json\/wp\/v2\/posts\/253174","targetHints":{"allow":["GET"]}}],"collection":[{"href":"https:\/\/www.gaveanews.com\/index.php\/wp-json\/wp\/v2\/posts"}],"about":[{"href":"https:\/\/www.gaveanews.com\/index.php\/wp-json\/wp\/v2\/types\/post"}],"author":[{"embeddable":true,"href":"https:\/\/www.gaveanews.com\/index.php\/wp-json\/wp\/v2\/users\/30"}],"replies":[{"embeddable":true,"href":"https:\/\/www.gaveanews.com\/index.php\/wp-json\/wp\/v2\/comments?post=253174"}],"version-history":[{"count":1,"href":"https:\/\/www.gaveanews.com\/index.php\/wp-json\/wp\/v2\/posts\/253174\/revisions"}],"predecessor-version":[{"id":253178,"href":"https:\/\/www.gaveanews.com\/index.php\/wp-json\/wp\/v2\/posts\/253174\/revisions\/253178"}],"wp:featuredmedia":[{"embeddable":true,"href":"https:\/\/www.gaveanews.com\/index.php\/wp-json\/wp\/v2\/media\/148504"}],"wp:attachment":[{"href":"https:\/\/www.gaveanews.com\/index.php\/wp-json\/wp\/v2\/media?parent=253174"}],"wp:term":[{"taxonomy":"category","embeddable":true,"href":"https:\/\/www.gaveanews.com\/index.php\/wp-json\/wp\/v2\/categories?post=253174"},{"taxonomy":"post_tag","embeddable":true,"href":"https:\/\/www.gaveanews.com\/index.php\/wp-json\/wp\/v2\/tags?post=253174"}],"curies":[{"name":"wp","href":"https:\/\/api.w.org\/{rel}","templated":true}]}}