{"id":253176,"date":"2025-04-14T09:25:23","date_gmt":"2025-04-14T12:25:23","guid":{"rendered":"https:\/\/www.gaveanews.com\/?p=253176"},"modified":"2025-04-14T09:25:29","modified_gmt":"2025-04-14T12:25:29","slug":"video-essa-foi-a-declaracao-de-rony-sobre-o-jogo-entre-atletico-mg-x-vitoria","status":"publish","type":"post","link":"https:\/\/www.gaveanews.com\/index.php\/2025\/04\/14\/video-essa-foi-a-declaracao-de-rony-sobre-o-jogo-entre-atletico-mg-x-vitoria\/","title":{"rendered":"V\u00eddeo: essa foi a declara\u00e7\u00e3o de Rony sobre o jogo entre Atl\u00e9tico-MG x Vit\u00f3ria"},"content":{"rendered":"\n<p>O empate entre Atl\u00e9tico-MG e Vit\u00f3ria, no domingo (13), no Mineir\u00e3o, pela 3\u00aa rodada do Campeonato Brasileiro, terminou com o placar de 2 a 2 e um sentimento de insatisfa\u00e7\u00e3o nos bastidores do time mineiro. Ap\u00f3s a partida, o atacante Rony se mostrou visivelmente incomodado com a atua\u00e7\u00e3o da arbitragem. <\/p>\n\n\n\n<p><em>&#8220;\u00c9 imposs\u00edvel n\u00e3o falar dos \u00e1rbitros hoje em dia. Est\u00e1 dando muita faltinha, que muitas das vezes n\u00e3o \u00e9. E \u00e0s vezes \u00e9 falta, ele n\u00e3o est\u00e1 marcando. A gente fala com ele, mas ele meio que ignora, mas faz parte. A gente n\u00e3o controla mais esse tipo de situa\u00e7\u00e3o.&#8221;<\/em><\/p>\n\n\n\n<p>Rony n\u00e3o poupou cr\u00edticas ao comportamento do \u00e1rbitro, destacando a falta de di\u00e1logo e a inconsist\u00eancia nas decis\u00f5es durante o jogo. Ali\u00e1s, o tom adotado pelo jogador reflete uma insatisfa\u00e7\u00e3o coletiva dentro do elenco atleticano, que vem encontrando dificuldades em um in\u00edcio de temporada inst\u00e1vel.<\/p>\n\n\n\n<blockquote class=\"tiktok-embed\" cite=\"https:\/\/www.tiktok.com\/@sportv\/video\/7492958261193264390\" data-video-id=\"7492958261193264390\" style=\"max-width: 605px;min-width: 325px;\" > <section> <a target=\"_blank\" title=\"@sportv\" href=\"https:\/\/www.tiktok.com\/@sportv?refer=embed\">@sportv<\/a> <p>NA BRONCA! \ud83e\udee3 Rony cornetou o \u00e1rbitro durante entrevista no intervalo. Voc\u00eas concordam com o atacante do Galo? \ud83d\udc40 *Cont\u00e9m legenda autom\u00e1tica #BrasileiraoNoSportv #AtleticoMG #Vitoria #BR25 #FutebolBrasileiro<\/p> <a target=\"_blank\" title=\"\u266c som original  - sportv\" href=\"https:\/\/www.tiktok.com\/music\/som-original-sportv-7492958267560282935?refer=embed\">\u266c som original  &#8211; sportv<\/a> <\/section> <\/blockquote> <script async src=\"https:\/\/www.tiktok.com\/embed.js\"><\/script>\n\n\n\n<p>Enquanto o foco imediato foi a arbitragem, o jogo tamb\u00e9m escancarou defici\u00eancias no planejamento do clube para a temporada. Apesar de ter finalizado 32 vezes, o Atl\u00e9tico-MG s\u00f3 conseguiu marcar dois gols, precisando buscar o empate em duas ocasi\u00f5es \u2014 com Fausto Vera e Igor Gomes balan\u00e7ando as redes. A equipe comandada por Cuca ainda n\u00e3o venceu no Brasileir\u00e3o, o que aumenta a press\u00e3o por respostas e mudan\u00e7as urgentes.<\/p>\n\n\n\n<p>O t\u00e9cnico, por sua vez, foi for\u00e7ado a improvisar devido aos desfalques. O jovem Ivan Rom\u00e1n, de apenas 18 anos, estreou como titular na zaga no lugar do suspenso Lyanco. No meio, Fausto Vera substituiu o lesionado Alan Franco. Apesar disso, o desempenho coletivo oscilou. No primeiro tempo, o Atl\u00e9tico concentrou suas a\u00e7\u00f5es ofensivas pelo lado esquerdo, com triangula\u00e7\u00f5es entre Cuello, Arana e Rubens. Contudo, a insist\u00eancia n\u00e3o se traduziu em chances claras.<\/p>\n\n\n\n<p>O Vit\u00f3ria soube aproveitar os espa\u00e7os, especialmente em contra-ataques. O time baiano abriu o placar no in\u00edcio do segundo tempo, com Lucas Halter marcando de cabe\u00e7a ap\u00f3s cobran\u00e7a de escanteio. O Atl\u00e9tico respondeu rapidamente, com Fausto Vera anotando o gol de empate ap\u00f3s press\u00e3o ofensiva. Entretanto, a equipe voltou a sofrer defensivamente e viu Matheusinho colocar o Vit\u00f3ria novamente em vantagem.<\/p>\n\n\n\n<p>Cuca recorreu ao banco, mas suas op\u00e7\u00f5es s\u00e3o limitadas. &#8220;Alguns jogadores est\u00e3o abaixo do esperado&#8221;, disse o treinador na coletiva. Al\u00e9m disso, Guilherme Arana sentiu a posterior da coxa e precisou ser substitu\u00eddo, aumentando a lista de baixas m\u00e9dicas, que j\u00e1 conta com J\u00fanior Santos, Brahian Palacios, Alan Franco, Cadu e Caio Maia.<\/p>\n\n\n\n<p><\/p>\n\n\n\n<p><\/p>\n","protected":false},"excerpt":{"rendered":"<p>O empate entre Atl\u00e9tico-MG e Vit\u00f3ria, no domingo (13), no Mineir\u00e3o, pela 3\u00aa rodada do Campeonato Brasileiro, terminou com o placar de 2 a 2 e um sentimento de insatisfa\u00e7\u00e3o nos bastidores do time mineiro. Ap\u00f3s a partida, o atacante Rony se mostrou visivelmente incomodado com a atua\u00e7\u00e3o da arbitragem. &#8220;\u00c9 imposs\u00edvel n\u00e3o falar dos [&hellip;]<\/p>\n","protected":false},"author":30,"featured_media":229586,"comment_status":"open","ping_status":"closed","sticky":false,"template":"","format":"standard","meta":{"footnotes":""},"categories":[136,133],"tags":[],"class_list":["post-253176","post","type-post","status-publish","format-standard","has-post-thumbnail","hentry","category-atletico-mg","category-brasileirao"],"yoast_head":"<!-- This site is optimized with the Yoast SEO Premium plugin v24.2 (Yoast SEO v26.9) - https:\/\/yoast.com\/product\/yoast-seo-premium-wordpress\/ -->\n<title>V\u00eddeo: essa foi a declara\u00e7\u00e3o de Rony sobre o jogo entre Atl\u00e9tico-MG x Vit\u00f3ria<\/title>\n<meta name=\"robots\" content=\"index, follow, max-snippet:-1, max-image-preview:large, max-video-preview:-1\" \/>\n<link rel=\"canonical\" href=\"https:\/\/www.gaveanews.com\/index.php\/2025\/04\/14\/video-essa-foi-a-declaracao-de-rony-sobre-o-jogo-entre-atletico-mg-x-vitoria\/\" \/>\n<meta property=\"og:locale\" content=\"pt_BR\" \/>\n<meta property=\"og:type\" content=\"article\" \/>\n<meta property=\"og:title\" content=\"V\u00eddeo: essa foi a declara\u00e7\u00e3o de Rony sobre o jogo entre Atl\u00e9tico-MG x Vit\u00f3ria\" \/>\n<meta property=\"og:description\" content=\"O empate entre Atl\u00e9tico-MG e Vit\u00f3ria, no domingo (13), no Mineir\u00e3o, pela 3\u00aa rodada do Campeonato Brasileiro, terminou com o placar de 2 a 2 e um sentimento de insatisfa\u00e7\u00e3o nos bastidores do time mineiro. Ap\u00f3s a partida, o atacante Rony se mostrou visivelmente incomodado com a atua\u00e7\u00e3o da arbitragem. &#8220;\u00c9 imposs\u00edvel n\u00e3o falar dos [&hellip;]\" \/>\n<meta property=\"og:url\" content=\"https:\/\/www.gaveanews.com\/index.php\/2025\/04\/14\/video-essa-foi-a-declaracao-de-rony-sobre-o-jogo-entre-atletico-mg-x-vitoria\/\" \/>\n<meta property=\"og:site_name\" content=\"G\u00e1vea News\" \/>\n<meta property=\"article:publisher\" content=\"https:\/\/facebook.com\/gaveaNews\/\" \/>\n<meta property=\"article:published_time\" content=\"2025-04-14T12:25:23+00:00\" \/>\n<meta property=\"article:modified_time\" content=\"2025-04-14T12:25:29+00:00\" \/>\n<meta property=\"og:image\" content=\"http:\/\/www.gaveanews.com\/wp-content\/uploads\/Rony-em-acao-pelo-Atletico-MG.webp\" \/>\n\t<meta property=\"og:image:width\" content=\"742\" \/>\n\t<meta property=\"og:image:height\" content=\"493\" \/>\n\t<meta property=\"og:image:type\" content=\"image\/jpeg\" \/>\n<meta name=\"author\" content=\"Ana Teixeira\" \/>\n<meta name=\"twitter:card\" content=\"summary_large_image\" \/>\n<meta name=\"twitter:label1\" content=\"Escrito por\" \/>\n\t<meta name=\"twitter:data1\" content=\"Ana Teixeira\" \/>\n\t<meta name=\"twitter:label2\" content=\"Est. tempo de leitura\" \/>\n\t<meta name=\"twitter:data2\" content=\"3 minutos\" \/>\n<script type=\"application\/ld+json\" class=\"yoast-schema-graph\">{\"@context\":\"https:\/\/schema.org\",\"@graph\":[{\"@type\":\"NewsArticle\",\"@id\":\"https:\/\/www.gaveanews.com\/index.php\/2025\/04\/14\/video-essa-foi-a-declaracao-de-rony-sobre-o-jogo-entre-atletico-mg-x-vitoria\/#article\",\"isPartOf\":{\"@id\":\"https:\/\/www.gaveanews.com\/index.php\/2025\/04\/14\/video-essa-foi-a-declaracao-de-rony-sobre-o-jogo-entre-atletico-mg-x-vitoria\/\"},\"author\":{\"name\":\"Ana Teixeira\",\"@id\":\"https:\/\/www.gaveanews.com\/#\/schema\/person\/3b19f7288b0ce20372991275e4f2e6c2\"},\"headline\":\"V\u00eddeo: essa foi a declara\u00e7\u00e3o de Rony sobre o jogo entre Atl\u00e9tico-MG x Vit\u00f3ria\",\"datePublished\":\"2025-04-14T12:25:23+00:00\",\"dateModified\":\"2025-04-14T12:25:29+00:00\",\"mainEntityOfPage\":{\"@id\":\"https:\/\/www.gaveanews.com\/index.php\/2025\/04\/14\/video-essa-foi-a-declaracao-de-rony-sobre-o-jogo-entre-atletico-mg-x-vitoria\/\"},\"wordCount\":497,\"commentCount\":0,\"image\":{\"@id\":\"https:\/\/www.gaveanews.com\/index.php\/2025\/04\/14\/video-essa-foi-a-declaracao-de-rony-sobre-o-jogo-entre-atletico-mg-x-vitoria\/#primaryimage\"},\"thumbnailUrl\":\"https:\/\/www.gaveanews.com\/wp-content\/uploads\/Rony-em-acao-pelo-Atletico-MG.webp\",\"articleSection\":[\"Atl\u00e9tico-MG\",\"Brasileir\u00e3o\"],\"inLanguage\":\"pt-BR\",\"potentialAction\":[{\"@type\":\"CommentAction\",\"name\":\"Comment\",\"target\":[\"https:\/\/www.gaveanews.com\/index.php\/2025\/04\/14\/video-essa-foi-a-declaracao-de-rony-sobre-o-jogo-entre-atletico-mg-x-vitoria\/#respond\"]}],\"copyrightYear\":\"2025\",\"copyrightHolder\":{\"@id\":\"https:\/\/www.gaveanews.com\/#organization\"}},{\"@type\":\"WebPage\",\"@id\":\"https:\/\/www.gaveanews.com\/index.php\/2025\/04\/14\/video-essa-foi-a-declaracao-de-rony-sobre-o-jogo-entre-atletico-mg-x-vitoria\/\",\"url\":\"https:\/\/www.gaveanews.com\/index.php\/2025\/04\/14\/video-essa-foi-a-declaracao-de-rony-sobre-o-jogo-entre-atletico-mg-x-vitoria\/\",\"name\":\"V\u00eddeo: essa foi a declara\u00e7\u00e3o de Rony sobre o jogo entre Atl\u00e9tico-MG x Vit\u00f3ria\",\"isPartOf\":{\"@id\":\"https:\/\/www.gaveanews.com\/#website\"},\"primaryImageOfPage\":{\"@id\":\"https:\/\/www.gaveanews.com\/index.php\/2025\/04\/14\/video-essa-foi-a-declaracao-de-rony-sobre-o-jogo-entre-atletico-mg-x-vitoria\/#primaryimage\"},\"image\":{\"@id\":\"https:\/\/www.gaveanews.com\/index.php\/2025\/04\/14\/video-essa-foi-a-declaracao-de-rony-sobre-o-jogo-entre-atletico-mg-x-vitoria\/#primaryimage\"},\"thumbnailUrl\":\"https:\/\/www.gaveanews.com\/wp-content\/uploads\/Rony-em-acao-pelo-Atletico-MG.webp\",\"datePublished\":\"2025-04-14T12:25:23+00:00\",\"dateModified\":\"2025-04-14T12:25:29+00:00\",\"author\":{\"@id\":\"https:\/\/www.gaveanews.com\/#\/schema\/person\/3b19f7288b0ce20372991275e4f2e6c2\"},\"breadcrumb\":{\"@id\":\"https:\/\/www.gaveanews.com\/index.php\/2025\/04\/14\/video-essa-foi-a-declaracao-de-rony-sobre-o-jogo-entre-atletico-mg-x-vitoria\/#breadcrumb\"},\"inLanguage\":\"pt-BR\",\"potentialAction\":[{\"@type\":\"ReadAction\",\"target\":[\"https:\/\/www.gaveanews.com\/index.php\/2025\/04\/14\/video-essa-foi-a-declaracao-de-rony-sobre-o-jogo-entre-atletico-mg-x-vitoria\/\"]}]},{\"@type\":\"ImageObject\",\"inLanguage\":\"pt-BR\",\"@id\":\"https:\/\/www.gaveanews.com\/index.php\/2025\/04\/14\/video-essa-foi-a-declaracao-de-rony-sobre-o-jogo-entre-atletico-mg-x-vitoria\/#primaryimage\",\"url\":\"https:\/\/www.gaveanews.com\/wp-content\/uploads\/Rony-em-acao-pelo-Atletico-MG.webp\",\"contentUrl\":\"https:\/\/www.gaveanews.com\/wp-content\/uploads\/Rony-em-acao-pelo-Atletico-MG.webp\",\"width\":742,\"height\":493,\"caption\":\"Rony em a\u00e7\u00e3o pelo Atl\u00e9tico-MG (Foto: Pedro Souza)\"},{\"@type\":\"BreadcrumbList\",\"@id\":\"https:\/\/www.gaveanews.com\/index.php\/2025\/04\/14\/video-essa-foi-a-declaracao-de-rony-sobre-o-jogo-entre-atletico-mg-x-vitoria\/#breadcrumb\",\"itemListElement\":[{\"@type\":\"ListItem\",\"position\":1,\"name\":\"Home\",\"item\":\"https:\/\/www.gaveanews.com\/\"},{\"@type\":\"ListItem\",\"position\":2,\"name\":\"V\u00eddeo: essa foi a declara\u00e7\u00e3o de Rony sobre o jogo entre Atl\u00e9tico-MG x Vit\u00f3ria\"}]},{\"@type\":\"WebSite\",\"@id\":\"https:\/\/www.gaveanews.com\/#website\",\"url\":\"https:\/\/www.gaveanews.com\/\",\"name\":\"G\u00e1vea News\",\"description\":\"Veja todas as not\u00edcias sobre o Flamengo: Contrata\u00e7\u00f5es, categorias de base, resultados das partidas, tabela de classifica\u00e7\u00e3o, pr\u00f3ximos jogos!\",\"potentialAction\":[{\"@type\":\"SearchAction\",\"target\":{\"@type\":\"EntryPoint\",\"urlTemplate\":\"https:\/\/www.gaveanews.com\/?s={search_term_string}\"},\"query-input\":{\"@type\":\"PropertyValueSpecification\",\"valueRequired\":true,\"valueName\":\"search_term_string\"}}],\"inLanguage\":\"pt-BR\"},{\"@type\":\"Person\",\"@id\":\"https:\/\/www.gaveanews.com\/#\/schema\/person\/3b19f7288b0ce20372991275e4f2e6c2\",\"name\":\"Ana Teixeira\",\"image\":{\"@type\":\"ImageObject\",\"inLanguage\":\"pt-BR\",\"@id\":\"https:\/\/www.gaveanews.com\/#\/schema\/person\/image\/\",\"url\":\"https:\/\/secure.gravatar.com\/avatar\/0a73f5a5258f3fed37fc2fa641892f3f7a4748456d4d4792f9bc550e6c19e06c?s=96&d=mm&r=g\",\"contentUrl\":\"https:\/\/secure.gravatar.com\/avatar\/0a73f5a5258f3fed37fc2fa641892f3f7a4748456d4d4792f9bc550e6c19e06c?s=96&d=mm&r=g\",\"caption\":\"Ana Teixeira\"}}]}<\/script>\n<!-- \/ Yoast SEO Premium plugin. -->","yoast_head_json":{"title":"V\u00eddeo: essa foi a declara\u00e7\u00e3o de Rony sobre o jogo entre Atl\u00e9tico-MG x Vit\u00f3ria","robots":{"index":"index","follow":"follow","max-snippet":"max-snippet:-1","max-image-preview":"max-image-preview:large","max-video-preview":"max-video-preview:-1"},"canonical":"https:\/\/www.gaveanews.com\/index.php\/2025\/04\/14\/video-essa-foi-a-declaracao-de-rony-sobre-o-jogo-entre-atletico-mg-x-vitoria\/","og_locale":"pt_BR","og_type":"article","og_title":"V\u00eddeo: essa foi a declara\u00e7\u00e3o de Rony sobre o jogo entre Atl\u00e9tico-MG x Vit\u00f3ria","og_description":"O empate entre Atl\u00e9tico-MG e Vit\u00f3ria, no domingo (13), no Mineir\u00e3o, pela 3\u00aa rodada do Campeonato Brasileiro, terminou com o placar de 2 a 2 e um sentimento de insatisfa\u00e7\u00e3o nos bastidores do time mineiro. Ap\u00f3s a partida, o atacante Rony se mostrou visivelmente incomodado com a atua\u00e7\u00e3o da arbitragem. &#8220;\u00c9 imposs\u00edvel n\u00e3o falar dos [&hellip;]","og_url":"https:\/\/www.gaveanews.com\/index.php\/2025\/04\/14\/video-essa-foi-a-declaracao-de-rony-sobre-o-jogo-entre-atletico-mg-x-vitoria\/","og_site_name":"G\u00e1vea News","article_publisher":"https:\/\/facebook.com\/gaveaNews\/","article_published_time":"2025-04-14T12:25:23+00:00","article_modified_time":"2025-04-14T12:25:29+00:00","og_image":[{"width":742,"height":493,"url":"http:\/\/www.gaveanews.com\/wp-content\/uploads\/Rony-em-acao-pelo-Atletico-MG.webp","type":"image\/jpeg"}],"author":"Ana Teixeira","twitter_card":"summary_large_image","twitter_misc":{"Escrito por":"Ana Teixeira","Est. tempo de leitura":"3 minutos"},"schema":{"@context":"https:\/\/schema.org","@graph":[{"@type":"NewsArticle","@id":"https:\/\/www.gaveanews.com\/index.php\/2025\/04\/14\/video-essa-foi-a-declaracao-de-rony-sobre-o-jogo-entre-atletico-mg-x-vitoria\/#article","isPartOf":{"@id":"https:\/\/www.gaveanews.com\/index.php\/2025\/04\/14\/video-essa-foi-a-declaracao-de-rony-sobre-o-jogo-entre-atletico-mg-x-vitoria\/"},"author":{"name":"Ana Teixeira","@id":"https:\/\/www.gaveanews.com\/#\/schema\/person\/3b19f7288b0ce20372991275e4f2e6c2"},"headline":"V\u00eddeo: essa foi a declara\u00e7\u00e3o de Rony sobre o jogo entre Atl\u00e9tico-MG x Vit\u00f3ria","datePublished":"2025-04-14T12:25:23+00:00","dateModified":"2025-04-14T12:25:29+00:00","mainEntityOfPage":{"@id":"https:\/\/www.gaveanews.com\/index.php\/2025\/04\/14\/video-essa-foi-a-declaracao-de-rony-sobre-o-jogo-entre-atletico-mg-x-vitoria\/"},"wordCount":497,"commentCount":0,"image":{"@id":"https:\/\/www.gaveanews.com\/index.php\/2025\/04\/14\/video-essa-foi-a-declaracao-de-rony-sobre-o-jogo-entre-atletico-mg-x-vitoria\/#primaryimage"},"thumbnailUrl":"https:\/\/www.gaveanews.com\/wp-content\/uploads\/Rony-em-acao-pelo-Atletico-MG.webp","articleSection":["Atl\u00e9tico-MG","Brasileir\u00e3o"],"inLanguage":"pt-BR","potentialAction":[{"@type":"CommentAction","name":"Comment","target":["https:\/\/www.gaveanews.com\/index.php\/2025\/04\/14\/video-essa-foi-a-declaracao-de-rony-sobre-o-jogo-entre-atletico-mg-x-vitoria\/#respond"]}],"copyrightYear":"2025","copyrightHolder":{"@id":"https:\/\/www.gaveanews.com\/#organization"}},{"@type":"WebPage","@id":"https:\/\/www.gaveanews.com\/index.php\/2025\/04\/14\/video-essa-foi-a-declaracao-de-rony-sobre-o-jogo-entre-atletico-mg-x-vitoria\/","url":"https:\/\/www.gaveanews.com\/index.php\/2025\/04\/14\/video-essa-foi-a-declaracao-de-rony-sobre-o-jogo-entre-atletico-mg-x-vitoria\/","name":"V\u00eddeo: essa foi a declara\u00e7\u00e3o de Rony sobre o jogo entre Atl\u00e9tico-MG x Vit\u00f3ria","isPartOf":{"@id":"https:\/\/www.gaveanews.com\/#website"},"primaryImageOfPage":{"@id":"https:\/\/www.gaveanews.com\/index.php\/2025\/04\/14\/video-essa-foi-a-declaracao-de-rony-sobre-o-jogo-entre-atletico-mg-x-vitoria\/#primaryimage"},"image":{"@id":"https:\/\/www.gaveanews.com\/index.php\/2025\/04\/14\/video-essa-foi-a-declaracao-de-rony-sobre-o-jogo-entre-atletico-mg-x-vitoria\/#primaryimage"},"thumbnailUrl":"https:\/\/www.gaveanews.com\/wp-content\/uploads\/Rony-em-acao-pelo-Atletico-MG.webp","datePublished":"2025-04-14T12:25:23+00:00","dateModified":"2025-04-14T12:25:29+00:00","author":{"@id":"https:\/\/www.gaveanews.com\/#\/schema\/person\/3b19f7288b0ce20372991275e4f2e6c2"},"breadcrumb":{"@id":"https:\/\/www.gaveanews.com\/index.php\/2025\/04\/14\/video-essa-foi-a-declaracao-de-rony-sobre-o-jogo-entre-atletico-mg-x-vitoria\/#breadcrumb"},"inLanguage":"pt-BR","potentialAction":[{"@type":"ReadAction","target":["https:\/\/www.gaveanews.com\/index.php\/2025\/04\/14\/video-essa-foi-a-declaracao-de-rony-sobre-o-jogo-entre-atletico-mg-x-vitoria\/"]}]},{"@type":"ImageObject","inLanguage":"pt-BR","@id":"https:\/\/www.gaveanews.com\/index.php\/2025\/04\/14\/video-essa-foi-a-declaracao-de-rony-sobre-o-jogo-entre-atletico-mg-x-vitoria\/#primaryimage","url":"https:\/\/www.gaveanews.com\/wp-content\/uploads\/Rony-em-acao-pelo-Atletico-MG.webp","contentUrl":"https:\/\/www.gaveanews.com\/wp-content\/uploads\/Rony-em-acao-pelo-Atletico-MG.webp","width":742,"height":493,"caption":"Rony em a\u00e7\u00e3o pelo Atl\u00e9tico-MG (Foto: Pedro Souza)"},{"@type":"BreadcrumbList","@id":"https:\/\/www.gaveanews.com\/index.php\/2025\/04\/14\/video-essa-foi-a-declaracao-de-rony-sobre-o-jogo-entre-atletico-mg-x-vitoria\/#breadcrumb","itemListElement":[{"@type":"ListItem","position":1,"name":"Home","item":"https:\/\/www.gaveanews.com\/"},{"@type":"ListItem","position":2,"name":"V\u00eddeo: essa foi a declara\u00e7\u00e3o de Rony sobre o jogo entre Atl\u00e9tico-MG x Vit\u00f3ria"}]},{"@type":"WebSite","@id":"https:\/\/www.gaveanews.com\/#website","url":"https:\/\/www.gaveanews.com\/","name":"G\u00e1vea News","description":"Veja todas as not\u00edcias sobre o Flamengo: Contrata\u00e7\u00f5es, categorias de base, resultados das partidas, tabela de classifica\u00e7\u00e3o, pr\u00f3ximos jogos!","potentialAction":[{"@type":"SearchAction","target":{"@type":"EntryPoint","urlTemplate":"https:\/\/www.gaveanews.com\/?s={search_term_string}"},"query-input":{"@type":"PropertyValueSpecification","valueRequired":true,"valueName":"search_term_string"}}],"inLanguage":"pt-BR"},{"@type":"Person","@id":"https:\/\/www.gaveanews.com\/#\/schema\/person\/3b19f7288b0ce20372991275e4f2e6c2","name":"Ana Teixeira","image":{"@type":"ImageObject","inLanguage":"pt-BR","@id":"https:\/\/www.gaveanews.com\/#\/schema\/person\/image\/","url":"https:\/\/secure.gravatar.com\/avatar\/0a73f5a5258f3fed37fc2fa641892f3f7a4748456d4d4792f9bc550e6c19e06c?s=96&d=mm&r=g","contentUrl":"https:\/\/secure.gravatar.com\/avatar\/0a73f5a5258f3fed37fc2fa641892f3f7a4748456d4d4792f9bc550e6c19e06c?s=96&d=mm&r=g","caption":"Ana Teixeira"}}]}},"_links":{"self":[{"href":"https:\/\/www.gaveanews.com\/index.php\/wp-json\/wp\/v2\/posts\/253176","targetHints":{"allow":["GET"]}}],"collection":[{"href":"https:\/\/www.gaveanews.com\/index.php\/wp-json\/wp\/v2\/posts"}],"about":[{"href":"https:\/\/www.gaveanews.com\/index.php\/wp-json\/wp\/v2\/types\/post"}],"author":[{"embeddable":true,"href":"https:\/\/www.gaveanews.com\/index.php\/wp-json\/wp\/v2\/users\/30"}],"replies":[{"embeddable":true,"href":"https:\/\/www.gaveanews.com\/index.php\/wp-json\/wp\/v2\/comments?post=253176"}],"version-history":[{"count":1,"href":"https:\/\/www.gaveanews.com\/index.php\/wp-json\/wp\/v2\/posts\/253176\/revisions"}],"predecessor-version":[{"id":253177,"href":"https:\/\/www.gaveanews.com\/index.php\/wp-json\/wp\/v2\/posts\/253176\/revisions\/253177"}],"wp:featuredmedia":[{"embeddable":true,"href":"https:\/\/www.gaveanews.com\/index.php\/wp-json\/wp\/v2\/media\/229586"}],"wp:attachment":[{"href":"https:\/\/www.gaveanews.com\/index.php\/wp-json\/wp\/v2\/media?parent=253176"}],"wp:term":[{"taxonomy":"category","embeddable":true,"href":"https:\/\/www.gaveanews.com\/index.php\/wp-json\/wp\/v2\/categories?post=253176"},{"taxonomy":"post_tag","embeddable":true,"href":"https:\/\/www.gaveanews.com\/index.php\/wp-json\/wp\/v2\/tags?post=253176"}],"curies":[{"name":"wp","href":"https:\/\/api.w.org\/{rel}","templated":true}]}}