{"id":253245,"date":"2025-04-14T13:20:00","date_gmt":"2025-04-14T16:20:00","guid":{"rendered":"https:\/\/www.gaveanews.com\/?p=253245"},"modified":"2025-04-14T12:50:35","modified_gmt":"2025-04-14T15:50:35","slug":"video-a-declaracao-de-gustavo-gomez-apos-a-vitoria-do-palmeiras-contra-o-corinthians","status":"publish","type":"post","link":"https:\/\/www.gaveanews.com\/index.php\/2025\/04\/14\/video-a-declaracao-de-gustavo-gomez-apos-a-vitoria-do-palmeiras-contra-o-corinthians\/","title":{"rendered":"V\u00eddeo: a declara\u00e7\u00e3o de Gustavo G\u00f3mez ap\u00f3s a vit\u00f3ria do Palmeiras contra o Corinthians"},"content":{"rendered":"\n<p>O cl\u00e1ssico entre Palmeiras e Corinthians, disputado no \u00faltimo s\u00e1bado (12 de abril), terminou com vit\u00f3ria alviverde por 2 a 0. Ap\u00f3s o apito final, Emiliano Mart\u00ednez e Gustavo G\u00f3mez falaram com a imprensa na zona mista e analisaram o desempenho da equipe. A atua\u00e7\u00e3o s\u00f3lida da defesa e a efici\u00eancia ofensiva foram celebradas pelos dois jogadores, que reconheceram a import\u00e2ncia do triunfo diante de um dos principais rivais do clube.<\/p>\n\n\n\n<p>\u201cFoi um jogo intenso, como sempre \u00e9 o D\u00e9rbi. Mas entramos concentrados e conseguimos impor nosso ritmo desde o come\u00e7o\u201d, afirmou Emiliano, um dos destaques da partida. Conforme ressaltou o goleiro, o grupo vem se ajustando taticamente e demonstrando mais seguran\u00e7a nas \u00faltimas partidas. \u201cEstamos evoluindo. O entrosamento est\u00e1 melhor e isso faz diferen\u00e7a em jogos grandes\u201d, completou.<\/p>\n\n\n\n<figure class=\"wp-block-image size-full\"><img loading=\"lazy\" decoding=\"async\" width=\"1043\" height=\"574\" src=\"http:\/\/www.gaveanews.com\/wp-content\/uploads\/Palmeiras-x-Corinthians-pela-final-do-Paulistao.webp\" alt=\"\" class=\"wp-image-240830\"\/><figcaption class=\"wp-element-caption\">Palmeiras x Corinthians pela final do Paulist\u00e3o (Foto: Cesar Greco\/Palmeiras)<\/figcaption><\/figure>\n\n\n\n<p>Gustavo G\u00f3mez tamb\u00e9m elogiou a postura do time e destacou a import\u00e2ncia de manter a consist\u00eancia ao longo da temporada. \u201cA vit\u00f3ria d\u00e1 confian\u00e7a, mas sabemos que precisamos manter o foco. O calend\u00e1rio \u00e9 pesado e cada jogo \u00e9 decisivo\u201d, disse o zagueiro. Similarmente a Emiliano, ele pontuou que o time ainda pode crescer tecnicamente, apesar do bom resultado no cl\u00e1ssico.<\/p>\n\n\n\n<p>Ali\u00e1s, ambos os jogadores destacaram o papel da prepara\u00e7\u00e3o di\u00e1ria como um dos pilares da boa fase. De acordo com G\u00f3mez, o trabalho realizado no centro de treinamento tem sido essencial para corrigir erros e ajustar o posicionamento da equipe em campo. \u201cO professor tem insistido muito na organiza\u00e7\u00e3o defensiva. Isso tem sido fundamental\u201d, explicou.<\/p>\n\n\n\n<p>Ainda que a vit\u00f3ria sobre o Corinthians represente um passo importante na temporada, o elenco mant\u00e9m os p\u00e9s no ch\u00e3o. \u201cSabemos que o torcedor fica feliz com um jogo como esse, mas nosso pensamento j\u00e1 est\u00e1 no pr\u00f3ximo compromisso\u201d, garantiu Emiliano. Conforme os jogadores, o planejamento segue voltado para manter o time competitivo em todas as competi\u00e7\u00f5es.<\/p>\n\n\n\n<p>Em resumo, o ambiente no Palmeiras \u00e9 de confian\u00e7a, mas tamb\u00e9m de responsabilidade. A vit\u00f3ria no D\u00e9rbi refor\u00e7ou a boa fase da equipe, mas o foco est\u00e1 em seguir firme nos treinamentos e repetir boas atua\u00e7\u00f5es nos pr\u00f3ximos desafios. Afinal, o clube sabe que a temporada ainda reserva confrontos exigentes e que a regularidade ser\u00e1 determinante.<\/p>\n","protected":false},"excerpt":{"rendered":"<p>O cl\u00e1ssico entre Palmeiras e Corinthians, disputado no \u00faltimo s\u00e1bado (12 de abril), terminou com vit\u00f3ria alviverde por 2 a 0. Ap\u00f3s o apito final, Emiliano Mart\u00ednez e Gustavo G\u00f3mez falaram com a imprensa na zona mista e analisaram o desempenho da equipe. A atua\u00e7\u00e3o s\u00f3lida da defesa e a efici\u00eancia ofensiva foram celebradas pelos [&hellip;]<\/p>\n","protected":false},"author":27,"featured_media":59289,"comment_status":"open","ping_status":"closed","sticky":false,"template":"","format":"standard","meta":{"footnotes":""},"categories":[150],"tags":[],"class_list":["post-253245","post","type-post","status-publish","format-standard","has-post-thumbnail","hentry","category-palmeiras"],"yoast_head":"<!-- This site is optimized with the Yoast SEO Premium plugin v24.2 (Yoast SEO v26.9) - https:\/\/yoast.com\/product\/yoast-seo-premium-wordpress\/ -->\n<title>V\u00eddeo: a declara\u00e7\u00e3o de Gustavo G\u00f3mez ap\u00f3s a vit\u00f3ria do Palmeiras contra o Corinthians<\/title>\n<meta name=\"robots\" content=\"index, follow, max-snippet:-1, max-image-preview:large, max-video-preview:-1\" \/>\n<link rel=\"canonical\" href=\"https:\/\/www.gaveanews.com\/index.php\/2025\/04\/14\/video-a-declaracao-de-gustavo-gomez-apos-a-vitoria-do-palmeiras-contra-o-corinthians\/\" \/>\n<meta property=\"og:locale\" content=\"pt_BR\" \/>\n<meta property=\"og:type\" content=\"article\" \/>\n<meta property=\"og:title\" content=\"V\u00eddeo: a declara\u00e7\u00e3o de Gustavo G\u00f3mez ap\u00f3s a vit\u00f3ria do Palmeiras contra o Corinthians\" \/>\n<meta property=\"og:description\" content=\"O cl\u00e1ssico entre Palmeiras e Corinthians, disputado no \u00faltimo s\u00e1bado (12 de abril), terminou com vit\u00f3ria alviverde por 2 a 0. Ap\u00f3s o apito final, Emiliano Mart\u00ednez e Gustavo G\u00f3mez falaram com a imprensa na zona mista e analisaram o desempenho da equipe. A atua\u00e7\u00e3o s\u00f3lida da defesa e a efici\u00eancia ofensiva foram celebradas pelos [&hellip;]\" \/>\n<meta property=\"og:url\" content=\"https:\/\/www.gaveanews.com\/index.php\/2025\/04\/14\/video-a-declaracao-de-gustavo-gomez-apos-a-vitoria-do-palmeiras-contra-o-corinthians\/\" \/>\n<meta property=\"og:site_name\" content=\"G\u00e1vea News\" \/>\n<meta property=\"article:publisher\" content=\"https:\/\/facebook.com\/gaveaNews\/\" \/>\n<meta property=\"article:published_time\" content=\"2025-04-14T16:20:00+00:00\" \/>\n<meta property=\"og:image\" content=\"https:\/\/www.gaveanews.com\/wp-content\/uploads\/Gustavo-Gomez-em-treino-do-Palmeiras.webp\" \/>\n\t<meta property=\"og:image:width\" content=\"768\" \/>\n\t<meta property=\"og:image:height\" content=\"432\" \/>\n\t<meta property=\"og:image:type\" content=\"image\/jpeg\" \/>\n<meta name=\"author\" content=\"Matheus Felipe\" \/>\n<meta name=\"twitter:card\" content=\"summary_large_image\" \/>\n<meta name=\"twitter:label1\" content=\"Escrito por\" \/>\n\t<meta name=\"twitter:data1\" content=\"Matheus Felipe\" \/>\n\t<meta name=\"twitter:label2\" content=\"Est. tempo de leitura\" \/>\n\t<meta name=\"twitter:data2\" content=\"3 minutos\" \/>\n<script type=\"application\/ld+json\" class=\"yoast-schema-graph\">{\"@context\":\"https:\/\/schema.org\",\"@graph\":[{\"@type\":\"NewsArticle\",\"@id\":\"https:\/\/www.gaveanews.com\/index.php\/2025\/04\/14\/video-a-declaracao-de-gustavo-gomez-apos-a-vitoria-do-palmeiras-contra-o-corinthians\/#article\",\"isPartOf\":{\"@id\":\"https:\/\/www.gaveanews.com\/index.php\/2025\/04\/14\/video-a-declaracao-de-gustavo-gomez-apos-a-vitoria-do-palmeiras-contra-o-corinthians\/\"},\"author\":{\"name\":\"Matheus Felipe\",\"@id\":\"https:\/\/www.gaveanews.com\/#\/schema\/person\/8207cd4627f56151707418bfc835b2fb\"},\"headline\":\"V\u00eddeo: a declara\u00e7\u00e3o de Gustavo G\u00f3mez ap\u00f3s a vit\u00f3ria do Palmeiras contra o Corinthians\",\"datePublished\":\"2025-04-14T16:20:00+00:00\",\"mainEntityOfPage\":{\"@id\":\"https:\/\/www.gaveanews.com\/index.php\/2025\/04\/14\/video-a-declaracao-de-gustavo-gomez-apos-a-vitoria-do-palmeiras-contra-o-corinthians\/\"},\"wordCount\":422,\"commentCount\":0,\"image\":{\"@id\":\"https:\/\/www.gaveanews.com\/index.php\/2025\/04\/14\/video-a-declaracao-de-gustavo-gomez-apos-a-vitoria-do-palmeiras-contra-o-corinthians\/#primaryimage\"},\"thumbnailUrl\":\"https:\/\/www.gaveanews.com\/wp-content\/uploads\/Gustavo-Gomez-em-treino-do-Palmeiras.webp\",\"articleSection\":[\"Palmeiras\"],\"inLanguage\":\"pt-BR\",\"potentialAction\":[{\"@type\":\"CommentAction\",\"name\":\"Comment\",\"target\":[\"https:\/\/www.gaveanews.com\/index.php\/2025\/04\/14\/video-a-declaracao-de-gustavo-gomez-apos-a-vitoria-do-palmeiras-contra-o-corinthians\/#respond\"]}],\"copyrightYear\":\"2025\",\"copyrightHolder\":{\"@id\":\"https:\/\/www.gaveanews.com\/#organization\"}},{\"@type\":\"WebPage\",\"@id\":\"https:\/\/www.gaveanews.com\/index.php\/2025\/04\/14\/video-a-declaracao-de-gustavo-gomez-apos-a-vitoria-do-palmeiras-contra-o-corinthians\/\",\"url\":\"https:\/\/www.gaveanews.com\/index.php\/2025\/04\/14\/video-a-declaracao-de-gustavo-gomez-apos-a-vitoria-do-palmeiras-contra-o-corinthians\/\",\"name\":\"V\u00eddeo: a declara\u00e7\u00e3o de Gustavo G\u00f3mez ap\u00f3s a vit\u00f3ria do Palmeiras contra o Corinthians\",\"isPartOf\":{\"@id\":\"https:\/\/www.gaveanews.com\/#website\"},\"primaryImageOfPage\":{\"@id\":\"https:\/\/www.gaveanews.com\/index.php\/2025\/04\/14\/video-a-declaracao-de-gustavo-gomez-apos-a-vitoria-do-palmeiras-contra-o-corinthians\/#primaryimage\"},\"image\":{\"@id\":\"https:\/\/www.gaveanews.com\/index.php\/2025\/04\/14\/video-a-declaracao-de-gustavo-gomez-apos-a-vitoria-do-palmeiras-contra-o-corinthians\/#primaryimage\"},\"thumbnailUrl\":\"https:\/\/www.gaveanews.com\/wp-content\/uploads\/Gustavo-Gomez-em-treino-do-Palmeiras.webp\",\"datePublished\":\"2025-04-14T16:20:00+00:00\",\"author\":{\"@id\":\"https:\/\/www.gaveanews.com\/#\/schema\/person\/8207cd4627f56151707418bfc835b2fb\"},\"breadcrumb\":{\"@id\":\"https:\/\/www.gaveanews.com\/index.php\/2025\/04\/14\/video-a-declaracao-de-gustavo-gomez-apos-a-vitoria-do-palmeiras-contra-o-corinthians\/#breadcrumb\"},\"inLanguage\":\"pt-BR\",\"potentialAction\":[{\"@type\":\"ReadAction\",\"target\":[\"https:\/\/www.gaveanews.com\/index.php\/2025\/04\/14\/video-a-declaracao-de-gustavo-gomez-apos-a-vitoria-do-palmeiras-contra-o-corinthians\/\"]}]},{\"@type\":\"ImageObject\",\"inLanguage\":\"pt-BR\",\"@id\":\"https:\/\/www.gaveanews.com\/index.php\/2025\/04\/14\/video-a-declaracao-de-gustavo-gomez-apos-a-vitoria-do-palmeiras-contra-o-corinthians\/#primaryimage\",\"url\":\"https:\/\/www.gaveanews.com\/wp-content\/uploads\/Gustavo-Gomez-em-treino-do-Palmeiras.webp\",\"contentUrl\":\"https:\/\/www.gaveanews.com\/wp-content\/uploads\/Gustavo-Gomez-em-treino-do-Palmeiras.webp\",\"width\":768,\"height\":432,\"caption\":\"Gustavo G\u00f3mez em treino do Palmeiras (Foto: Cesar Greco\/SEP)\"},{\"@type\":\"BreadcrumbList\",\"@id\":\"https:\/\/www.gaveanews.com\/index.php\/2025\/04\/14\/video-a-declaracao-de-gustavo-gomez-apos-a-vitoria-do-palmeiras-contra-o-corinthians\/#breadcrumb\",\"itemListElement\":[{\"@type\":\"ListItem\",\"position\":1,\"name\":\"Home\",\"item\":\"https:\/\/www.gaveanews.com\/\"},{\"@type\":\"ListItem\",\"position\":2,\"name\":\"V\u00eddeo: a declara\u00e7\u00e3o de Gustavo G\u00f3mez ap\u00f3s a vit\u00f3ria do Palmeiras contra o Corinthians\"}]},{\"@type\":\"WebSite\",\"@id\":\"https:\/\/www.gaveanews.com\/#website\",\"url\":\"https:\/\/www.gaveanews.com\/\",\"name\":\"G\u00e1vea News\",\"description\":\"Veja todas as not\u00edcias sobre o Flamengo: Contrata\u00e7\u00f5es, categorias de base, resultados das partidas, tabela de classifica\u00e7\u00e3o, pr\u00f3ximos jogos!\",\"potentialAction\":[{\"@type\":\"SearchAction\",\"target\":{\"@type\":\"EntryPoint\",\"urlTemplate\":\"https:\/\/www.gaveanews.com\/?s={search_term_string}\"},\"query-input\":{\"@type\":\"PropertyValueSpecification\",\"valueRequired\":true,\"valueName\":\"search_term_string\"}}],\"inLanguage\":\"pt-BR\"},{\"@type\":\"Person\",\"@id\":\"https:\/\/www.gaveanews.com\/#\/schema\/person\/8207cd4627f56151707418bfc835b2fb\",\"name\":\"Matheus Felipe\",\"image\":{\"@type\":\"ImageObject\",\"inLanguage\":\"pt-BR\",\"@id\":\"https:\/\/www.gaveanews.com\/#\/schema\/person\/image\/\",\"url\":\"https:\/\/secure.gravatar.com\/avatar\/a452ffbed9130f726358b298bb3a99ce4bd3c5338411f8440e87e14d74c7c087?s=96&d=mm&r=g\",\"contentUrl\":\"https:\/\/secure.gravatar.com\/avatar\/a452ffbed9130f726358b298bb3a99ce4bd3c5338411f8440e87e14d74c7c087?s=96&d=mm&r=g\",\"caption\":\"Matheus Felipe\"}}]}<\/script>\n<!-- \/ Yoast SEO Premium plugin. -->","yoast_head_json":{"title":"V\u00eddeo: a declara\u00e7\u00e3o de Gustavo G\u00f3mez ap\u00f3s a vit\u00f3ria do Palmeiras contra o Corinthians","robots":{"index":"index","follow":"follow","max-snippet":"max-snippet:-1","max-image-preview":"max-image-preview:large","max-video-preview":"max-video-preview:-1"},"canonical":"https:\/\/www.gaveanews.com\/index.php\/2025\/04\/14\/video-a-declaracao-de-gustavo-gomez-apos-a-vitoria-do-palmeiras-contra-o-corinthians\/","og_locale":"pt_BR","og_type":"article","og_title":"V\u00eddeo: a declara\u00e7\u00e3o de Gustavo G\u00f3mez ap\u00f3s a vit\u00f3ria do Palmeiras contra o Corinthians","og_description":"O cl\u00e1ssico entre Palmeiras e Corinthians, disputado no \u00faltimo s\u00e1bado (12 de abril), terminou com vit\u00f3ria alviverde por 2 a 0. Ap\u00f3s o apito final, Emiliano Mart\u00ednez e Gustavo G\u00f3mez falaram com a imprensa na zona mista e analisaram o desempenho da equipe. A atua\u00e7\u00e3o s\u00f3lida da defesa e a efici\u00eancia ofensiva foram celebradas pelos [&hellip;]","og_url":"https:\/\/www.gaveanews.com\/index.php\/2025\/04\/14\/video-a-declaracao-de-gustavo-gomez-apos-a-vitoria-do-palmeiras-contra-o-corinthians\/","og_site_name":"G\u00e1vea News","article_publisher":"https:\/\/facebook.com\/gaveaNews\/","article_published_time":"2025-04-14T16:20:00+00:00","og_image":[{"width":768,"height":432,"url":"https:\/\/www.gaveanews.com\/wp-content\/uploads\/Gustavo-Gomez-em-treino-do-Palmeiras.webp","type":"image\/jpeg"}],"author":"Matheus Felipe","twitter_card":"summary_large_image","twitter_misc":{"Escrito por":"Matheus Felipe","Est. tempo de leitura":"3 minutos"},"schema":{"@context":"https:\/\/schema.org","@graph":[{"@type":"NewsArticle","@id":"https:\/\/www.gaveanews.com\/index.php\/2025\/04\/14\/video-a-declaracao-de-gustavo-gomez-apos-a-vitoria-do-palmeiras-contra-o-corinthians\/#article","isPartOf":{"@id":"https:\/\/www.gaveanews.com\/index.php\/2025\/04\/14\/video-a-declaracao-de-gustavo-gomez-apos-a-vitoria-do-palmeiras-contra-o-corinthians\/"},"author":{"name":"Matheus Felipe","@id":"https:\/\/www.gaveanews.com\/#\/schema\/person\/8207cd4627f56151707418bfc835b2fb"},"headline":"V\u00eddeo: a declara\u00e7\u00e3o de Gustavo G\u00f3mez ap\u00f3s a vit\u00f3ria do Palmeiras contra o Corinthians","datePublished":"2025-04-14T16:20:00+00:00","mainEntityOfPage":{"@id":"https:\/\/www.gaveanews.com\/index.php\/2025\/04\/14\/video-a-declaracao-de-gustavo-gomez-apos-a-vitoria-do-palmeiras-contra-o-corinthians\/"},"wordCount":422,"commentCount":0,"image":{"@id":"https:\/\/www.gaveanews.com\/index.php\/2025\/04\/14\/video-a-declaracao-de-gustavo-gomez-apos-a-vitoria-do-palmeiras-contra-o-corinthians\/#primaryimage"},"thumbnailUrl":"https:\/\/www.gaveanews.com\/wp-content\/uploads\/Gustavo-Gomez-em-treino-do-Palmeiras.webp","articleSection":["Palmeiras"],"inLanguage":"pt-BR","potentialAction":[{"@type":"CommentAction","name":"Comment","target":["https:\/\/www.gaveanews.com\/index.php\/2025\/04\/14\/video-a-declaracao-de-gustavo-gomez-apos-a-vitoria-do-palmeiras-contra-o-corinthians\/#respond"]}],"copyrightYear":"2025","copyrightHolder":{"@id":"https:\/\/www.gaveanews.com\/#organization"}},{"@type":"WebPage","@id":"https:\/\/www.gaveanews.com\/index.php\/2025\/04\/14\/video-a-declaracao-de-gustavo-gomez-apos-a-vitoria-do-palmeiras-contra-o-corinthians\/","url":"https:\/\/www.gaveanews.com\/index.php\/2025\/04\/14\/video-a-declaracao-de-gustavo-gomez-apos-a-vitoria-do-palmeiras-contra-o-corinthians\/","name":"V\u00eddeo: a declara\u00e7\u00e3o de Gustavo G\u00f3mez ap\u00f3s a vit\u00f3ria do Palmeiras contra o Corinthians","isPartOf":{"@id":"https:\/\/www.gaveanews.com\/#website"},"primaryImageOfPage":{"@id":"https:\/\/www.gaveanews.com\/index.php\/2025\/04\/14\/video-a-declaracao-de-gustavo-gomez-apos-a-vitoria-do-palmeiras-contra-o-corinthians\/#primaryimage"},"image":{"@id":"https:\/\/www.gaveanews.com\/index.php\/2025\/04\/14\/video-a-declaracao-de-gustavo-gomez-apos-a-vitoria-do-palmeiras-contra-o-corinthians\/#primaryimage"},"thumbnailUrl":"https:\/\/www.gaveanews.com\/wp-content\/uploads\/Gustavo-Gomez-em-treino-do-Palmeiras.webp","datePublished":"2025-04-14T16:20:00+00:00","author":{"@id":"https:\/\/www.gaveanews.com\/#\/schema\/person\/8207cd4627f56151707418bfc835b2fb"},"breadcrumb":{"@id":"https:\/\/www.gaveanews.com\/index.php\/2025\/04\/14\/video-a-declaracao-de-gustavo-gomez-apos-a-vitoria-do-palmeiras-contra-o-corinthians\/#breadcrumb"},"inLanguage":"pt-BR","potentialAction":[{"@type":"ReadAction","target":["https:\/\/www.gaveanews.com\/index.php\/2025\/04\/14\/video-a-declaracao-de-gustavo-gomez-apos-a-vitoria-do-palmeiras-contra-o-corinthians\/"]}]},{"@type":"ImageObject","inLanguage":"pt-BR","@id":"https:\/\/www.gaveanews.com\/index.php\/2025\/04\/14\/video-a-declaracao-de-gustavo-gomez-apos-a-vitoria-do-palmeiras-contra-o-corinthians\/#primaryimage","url":"https:\/\/www.gaveanews.com\/wp-content\/uploads\/Gustavo-Gomez-em-treino-do-Palmeiras.webp","contentUrl":"https:\/\/www.gaveanews.com\/wp-content\/uploads\/Gustavo-Gomez-em-treino-do-Palmeiras.webp","width":768,"height":432,"caption":"Gustavo G\u00f3mez em treino do Palmeiras (Foto: Cesar Greco\/SEP)"},{"@type":"BreadcrumbList","@id":"https:\/\/www.gaveanews.com\/index.php\/2025\/04\/14\/video-a-declaracao-de-gustavo-gomez-apos-a-vitoria-do-palmeiras-contra-o-corinthians\/#breadcrumb","itemListElement":[{"@type":"ListItem","position":1,"name":"Home","item":"https:\/\/www.gaveanews.com\/"},{"@type":"ListItem","position":2,"name":"V\u00eddeo: a declara\u00e7\u00e3o de Gustavo G\u00f3mez ap\u00f3s a vit\u00f3ria do Palmeiras contra o Corinthians"}]},{"@type":"WebSite","@id":"https:\/\/www.gaveanews.com\/#website","url":"https:\/\/www.gaveanews.com\/","name":"G\u00e1vea News","description":"Veja todas as not\u00edcias sobre o Flamengo: Contrata\u00e7\u00f5es, categorias de base, resultados das partidas, tabela de classifica\u00e7\u00e3o, pr\u00f3ximos jogos!","potentialAction":[{"@type":"SearchAction","target":{"@type":"EntryPoint","urlTemplate":"https:\/\/www.gaveanews.com\/?s={search_term_string}"},"query-input":{"@type":"PropertyValueSpecification","valueRequired":true,"valueName":"search_term_string"}}],"inLanguage":"pt-BR"},{"@type":"Person","@id":"https:\/\/www.gaveanews.com\/#\/schema\/person\/8207cd4627f56151707418bfc835b2fb","name":"Matheus Felipe","image":{"@type":"ImageObject","inLanguage":"pt-BR","@id":"https:\/\/www.gaveanews.com\/#\/schema\/person\/image\/","url":"https:\/\/secure.gravatar.com\/avatar\/a452ffbed9130f726358b298bb3a99ce4bd3c5338411f8440e87e14d74c7c087?s=96&d=mm&r=g","contentUrl":"https:\/\/secure.gravatar.com\/avatar\/a452ffbed9130f726358b298bb3a99ce4bd3c5338411f8440e87e14d74c7c087?s=96&d=mm&r=g","caption":"Matheus Felipe"}}]}},"_links":{"self":[{"href":"https:\/\/www.gaveanews.com\/index.php\/wp-json\/wp\/v2\/posts\/253245","targetHints":{"allow":["GET"]}}],"collection":[{"href":"https:\/\/www.gaveanews.com\/index.php\/wp-json\/wp\/v2\/posts"}],"about":[{"href":"https:\/\/www.gaveanews.com\/index.php\/wp-json\/wp\/v2\/types\/post"}],"author":[{"embeddable":true,"href":"https:\/\/www.gaveanews.com\/index.php\/wp-json\/wp\/v2\/users\/27"}],"replies":[{"embeddable":true,"href":"https:\/\/www.gaveanews.com\/index.php\/wp-json\/wp\/v2\/comments?post=253245"}],"version-history":[{"count":1,"href":"https:\/\/www.gaveanews.com\/index.php\/wp-json\/wp\/v2\/posts\/253245\/revisions"}],"predecessor-version":[{"id":253256,"href":"https:\/\/www.gaveanews.com\/index.php\/wp-json\/wp\/v2\/posts\/253245\/revisions\/253256"}],"wp:featuredmedia":[{"embeddable":true,"href":"https:\/\/www.gaveanews.com\/index.php\/wp-json\/wp\/v2\/media\/59289"}],"wp:attachment":[{"href":"https:\/\/www.gaveanews.com\/index.php\/wp-json\/wp\/v2\/media?parent=253245"}],"wp:term":[{"taxonomy":"category","embeddable":true,"href":"https:\/\/www.gaveanews.com\/index.php\/wp-json\/wp\/v2\/categories?post=253245"},{"taxonomy":"post_tag","embeddable":true,"href":"https:\/\/www.gaveanews.com\/index.php\/wp-json\/wp\/v2\/tags?post=253245"}],"curies":[{"name":"wp","href":"https:\/\/api.w.org\/{rel}","templated":true}]}}