{"id":253255,"date":"2025-04-14T13:30:00","date_gmt":"2025-04-14T16:30:00","guid":{"rendered":"https:\/\/www.gaveanews.com\/?p=253255"},"modified":"2025-04-14T12:53:37","modified_gmt":"2025-04-14T15:53:37","slug":"a-declaracao-de-renato-gaucho-direcionada-a-thiago-silva-do-fluminense-2","status":"publish","type":"post","link":"https:\/\/www.gaveanews.com\/index.php\/2025\/04\/14\/a-declaracao-de-renato-gaucho-direcionada-a-thiago-silva-do-fluminense-2\/","title":{"rendered":"A declara\u00e7\u00e3o de Renato Ga\u00facho direcionada a Thiago Silva, do Fluminense"},"content":{"rendered":"\n<p>Voc\u00ea pode at\u00e9 comemorar os tr\u00eas pontos, mas quem conhece futebol sabe que nem toda vit\u00f3ria vem sem preocupa\u00e7\u00f5es. Foi exatamente isso que aconteceu com o Fluminense ap\u00f3s o triunfo por 1 a 0 sobre o Santos, no \u00faltimo domingo (13), no Maracan\u00e3. Embora a equipe tenha alcan\u00e7ado sua segunda vit\u00f3ria consecutiva no Campeonato Brasileiro, o t\u00e9cnico Renato Ga\u00facho deixou o est\u00e1dio com uma d\u00favida importante na cabe\u00e7a: Thiago Silva pode desfalcar o time.<\/p>\n\n\n\n<h2 class=\"wp-block-heading\" id=\"h-tres-pontos-conquistados-no-apagar-das-luzes\">Tr\u00eas pontos conquistados no apagar das luzes<\/h2>\n\n\n\n<p>A partida contra o Santos teve roteiro de emo\u00e7\u00e3o at\u00e9 o fim. O gol salvador de Samuel Xavier, nos acr\u00e9scimos do segundo tempo, garantiu a vit\u00f3ria tricolor e colocou o Fluminense na 5\u00aa coloca\u00e7\u00e3o da tabela, com seis pontos somados. Al\u00e9m disso, o resultado refor\u00e7a o bom in\u00edcio do t\u00e9cnico Renato Ga\u00facho, que chegou ao clube trazendo mudan\u00e7as positivas.<\/p>\n\n\n\n<p>Vale destacar que o Fluminense n\u00e3o apenas venceu, como tamb\u00e9m mostrou mais solidez defensiva e postura ofensiva mais equilibrada. Por isso, a torcida j\u00e1 come\u00e7a a acreditar em uma campanha consistente no Brasileir\u00e3o.<\/p>\n\n\n\n<h2 class=\"wp-block-heading\" id=\"h-thiago-silva-preocupa-para-o-jogo-contra-o-corinthians\">Thiago Silva preocupa para o jogo contra o Corinthians<\/h2>\n\n\n\n<figure class=\"wp-block-image size-large\"><img loading=\"lazy\" decoding=\"async\" width=\"1024\" height=\"683\" src=\"http:\/\/www.gaveanews.com\/wp-content\/uploads\/Thiago-Silva-com-a-camisa-do-Fluminense-em-Fluminense-x-Palmeira-em-2024-1024x683.webp\" alt=\"\" class=\"wp-image-154432\" srcset=\"https:\/\/www.gaveanews.com\/wp-content\/uploads\/Thiago-Silva-com-a-camisa-do-Fluminense-em-Fluminense-x-Palmeira-em-2024-1024x683.webp 1024w, https:\/\/www.gaveanews.com\/wp-content\/uploads\/Thiago-Silva-com-a-camisa-do-Fluminense-em-Fluminense-x-Palmeira-em-2024-300x200.webp 300w, https:\/\/www.gaveanews.com\/wp-content\/uploads\/Thiago-Silva-com-a-camisa-do-Fluminense-em-Fluminense-x-Palmeira-em-2024-768x512.webp 768w, https:\/\/www.gaveanews.com\/wp-content\/uploads\/Thiago-Silva-com-a-camisa-do-Fluminense-em-Fluminense-x-Palmeira-em-2024-630x420.webp 630w, https:\/\/www.gaveanews.com\/wp-content\/uploads\/Thiago-Silva-com-a-camisa-do-Fluminense-em-Fluminense-x-Palmeira-em-2024-640x427.webp 640w, https:\/\/www.gaveanews.com\/wp-content\/uploads\/Thiago-Silva-com-a-camisa-do-Fluminense-em-Fluminense-x-Palmeira-em-2024-681x454.webp 681w, https:\/\/www.gaveanews.com\/wp-content\/uploads\/Thiago-Silva-com-a-camisa-do-Fluminense-em-Fluminense-x-Palmeira-em-2024-100x67.webp 100w, https:\/\/www.gaveanews.com\/wp-content\/uploads\/Thiago-Silva-com-a-camisa-do-Fluminense-em-Fluminense-x-Palmeira-em-2024.webp 1213w\" sizes=\"auto, (max-width: 1024px) 100vw, 1024px\" \/><figcaption class=\"wp-element-caption\">Thiago Silva com a camisa do Fluminense em Fluminense x Palmeira em 2024 (Foto: Lucas Mer\u00e7on \/ Fluminense F.C)<\/figcaption><\/figure>\n\n\n\n<p>Ap\u00f3s a partida, Renato Ga\u00facho concedeu entrevista coletiva e demonstrou apreens\u00e3o com a situa\u00e7\u00e3o de Thiago Silva. O zagueiro, que terminou o jogo atuando como volante, sentiu um desconforto muscular e vai passar por exames para avaliar a gravidade do problema.<\/p>\n\n\n\n<p>\u201cEu segurei a \u00faltima substitui\u00e7\u00e3o, fizemos o gol e eu j\u00e1 tinha queimado a \u00faltima substitui\u00e7\u00e3o. Temos que esperar 24 horas para ele (Thiago Silva) fazer o exame e ver o que aconteceu na coxa dele. Nos \u00faltimos minutos, eu coloquei ele de volante. Vamos esperar o resultado do exame\u201d, declarou Renato.<\/p>\n\n\n\n<p>Cabe ressaltar que Thiago Silva \u00e9 uma das lideran\u00e7as do elenco. Sendo assim, qualquer aus\u00eancia do zagueiro pode afetar o desempenho do setor defensivo. Dessa maneira, a expectativa para o confronto contra o Corinthians, na quarta-feira (16), fica marcada por incerteza. Com isso, a torcida aguarda novidades sobre o camisa 3 \u2014 e espera que n\u00e3o seja nada s\u00e9rio.<\/p>\n","protected":false},"excerpt":{"rendered":"<p>Voc\u00ea pode at\u00e9 comemorar os tr\u00eas pontos, mas quem conhece futebol sabe que nem toda vit\u00f3ria vem sem preocupa\u00e7\u00f5es. Foi exatamente isso que aconteceu com o Fluminense ap\u00f3s o triunfo por 1 a 0 sobre o Santos, no \u00faltimo domingo (13), no Maracan\u00e3. Embora a equipe tenha alcan\u00e7ado sua segunda vit\u00f3ria consecutiva no Campeonato Brasileiro, [&hellip;]<\/p>\n","protected":false},"author":24,"featured_media":249138,"comment_status":"open","ping_status":"closed","sticky":false,"template":"","format":"standard","meta":{"footnotes":""},"categories":[145],"tags":[],"class_list":["post-253255","post","type-post","status-publish","format-standard","has-post-thumbnail","hentry","category-fluminense"],"yoast_head":"<!-- This site is optimized with the Yoast SEO Premium plugin v24.2 (Yoast SEO v26.9) - https:\/\/yoast.com\/product\/yoast-seo-premium-wordpress\/ -->\n<title>A declara\u00e7\u00e3o de Renato Ga\u00facho direcionada a Thiago Silva, do Fluminense<\/title>\n<meta name=\"robots\" content=\"index, follow, max-snippet:-1, max-image-preview:large, max-video-preview:-1\" \/>\n<link rel=\"canonical\" href=\"https:\/\/www.gaveanews.com\/index.php\/2025\/04\/14\/a-declaracao-de-renato-gaucho-direcionada-a-thiago-silva-do-fluminense-2\/\" \/>\n<meta property=\"og:locale\" content=\"pt_BR\" \/>\n<meta property=\"og:type\" content=\"article\" \/>\n<meta property=\"og:title\" content=\"A declara\u00e7\u00e3o de Renato Ga\u00facho direcionada a Thiago Silva, do Fluminense\" \/>\n<meta property=\"og:description\" content=\"Voc\u00ea pode at\u00e9 comemorar os tr\u00eas pontos, mas quem conhece futebol sabe que nem toda vit\u00f3ria vem sem preocupa\u00e7\u00f5es. Foi exatamente isso que aconteceu com o Fluminense ap\u00f3s o triunfo por 1 a 0 sobre o Santos, no \u00faltimo domingo (13), no Maracan\u00e3. Embora a equipe tenha alcan\u00e7ado sua segunda vit\u00f3ria consecutiva no Campeonato Brasileiro, [&hellip;]\" \/>\n<meta property=\"og:url\" content=\"https:\/\/www.gaveanews.com\/index.php\/2025\/04\/14\/a-declaracao-de-renato-gaucho-direcionada-a-thiago-silva-do-fluminense-2\/\" \/>\n<meta property=\"og:site_name\" content=\"G\u00e1vea News\" \/>\n<meta property=\"article:publisher\" content=\"https:\/\/facebook.com\/gaveaNews\/\" \/>\n<meta property=\"article:published_time\" content=\"2025-04-14T16:30:00+00:00\" \/>\n<meta property=\"og:image\" content=\"https:\/\/www.gaveanews.com\/wp-content\/uploads\/Apresentacao-de-Renato-Gaucho-no-Fluminense.webp\" \/>\n\t<meta property=\"og:image:width\" content=\"1200\" \/>\n\t<meta property=\"og:image:height\" content=\"800\" \/>\n\t<meta property=\"og:image:type\" content=\"image\/png\" \/>\n<meta name=\"author\" content=\"Leandro Cardoso\" \/>\n<meta name=\"twitter:card\" content=\"summary_large_image\" \/>\n<meta name=\"twitter:label1\" content=\"Escrito por\" \/>\n\t<meta name=\"twitter:data1\" content=\"Leandro Cardoso\" \/>\n\t<meta name=\"twitter:label2\" content=\"Est. tempo de leitura\" \/>\n\t<meta name=\"twitter:data2\" content=\"3 minutos\" \/>\n<script type=\"application\/ld+json\" class=\"yoast-schema-graph\">{\"@context\":\"https:\/\/schema.org\",\"@graph\":[{\"@type\":\"NewsArticle\",\"@id\":\"https:\/\/www.gaveanews.com\/index.php\/2025\/04\/14\/a-declaracao-de-renato-gaucho-direcionada-a-thiago-silva-do-fluminense-2\/#article\",\"isPartOf\":{\"@id\":\"https:\/\/www.gaveanews.com\/index.php\/2025\/04\/14\/a-declaracao-de-renato-gaucho-direcionada-a-thiago-silva-do-fluminense-2\/\"},\"author\":{\"name\":\"Leandro Cardoso\",\"@id\":\"https:\/\/www.gaveanews.com\/#\/schema\/person\/2424ec6409bc3f068411fc5e4e9b6168\"},\"headline\":\"A declara\u00e7\u00e3o de Renato Ga\u00facho direcionada a Thiago Silva, do Fluminense\",\"datePublished\":\"2025-04-14T16:30:00+00:00\",\"mainEntityOfPage\":{\"@id\":\"https:\/\/www.gaveanews.com\/index.php\/2025\/04\/14\/a-declaracao-de-renato-gaucho-direcionada-a-thiago-silva-do-fluminense-2\/\"},\"wordCount\":393,\"commentCount\":0,\"image\":{\"@id\":\"https:\/\/www.gaveanews.com\/index.php\/2025\/04\/14\/a-declaracao-de-renato-gaucho-direcionada-a-thiago-silva-do-fluminense-2\/#primaryimage\"},\"thumbnailUrl\":\"https:\/\/www.gaveanews.com\/wp-content\/uploads\/Apresentacao-de-Renato-Gaucho-no-Fluminense.webp\",\"articleSection\":[\"Fluminense\"],\"inLanguage\":\"pt-BR\",\"potentialAction\":[{\"@type\":\"CommentAction\",\"name\":\"Comment\",\"target\":[\"https:\/\/www.gaveanews.com\/index.php\/2025\/04\/14\/a-declaracao-de-renato-gaucho-direcionada-a-thiago-silva-do-fluminense-2\/#respond\"]}],\"copyrightYear\":\"2025\",\"copyrightHolder\":{\"@id\":\"https:\/\/www.gaveanews.com\/#organization\"}},{\"@type\":\"WebPage\",\"@id\":\"https:\/\/www.gaveanews.com\/index.php\/2025\/04\/14\/a-declaracao-de-renato-gaucho-direcionada-a-thiago-silva-do-fluminense-2\/\",\"url\":\"https:\/\/www.gaveanews.com\/index.php\/2025\/04\/14\/a-declaracao-de-renato-gaucho-direcionada-a-thiago-silva-do-fluminense-2\/\",\"name\":\"A declara\u00e7\u00e3o de Renato Ga\u00facho direcionada a Thiago Silva, do Fluminense\",\"isPartOf\":{\"@id\":\"https:\/\/www.gaveanews.com\/#website\"},\"primaryImageOfPage\":{\"@id\":\"https:\/\/www.gaveanews.com\/index.php\/2025\/04\/14\/a-declaracao-de-renato-gaucho-direcionada-a-thiago-silva-do-fluminense-2\/#primaryimage\"},\"image\":{\"@id\":\"https:\/\/www.gaveanews.com\/index.php\/2025\/04\/14\/a-declaracao-de-renato-gaucho-direcionada-a-thiago-silva-do-fluminense-2\/#primaryimage\"},\"thumbnailUrl\":\"https:\/\/www.gaveanews.com\/wp-content\/uploads\/Apresentacao-de-Renato-Gaucho-no-Fluminense.webp\",\"datePublished\":\"2025-04-14T16:30:00+00:00\",\"author\":{\"@id\":\"https:\/\/www.gaveanews.com\/#\/schema\/person\/2424ec6409bc3f068411fc5e4e9b6168\"},\"breadcrumb\":{\"@id\":\"https:\/\/www.gaveanews.com\/index.php\/2025\/04\/14\/a-declaracao-de-renato-gaucho-direcionada-a-thiago-silva-do-fluminense-2\/#breadcrumb\"},\"inLanguage\":\"pt-BR\",\"potentialAction\":[{\"@type\":\"ReadAction\",\"target\":[\"https:\/\/www.gaveanews.com\/index.php\/2025\/04\/14\/a-declaracao-de-renato-gaucho-direcionada-a-thiago-silva-do-fluminense-2\/\"]}]},{\"@type\":\"ImageObject\",\"inLanguage\":\"pt-BR\",\"@id\":\"https:\/\/www.gaveanews.com\/index.php\/2025\/04\/14\/a-declaracao-de-renato-gaucho-direcionada-a-thiago-silva-do-fluminense-2\/#primaryimage\",\"url\":\"https:\/\/www.gaveanews.com\/wp-content\/uploads\/Apresentacao-de-Renato-Gaucho-no-Fluminense.webp\",\"contentUrl\":\"https:\/\/www.gaveanews.com\/wp-content\/uploads\/Apresentacao-de-Renato-Gaucho-no-Fluminense.webp\",\"width\":1200,\"height\":800},{\"@type\":\"BreadcrumbList\",\"@id\":\"https:\/\/www.gaveanews.com\/index.php\/2025\/04\/14\/a-declaracao-de-renato-gaucho-direcionada-a-thiago-silva-do-fluminense-2\/#breadcrumb\",\"itemListElement\":[{\"@type\":\"ListItem\",\"position\":1,\"name\":\"Home\",\"item\":\"https:\/\/www.gaveanews.com\/\"},{\"@type\":\"ListItem\",\"position\":2,\"name\":\"A declara\u00e7\u00e3o de Renato Ga\u00facho direcionada a Thiago Silva, do Fluminense\"}]},{\"@type\":\"WebSite\",\"@id\":\"https:\/\/www.gaveanews.com\/#website\",\"url\":\"https:\/\/www.gaveanews.com\/\",\"name\":\"G\u00e1vea News\",\"description\":\"Veja todas as not\u00edcias sobre o Flamengo: Contrata\u00e7\u00f5es, categorias de base, resultados das partidas, tabela de classifica\u00e7\u00e3o, pr\u00f3ximos jogos!\",\"potentialAction\":[{\"@type\":\"SearchAction\",\"target\":{\"@type\":\"EntryPoint\",\"urlTemplate\":\"https:\/\/www.gaveanews.com\/?s={search_term_string}\"},\"query-input\":{\"@type\":\"PropertyValueSpecification\",\"valueRequired\":true,\"valueName\":\"search_term_string\"}}],\"inLanguage\":\"pt-BR\"},{\"@type\":\"Person\",\"@id\":\"https:\/\/www.gaveanews.com\/#\/schema\/person\/2424ec6409bc3f068411fc5e4e9b6168\",\"name\":\"Leandro Cardoso\",\"image\":{\"@type\":\"ImageObject\",\"inLanguage\":\"pt-BR\",\"@id\":\"https:\/\/www.gaveanews.com\/#\/schema\/person\/image\/\",\"url\":\"https:\/\/secure.gravatar.com\/avatar\/8ca179f9b55eefe9f376f5493ef25475bfa59fbc28ce937f6076ce20e523098f?s=96&d=mm&r=g\",\"contentUrl\":\"https:\/\/secure.gravatar.com\/avatar\/8ca179f9b55eefe9f376f5493ef25475bfa59fbc28ce937f6076ce20e523098f?s=96&d=mm&r=g\",\"caption\":\"Leandro Cardoso\"}}]}<\/script>\n<!-- \/ Yoast SEO Premium plugin. -->","yoast_head_json":{"title":"A declara\u00e7\u00e3o de Renato Ga\u00facho direcionada a Thiago Silva, do Fluminense","robots":{"index":"index","follow":"follow","max-snippet":"max-snippet:-1","max-image-preview":"max-image-preview:large","max-video-preview":"max-video-preview:-1"},"canonical":"https:\/\/www.gaveanews.com\/index.php\/2025\/04\/14\/a-declaracao-de-renato-gaucho-direcionada-a-thiago-silva-do-fluminense-2\/","og_locale":"pt_BR","og_type":"article","og_title":"A declara\u00e7\u00e3o de Renato Ga\u00facho direcionada a Thiago Silva, do Fluminense","og_description":"Voc\u00ea pode at\u00e9 comemorar os tr\u00eas pontos, mas quem conhece futebol sabe que nem toda vit\u00f3ria vem sem preocupa\u00e7\u00f5es. Foi exatamente isso que aconteceu com o Fluminense ap\u00f3s o triunfo por 1 a 0 sobre o Santos, no \u00faltimo domingo (13), no Maracan\u00e3. Embora a equipe tenha alcan\u00e7ado sua segunda vit\u00f3ria consecutiva no Campeonato Brasileiro, [&hellip;]","og_url":"https:\/\/www.gaveanews.com\/index.php\/2025\/04\/14\/a-declaracao-de-renato-gaucho-direcionada-a-thiago-silva-do-fluminense-2\/","og_site_name":"G\u00e1vea News","article_publisher":"https:\/\/facebook.com\/gaveaNews\/","article_published_time":"2025-04-14T16:30:00+00:00","og_image":[{"width":1200,"height":800,"url":"https:\/\/www.gaveanews.com\/wp-content\/uploads\/Apresentacao-de-Renato-Gaucho-no-Fluminense.webp","type":"image\/png"}],"author":"Leandro Cardoso","twitter_card":"summary_large_image","twitter_misc":{"Escrito por":"Leandro Cardoso","Est. tempo de leitura":"3 minutos"},"schema":{"@context":"https:\/\/schema.org","@graph":[{"@type":"NewsArticle","@id":"https:\/\/www.gaveanews.com\/index.php\/2025\/04\/14\/a-declaracao-de-renato-gaucho-direcionada-a-thiago-silva-do-fluminense-2\/#article","isPartOf":{"@id":"https:\/\/www.gaveanews.com\/index.php\/2025\/04\/14\/a-declaracao-de-renato-gaucho-direcionada-a-thiago-silva-do-fluminense-2\/"},"author":{"name":"Leandro Cardoso","@id":"https:\/\/www.gaveanews.com\/#\/schema\/person\/2424ec6409bc3f068411fc5e4e9b6168"},"headline":"A declara\u00e7\u00e3o de Renato Ga\u00facho direcionada a Thiago Silva, do Fluminense","datePublished":"2025-04-14T16:30:00+00:00","mainEntityOfPage":{"@id":"https:\/\/www.gaveanews.com\/index.php\/2025\/04\/14\/a-declaracao-de-renato-gaucho-direcionada-a-thiago-silva-do-fluminense-2\/"},"wordCount":393,"commentCount":0,"image":{"@id":"https:\/\/www.gaveanews.com\/index.php\/2025\/04\/14\/a-declaracao-de-renato-gaucho-direcionada-a-thiago-silva-do-fluminense-2\/#primaryimage"},"thumbnailUrl":"https:\/\/www.gaveanews.com\/wp-content\/uploads\/Apresentacao-de-Renato-Gaucho-no-Fluminense.webp","articleSection":["Fluminense"],"inLanguage":"pt-BR","potentialAction":[{"@type":"CommentAction","name":"Comment","target":["https:\/\/www.gaveanews.com\/index.php\/2025\/04\/14\/a-declaracao-de-renato-gaucho-direcionada-a-thiago-silva-do-fluminense-2\/#respond"]}],"copyrightYear":"2025","copyrightHolder":{"@id":"https:\/\/www.gaveanews.com\/#organization"}},{"@type":"WebPage","@id":"https:\/\/www.gaveanews.com\/index.php\/2025\/04\/14\/a-declaracao-de-renato-gaucho-direcionada-a-thiago-silva-do-fluminense-2\/","url":"https:\/\/www.gaveanews.com\/index.php\/2025\/04\/14\/a-declaracao-de-renato-gaucho-direcionada-a-thiago-silva-do-fluminense-2\/","name":"A declara\u00e7\u00e3o de Renato Ga\u00facho direcionada a Thiago Silva, do Fluminense","isPartOf":{"@id":"https:\/\/www.gaveanews.com\/#website"},"primaryImageOfPage":{"@id":"https:\/\/www.gaveanews.com\/index.php\/2025\/04\/14\/a-declaracao-de-renato-gaucho-direcionada-a-thiago-silva-do-fluminense-2\/#primaryimage"},"image":{"@id":"https:\/\/www.gaveanews.com\/index.php\/2025\/04\/14\/a-declaracao-de-renato-gaucho-direcionada-a-thiago-silva-do-fluminense-2\/#primaryimage"},"thumbnailUrl":"https:\/\/www.gaveanews.com\/wp-content\/uploads\/Apresentacao-de-Renato-Gaucho-no-Fluminense.webp","datePublished":"2025-04-14T16:30:00+00:00","author":{"@id":"https:\/\/www.gaveanews.com\/#\/schema\/person\/2424ec6409bc3f068411fc5e4e9b6168"},"breadcrumb":{"@id":"https:\/\/www.gaveanews.com\/index.php\/2025\/04\/14\/a-declaracao-de-renato-gaucho-direcionada-a-thiago-silva-do-fluminense-2\/#breadcrumb"},"inLanguage":"pt-BR","potentialAction":[{"@type":"ReadAction","target":["https:\/\/www.gaveanews.com\/index.php\/2025\/04\/14\/a-declaracao-de-renato-gaucho-direcionada-a-thiago-silva-do-fluminense-2\/"]}]},{"@type":"ImageObject","inLanguage":"pt-BR","@id":"https:\/\/www.gaveanews.com\/index.php\/2025\/04\/14\/a-declaracao-de-renato-gaucho-direcionada-a-thiago-silva-do-fluminense-2\/#primaryimage","url":"https:\/\/www.gaveanews.com\/wp-content\/uploads\/Apresentacao-de-Renato-Gaucho-no-Fluminense.webp","contentUrl":"https:\/\/www.gaveanews.com\/wp-content\/uploads\/Apresentacao-de-Renato-Gaucho-no-Fluminense.webp","width":1200,"height":800},{"@type":"BreadcrumbList","@id":"https:\/\/www.gaveanews.com\/index.php\/2025\/04\/14\/a-declaracao-de-renato-gaucho-direcionada-a-thiago-silva-do-fluminense-2\/#breadcrumb","itemListElement":[{"@type":"ListItem","position":1,"name":"Home","item":"https:\/\/www.gaveanews.com\/"},{"@type":"ListItem","position":2,"name":"A declara\u00e7\u00e3o de Renato Ga\u00facho direcionada a Thiago Silva, do Fluminense"}]},{"@type":"WebSite","@id":"https:\/\/www.gaveanews.com\/#website","url":"https:\/\/www.gaveanews.com\/","name":"G\u00e1vea News","description":"Veja todas as not\u00edcias sobre o Flamengo: Contrata\u00e7\u00f5es, categorias de base, resultados das partidas, tabela de classifica\u00e7\u00e3o, pr\u00f3ximos jogos!","potentialAction":[{"@type":"SearchAction","target":{"@type":"EntryPoint","urlTemplate":"https:\/\/www.gaveanews.com\/?s={search_term_string}"},"query-input":{"@type":"PropertyValueSpecification","valueRequired":true,"valueName":"search_term_string"}}],"inLanguage":"pt-BR"},{"@type":"Person","@id":"https:\/\/www.gaveanews.com\/#\/schema\/person\/2424ec6409bc3f068411fc5e4e9b6168","name":"Leandro Cardoso","image":{"@type":"ImageObject","inLanguage":"pt-BR","@id":"https:\/\/www.gaveanews.com\/#\/schema\/person\/image\/","url":"https:\/\/secure.gravatar.com\/avatar\/8ca179f9b55eefe9f376f5493ef25475bfa59fbc28ce937f6076ce20e523098f?s=96&d=mm&r=g","contentUrl":"https:\/\/secure.gravatar.com\/avatar\/8ca179f9b55eefe9f376f5493ef25475bfa59fbc28ce937f6076ce20e523098f?s=96&d=mm&r=g","caption":"Leandro Cardoso"}}]}},"_links":{"self":[{"href":"https:\/\/www.gaveanews.com\/index.php\/wp-json\/wp\/v2\/posts\/253255","targetHints":{"allow":["GET"]}}],"collection":[{"href":"https:\/\/www.gaveanews.com\/index.php\/wp-json\/wp\/v2\/posts"}],"about":[{"href":"https:\/\/www.gaveanews.com\/index.php\/wp-json\/wp\/v2\/types\/post"}],"author":[{"embeddable":true,"href":"https:\/\/www.gaveanews.com\/index.php\/wp-json\/wp\/v2\/users\/24"}],"replies":[{"embeddable":true,"href":"https:\/\/www.gaveanews.com\/index.php\/wp-json\/wp\/v2\/comments?post=253255"}],"version-history":[{"count":1,"href":"https:\/\/www.gaveanews.com\/index.php\/wp-json\/wp\/v2\/posts\/253255\/revisions"}],"predecessor-version":[{"id":253259,"href":"https:\/\/www.gaveanews.com\/index.php\/wp-json\/wp\/v2\/posts\/253255\/revisions\/253259"}],"wp:featuredmedia":[{"embeddable":true,"href":"https:\/\/www.gaveanews.com\/index.php\/wp-json\/wp\/v2\/media\/249138"}],"wp:attachment":[{"href":"https:\/\/www.gaveanews.com\/index.php\/wp-json\/wp\/v2\/media?parent=253255"}],"wp:term":[{"taxonomy":"category","embeddable":true,"href":"https:\/\/www.gaveanews.com\/index.php\/wp-json\/wp\/v2\/categories?post=253255"},{"taxonomy":"post_tag","embeddable":true,"href":"https:\/\/www.gaveanews.com\/index.php\/wp-json\/wp\/v2\/tags?post=253255"}],"curies":[{"name":"wp","href":"https:\/\/api.w.org\/{rel}","templated":true}]}}