{"id":253263,"date":"2025-04-14T13:40:00","date_gmt":"2025-04-14T16:40:00","guid":{"rendered":"https:\/\/www.gaveanews.com\/?p=253263"},"modified":"2025-04-14T12:59:34","modified_gmt":"2025-04-14T15:59:34","slug":"video-jornalista-perde-o-controle-ao-vivo-apos-vitoria-do-flamengo-contra-o-gremio","status":"publish","type":"post","link":"https:\/\/www.gaveanews.com\/index.php\/2025\/04\/14\/video-jornalista-perde-o-controle-ao-vivo-apos-vitoria-do-flamengo-contra-o-gremio\/","title":{"rendered":"V\u00eddeo: jornalista perde o controle ao vivo ap\u00f3s vit\u00f3ria do Flamengo contra o Gr\u00eamio"},"content":{"rendered":"\n<p>Se voc\u00ea acha que o Brasileir\u00e3o come\u00e7ou morno, \u00e9 porque ainda n\u00e3o viu a repercuss\u00e3o da vit\u00f3ria do Flamengo sobre o Gr\u00eamio neste domingo (13). Atuando em Porto Alegre, o Rubro-Negro foi superior e venceu o rival por 2 a 0.&nbsp;<\/p>\n\n\n\n<p>No entanto, o que mais chamou aten\u00e7\u00e3o ap\u00f3s o jogo foi o desabafo do jornalista ga\u00facho Farid Germano Filho, que perdeu o controle durante uma live e expressou toda sua frustra\u00e7\u00e3o com o momento do Tricolor Ga\u00facho.<\/p>\n\n\n\n<h2 class=\"wp-block-heading\" id=\"h-farid-se-revolta-e-dispara-criticas-ao-gremio\">Farid se revolta e dispara cr\u00edticas ao Gr\u00eamio<\/h2>\n\n\n\n<p>\u201cSe n\u00e3o mudar o t\u00e9cnico do Gr\u00eamio, o time caminha novamente para a S\u00e9rie B. Com esse timeco que estar entrando em campo, n\u00e3o ganha de ningu\u00e9m. Eu n\u00e3o suporto mais perder para o Flamengo, perder Gre-Nal\u2026 Eu n\u00e3o suporto, n\u00e3o d\u00e1 mais\u201d, declarou Farid, visivelmente irritado, ao vivo. A fala gerou grande repercuss\u00e3o nas redes sociais e refletiu a insatisfa\u00e7\u00e3o da torcida gremista.<\/p>\n\n\n\n<blockquote class=\"twitter-tweet\" data-media-max-width=\"560\"><p lang=\"pt\" dir=\"ltr\">Farid quase infartou de nervoso com a derrota do Gr\u00eamio para o Flamengo \ud83d\ude05 <br><br>&quot;Eu n\u00e3o suporto mais perder pro Flamengo&quot; <a href=\"https:\/\/t.co\/vtsNmXbjZH\">pic.twitter.com\/vtsNmXbjZH<\/a><\/p>&mdash; Planeta do Flamengo \ud83c\udf0e (@fla_infos) <a href=\"https:\/\/twitter.com\/fla_infos\/status\/1911581457207971950?ref_src=twsrc%5Etfw\">April 14, 2025<\/a><\/blockquote> <script async src=\"https:\/\/platform.twitter.com\/widgets.js\" charset=\"utf-8\"><\/script>\n\n\n\n<p>Al\u00e9m disso, a baixa presen\u00e7a de p\u00fablico na Arena do Gr\u00eamio refor\u00e7a o clima de des\u00e2nimo. Isso porque a confian\u00e7a da torcida j\u00e1 estava abalada antes mesmo da bola rolar, e a derrota s\u00f3 agravou a situa\u00e7\u00e3o.<\/p>\n\n\n\n<h2 class=\"wp-block-heading\" id=\"h-arrascaeta-brilha-e-comanda-o-triunfo-rubro-negro\">Arrascaeta brilha e comanda o triunfo rubro-negro<\/h2>\n\n\n\n<p>Do lado vencedor, o destaque da partida foi Arrascaeta. O uruguaio marcou os dois gols do Flamengo e foi o grande nome do duelo. Dessa maneira, ele chegou a 78 gols com a camisa rubro-negra, tornando-se o segundo maior artilheiro estrangeiro da hist\u00f3ria do clube.<\/p>\n\n\n\n<p>Vale destacar que, com o resultado, o Flamengo assumiu a lideran\u00e7a do Campeonato Brasileiro, somando sete pontos. O Palmeiras tem a mesma pontua\u00e7\u00e3o, mas perde nos crit\u00e9rios de desempate. Por isso, o bom in\u00edcio de campanha anima os torcedores.<\/p>\n\n\n\n<h2 class=\"wp-block-heading\" id=\"h-proximo-compromisso-ja-tem-data-marcada\">Pr\u00f3ximo compromisso j\u00e1 tem data marcada<\/h2>\n\n\n\n<p>Sendo assim, o Flamengo se prepara agora para encarar o Juventude nesta quarta-feira (16), \u00e0s 21h30, no Maracan\u00e3. Cabe ressaltar que a equipe vive grande fase, e manter a consist\u00eancia ser\u00e1 essencial para seguir firme na briga pelo t\u00edtulo.<\/p>\n","protected":false},"excerpt":{"rendered":"<p>Se voc\u00ea acha que o Brasileir\u00e3o come\u00e7ou morno, \u00e9 porque ainda n\u00e3o viu a repercuss\u00e3o da vit\u00f3ria do Flamengo sobre o Gr\u00eamio neste domingo (13). Atuando em Porto Alegre, o Rubro-Negro foi superior e venceu o rival por 2 a 0.&nbsp; No entanto, o que mais chamou aten\u00e7\u00e3o ap\u00f3s o jogo foi o desabafo do [&hellip;]<\/p>\n","protected":false},"author":25,"featured_media":124684,"comment_status":"open","ping_status":"closed","sticky":false,"template":"","format":"standard","meta":{"footnotes":""},"categories":[1,147],"tags":[],"class_list":["post-253263","post","type-post","status-publish","format-standard","has-post-thumbnail","hentry","category-flamengo","category-gremio"],"yoast_head":"<!-- This site is optimized with the Yoast SEO Premium plugin v24.2 (Yoast SEO v26.9) - https:\/\/yoast.com\/product\/yoast-seo-premium-wordpress\/ -->\n<title>V\u00eddeo: jornalista perde o controle ao vivo ap\u00f3s vit\u00f3ria do Flamengo contra o Gr\u00eamio<\/title>\n<meta name=\"robots\" content=\"index, follow, max-snippet:-1, max-image-preview:large, max-video-preview:-1\" \/>\n<link rel=\"canonical\" href=\"https:\/\/www.gaveanews.com\/index.php\/2025\/04\/14\/video-jornalista-perde-o-controle-ao-vivo-apos-vitoria-do-flamengo-contra-o-gremio\/\" \/>\n<meta property=\"og:locale\" content=\"pt_BR\" \/>\n<meta property=\"og:type\" content=\"article\" \/>\n<meta property=\"og:title\" content=\"V\u00eddeo: jornalista perde o controle ao vivo ap\u00f3s vit\u00f3ria do Flamengo contra o Gr\u00eamio\" \/>\n<meta property=\"og:description\" content=\"Se voc\u00ea acha que o Brasileir\u00e3o come\u00e7ou morno, \u00e9 porque ainda n\u00e3o viu a repercuss\u00e3o da vit\u00f3ria do Flamengo sobre o Gr\u00eamio neste domingo (13). Atuando em Porto Alegre, o Rubro-Negro foi superior e venceu o rival por 2 a 0.&nbsp; No entanto, o que mais chamou aten\u00e7\u00e3o ap\u00f3s o jogo foi o desabafo do [&hellip;]\" \/>\n<meta property=\"og:url\" content=\"https:\/\/www.gaveanews.com\/index.php\/2025\/04\/14\/video-jornalista-perde-o-controle-ao-vivo-apos-vitoria-do-flamengo-contra-o-gremio\/\" \/>\n<meta property=\"og:site_name\" content=\"G\u00e1vea News\" \/>\n<meta property=\"article:publisher\" content=\"https:\/\/facebook.com\/gaveaNews\/\" \/>\n<meta property=\"article:published_time\" content=\"2025-04-14T16:40:00+00:00\" \/>\n<meta property=\"og:image\" content=\"https:\/\/www.gaveanews.com\/wp-content\/uploads\/escudoDoFlamengo.webp\" \/>\n\t<meta property=\"og:image:width\" content=\"1095\" \/>\n\t<meta property=\"og:image:height\" content=\"730\" \/>\n\t<meta property=\"og:image:type\" content=\"image\/webp\" \/>\n<meta name=\"author\" content=\"Rafaela Ladeira\" \/>\n<meta name=\"twitter:card\" content=\"summary_large_image\" \/>\n<meta name=\"twitter:label1\" content=\"Escrito por\" \/>\n\t<meta name=\"twitter:data1\" content=\"Rafaela Ladeira\" \/>\n\t<meta name=\"twitter:label2\" content=\"Est. tempo de leitura\" \/>\n\t<meta name=\"twitter:data2\" content=\"2 minutos\" \/>\n<script type=\"application\/ld+json\" class=\"yoast-schema-graph\">{\"@context\":\"https:\/\/schema.org\",\"@graph\":[{\"@type\":\"NewsArticle\",\"@id\":\"https:\/\/www.gaveanews.com\/index.php\/2025\/04\/14\/video-jornalista-perde-o-controle-ao-vivo-apos-vitoria-do-flamengo-contra-o-gremio\/#article\",\"isPartOf\":{\"@id\":\"https:\/\/www.gaveanews.com\/index.php\/2025\/04\/14\/video-jornalista-perde-o-controle-ao-vivo-apos-vitoria-do-flamengo-contra-o-gremio\/\"},\"author\":{\"name\":\"Rafaela Ladeira\",\"@id\":\"https:\/\/www.gaveanews.com\/#\/schema\/person\/0eb3e3fe1754f0205218538adbe8f5ed\"},\"headline\":\"V\u00eddeo: jornalista perde o controle ao vivo ap\u00f3s vit\u00f3ria do Flamengo contra o Gr\u00eamio\",\"datePublished\":\"2025-04-14T16:40:00+00:00\",\"mainEntityOfPage\":{\"@id\":\"https:\/\/www.gaveanews.com\/index.php\/2025\/04\/14\/video-jornalista-perde-o-controle-ao-vivo-apos-vitoria-do-flamengo-contra-o-gremio\/\"},\"wordCount\":411,\"commentCount\":0,\"image\":{\"@id\":\"https:\/\/www.gaveanews.com\/index.php\/2025\/04\/14\/video-jornalista-perde-o-controle-ao-vivo-apos-vitoria-do-flamengo-contra-o-gremio\/#primaryimage\"},\"thumbnailUrl\":\"https:\/\/www.gaveanews.com\/wp-content\/uploads\/escudoDoFlamengo.webp\",\"articleSection\":[\"Flamengo\",\"Gr\u00eamio\"],\"inLanguage\":\"pt-BR\",\"potentialAction\":[{\"@type\":\"CommentAction\",\"name\":\"Comment\",\"target\":[\"https:\/\/www.gaveanews.com\/index.php\/2025\/04\/14\/video-jornalista-perde-o-controle-ao-vivo-apos-vitoria-do-flamengo-contra-o-gremio\/#respond\"]}],\"copyrightYear\":\"2025\",\"copyrightHolder\":{\"@id\":\"https:\/\/www.gaveanews.com\/#organization\"}},{\"@type\":\"WebPage\",\"@id\":\"https:\/\/www.gaveanews.com\/index.php\/2025\/04\/14\/video-jornalista-perde-o-controle-ao-vivo-apos-vitoria-do-flamengo-contra-o-gremio\/\",\"url\":\"https:\/\/www.gaveanews.com\/index.php\/2025\/04\/14\/video-jornalista-perde-o-controle-ao-vivo-apos-vitoria-do-flamengo-contra-o-gremio\/\",\"name\":\"V\u00eddeo: jornalista perde o controle ao vivo ap\u00f3s vit\u00f3ria do Flamengo contra o Gr\u00eamio\",\"isPartOf\":{\"@id\":\"https:\/\/www.gaveanews.com\/#website\"},\"primaryImageOfPage\":{\"@id\":\"https:\/\/www.gaveanews.com\/index.php\/2025\/04\/14\/video-jornalista-perde-o-controle-ao-vivo-apos-vitoria-do-flamengo-contra-o-gremio\/#primaryimage\"},\"image\":{\"@id\":\"https:\/\/www.gaveanews.com\/index.php\/2025\/04\/14\/video-jornalista-perde-o-controle-ao-vivo-apos-vitoria-do-flamengo-contra-o-gremio\/#primaryimage\"},\"thumbnailUrl\":\"https:\/\/www.gaveanews.com\/wp-content\/uploads\/escudoDoFlamengo.webp\",\"datePublished\":\"2025-04-14T16:40:00+00:00\",\"author\":{\"@id\":\"https:\/\/www.gaveanews.com\/#\/schema\/person\/0eb3e3fe1754f0205218538adbe8f5ed\"},\"breadcrumb\":{\"@id\":\"https:\/\/www.gaveanews.com\/index.php\/2025\/04\/14\/video-jornalista-perde-o-controle-ao-vivo-apos-vitoria-do-flamengo-contra-o-gremio\/#breadcrumb\"},\"inLanguage\":\"pt-BR\",\"potentialAction\":[{\"@type\":\"ReadAction\",\"target\":[\"https:\/\/www.gaveanews.com\/index.php\/2025\/04\/14\/video-jornalista-perde-o-controle-ao-vivo-apos-vitoria-do-flamengo-contra-o-gremio\/\"]}]},{\"@type\":\"ImageObject\",\"inLanguage\":\"pt-BR\",\"@id\":\"https:\/\/www.gaveanews.com\/index.php\/2025\/04\/14\/video-jornalista-perde-o-controle-ao-vivo-apos-vitoria-do-flamengo-contra-o-gremio\/#primaryimage\",\"url\":\"https:\/\/www.gaveanews.com\/wp-content\/uploads\/escudoDoFlamengo.webp\",\"contentUrl\":\"https:\/\/www.gaveanews.com\/wp-content\/uploads\/escudoDoFlamengo.webp\",\"width\":1095,\"height\":730,\"caption\":\"Centro de treinamento do Flamengo (Foto: Reprodu\u00e7\u00e3o)\"},{\"@type\":\"BreadcrumbList\",\"@id\":\"https:\/\/www.gaveanews.com\/index.php\/2025\/04\/14\/video-jornalista-perde-o-controle-ao-vivo-apos-vitoria-do-flamengo-contra-o-gremio\/#breadcrumb\",\"itemListElement\":[{\"@type\":\"ListItem\",\"position\":1,\"name\":\"Home\",\"item\":\"https:\/\/www.gaveanews.com\/\"},{\"@type\":\"ListItem\",\"position\":2,\"name\":\"V\u00eddeo: jornalista perde o controle ao vivo ap\u00f3s vit\u00f3ria do Flamengo contra o Gr\u00eamio\"}]},{\"@type\":\"WebSite\",\"@id\":\"https:\/\/www.gaveanews.com\/#website\",\"url\":\"https:\/\/www.gaveanews.com\/\",\"name\":\"G\u00e1vea News\",\"description\":\"Veja todas as not\u00edcias sobre o Flamengo: Contrata\u00e7\u00f5es, categorias de base, resultados das partidas, tabela de classifica\u00e7\u00e3o, pr\u00f3ximos jogos!\",\"potentialAction\":[{\"@type\":\"SearchAction\",\"target\":{\"@type\":\"EntryPoint\",\"urlTemplate\":\"https:\/\/www.gaveanews.com\/?s={search_term_string}\"},\"query-input\":{\"@type\":\"PropertyValueSpecification\",\"valueRequired\":true,\"valueName\":\"search_term_string\"}}],\"inLanguage\":\"pt-BR\"},{\"@type\":\"Person\",\"@id\":\"https:\/\/www.gaveanews.com\/#\/schema\/person\/0eb3e3fe1754f0205218538adbe8f5ed\",\"name\":\"Rafaela Ladeira\",\"image\":{\"@type\":\"ImageObject\",\"inLanguage\":\"pt-BR\",\"@id\":\"https:\/\/www.gaveanews.com\/#\/schema\/person\/image\/\",\"url\":\"https:\/\/secure.gravatar.com\/avatar\/c31f513acffd85eacab5730cbdfdbbf59f21ba5aeada8cd890acea879fbb2455?s=96&d=mm&r=g\",\"contentUrl\":\"https:\/\/secure.gravatar.com\/avatar\/c31f513acffd85eacab5730cbdfdbbf59f21ba5aeada8cd890acea879fbb2455?s=96&d=mm&r=g\",\"caption\":\"Rafaela Ladeira\"}}]}<\/script>\n<!-- \/ Yoast SEO Premium plugin. -->","yoast_head_json":{"title":"V\u00eddeo: jornalista perde o controle ao vivo ap\u00f3s vit\u00f3ria do Flamengo contra o Gr\u00eamio","robots":{"index":"index","follow":"follow","max-snippet":"max-snippet:-1","max-image-preview":"max-image-preview:large","max-video-preview":"max-video-preview:-1"},"canonical":"https:\/\/www.gaveanews.com\/index.php\/2025\/04\/14\/video-jornalista-perde-o-controle-ao-vivo-apos-vitoria-do-flamengo-contra-o-gremio\/","og_locale":"pt_BR","og_type":"article","og_title":"V\u00eddeo: jornalista perde o controle ao vivo ap\u00f3s vit\u00f3ria do Flamengo contra o Gr\u00eamio","og_description":"Se voc\u00ea acha que o Brasileir\u00e3o come\u00e7ou morno, \u00e9 porque ainda n\u00e3o viu a repercuss\u00e3o da vit\u00f3ria do Flamengo sobre o Gr\u00eamio neste domingo (13). Atuando em Porto Alegre, o Rubro-Negro foi superior e venceu o rival por 2 a 0.&nbsp; No entanto, o que mais chamou aten\u00e7\u00e3o ap\u00f3s o jogo foi o desabafo do [&hellip;]","og_url":"https:\/\/www.gaveanews.com\/index.php\/2025\/04\/14\/video-jornalista-perde-o-controle-ao-vivo-apos-vitoria-do-flamengo-contra-o-gremio\/","og_site_name":"G\u00e1vea News","article_publisher":"https:\/\/facebook.com\/gaveaNews\/","article_published_time":"2025-04-14T16:40:00+00:00","og_image":[{"width":1095,"height":730,"url":"https:\/\/www.gaveanews.com\/wp-content\/uploads\/escudoDoFlamengo.webp","type":"image\/webp"}],"author":"Rafaela Ladeira","twitter_card":"summary_large_image","twitter_misc":{"Escrito por":"Rafaela Ladeira","Est. tempo de leitura":"2 minutos"},"schema":{"@context":"https:\/\/schema.org","@graph":[{"@type":"NewsArticle","@id":"https:\/\/www.gaveanews.com\/index.php\/2025\/04\/14\/video-jornalista-perde-o-controle-ao-vivo-apos-vitoria-do-flamengo-contra-o-gremio\/#article","isPartOf":{"@id":"https:\/\/www.gaveanews.com\/index.php\/2025\/04\/14\/video-jornalista-perde-o-controle-ao-vivo-apos-vitoria-do-flamengo-contra-o-gremio\/"},"author":{"name":"Rafaela Ladeira","@id":"https:\/\/www.gaveanews.com\/#\/schema\/person\/0eb3e3fe1754f0205218538adbe8f5ed"},"headline":"V\u00eddeo: jornalista perde o controle ao vivo ap\u00f3s vit\u00f3ria do Flamengo contra o Gr\u00eamio","datePublished":"2025-04-14T16:40:00+00:00","mainEntityOfPage":{"@id":"https:\/\/www.gaveanews.com\/index.php\/2025\/04\/14\/video-jornalista-perde-o-controle-ao-vivo-apos-vitoria-do-flamengo-contra-o-gremio\/"},"wordCount":411,"commentCount":0,"image":{"@id":"https:\/\/www.gaveanews.com\/index.php\/2025\/04\/14\/video-jornalista-perde-o-controle-ao-vivo-apos-vitoria-do-flamengo-contra-o-gremio\/#primaryimage"},"thumbnailUrl":"https:\/\/www.gaveanews.com\/wp-content\/uploads\/escudoDoFlamengo.webp","articleSection":["Flamengo","Gr\u00eamio"],"inLanguage":"pt-BR","potentialAction":[{"@type":"CommentAction","name":"Comment","target":["https:\/\/www.gaveanews.com\/index.php\/2025\/04\/14\/video-jornalista-perde-o-controle-ao-vivo-apos-vitoria-do-flamengo-contra-o-gremio\/#respond"]}],"copyrightYear":"2025","copyrightHolder":{"@id":"https:\/\/www.gaveanews.com\/#organization"}},{"@type":"WebPage","@id":"https:\/\/www.gaveanews.com\/index.php\/2025\/04\/14\/video-jornalista-perde-o-controle-ao-vivo-apos-vitoria-do-flamengo-contra-o-gremio\/","url":"https:\/\/www.gaveanews.com\/index.php\/2025\/04\/14\/video-jornalista-perde-o-controle-ao-vivo-apos-vitoria-do-flamengo-contra-o-gremio\/","name":"V\u00eddeo: jornalista perde o controle ao vivo ap\u00f3s vit\u00f3ria do Flamengo contra o Gr\u00eamio","isPartOf":{"@id":"https:\/\/www.gaveanews.com\/#website"},"primaryImageOfPage":{"@id":"https:\/\/www.gaveanews.com\/index.php\/2025\/04\/14\/video-jornalista-perde-o-controle-ao-vivo-apos-vitoria-do-flamengo-contra-o-gremio\/#primaryimage"},"image":{"@id":"https:\/\/www.gaveanews.com\/index.php\/2025\/04\/14\/video-jornalista-perde-o-controle-ao-vivo-apos-vitoria-do-flamengo-contra-o-gremio\/#primaryimage"},"thumbnailUrl":"https:\/\/www.gaveanews.com\/wp-content\/uploads\/escudoDoFlamengo.webp","datePublished":"2025-04-14T16:40:00+00:00","author":{"@id":"https:\/\/www.gaveanews.com\/#\/schema\/person\/0eb3e3fe1754f0205218538adbe8f5ed"},"breadcrumb":{"@id":"https:\/\/www.gaveanews.com\/index.php\/2025\/04\/14\/video-jornalista-perde-o-controle-ao-vivo-apos-vitoria-do-flamengo-contra-o-gremio\/#breadcrumb"},"inLanguage":"pt-BR","potentialAction":[{"@type":"ReadAction","target":["https:\/\/www.gaveanews.com\/index.php\/2025\/04\/14\/video-jornalista-perde-o-controle-ao-vivo-apos-vitoria-do-flamengo-contra-o-gremio\/"]}]},{"@type":"ImageObject","inLanguage":"pt-BR","@id":"https:\/\/www.gaveanews.com\/index.php\/2025\/04\/14\/video-jornalista-perde-o-controle-ao-vivo-apos-vitoria-do-flamengo-contra-o-gremio\/#primaryimage","url":"https:\/\/www.gaveanews.com\/wp-content\/uploads\/escudoDoFlamengo.webp","contentUrl":"https:\/\/www.gaveanews.com\/wp-content\/uploads\/escudoDoFlamengo.webp","width":1095,"height":730,"caption":"Centro de treinamento do Flamengo (Foto: Reprodu\u00e7\u00e3o)"},{"@type":"BreadcrumbList","@id":"https:\/\/www.gaveanews.com\/index.php\/2025\/04\/14\/video-jornalista-perde-o-controle-ao-vivo-apos-vitoria-do-flamengo-contra-o-gremio\/#breadcrumb","itemListElement":[{"@type":"ListItem","position":1,"name":"Home","item":"https:\/\/www.gaveanews.com\/"},{"@type":"ListItem","position":2,"name":"V\u00eddeo: jornalista perde o controle ao vivo ap\u00f3s vit\u00f3ria do Flamengo contra o Gr\u00eamio"}]},{"@type":"WebSite","@id":"https:\/\/www.gaveanews.com\/#website","url":"https:\/\/www.gaveanews.com\/","name":"G\u00e1vea News","description":"Veja todas as not\u00edcias sobre o Flamengo: Contrata\u00e7\u00f5es, categorias de base, resultados das partidas, tabela de classifica\u00e7\u00e3o, pr\u00f3ximos jogos!","potentialAction":[{"@type":"SearchAction","target":{"@type":"EntryPoint","urlTemplate":"https:\/\/www.gaveanews.com\/?s={search_term_string}"},"query-input":{"@type":"PropertyValueSpecification","valueRequired":true,"valueName":"search_term_string"}}],"inLanguage":"pt-BR"},{"@type":"Person","@id":"https:\/\/www.gaveanews.com\/#\/schema\/person\/0eb3e3fe1754f0205218538adbe8f5ed","name":"Rafaela Ladeira","image":{"@type":"ImageObject","inLanguage":"pt-BR","@id":"https:\/\/www.gaveanews.com\/#\/schema\/person\/image\/","url":"https:\/\/secure.gravatar.com\/avatar\/c31f513acffd85eacab5730cbdfdbbf59f21ba5aeada8cd890acea879fbb2455?s=96&d=mm&r=g","contentUrl":"https:\/\/secure.gravatar.com\/avatar\/c31f513acffd85eacab5730cbdfdbbf59f21ba5aeada8cd890acea879fbb2455?s=96&d=mm&r=g","caption":"Rafaela Ladeira"}}]}},"_links":{"self":[{"href":"https:\/\/www.gaveanews.com\/index.php\/wp-json\/wp\/v2\/posts\/253263","targetHints":{"allow":["GET"]}}],"collection":[{"href":"https:\/\/www.gaveanews.com\/index.php\/wp-json\/wp\/v2\/posts"}],"about":[{"href":"https:\/\/www.gaveanews.com\/index.php\/wp-json\/wp\/v2\/types\/post"}],"author":[{"embeddable":true,"href":"https:\/\/www.gaveanews.com\/index.php\/wp-json\/wp\/v2\/users\/25"}],"replies":[{"embeddable":true,"href":"https:\/\/www.gaveanews.com\/index.php\/wp-json\/wp\/v2\/comments?post=253263"}],"version-history":[{"count":1,"href":"https:\/\/www.gaveanews.com\/index.php\/wp-json\/wp\/v2\/posts\/253263\/revisions"}],"predecessor-version":[{"id":253265,"href":"https:\/\/www.gaveanews.com\/index.php\/wp-json\/wp\/v2\/posts\/253263\/revisions\/253265"}],"wp:featuredmedia":[{"embeddable":true,"href":"https:\/\/www.gaveanews.com\/index.php\/wp-json\/wp\/v2\/media\/124684"}],"wp:attachment":[{"href":"https:\/\/www.gaveanews.com\/index.php\/wp-json\/wp\/v2\/media?parent=253263"}],"wp:term":[{"taxonomy":"category","embeddable":true,"href":"https:\/\/www.gaveanews.com\/index.php\/wp-json\/wp\/v2\/categories?post=253263"},{"taxonomy":"post_tag","embeddable":true,"href":"https:\/\/www.gaveanews.com\/index.php\/wp-json\/wp\/v2\/tags?post=253263"}],"curies":[{"name":"wp","href":"https:\/\/api.w.org\/{rel}","templated":true}]}}