{"id":253268,"date":"2025-04-14T13:50:00","date_gmt":"2025-04-14T16:50:00","guid":{"rendered":"https:\/\/www.gaveanews.com\/?p=253268"},"modified":"2025-04-14T13:06:20","modified_gmt":"2025-04-14T16:06:20","slug":"a-declaracao-de-bernard-sobre-saida-do-atletico-mg","status":"publish","type":"post","link":"https:\/\/www.gaveanews.com\/index.php\/2025\/04\/14\/a-declaracao-de-bernard-sobre-saida-do-atletico-mg\/","title":{"rendered":"A declara\u00e7\u00e3o de Bernard sobre sa\u00edda do Atl\u00e9tico-MG"},"content":{"rendered":"\n<p>Em meio a um in\u00edcio irregular no Campeonato Brasileiro, o Atl\u00e9tico-MG segue sem conquistar vit\u00f3rias na competi\u00e7\u00e3o. O empate por 2 a 2 diante do Vit\u00f3ria, no \u00faltimo domingo (13 de abril), no Est\u00e1dio do Mineir\u00e3o, aumentou a press\u00e3o sobre o elenco comandado por Cuca. Com isso, o ambiente interno do clube tem sido alvo de cr\u00edticas por parte da torcida, principalmente em rela\u00e7\u00e3o ao rendimento dos jogadores que foram contratados recentemente.<\/p>\n\n\n\n<p>Entre os nomes mais cobrados est\u00e1 Bernard. Revelado pelas categorias de base do Galo, o meia-atacante retornou ao clube no segundo semestre de 2024 cercado por expectativa. Contudo, at\u00e9 o momento, n\u00e3o conseguiu repetir o desempenho de sua primeira passagem. Atualmente, tem iniciado os jogos no banco de reservas, sendo pouco aproveitado por Cuca.<\/p>\n\n\n\n<p>Ap\u00f3s o duelo contra o Vit\u00f3ria, Bernard se pronunciou sobre sua situa\u00e7\u00e3o no elenco. Questionado sobre poss\u00edveis sondagens e uma eventual sa\u00edda, o jogador respondeu com serenidade. \u201cTenho contrato com o Atl\u00e9tico. Nada a questionar ou reclamar e n\u00e3o \u00e9 do meu perfil isso\u201d, afirmou. Ele destacou ainda seu compromisso com o clube. \u201cCabe a mim respeitar a camisa, sei a responsabilidade de vestir, representar v\u00e1rias pessoas apaixonadas pelo futebol. Estou feliz e espero reencontrar o que tive no passado aqui e assim trazer a felicidade para os torcedores novamente.\u201d<\/p>\n\n\n\n<p>O momento do time mineiro tamb\u00e9m foi abordado por Bernard. Segundo ele, apesar da frustra\u00e7\u00e3o pelos resultados, n\u00e3o h\u00e1 motivo para p\u00e2nico neste in\u00edcio de temporada. \u201cAcredito que n\u00e3o seja para criar uma tempestade. L\u00f3gico que ainda n\u00e3o vencemos e \u00e9 importante vencer para n\u00e3o deixar as equipes da parte de cima distanciar. \u00c9 um campeonato dif\u00edcil, complicado, e a cada momento que as equipes se distanciam tudo fica mais dif\u00edcil\u201d, comentou.<\/p>\n\n\n\n<p>Ali\u00e1s, o meia-atacante foi enf\u00e1tico ao identificar o setor ofensivo como o ponto de maior preocupa\u00e7\u00e3o neste in\u00edcio de campanha. \u201cAcredito que nossa prioridade \u00e9 melhorar essa porcentagem no ataque. Criamos muito, mas n\u00e3o estamos fazendo, colocar a bola dentro da casinha\u201d, analisou, evidenciando a urg\u00eancia por efici\u00eancia nas finaliza\u00e7\u00f5es.<\/p>\n\n\n\n<p>Assim sendo, enquanto o Atl\u00e9tico tenta reencontrar o caminho das vit\u00f3rias e melhorar seu desempenho coletivo, Bernard se mostra disposto a superar o momento adverso, mantendo o foco em contribuir com o time. \u201cBrasileiro n\u00e3o d\u00e1 tempo de lamentar, precisamos melhorar isso\u201d, concluiu.<\/p>\n","protected":false},"excerpt":{"rendered":"<p>Em meio a um in\u00edcio irregular no Campeonato Brasileiro, o Atl\u00e9tico-MG segue sem conquistar vit\u00f3rias na competi\u00e7\u00e3o. O empate por 2 a 2 diante do Vit\u00f3ria, no \u00faltimo domingo (13 de abril), no Est\u00e1dio do Mineir\u00e3o, aumentou a press\u00e3o sobre o elenco comandado por Cuca. Com isso, o ambiente interno do clube tem sido alvo [&hellip;]<\/p>\n","protected":false},"author":27,"featured_media":153532,"comment_status":"open","ping_status":"closed","sticky":false,"template":"","format":"standard","meta":{"footnotes":""},"categories":[136],"tags":[],"class_list":["post-253268","post","type-post","status-publish","format-standard","has-post-thumbnail","hentry","category-atletico-mg"],"yoast_head":"<!-- This site is optimized with the Yoast SEO Premium plugin v24.2 (Yoast SEO v26.9) - https:\/\/yoast.com\/product\/yoast-seo-premium-wordpress\/ -->\n<title>A declara\u00e7\u00e3o de Bernard sobre sa\u00edda do Atl\u00e9tico-MG<\/title>\n<meta name=\"robots\" content=\"index, follow, max-snippet:-1, max-image-preview:large, max-video-preview:-1\" \/>\n<link rel=\"canonical\" href=\"https:\/\/www.gaveanews.com\/index.php\/2025\/04\/14\/a-declaracao-de-bernard-sobre-saida-do-atletico-mg\/\" \/>\n<meta property=\"og:locale\" content=\"pt_BR\" \/>\n<meta property=\"og:type\" content=\"article\" \/>\n<meta property=\"og:title\" content=\"A declara\u00e7\u00e3o de Bernard sobre sa\u00edda do Atl\u00e9tico-MG\" \/>\n<meta property=\"og:description\" content=\"Em meio a um in\u00edcio irregular no Campeonato Brasileiro, o Atl\u00e9tico-MG segue sem conquistar vit\u00f3rias na competi\u00e7\u00e3o. O empate por 2 a 2 diante do Vit\u00f3ria, no \u00faltimo domingo (13 de abril), no Est\u00e1dio do Mineir\u00e3o, aumentou a press\u00e3o sobre o elenco comandado por Cuca. Com isso, o ambiente interno do clube tem sido alvo [&hellip;]\" \/>\n<meta property=\"og:url\" content=\"https:\/\/www.gaveanews.com\/index.php\/2025\/04\/14\/a-declaracao-de-bernard-sobre-saida-do-atletico-mg\/\" \/>\n<meta property=\"og:site_name\" content=\"G\u00e1vea News\" \/>\n<meta property=\"article:publisher\" content=\"https:\/\/facebook.com\/gaveaNews\/\" \/>\n<meta property=\"article:published_time\" content=\"2025-04-14T16:50:00+00:00\" \/>\n<meta property=\"og:image\" content=\"https:\/\/www.gaveanews.com\/wp-content\/uploads\/Bernard-durante-o-jogo-entre-Atletico-MG-x-Vasco-pelo-Brasileirao-2024.webp\" \/>\n\t<meta property=\"og:image:width\" content=\"799\" \/>\n\t<meta property=\"og:image:height\" content=\"533\" \/>\n\t<meta property=\"og:image:type\" content=\"image\/jpeg\" \/>\n<meta name=\"author\" content=\"Matheus Felipe\" \/>\n<meta name=\"twitter:card\" content=\"summary_large_image\" \/>\n<meta name=\"twitter:label1\" content=\"Escrito por\" \/>\n\t<meta name=\"twitter:data1\" content=\"Matheus Felipe\" \/>\n\t<meta name=\"twitter:label2\" content=\"Est. tempo de leitura\" \/>\n\t<meta name=\"twitter:data2\" content=\"3 minutos\" \/>\n<script type=\"application\/ld+json\" class=\"yoast-schema-graph\">{\"@context\":\"https:\/\/schema.org\",\"@graph\":[{\"@type\":\"NewsArticle\",\"@id\":\"https:\/\/www.gaveanews.com\/index.php\/2025\/04\/14\/a-declaracao-de-bernard-sobre-saida-do-atletico-mg\/#article\",\"isPartOf\":{\"@id\":\"https:\/\/www.gaveanews.com\/index.php\/2025\/04\/14\/a-declaracao-de-bernard-sobre-saida-do-atletico-mg\/\"},\"author\":{\"name\":\"Matheus Felipe\",\"@id\":\"https:\/\/www.gaveanews.com\/#\/schema\/person\/8207cd4627f56151707418bfc835b2fb\"},\"headline\":\"A declara\u00e7\u00e3o de Bernard sobre sa\u00edda do Atl\u00e9tico-MG\",\"datePublished\":\"2025-04-14T16:50:00+00:00\",\"mainEntityOfPage\":{\"@id\":\"https:\/\/www.gaveanews.com\/index.php\/2025\/04\/14\/a-declaracao-de-bernard-sobre-saida-do-atletico-mg\/\"},\"wordCount\":425,\"commentCount\":0,\"image\":{\"@id\":\"https:\/\/www.gaveanews.com\/index.php\/2025\/04\/14\/a-declaracao-de-bernard-sobre-saida-do-atletico-mg\/#primaryimage\"},\"thumbnailUrl\":\"https:\/\/www.gaveanews.com\/wp-content\/uploads\/Bernard-durante-o-jogo-entre-Atletico-MG-x-Vasco-pelo-Brasileirao-2024.webp\",\"articleSection\":[\"Atl\u00e9tico-MG\"],\"inLanguage\":\"pt-BR\",\"potentialAction\":[{\"@type\":\"CommentAction\",\"name\":\"Comment\",\"target\":[\"https:\/\/www.gaveanews.com\/index.php\/2025\/04\/14\/a-declaracao-de-bernard-sobre-saida-do-atletico-mg\/#respond\"]}],\"copyrightYear\":\"2025\",\"copyrightHolder\":{\"@id\":\"https:\/\/www.gaveanews.com\/#organization\"}},{\"@type\":\"WebPage\",\"@id\":\"https:\/\/www.gaveanews.com\/index.php\/2025\/04\/14\/a-declaracao-de-bernard-sobre-saida-do-atletico-mg\/\",\"url\":\"https:\/\/www.gaveanews.com\/index.php\/2025\/04\/14\/a-declaracao-de-bernard-sobre-saida-do-atletico-mg\/\",\"name\":\"A declara\u00e7\u00e3o de Bernard sobre sa\u00edda do Atl\u00e9tico-MG\",\"isPartOf\":{\"@id\":\"https:\/\/www.gaveanews.com\/#website\"},\"primaryImageOfPage\":{\"@id\":\"https:\/\/www.gaveanews.com\/index.php\/2025\/04\/14\/a-declaracao-de-bernard-sobre-saida-do-atletico-mg\/#primaryimage\"},\"image\":{\"@id\":\"https:\/\/www.gaveanews.com\/index.php\/2025\/04\/14\/a-declaracao-de-bernard-sobre-saida-do-atletico-mg\/#primaryimage\"},\"thumbnailUrl\":\"https:\/\/www.gaveanews.com\/wp-content\/uploads\/Bernard-durante-o-jogo-entre-Atletico-MG-x-Vasco-pelo-Brasileirao-2024.webp\",\"datePublished\":\"2025-04-14T16:50:00+00:00\",\"author\":{\"@id\":\"https:\/\/www.gaveanews.com\/#\/schema\/person\/8207cd4627f56151707418bfc835b2fb\"},\"breadcrumb\":{\"@id\":\"https:\/\/www.gaveanews.com\/index.php\/2025\/04\/14\/a-declaracao-de-bernard-sobre-saida-do-atletico-mg\/#breadcrumb\"},\"inLanguage\":\"pt-BR\",\"potentialAction\":[{\"@type\":\"ReadAction\",\"target\":[\"https:\/\/www.gaveanews.com\/index.php\/2025\/04\/14\/a-declaracao-de-bernard-sobre-saida-do-atletico-mg\/\"]}]},{\"@type\":\"ImageObject\",\"inLanguage\":\"pt-BR\",\"@id\":\"https:\/\/www.gaveanews.com\/index.php\/2025\/04\/14\/a-declaracao-de-bernard-sobre-saida-do-atletico-mg\/#primaryimage\",\"url\":\"https:\/\/www.gaveanews.com\/wp-content\/uploads\/Bernard-durante-o-jogo-entre-Atletico-MG-x-Vasco-pelo-Brasileirao-2024.webp\",\"contentUrl\":\"https:\/\/www.gaveanews.com\/wp-content\/uploads\/Bernard-durante-o-jogo-entre-Atletico-MG-x-Vasco-pelo-Brasileirao-2024.webp\",\"width\":799,\"height\":533,\"caption\":\"Bernard durante o jogo entre Atl\u00e9tico-MG x Vasco pelo Brasileir\u00e3o 2024 (Foto: Pedro Souza\/Atl\u00e9tico-MG)\"},{\"@type\":\"BreadcrumbList\",\"@id\":\"https:\/\/www.gaveanews.com\/index.php\/2025\/04\/14\/a-declaracao-de-bernard-sobre-saida-do-atletico-mg\/#breadcrumb\",\"itemListElement\":[{\"@type\":\"ListItem\",\"position\":1,\"name\":\"Home\",\"item\":\"https:\/\/www.gaveanews.com\/\"},{\"@type\":\"ListItem\",\"position\":2,\"name\":\"A declara\u00e7\u00e3o de Bernard sobre sa\u00edda do Atl\u00e9tico-MG\"}]},{\"@type\":\"WebSite\",\"@id\":\"https:\/\/www.gaveanews.com\/#website\",\"url\":\"https:\/\/www.gaveanews.com\/\",\"name\":\"G\u00e1vea News\",\"description\":\"Veja todas as not\u00edcias sobre o Flamengo: Contrata\u00e7\u00f5es, categorias de base, resultados das partidas, tabela de classifica\u00e7\u00e3o, pr\u00f3ximos jogos!\",\"potentialAction\":[{\"@type\":\"SearchAction\",\"target\":{\"@type\":\"EntryPoint\",\"urlTemplate\":\"https:\/\/www.gaveanews.com\/?s={search_term_string}\"},\"query-input\":{\"@type\":\"PropertyValueSpecification\",\"valueRequired\":true,\"valueName\":\"search_term_string\"}}],\"inLanguage\":\"pt-BR\"},{\"@type\":\"Person\",\"@id\":\"https:\/\/www.gaveanews.com\/#\/schema\/person\/8207cd4627f56151707418bfc835b2fb\",\"name\":\"Matheus Felipe\",\"image\":{\"@type\":\"ImageObject\",\"inLanguage\":\"pt-BR\",\"@id\":\"https:\/\/www.gaveanews.com\/#\/schema\/person\/image\/\",\"url\":\"https:\/\/secure.gravatar.com\/avatar\/a452ffbed9130f726358b298bb3a99ce4bd3c5338411f8440e87e14d74c7c087?s=96&d=mm&r=g\",\"contentUrl\":\"https:\/\/secure.gravatar.com\/avatar\/a452ffbed9130f726358b298bb3a99ce4bd3c5338411f8440e87e14d74c7c087?s=96&d=mm&r=g\",\"caption\":\"Matheus Felipe\"}}]}<\/script>\n<!-- \/ Yoast SEO Premium plugin. -->","yoast_head_json":{"title":"A declara\u00e7\u00e3o de Bernard sobre sa\u00edda do Atl\u00e9tico-MG","robots":{"index":"index","follow":"follow","max-snippet":"max-snippet:-1","max-image-preview":"max-image-preview:large","max-video-preview":"max-video-preview:-1"},"canonical":"https:\/\/www.gaveanews.com\/index.php\/2025\/04\/14\/a-declaracao-de-bernard-sobre-saida-do-atletico-mg\/","og_locale":"pt_BR","og_type":"article","og_title":"A declara\u00e7\u00e3o de Bernard sobre sa\u00edda do Atl\u00e9tico-MG","og_description":"Em meio a um in\u00edcio irregular no Campeonato Brasileiro, o Atl\u00e9tico-MG segue sem conquistar vit\u00f3rias na competi\u00e7\u00e3o. O empate por 2 a 2 diante do Vit\u00f3ria, no \u00faltimo domingo (13 de abril), no Est\u00e1dio do Mineir\u00e3o, aumentou a press\u00e3o sobre o elenco comandado por Cuca. Com isso, o ambiente interno do clube tem sido alvo [&hellip;]","og_url":"https:\/\/www.gaveanews.com\/index.php\/2025\/04\/14\/a-declaracao-de-bernard-sobre-saida-do-atletico-mg\/","og_site_name":"G\u00e1vea News","article_publisher":"https:\/\/facebook.com\/gaveaNews\/","article_published_time":"2025-04-14T16:50:00+00:00","og_image":[{"width":799,"height":533,"url":"https:\/\/www.gaveanews.com\/wp-content\/uploads\/Bernard-durante-o-jogo-entre-Atletico-MG-x-Vasco-pelo-Brasileirao-2024.webp","type":"image\/jpeg"}],"author":"Matheus Felipe","twitter_card":"summary_large_image","twitter_misc":{"Escrito por":"Matheus Felipe","Est. tempo de leitura":"3 minutos"},"schema":{"@context":"https:\/\/schema.org","@graph":[{"@type":"NewsArticle","@id":"https:\/\/www.gaveanews.com\/index.php\/2025\/04\/14\/a-declaracao-de-bernard-sobre-saida-do-atletico-mg\/#article","isPartOf":{"@id":"https:\/\/www.gaveanews.com\/index.php\/2025\/04\/14\/a-declaracao-de-bernard-sobre-saida-do-atletico-mg\/"},"author":{"name":"Matheus Felipe","@id":"https:\/\/www.gaveanews.com\/#\/schema\/person\/8207cd4627f56151707418bfc835b2fb"},"headline":"A declara\u00e7\u00e3o de Bernard sobre sa\u00edda do Atl\u00e9tico-MG","datePublished":"2025-04-14T16:50:00+00:00","mainEntityOfPage":{"@id":"https:\/\/www.gaveanews.com\/index.php\/2025\/04\/14\/a-declaracao-de-bernard-sobre-saida-do-atletico-mg\/"},"wordCount":425,"commentCount":0,"image":{"@id":"https:\/\/www.gaveanews.com\/index.php\/2025\/04\/14\/a-declaracao-de-bernard-sobre-saida-do-atletico-mg\/#primaryimage"},"thumbnailUrl":"https:\/\/www.gaveanews.com\/wp-content\/uploads\/Bernard-durante-o-jogo-entre-Atletico-MG-x-Vasco-pelo-Brasileirao-2024.webp","articleSection":["Atl\u00e9tico-MG"],"inLanguage":"pt-BR","potentialAction":[{"@type":"CommentAction","name":"Comment","target":["https:\/\/www.gaveanews.com\/index.php\/2025\/04\/14\/a-declaracao-de-bernard-sobre-saida-do-atletico-mg\/#respond"]}],"copyrightYear":"2025","copyrightHolder":{"@id":"https:\/\/www.gaveanews.com\/#organization"}},{"@type":"WebPage","@id":"https:\/\/www.gaveanews.com\/index.php\/2025\/04\/14\/a-declaracao-de-bernard-sobre-saida-do-atletico-mg\/","url":"https:\/\/www.gaveanews.com\/index.php\/2025\/04\/14\/a-declaracao-de-bernard-sobre-saida-do-atletico-mg\/","name":"A declara\u00e7\u00e3o de Bernard sobre sa\u00edda do Atl\u00e9tico-MG","isPartOf":{"@id":"https:\/\/www.gaveanews.com\/#website"},"primaryImageOfPage":{"@id":"https:\/\/www.gaveanews.com\/index.php\/2025\/04\/14\/a-declaracao-de-bernard-sobre-saida-do-atletico-mg\/#primaryimage"},"image":{"@id":"https:\/\/www.gaveanews.com\/index.php\/2025\/04\/14\/a-declaracao-de-bernard-sobre-saida-do-atletico-mg\/#primaryimage"},"thumbnailUrl":"https:\/\/www.gaveanews.com\/wp-content\/uploads\/Bernard-durante-o-jogo-entre-Atletico-MG-x-Vasco-pelo-Brasileirao-2024.webp","datePublished":"2025-04-14T16:50:00+00:00","author":{"@id":"https:\/\/www.gaveanews.com\/#\/schema\/person\/8207cd4627f56151707418bfc835b2fb"},"breadcrumb":{"@id":"https:\/\/www.gaveanews.com\/index.php\/2025\/04\/14\/a-declaracao-de-bernard-sobre-saida-do-atletico-mg\/#breadcrumb"},"inLanguage":"pt-BR","potentialAction":[{"@type":"ReadAction","target":["https:\/\/www.gaveanews.com\/index.php\/2025\/04\/14\/a-declaracao-de-bernard-sobre-saida-do-atletico-mg\/"]}]},{"@type":"ImageObject","inLanguage":"pt-BR","@id":"https:\/\/www.gaveanews.com\/index.php\/2025\/04\/14\/a-declaracao-de-bernard-sobre-saida-do-atletico-mg\/#primaryimage","url":"https:\/\/www.gaveanews.com\/wp-content\/uploads\/Bernard-durante-o-jogo-entre-Atletico-MG-x-Vasco-pelo-Brasileirao-2024.webp","contentUrl":"https:\/\/www.gaveanews.com\/wp-content\/uploads\/Bernard-durante-o-jogo-entre-Atletico-MG-x-Vasco-pelo-Brasileirao-2024.webp","width":799,"height":533,"caption":"Bernard durante o jogo entre Atl\u00e9tico-MG x Vasco pelo Brasileir\u00e3o 2024 (Foto: Pedro Souza\/Atl\u00e9tico-MG)"},{"@type":"BreadcrumbList","@id":"https:\/\/www.gaveanews.com\/index.php\/2025\/04\/14\/a-declaracao-de-bernard-sobre-saida-do-atletico-mg\/#breadcrumb","itemListElement":[{"@type":"ListItem","position":1,"name":"Home","item":"https:\/\/www.gaveanews.com\/"},{"@type":"ListItem","position":2,"name":"A declara\u00e7\u00e3o de Bernard sobre sa\u00edda do Atl\u00e9tico-MG"}]},{"@type":"WebSite","@id":"https:\/\/www.gaveanews.com\/#website","url":"https:\/\/www.gaveanews.com\/","name":"G\u00e1vea News","description":"Veja todas as not\u00edcias sobre o Flamengo: Contrata\u00e7\u00f5es, categorias de base, resultados das partidas, tabela de classifica\u00e7\u00e3o, pr\u00f3ximos jogos!","potentialAction":[{"@type":"SearchAction","target":{"@type":"EntryPoint","urlTemplate":"https:\/\/www.gaveanews.com\/?s={search_term_string}"},"query-input":{"@type":"PropertyValueSpecification","valueRequired":true,"valueName":"search_term_string"}}],"inLanguage":"pt-BR"},{"@type":"Person","@id":"https:\/\/www.gaveanews.com\/#\/schema\/person\/8207cd4627f56151707418bfc835b2fb","name":"Matheus Felipe","image":{"@type":"ImageObject","inLanguage":"pt-BR","@id":"https:\/\/www.gaveanews.com\/#\/schema\/person\/image\/","url":"https:\/\/secure.gravatar.com\/avatar\/a452ffbed9130f726358b298bb3a99ce4bd3c5338411f8440e87e14d74c7c087?s=96&d=mm&r=g","contentUrl":"https:\/\/secure.gravatar.com\/avatar\/a452ffbed9130f726358b298bb3a99ce4bd3c5338411f8440e87e14d74c7c087?s=96&d=mm&r=g","caption":"Matheus Felipe"}}]}},"_links":{"self":[{"href":"https:\/\/www.gaveanews.com\/index.php\/wp-json\/wp\/v2\/posts\/253268","targetHints":{"allow":["GET"]}}],"collection":[{"href":"https:\/\/www.gaveanews.com\/index.php\/wp-json\/wp\/v2\/posts"}],"about":[{"href":"https:\/\/www.gaveanews.com\/index.php\/wp-json\/wp\/v2\/types\/post"}],"author":[{"embeddable":true,"href":"https:\/\/www.gaveanews.com\/index.php\/wp-json\/wp\/v2\/users\/27"}],"replies":[{"embeddable":true,"href":"https:\/\/www.gaveanews.com\/index.php\/wp-json\/wp\/v2\/comments?post=253268"}],"version-history":[{"count":1,"href":"https:\/\/www.gaveanews.com\/index.php\/wp-json\/wp\/v2\/posts\/253268\/revisions"}],"predecessor-version":[{"id":253272,"href":"https:\/\/www.gaveanews.com\/index.php\/wp-json\/wp\/v2\/posts\/253268\/revisions\/253272"}],"wp:featuredmedia":[{"embeddable":true,"href":"https:\/\/www.gaveanews.com\/index.php\/wp-json\/wp\/v2\/media\/153532"}],"wp:attachment":[{"href":"https:\/\/www.gaveanews.com\/index.php\/wp-json\/wp\/v2\/media?parent=253268"}],"wp:term":[{"taxonomy":"category","embeddable":true,"href":"https:\/\/www.gaveanews.com\/index.php\/wp-json\/wp\/v2\/categories?post=253268"},{"taxonomy":"post_tag","embeddable":true,"href":"https:\/\/www.gaveanews.com\/index.php\/wp-json\/wp\/v2\/tags?post=253268"}],"curies":[{"name":"wp","href":"https:\/\/api.w.org\/{rel}","templated":true}]}}