{"id":253273,"date":"2025-04-14T14:00:00","date_gmt":"2025-04-14T17:00:00","guid":{"rendered":"https:\/\/www.gaveanews.com\/?p=253273"},"modified":"2025-04-14T13:08:50","modified_gmt":"2025-04-14T16:08:50","slug":"savarino-causa-dor-de-cabeca-para-renato-paiva-no-botafogo","status":"publish","type":"post","link":"https:\/\/www.gaveanews.com\/index.php\/2025\/04\/14\/savarino-causa-dor-de-cabeca-para-renato-paiva-no-botafogo\/","title":{"rendered":"Savarino causa &#8220;dor de cabe\u00e7a&#8221; para Renato Paiva no Botafogo"},"content":{"rendered":"\n<p>Voc\u00ea j\u00e1 parou para pensar por que o Botafogo tem sofrido tanto para marcar gols mesmo com um elenco recheado de op\u00e7\u00f5es ofensivas? Pois \u00e9 justamente esse o dilema que ronda os primeiros jogos de Renato Paiva no comando alvinegro. A grande quest\u00e3o \u00e9: onde colocar Savarino, o jogador mais criativo da equipe? No meio ou na ponta?<\/p>\n\n\n\n<h2 class=\"wp-block-heading\" id=\"h-producao-ofensiva-preocupa-e-altera-prioridades\">Produ\u00e7\u00e3o ofensiva preocupa e altera prioridades<\/h2>\n\n\n\n<p>Ap\u00f3s a derrota por 1 a 0 para o RB Bragantino, o treinador portugu\u00eas n\u00e3o escondeu a frustra\u00e7\u00e3o com o setor ofensivo. \u201cN\u00e3o me interessa uma posse de bola em que n\u00e3o termine as jogadas\u201d, disse Paiva, que viu sua equipe marcar apenas quatro gols em cinco partidas \u2014 m\u00e9dia inferior a um por jogo.<\/p>\n\n\n\n<p>Al\u00e9m disso, a dificuldade em transformar a posse de bola em chances reais tem afetado o desempenho geral. Por isso, o treinador tem batido na tecla da efetividade, especialmente porque o Botafogo sonha em disputar t\u00edtulos nesta temporada. Sendo assim, gerar e finalizar jogadas se tornou prioridade m\u00e1xima no curto prazo.<\/p>\n\n\n\n<h2 class=\"wp-block-heading\" id=\"h-savarino-centralizado-ou-aberto-eis-a-questao\">Savarino centralizado ou aberto? Eis a quest\u00e3o<\/h2>\n\n\n\n<figure class=\"wp-block-image size-full\"><img loading=\"lazy\" decoding=\"async\" width=\"774\" height=\"516\" src=\"http:\/\/www.gaveanews.com\/wp-content\/uploads\/Savarino-Botafogo.webp\" alt=\"\" class=\"wp-image-168197\" srcset=\"https:\/\/www.gaveanews.com\/wp-content\/uploads\/Savarino-Botafogo.webp 774w, https:\/\/www.gaveanews.com\/wp-content\/uploads\/Savarino-Botafogo-300x200.webp 300w, https:\/\/www.gaveanews.com\/wp-content\/uploads\/Savarino-Botafogo-768x512.webp 768w, https:\/\/www.gaveanews.com\/wp-content\/uploads\/Savarino-Botafogo-630x420.webp 630w, https:\/\/www.gaveanews.com\/wp-content\/uploads\/Savarino-Botafogo-640x427.webp 640w, https:\/\/www.gaveanews.com\/wp-content\/uploads\/Savarino-Botafogo-681x454.webp 681w, https:\/\/www.gaveanews.com\/wp-content\/uploads\/Savarino-Botafogo-100x67.webp 100w\" sizes=\"auto, (max-width: 774px) 100vw, 774px\" \/><figcaption class=\"wp-element-caption\">Savarino em a\u00e7\u00e3o pelo Botafogo (Foto: Vitor Silva\/Botafogo)<\/figcaption><\/figure>\n\n\n\n<p>Dessa maneira, o posicionamento de Savarino virou ponto central na an\u00e1lise. Quando atuou como &#8220;camisa 10&#8221;, no tradicional 4-2-3-1, o venezuelano participou diretamente de tr\u00eas dos quatro gols do time. Em contrapartida, quando deslocado para a ponta esquerda para dar espa\u00e7o a Patrick de Paula no meio, o Botafogo marcou apenas uma vez.<\/p>\n\n\n\n<p>Vale destacar que, em 2024, Savarino brilhou jogando centralizado: foram 14 gols e 12 assist\u00eancias em 55 partidas. Isso porque, nessa fun\u00e7\u00e3o, ele consegue articular melhor as jogadas e aparecer mais para finalizar.<\/p>\n\n\n\n<h2 class=\"wp-block-heading\" id=\"h-escolhas-taticas-e-solucoes-no-horizonte\">Escolhas t\u00e1ticas e solu\u00e7\u00f5es no horizonte<\/h2>\n\n\n\n<p>A insist\u00eancia em usar Patrick de Paula mais avan\u00e7ado se explica: o volante tem sido elogiado internamente e vem treinando bem. Al\u00e9m disso, Santiago Rodr\u00edguez ainda busca o ritmo ideal. Por isso, Paiva optou por ajustar Savarino \u2014 uma decis\u00e3o que, at\u00e9 aqui, cobra seu pre\u00e7o.<\/p>\n\n\n\n<p>Cabe ressaltar que o sucesso ofensivo do Botafogo passa diretamente pelas decis\u00f5es sobre Savarino. Com isso, a press\u00e3o sobre o t\u00e9cnico cresce a cada jogo sem gols \u2014 e o rel\u00f3gio j\u00e1 come\u00e7ou a correr.<\/p>\n","protected":false},"excerpt":{"rendered":"<p>Voc\u00ea j\u00e1 parou para pensar por que o Botafogo tem sofrido tanto para marcar gols mesmo com um elenco recheado de op\u00e7\u00f5es ofensivas? Pois \u00e9 justamente esse o dilema que ronda os primeiros jogos de Renato Paiva no comando alvinegro. A grande quest\u00e3o \u00e9: onde colocar Savarino, o jogador mais criativo da equipe? No meio [&hellip;]<\/p>\n","protected":false},"author":24,"featured_media":243531,"comment_status":"open","ping_status":"closed","sticky":false,"template":"","format":"standard","meta":{"footnotes":""},"categories":[138],"tags":[],"class_list":["post-253273","post","type-post","status-publish","format-standard","has-post-thumbnail","hentry","category-botafogo"],"yoast_head":"<!-- This site is optimized with the Yoast SEO Premium plugin v24.2 (Yoast SEO v26.9) - https:\/\/yoast.com\/product\/yoast-seo-premium-wordpress\/ -->\n<title>Savarino causa &quot;dor de cabe\u00e7a&quot; para Renato Paiva no Botafogo<\/title>\n<meta name=\"robots\" content=\"index, follow, max-snippet:-1, max-image-preview:large, max-video-preview:-1\" \/>\n<link rel=\"canonical\" href=\"https:\/\/www.gaveanews.com\/index.php\/2025\/04\/14\/savarino-causa-dor-de-cabeca-para-renato-paiva-no-botafogo\/\" \/>\n<meta property=\"og:locale\" content=\"pt_BR\" \/>\n<meta property=\"og:type\" content=\"article\" \/>\n<meta property=\"og:title\" content=\"Savarino causa &quot;dor de cabe\u00e7a&quot; para Renato Paiva no Botafogo\" \/>\n<meta property=\"og:description\" content=\"Voc\u00ea j\u00e1 parou para pensar por que o Botafogo tem sofrido tanto para marcar gols mesmo com um elenco recheado de op\u00e7\u00f5es ofensivas? Pois \u00e9 justamente esse o dilema que ronda os primeiros jogos de Renato Paiva no comando alvinegro. A grande quest\u00e3o \u00e9: onde colocar Savarino, o jogador mais criativo da equipe? No meio [&hellip;]\" \/>\n<meta property=\"og:url\" content=\"https:\/\/www.gaveanews.com\/index.php\/2025\/04\/14\/savarino-causa-dor-de-cabeca-para-renato-paiva-no-botafogo\/\" \/>\n<meta property=\"og:site_name\" content=\"G\u00e1vea News\" \/>\n<meta property=\"article:publisher\" content=\"https:\/\/facebook.com\/gaveaNews\/\" \/>\n<meta property=\"article:published_time\" content=\"2025-04-14T17:00:00+00:00\" \/>\n<meta property=\"og:image\" content=\"https:\/\/www.gaveanews.com\/wp-content\/uploads\/Renato-Paiva-pelo-Botafogo.webp\" \/>\n\t<meta property=\"og:image:width\" content=\"988\" \/>\n\t<meta property=\"og:image:height\" content=\"615\" \/>\n\t<meta property=\"og:image:type\" content=\"image\/jpeg\" \/>\n<meta name=\"author\" content=\"Leandro Cardoso\" \/>\n<meta name=\"twitter:card\" content=\"summary_large_image\" \/>\n<meta name=\"twitter:label1\" content=\"Escrito por\" \/>\n\t<meta name=\"twitter:data1\" content=\"Leandro Cardoso\" \/>\n\t<meta name=\"twitter:label2\" content=\"Est. tempo de leitura\" \/>\n\t<meta name=\"twitter:data2\" content=\"3 minutos\" \/>\n<script type=\"application\/ld+json\" class=\"yoast-schema-graph\">{\"@context\":\"https:\/\/schema.org\",\"@graph\":[{\"@type\":\"NewsArticle\",\"@id\":\"https:\/\/www.gaveanews.com\/index.php\/2025\/04\/14\/savarino-causa-dor-de-cabeca-para-renato-paiva-no-botafogo\/#article\",\"isPartOf\":{\"@id\":\"https:\/\/www.gaveanews.com\/index.php\/2025\/04\/14\/savarino-causa-dor-de-cabeca-para-renato-paiva-no-botafogo\/\"},\"author\":{\"name\":\"Leandro Cardoso\",\"@id\":\"https:\/\/www.gaveanews.com\/#\/schema\/person\/2424ec6409bc3f068411fc5e4e9b6168\"},\"headline\":\"Savarino causa &#8220;dor de cabe\u00e7a&#8221; para Renato Paiva no Botafogo\",\"datePublished\":\"2025-04-14T17:00:00+00:00\",\"mainEntityOfPage\":{\"@id\":\"https:\/\/www.gaveanews.com\/index.php\/2025\/04\/14\/savarino-causa-dor-de-cabeca-para-renato-paiva-no-botafogo\/\"},\"wordCount\":393,\"commentCount\":0,\"image\":{\"@id\":\"https:\/\/www.gaveanews.com\/index.php\/2025\/04\/14\/savarino-causa-dor-de-cabeca-para-renato-paiva-no-botafogo\/#primaryimage\"},\"thumbnailUrl\":\"https:\/\/www.gaveanews.com\/wp-content\/uploads\/Renato-Paiva-pelo-Botafogo.webp\",\"articleSection\":[\"Botafogo\"],\"inLanguage\":\"pt-BR\",\"potentialAction\":[{\"@type\":\"CommentAction\",\"name\":\"Comment\",\"target\":[\"https:\/\/www.gaveanews.com\/index.php\/2025\/04\/14\/savarino-causa-dor-de-cabeca-para-renato-paiva-no-botafogo\/#respond\"]}],\"copyrightYear\":\"2025\",\"copyrightHolder\":{\"@id\":\"https:\/\/www.gaveanews.com\/#organization\"}},{\"@type\":\"WebPage\",\"@id\":\"https:\/\/www.gaveanews.com\/index.php\/2025\/04\/14\/savarino-causa-dor-de-cabeca-para-renato-paiva-no-botafogo\/\",\"url\":\"https:\/\/www.gaveanews.com\/index.php\/2025\/04\/14\/savarino-causa-dor-de-cabeca-para-renato-paiva-no-botafogo\/\",\"name\":\"Savarino causa \\\"dor de cabe\u00e7a\\\" para Renato Paiva no Botafogo\",\"isPartOf\":{\"@id\":\"https:\/\/www.gaveanews.com\/#website\"},\"primaryImageOfPage\":{\"@id\":\"https:\/\/www.gaveanews.com\/index.php\/2025\/04\/14\/savarino-causa-dor-de-cabeca-para-renato-paiva-no-botafogo\/#primaryimage\"},\"image\":{\"@id\":\"https:\/\/www.gaveanews.com\/index.php\/2025\/04\/14\/savarino-causa-dor-de-cabeca-para-renato-paiva-no-botafogo\/#primaryimage\"},\"thumbnailUrl\":\"https:\/\/www.gaveanews.com\/wp-content\/uploads\/Renato-Paiva-pelo-Botafogo.webp\",\"datePublished\":\"2025-04-14T17:00:00+00:00\",\"author\":{\"@id\":\"https:\/\/www.gaveanews.com\/#\/schema\/person\/2424ec6409bc3f068411fc5e4e9b6168\"},\"breadcrumb\":{\"@id\":\"https:\/\/www.gaveanews.com\/index.php\/2025\/04\/14\/savarino-causa-dor-de-cabeca-para-renato-paiva-no-botafogo\/#breadcrumb\"},\"inLanguage\":\"pt-BR\",\"potentialAction\":[{\"@type\":\"ReadAction\",\"target\":[\"https:\/\/www.gaveanews.com\/index.php\/2025\/04\/14\/savarino-causa-dor-de-cabeca-para-renato-paiva-no-botafogo\/\"]}]},{\"@type\":\"ImageObject\",\"inLanguage\":\"pt-BR\",\"@id\":\"https:\/\/www.gaveanews.com\/index.php\/2025\/04\/14\/savarino-causa-dor-de-cabeca-para-renato-paiva-no-botafogo\/#primaryimage\",\"url\":\"https:\/\/www.gaveanews.com\/wp-content\/uploads\/Renato-Paiva-pelo-Botafogo.webp\",\"contentUrl\":\"https:\/\/www.gaveanews.com\/wp-content\/uploads\/Renato-Paiva-pelo-Botafogo.webp\",\"width\":988,\"height\":615,\"caption\":\"Renato Paiva pelo Botafogo (Foto: Vitor Silva\/Botafogo)\"},{\"@type\":\"BreadcrumbList\",\"@id\":\"https:\/\/www.gaveanews.com\/index.php\/2025\/04\/14\/savarino-causa-dor-de-cabeca-para-renato-paiva-no-botafogo\/#breadcrumb\",\"itemListElement\":[{\"@type\":\"ListItem\",\"position\":1,\"name\":\"Home\",\"item\":\"https:\/\/www.gaveanews.com\/\"},{\"@type\":\"ListItem\",\"position\":2,\"name\":\"Savarino causa &#8220;dor de cabe\u00e7a&#8221; para Renato Paiva no Botafogo\"}]},{\"@type\":\"WebSite\",\"@id\":\"https:\/\/www.gaveanews.com\/#website\",\"url\":\"https:\/\/www.gaveanews.com\/\",\"name\":\"G\u00e1vea News\",\"description\":\"Veja todas as not\u00edcias sobre o Flamengo: Contrata\u00e7\u00f5es, categorias de base, resultados das partidas, tabela de classifica\u00e7\u00e3o, pr\u00f3ximos jogos!\",\"potentialAction\":[{\"@type\":\"SearchAction\",\"target\":{\"@type\":\"EntryPoint\",\"urlTemplate\":\"https:\/\/www.gaveanews.com\/?s={search_term_string}\"},\"query-input\":{\"@type\":\"PropertyValueSpecification\",\"valueRequired\":true,\"valueName\":\"search_term_string\"}}],\"inLanguage\":\"pt-BR\"},{\"@type\":\"Person\",\"@id\":\"https:\/\/www.gaveanews.com\/#\/schema\/person\/2424ec6409bc3f068411fc5e4e9b6168\",\"name\":\"Leandro Cardoso\",\"image\":{\"@type\":\"ImageObject\",\"inLanguage\":\"pt-BR\",\"@id\":\"https:\/\/www.gaveanews.com\/#\/schema\/person\/image\/\",\"url\":\"https:\/\/secure.gravatar.com\/avatar\/8ca179f9b55eefe9f376f5493ef25475bfa59fbc28ce937f6076ce20e523098f?s=96&d=mm&r=g\",\"contentUrl\":\"https:\/\/secure.gravatar.com\/avatar\/8ca179f9b55eefe9f376f5493ef25475bfa59fbc28ce937f6076ce20e523098f?s=96&d=mm&r=g\",\"caption\":\"Leandro Cardoso\"}}]}<\/script>\n<!-- \/ Yoast SEO Premium plugin. -->","yoast_head_json":{"title":"Savarino causa \"dor de cabe\u00e7a\" para Renato Paiva no Botafogo","robots":{"index":"index","follow":"follow","max-snippet":"max-snippet:-1","max-image-preview":"max-image-preview:large","max-video-preview":"max-video-preview:-1"},"canonical":"https:\/\/www.gaveanews.com\/index.php\/2025\/04\/14\/savarino-causa-dor-de-cabeca-para-renato-paiva-no-botafogo\/","og_locale":"pt_BR","og_type":"article","og_title":"Savarino causa \"dor de cabe\u00e7a\" para Renato Paiva no Botafogo","og_description":"Voc\u00ea j\u00e1 parou para pensar por que o Botafogo tem sofrido tanto para marcar gols mesmo com um elenco recheado de op\u00e7\u00f5es ofensivas? Pois \u00e9 justamente esse o dilema que ronda os primeiros jogos de Renato Paiva no comando alvinegro. A grande quest\u00e3o \u00e9: onde colocar Savarino, o jogador mais criativo da equipe? No meio [&hellip;]","og_url":"https:\/\/www.gaveanews.com\/index.php\/2025\/04\/14\/savarino-causa-dor-de-cabeca-para-renato-paiva-no-botafogo\/","og_site_name":"G\u00e1vea News","article_publisher":"https:\/\/facebook.com\/gaveaNews\/","article_published_time":"2025-04-14T17:00:00+00:00","og_image":[{"width":988,"height":615,"url":"https:\/\/www.gaveanews.com\/wp-content\/uploads\/Renato-Paiva-pelo-Botafogo.webp","type":"image\/jpeg"}],"author":"Leandro Cardoso","twitter_card":"summary_large_image","twitter_misc":{"Escrito por":"Leandro Cardoso","Est. tempo de leitura":"3 minutos"},"schema":{"@context":"https:\/\/schema.org","@graph":[{"@type":"NewsArticle","@id":"https:\/\/www.gaveanews.com\/index.php\/2025\/04\/14\/savarino-causa-dor-de-cabeca-para-renato-paiva-no-botafogo\/#article","isPartOf":{"@id":"https:\/\/www.gaveanews.com\/index.php\/2025\/04\/14\/savarino-causa-dor-de-cabeca-para-renato-paiva-no-botafogo\/"},"author":{"name":"Leandro Cardoso","@id":"https:\/\/www.gaveanews.com\/#\/schema\/person\/2424ec6409bc3f068411fc5e4e9b6168"},"headline":"Savarino causa &#8220;dor de cabe\u00e7a&#8221; para Renato Paiva no Botafogo","datePublished":"2025-04-14T17:00:00+00:00","mainEntityOfPage":{"@id":"https:\/\/www.gaveanews.com\/index.php\/2025\/04\/14\/savarino-causa-dor-de-cabeca-para-renato-paiva-no-botafogo\/"},"wordCount":393,"commentCount":0,"image":{"@id":"https:\/\/www.gaveanews.com\/index.php\/2025\/04\/14\/savarino-causa-dor-de-cabeca-para-renato-paiva-no-botafogo\/#primaryimage"},"thumbnailUrl":"https:\/\/www.gaveanews.com\/wp-content\/uploads\/Renato-Paiva-pelo-Botafogo.webp","articleSection":["Botafogo"],"inLanguage":"pt-BR","potentialAction":[{"@type":"CommentAction","name":"Comment","target":["https:\/\/www.gaveanews.com\/index.php\/2025\/04\/14\/savarino-causa-dor-de-cabeca-para-renato-paiva-no-botafogo\/#respond"]}],"copyrightYear":"2025","copyrightHolder":{"@id":"https:\/\/www.gaveanews.com\/#organization"}},{"@type":"WebPage","@id":"https:\/\/www.gaveanews.com\/index.php\/2025\/04\/14\/savarino-causa-dor-de-cabeca-para-renato-paiva-no-botafogo\/","url":"https:\/\/www.gaveanews.com\/index.php\/2025\/04\/14\/savarino-causa-dor-de-cabeca-para-renato-paiva-no-botafogo\/","name":"Savarino causa \"dor de cabe\u00e7a\" para Renato Paiva no Botafogo","isPartOf":{"@id":"https:\/\/www.gaveanews.com\/#website"},"primaryImageOfPage":{"@id":"https:\/\/www.gaveanews.com\/index.php\/2025\/04\/14\/savarino-causa-dor-de-cabeca-para-renato-paiva-no-botafogo\/#primaryimage"},"image":{"@id":"https:\/\/www.gaveanews.com\/index.php\/2025\/04\/14\/savarino-causa-dor-de-cabeca-para-renato-paiva-no-botafogo\/#primaryimage"},"thumbnailUrl":"https:\/\/www.gaveanews.com\/wp-content\/uploads\/Renato-Paiva-pelo-Botafogo.webp","datePublished":"2025-04-14T17:00:00+00:00","author":{"@id":"https:\/\/www.gaveanews.com\/#\/schema\/person\/2424ec6409bc3f068411fc5e4e9b6168"},"breadcrumb":{"@id":"https:\/\/www.gaveanews.com\/index.php\/2025\/04\/14\/savarino-causa-dor-de-cabeca-para-renato-paiva-no-botafogo\/#breadcrumb"},"inLanguage":"pt-BR","potentialAction":[{"@type":"ReadAction","target":["https:\/\/www.gaveanews.com\/index.php\/2025\/04\/14\/savarino-causa-dor-de-cabeca-para-renato-paiva-no-botafogo\/"]}]},{"@type":"ImageObject","inLanguage":"pt-BR","@id":"https:\/\/www.gaveanews.com\/index.php\/2025\/04\/14\/savarino-causa-dor-de-cabeca-para-renato-paiva-no-botafogo\/#primaryimage","url":"https:\/\/www.gaveanews.com\/wp-content\/uploads\/Renato-Paiva-pelo-Botafogo.webp","contentUrl":"https:\/\/www.gaveanews.com\/wp-content\/uploads\/Renato-Paiva-pelo-Botafogo.webp","width":988,"height":615,"caption":"Renato Paiva pelo Botafogo (Foto: Vitor Silva\/Botafogo)"},{"@type":"BreadcrumbList","@id":"https:\/\/www.gaveanews.com\/index.php\/2025\/04\/14\/savarino-causa-dor-de-cabeca-para-renato-paiva-no-botafogo\/#breadcrumb","itemListElement":[{"@type":"ListItem","position":1,"name":"Home","item":"https:\/\/www.gaveanews.com\/"},{"@type":"ListItem","position":2,"name":"Savarino causa &#8220;dor de cabe\u00e7a&#8221; para Renato Paiva no Botafogo"}]},{"@type":"WebSite","@id":"https:\/\/www.gaveanews.com\/#website","url":"https:\/\/www.gaveanews.com\/","name":"G\u00e1vea News","description":"Veja todas as not\u00edcias sobre o Flamengo: Contrata\u00e7\u00f5es, categorias de base, resultados das partidas, tabela de classifica\u00e7\u00e3o, pr\u00f3ximos jogos!","potentialAction":[{"@type":"SearchAction","target":{"@type":"EntryPoint","urlTemplate":"https:\/\/www.gaveanews.com\/?s={search_term_string}"},"query-input":{"@type":"PropertyValueSpecification","valueRequired":true,"valueName":"search_term_string"}}],"inLanguage":"pt-BR"},{"@type":"Person","@id":"https:\/\/www.gaveanews.com\/#\/schema\/person\/2424ec6409bc3f068411fc5e4e9b6168","name":"Leandro Cardoso","image":{"@type":"ImageObject","inLanguage":"pt-BR","@id":"https:\/\/www.gaveanews.com\/#\/schema\/person\/image\/","url":"https:\/\/secure.gravatar.com\/avatar\/8ca179f9b55eefe9f376f5493ef25475bfa59fbc28ce937f6076ce20e523098f?s=96&d=mm&r=g","contentUrl":"https:\/\/secure.gravatar.com\/avatar\/8ca179f9b55eefe9f376f5493ef25475bfa59fbc28ce937f6076ce20e523098f?s=96&d=mm&r=g","caption":"Leandro Cardoso"}}]}},"_links":{"self":[{"href":"https:\/\/www.gaveanews.com\/index.php\/wp-json\/wp\/v2\/posts\/253273","targetHints":{"allow":["GET"]}}],"collection":[{"href":"https:\/\/www.gaveanews.com\/index.php\/wp-json\/wp\/v2\/posts"}],"about":[{"href":"https:\/\/www.gaveanews.com\/index.php\/wp-json\/wp\/v2\/types\/post"}],"author":[{"embeddable":true,"href":"https:\/\/www.gaveanews.com\/index.php\/wp-json\/wp\/v2\/users\/24"}],"replies":[{"embeddable":true,"href":"https:\/\/www.gaveanews.com\/index.php\/wp-json\/wp\/v2\/comments?post=253273"}],"version-history":[{"count":1,"href":"https:\/\/www.gaveanews.com\/index.php\/wp-json\/wp\/v2\/posts\/253273\/revisions"}],"predecessor-version":[{"id":253276,"href":"https:\/\/www.gaveanews.com\/index.php\/wp-json\/wp\/v2\/posts\/253273\/revisions\/253276"}],"wp:featuredmedia":[{"embeddable":true,"href":"https:\/\/www.gaveanews.com\/index.php\/wp-json\/wp\/v2\/media\/243531"}],"wp:attachment":[{"href":"https:\/\/www.gaveanews.com\/index.php\/wp-json\/wp\/v2\/media?parent=253273"}],"wp:term":[{"taxonomy":"category","embeddable":true,"href":"https:\/\/www.gaveanews.com\/index.php\/wp-json\/wp\/v2\/categories?post=253273"},{"taxonomy":"post_tag","embeddable":true,"href":"https:\/\/www.gaveanews.com\/index.php\/wp-json\/wp\/v2\/tags?post=253273"}],"curies":[{"name":"wp","href":"https:\/\/api.w.org\/{rel}","templated":true}]}}