{"id":253285,"date":"2025-04-14T14:20:00","date_gmt":"2025-04-14T17:20:00","guid":{"rendered":"https:\/\/www.gaveanews.com\/?p=253285"},"modified":"2025-04-14T13:53:42","modified_gmt":"2025-04-14T16:53:42","slug":"neto-detona-dupla-do-corinthians-apos-derrota-para-o-palmeiras-no-brasileirao","status":"publish","type":"post","link":"https:\/\/www.gaveanews.com\/index.php\/2025\/04\/14\/neto-detona-dupla-do-corinthians-apos-derrota-para-o-palmeiras-no-brasileirao\/","title":{"rendered":"Neto detona dupla do Corinthians ap\u00f3s derrota para o Palmeiras no Brasileir\u00e3o"},"content":{"rendered":"\n<p>O cl\u00e1ssico entre Palmeiras e Corinthians, v\u00e1lido pela terceira rodada do Campeonato Brasileiro, terminou com vit\u00f3ria do time alviverde por 2 a 0. O duelo, disputado no s\u00e1bado (12), na Arena Barueri, foi marcado pela superioridade dos comandados de Abel Ferreira e pelas cr\u00edticas contundentes feitas pelo comentarista Neto \u00e0 equipe alvinegra.<\/p>\n\n\n\n<p>De maneira direta, Neto classificou a atua\u00e7\u00e3o do Palmeiras como dominante. \u201cO Palmeiras deu um chocolate. Amassou, ganhou na for\u00e7a, ganhou na disposi\u00e7\u00e3o, correu, fez faltas, tomou cart\u00e3o amarelo para caramba e n\u00e3o deixou o Corinthians jogar\u201d, declarou. As palavras refletem o desequil\u00edbrio observado em campo, principalmente durante o primeiro tempo, quando os uruguaios Piquerez e Emiliano Mart\u00ednez balan\u00e7aram as redes.<\/p>\n\n\n\n<figure class=\"wp-block-image size-large\"><img loading=\"lazy\" decoding=\"async\" width=\"943\" height=\"1024\" src=\"http:\/\/www.gaveanews.com\/wp-content\/uploads\/Caca-em-acao-pelo-Corinthians-943x1024.webp\" alt=\"\" class=\"wp-image-151486\" srcset=\"https:\/\/www.gaveanews.com\/wp-content\/uploads\/Caca-em-acao-pelo-Corinthians-943x1024.webp 943w, https:\/\/www.gaveanews.com\/wp-content\/uploads\/Caca-em-acao-pelo-Corinthians-276x300.webp 276w, https:\/\/www.gaveanews.com\/wp-content\/uploads\/Caca-em-acao-pelo-Corinthians-768x834.webp 768w, https:\/\/www.gaveanews.com\/wp-content\/uploads\/Caca-em-acao-pelo-Corinthians-387x420.webp 387w, https:\/\/www.gaveanews.com\/wp-content\/uploads\/Caca-em-acao-pelo-Corinthians-773x840.webp 773w, https:\/\/www.gaveanews.com\/wp-content\/uploads\/Caca-em-acao-pelo-Corinthians-640x695.webp 640w, https:\/\/www.gaveanews.com\/wp-content\/uploads\/Caca-em-acao-pelo-Corinthians-681x740.webp 681w, https:\/\/www.gaveanews.com\/wp-content\/uploads\/Caca-em-acao-pelo-Corinthians-100x109.webp 100w, https:\/\/www.gaveanews.com\/wp-content\/uploads\/Caca-em-acao-pelo-Corinthians.webp 1080w\" sizes=\"auto, (max-width: 943px) 100vw, 943px\" \/><figcaption class=\"wp-element-caption\">Cac\u00e1 em a\u00e7\u00e3o pelo Corinthians (Foto: Reprodu\u00e7\u00e3o\/Instagram)<\/figcaption><\/figure>\n\n\n\n<p>Conforme apontado pelo ex-jogador, a atua\u00e7\u00e3o dos zagueiros Cac\u00e1 e Andr\u00e9 Ramalho foi abaixo do esperado. Ambos foram alvos de cr\u00edticas por parte do comentarista, que n\u00e3o poupou palavras ao avaliar o sistema defensivo corinthiano. \u201cSe o Corinthians continuar com Cac\u00e1 e Andr\u00e9 Ramalho jogando a bolinha que est\u00e3o&#8230; virou uma zona total\u201d, afirmou Neto, deixando claro seu descontentamento.<\/p>\n\n\n\n<p>Ali\u00e1s, os questionamentos n\u00e3o se limitaram \u00e0 zaga central. Neto tamb\u00e9m destacou a falta de confian\u00e7a do treinador nos laterais Matheus Bidu e Hugo, sugerindo que o setor defensivo como um todo precisa de ajustes urgentes. Segundo ele, a desorganiza\u00e7\u00e3o vista em campo comprometeu qualquer possibilidade de rea\u00e7\u00e3o da equipe.<\/p>\n\n\n\n<p>O resultado refor\u00e7a o bom in\u00edcio do Palmeiras na competi\u00e7\u00e3o. Com a vit\u00f3ria, o time chegou a sete pontos e assumiu, ao menos temporariamente, a lideran\u00e7a do Campeonato Brasileiro. O Corinthians, por sua vez, permanece com quatro pontos, ainda dentro da zona de classifica\u00e7\u00e3o para a pr\u00f3xima edi\u00e7\u00e3o da Libertadores, mas com alertas ligados ap\u00f3s o desempenho preocupante no cl\u00e1ssico.<\/p>\n\n\n\n<p>Em meio \u00e0s an\u00e1lises, as equipes j\u00e1 se preparam para os pr\u00f3ximos desafios. Na quarta-feira (16), o Palmeiras encara o Internacional no Beira-Rio, a partir das 19h30 (hor\u00e1rio de Bras\u00edlia). J\u00e1 o Corinthians tem confronto marcado contra o Fluminense, na Neo Qu\u00edmica Arena, \u00e0s 16h (hor\u00e1rio de Bras\u00edlia), tamb\u00e9m pelo Brasileir\u00e3o.<\/p>\n","protected":false},"excerpt":{"rendered":"<p>O cl\u00e1ssico entre Palmeiras e Corinthians, v\u00e1lido pela terceira rodada do Campeonato Brasileiro, terminou com vit\u00f3ria do time alviverde por 2 a 0. O duelo, disputado no s\u00e1bado (12), na Arena Barueri, foi marcado pela superioridade dos comandados de Abel Ferreira e pelas cr\u00edticas contundentes feitas pelo comentarista Neto \u00e0 equipe alvinegra. De maneira direta, [&hellip;]<\/p>\n","protected":false},"author":27,"featured_media":244433,"comment_status":"open","ping_status":"closed","sticky":false,"template":"","format":"standard","meta":{"footnotes":""},"categories":[141,150],"tags":[],"class_list":["post-253285","post","type-post","status-publish","format-standard","has-post-thumbnail","hentry","category-corinthians","category-palmeiras"],"yoast_head":"<!-- This site is optimized with the Yoast SEO Premium plugin v24.2 (Yoast SEO v26.9) - https:\/\/yoast.com\/product\/yoast-seo-premium-wordpress\/ -->\n<title>Neto detona dupla do Corinthians ap\u00f3s derrota para o Palmeiras no Brasileir\u00e3o<\/title>\n<meta name=\"robots\" content=\"index, follow, max-snippet:-1, max-image-preview:large, max-video-preview:-1\" \/>\n<link rel=\"canonical\" href=\"https:\/\/www.gaveanews.com\/index.php\/2025\/04\/14\/neto-detona-dupla-do-corinthians-apos-derrota-para-o-palmeiras-no-brasileirao\/\" \/>\n<meta property=\"og:locale\" content=\"pt_BR\" \/>\n<meta property=\"og:type\" content=\"article\" \/>\n<meta property=\"og:title\" content=\"Neto detona dupla do Corinthians ap\u00f3s derrota para o Palmeiras no Brasileir\u00e3o\" \/>\n<meta property=\"og:description\" content=\"O cl\u00e1ssico entre Palmeiras e Corinthians, v\u00e1lido pela terceira rodada do Campeonato Brasileiro, terminou com vit\u00f3ria do time alviverde por 2 a 0. O duelo, disputado no s\u00e1bado (12), na Arena Barueri, foi marcado pela superioridade dos comandados de Abel Ferreira e pelas cr\u00edticas contundentes feitas pelo comentarista Neto \u00e0 equipe alvinegra. De maneira direta, [&hellip;]\" \/>\n<meta property=\"og:url\" content=\"https:\/\/www.gaveanews.com\/index.php\/2025\/04\/14\/neto-detona-dupla-do-corinthians-apos-derrota-para-o-palmeiras-no-brasileirao\/\" \/>\n<meta property=\"og:site_name\" content=\"G\u00e1vea News\" \/>\n<meta property=\"article:publisher\" content=\"https:\/\/facebook.com\/gaveaNews\/\" \/>\n<meta property=\"article:published_time\" content=\"2025-04-14T17:20:00+00:00\" \/>\n<meta property=\"og:image\" content=\"https:\/\/www.gaveanews.com\/wp-content\/uploads\/Craque-Neto-apresentador-da-Band.webp\" \/>\n\t<meta property=\"og:image:width\" content=\"900\" \/>\n\t<meta property=\"og:image:height\" content=\"600\" \/>\n\t<meta property=\"og:image:type\" content=\"image\/jpeg\" \/>\n<meta name=\"author\" content=\"Matheus Felipe\" \/>\n<meta name=\"twitter:card\" content=\"summary_large_image\" \/>\n<meta name=\"twitter:label1\" content=\"Escrito por\" \/>\n\t<meta name=\"twitter:data1\" content=\"Matheus Felipe\" \/>\n\t<meta name=\"twitter:label2\" content=\"Est. tempo de leitura\" \/>\n\t<meta name=\"twitter:data2\" content=\"3 minutos\" \/>\n<script type=\"application\/ld+json\" class=\"yoast-schema-graph\">{\"@context\":\"https:\/\/schema.org\",\"@graph\":[{\"@type\":\"NewsArticle\",\"@id\":\"https:\/\/www.gaveanews.com\/index.php\/2025\/04\/14\/neto-detona-dupla-do-corinthians-apos-derrota-para-o-palmeiras-no-brasileirao\/#article\",\"isPartOf\":{\"@id\":\"https:\/\/www.gaveanews.com\/index.php\/2025\/04\/14\/neto-detona-dupla-do-corinthians-apos-derrota-para-o-palmeiras-no-brasileirao\/\"},\"author\":{\"name\":\"Matheus Felipe\",\"@id\":\"https:\/\/www.gaveanews.com\/#\/schema\/person\/8207cd4627f56151707418bfc835b2fb\"},\"headline\":\"Neto detona dupla do Corinthians ap\u00f3s derrota para o Palmeiras no Brasileir\u00e3o\",\"datePublished\":\"2025-04-14T17:20:00+00:00\",\"mainEntityOfPage\":{\"@id\":\"https:\/\/www.gaveanews.com\/index.php\/2025\/04\/14\/neto-detona-dupla-do-corinthians-apos-derrota-para-o-palmeiras-no-brasileirao\/\"},\"wordCount\":393,\"commentCount\":0,\"image\":{\"@id\":\"https:\/\/www.gaveanews.com\/index.php\/2025\/04\/14\/neto-detona-dupla-do-corinthians-apos-derrota-para-o-palmeiras-no-brasileirao\/#primaryimage\"},\"thumbnailUrl\":\"https:\/\/www.gaveanews.com\/wp-content\/uploads\/Craque-Neto-apresentador-da-Band.webp\",\"articleSection\":[\"Corinthians\",\"Palmeiras\"],\"inLanguage\":\"pt-BR\",\"potentialAction\":[{\"@type\":\"CommentAction\",\"name\":\"Comment\",\"target\":[\"https:\/\/www.gaveanews.com\/index.php\/2025\/04\/14\/neto-detona-dupla-do-corinthians-apos-derrota-para-o-palmeiras-no-brasileirao\/#respond\"]}],\"copyrightYear\":\"2025\",\"copyrightHolder\":{\"@id\":\"https:\/\/www.gaveanews.com\/#organization\"}},{\"@type\":\"WebPage\",\"@id\":\"https:\/\/www.gaveanews.com\/index.php\/2025\/04\/14\/neto-detona-dupla-do-corinthians-apos-derrota-para-o-palmeiras-no-brasileirao\/\",\"url\":\"https:\/\/www.gaveanews.com\/index.php\/2025\/04\/14\/neto-detona-dupla-do-corinthians-apos-derrota-para-o-palmeiras-no-brasileirao\/\",\"name\":\"Neto detona dupla do Corinthians ap\u00f3s derrota para o Palmeiras no Brasileir\u00e3o\",\"isPartOf\":{\"@id\":\"https:\/\/www.gaveanews.com\/#website\"},\"primaryImageOfPage\":{\"@id\":\"https:\/\/www.gaveanews.com\/index.php\/2025\/04\/14\/neto-detona-dupla-do-corinthians-apos-derrota-para-o-palmeiras-no-brasileirao\/#primaryimage\"},\"image\":{\"@id\":\"https:\/\/www.gaveanews.com\/index.php\/2025\/04\/14\/neto-detona-dupla-do-corinthians-apos-derrota-para-o-palmeiras-no-brasileirao\/#primaryimage\"},\"thumbnailUrl\":\"https:\/\/www.gaveanews.com\/wp-content\/uploads\/Craque-Neto-apresentador-da-Band.webp\",\"datePublished\":\"2025-04-14T17:20:00+00:00\",\"author\":{\"@id\":\"https:\/\/www.gaveanews.com\/#\/schema\/person\/8207cd4627f56151707418bfc835b2fb\"},\"breadcrumb\":{\"@id\":\"https:\/\/www.gaveanews.com\/index.php\/2025\/04\/14\/neto-detona-dupla-do-corinthians-apos-derrota-para-o-palmeiras-no-brasileirao\/#breadcrumb\"},\"inLanguage\":\"pt-BR\",\"potentialAction\":[{\"@type\":\"ReadAction\",\"target\":[\"https:\/\/www.gaveanews.com\/index.php\/2025\/04\/14\/neto-detona-dupla-do-corinthians-apos-derrota-para-o-palmeiras-no-brasileirao\/\"]}]},{\"@type\":\"ImageObject\",\"inLanguage\":\"pt-BR\",\"@id\":\"https:\/\/www.gaveanews.com\/index.php\/2025\/04\/14\/neto-detona-dupla-do-corinthians-apos-derrota-para-o-palmeiras-no-brasileirao\/#primaryimage\",\"url\":\"https:\/\/www.gaveanews.com\/wp-content\/uploads\/Craque-Neto-apresentador-da-Band.webp\",\"contentUrl\":\"https:\/\/www.gaveanews.com\/wp-content\/uploads\/Craque-Neto-apresentador-da-Band.webp\",\"width\":900,\"height\":600,\"caption\":\"Craque Neto, apresentador da Band (Foto: Kelly Fuzaro\/Band)\"},{\"@type\":\"BreadcrumbList\",\"@id\":\"https:\/\/www.gaveanews.com\/index.php\/2025\/04\/14\/neto-detona-dupla-do-corinthians-apos-derrota-para-o-palmeiras-no-brasileirao\/#breadcrumb\",\"itemListElement\":[{\"@type\":\"ListItem\",\"position\":1,\"name\":\"Home\",\"item\":\"https:\/\/www.gaveanews.com\/\"},{\"@type\":\"ListItem\",\"position\":2,\"name\":\"Neto detona dupla do Corinthians ap\u00f3s derrota para o Palmeiras no Brasileir\u00e3o\"}]},{\"@type\":\"WebSite\",\"@id\":\"https:\/\/www.gaveanews.com\/#website\",\"url\":\"https:\/\/www.gaveanews.com\/\",\"name\":\"G\u00e1vea News\",\"description\":\"Veja todas as not\u00edcias sobre o Flamengo: Contrata\u00e7\u00f5es, categorias de base, resultados das partidas, tabela de classifica\u00e7\u00e3o, pr\u00f3ximos jogos!\",\"potentialAction\":[{\"@type\":\"SearchAction\",\"target\":{\"@type\":\"EntryPoint\",\"urlTemplate\":\"https:\/\/www.gaveanews.com\/?s={search_term_string}\"},\"query-input\":{\"@type\":\"PropertyValueSpecification\",\"valueRequired\":true,\"valueName\":\"search_term_string\"}}],\"inLanguage\":\"pt-BR\"},{\"@type\":\"Person\",\"@id\":\"https:\/\/www.gaveanews.com\/#\/schema\/person\/8207cd4627f56151707418bfc835b2fb\",\"name\":\"Matheus Felipe\",\"image\":{\"@type\":\"ImageObject\",\"inLanguage\":\"pt-BR\",\"@id\":\"https:\/\/www.gaveanews.com\/#\/schema\/person\/image\/\",\"url\":\"https:\/\/secure.gravatar.com\/avatar\/a452ffbed9130f726358b298bb3a99ce4bd3c5338411f8440e87e14d74c7c087?s=96&d=mm&r=g\",\"contentUrl\":\"https:\/\/secure.gravatar.com\/avatar\/a452ffbed9130f726358b298bb3a99ce4bd3c5338411f8440e87e14d74c7c087?s=96&d=mm&r=g\",\"caption\":\"Matheus Felipe\"}}]}<\/script>\n<!-- \/ Yoast SEO Premium plugin. -->","yoast_head_json":{"title":"Neto detona dupla do Corinthians ap\u00f3s derrota para o Palmeiras no Brasileir\u00e3o","robots":{"index":"index","follow":"follow","max-snippet":"max-snippet:-1","max-image-preview":"max-image-preview:large","max-video-preview":"max-video-preview:-1"},"canonical":"https:\/\/www.gaveanews.com\/index.php\/2025\/04\/14\/neto-detona-dupla-do-corinthians-apos-derrota-para-o-palmeiras-no-brasileirao\/","og_locale":"pt_BR","og_type":"article","og_title":"Neto detona dupla do Corinthians ap\u00f3s derrota para o Palmeiras no Brasileir\u00e3o","og_description":"O cl\u00e1ssico entre Palmeiras e Corinthians, v\u00e1lido pela terceira rodada do Campeonato Brasileiro, terminou com vit\u00f3ria do time alviverde por 2 a 0. O duelo, disputado no s\u00e1bado (12), na Arena Barueri, foi marcado pela superioridade dos comandados de Abel Ferreira e pelas cr\u00edticas contundentes feitas pelo comentarista Neto \u00e0 equipe alvinegra. De maneira direta, [&hellip;]","og_url":"https:\/\/www.gaveanews.com\/index.php\/2025\/04\/14\/neto-detona-dupla-do-corinthians-apos-derrota-para-o-palmeiras-no-brasileirao\/","og_site_name":"G\u00e1vea News","article_publisher":"https:\/\/facebook.com\/gaveaNews\/","article_published_time":"2025-04-14T17:20:00+00:00","og_image":[{"width":900,"height":600,"url":"https:\/\/www.gaveanews.com\/wp-content\/uploads\/Craque-Neto-apresentador-da-Band.webp","type":"image\/jpeg"}],"author":"Matheus Felipe","twitter_card":"summary_large_image","twitter_misc":{"Escrito por":"Matheus Felipe","Est. tempo de leitura":"3 minutos"},"schema":{"@context":"https:\/\/schema.org","@graph":[{"@type":"NewsArticle","@id":"https:\/\/www.gaveanews.com\/index.php\/2025\/04\/14\/neto-detona-dupla-do-corinthians-apos-derrota-para-o-palmeiras-no-brasileirao\/#article","isPartOf":{"@id":"https:\/\/www.gaveanews.com\/index.php\/2025\/04\/14\/neto-detona-dupla-do-corinthians-apos-derrota-para-o-palmeiras-no-brasileirao\/"},"author":{"name":"Matheus Felipe","@id":"https:\/\/www.gaveanews.com\/#\/schema\/person\/8207cd4627f56151707418bfc835b2fb"},"headline":"Neto detona dupla do Corinthians ap\u00f3s derrota para o Palmeiras no Brasileir\u00e3o","datePublished":"2025-04-14T17:20:00+00:00","mainEntityOfPage":{"@id":"https:\/\/www.gaveanews.com\/index.php\/2025\/04\/14\/neto-detona-dupla-do-corinthians-apos-derrota-para-o-palmeiras-no-brasileirao\/"},"wordCount":393,"commentCount":0,"image":{"@id":"https:\/\/www.gaveanews.com\/index.php\/2025\/04\/14\/neto-detona-dupla-do-corinthians-apos-derrota-para-o-palmeiras-no-brasileirao\/#primaryimage"},"thumbnailUrl":"https:\/\/www.gaveanews.com\/wp-content\/uploads\/Craque-Neto-apresentador-da-Band.webp","articleSection":["Corinthians","Palmeiras"],"inLanguage":"pt-BR","potentialAction":[{"@type":"CommentAction","name":"Comment","target":["https:\/\/www.gaveanews.com\/index.php\/2025\/04\/14\/neto-detona-dupla-do-corinthians-apos-derrota-para-o-palmeiras-no-brasileirao\/#respond"]}],"copyrightYear":"2025","copyrightHolder":{"@id":"https:\/\/www.gaveanews.com\/#organization"}},{"@type":"WebPage","@id":"https:\/\/www.gaveanews.com\/index.php\/2025\/04\/14\/neto-detona-dupla-do-corinthians-apos-derrota-para-o-palmeiras-no-brasileirao\/","url":"https:\/\/www.gaveanews.com\/index.php\/2025\/04\/14\/neto-detona-dupla-do-corinthians-apos-derrota-para-o-palmeiras-no-brasileirao\/","name":"Neto detona dupla do Corinthians ap\u00f3s derrota para o Palmeiras no Brasileir\u00e3o","isPartOf":{"@id":"https:\/\/www.gaveanews.com\/#website"},"primaryImageOfPage":{"@id":"https:\/\/www.gaveanews.com\/index.php\/2025\/04\/14\/neto-detona-dupla-do-corinthians-apos-derrota-para-o-palmeiras-no-brasileirao\/#primaryimage"},"image":{"@id":"https:\/\/www.gaveanews.com\/index.php\/2025\/04\/14\/neto-detona-dupla-do-corinthians-apos-derrota-para-o-palmeiras-no-brasileirao\/#primaryimage"},"thumbnailUrl":"https:\/\/www.gaveanews.com\/wp-content\/uploads\/Craque-Neto-apresentador-da-Band.webp","datePublished":"2025-04-14T17:20:00+00:00","author":{"@id":"https:\/\/www.gaveanews.com\/#\/schema\/person\/8207cd4627f56151707418bfc835b2fb"},"breadcrumb":{"@id":"https:\/\/www.gaveanews.com\/index.php\/2025\/04\/14\/neto-detona-dupla-do-corinthians-apos-derrota-para-o-palmeiras-no-brasileirao\/#breadcrumb"},"inLanguage":"pt-BR","potentialAction":[{"@type":"ReadAction","target":["https:\/\/www.gaveanews.com\/index.php\/2025\/04\/14\/neto-detona-dupla-do-corinthians-apos-derrota-para-o-palmeiras-no-brasileirao\/"]}]},{"@type":"ImageObject","inLanguage":"pt-BR","@id":"https:\/\/www.gaveanews.com\/index.php\/2025\/04\/14\/neto-detona-dupla-do-corinthians-apos-derrota-para-o-palmeiras-no-brasileirao\/#primaryimage","url":"https:\/\/www.gaveanews.com\/wp-content\/uploads\/Craque-Neto-apresentador-da-Band.webp","contentUrl":"https:\/\/www.gaveanews.com\/wp-content\/uploads\/Craque-Neto-apresentador-da-Band.webp","width":900,"height":600,"caption":"Craque Neto, apresentador da Band (Foto: Kelly Fuzaro\/Band)"},{"@type":"BreadcrumbList","@id":"https:\/\/www.gaveanews.com\/index.php\/2025\/04\/14\/neto-detona-dupla-do-corinthians-apos-derrota-para-o-palmeiras-no-brasileirao\/#breadcrumb","itemListElement":[{"@type":"ListItem","position":1,"name":"Home","item":"https:\/\/www.gaveanews.com\/"},{"@type":"ListItem","position":2,"name":"Neto detona dupla do Corinthians ap\u00f3s derrota para o Palmeiras no Brasileir\u00e3o"}]},{"@type":"WebSite","@id":"https:\/\/www.gaveanews.com\/#website","url":"https:\/\/www.gaveanews.com\/","name":"G\u00e1vea News","description":"Veja todas as not\u00edcias sobre o Flamengo: Contrata\u00e7\u00f5es, categorias de base, resultados das partidas, tabela de classifica\u00e7\u00e3o, pr\u00f3ximos jogos!","potentialAction":[{"@type":"SearchAction","target":{"@type":"EntryPoint","urlTemplate":"https:\/\/www.gaveanews.com\/?s={search_term_string}"},"query-input":{"@type":"PropertyValueSpecification","valueRequired":true,"valueName":"search_term_string"}}],"inLanguage":"pt-BR"},{"@type":"Person","@id":"https:\/\/www.gaveanews.com\/#\/schema\/person\/8207cd4627f56151707418bfc835b2fb","name":"Matheus Felipe","image":{"@type":"ImageObject","inLanguage":"pt-BR","@id":"https:\/\/www.gaveanews.com\/#\/schema\/person\/image\/","url":"https:\/\/secure.gravatar.com\/avatar\/a452ffbed9130f726358b298bb3a99ce4bd3c5338411f8440e87e14d74c7c087?s=96&d=mm&r=g","contentUrl":"https:\/\/secure.gravatar.com\/avatar\/a452ffbed9130f726358b298bb3a99ce4bd3c5338411f8440e87e14d74c7c087?s=96&d=mm&r=g","caption":"Matheus Felipe"}}]}},"_links":{"self":[{"href":"https:\/\/www.gaveanews.com\/index.php\/wp-json\/wp\/v2\/posts\/253285","targetHints":{"allow":["GET"]}}],"collection":[{"href":"https:\/\/www.gaveanews.com\/index.php\/wp-json\/wp\/v2\/posts"}],"about":[{"href":"https:\/\/www.gaveanews.com\/index.php\/wp-json\/wp\/v2\/types\/post"}],"author":[{"embeddable":true,"href":"https:\/\/www.gaveanews.com\/index.php\/wp-json\/wp\/v2\/users\/27"}],"replies":[{"embeddable":true,"href":"https:\/\/www.gaveanews.com\/index.php\/wp-json\/wp\/v2\/comments?post=253285"}],"version-history":[{"count":1,"href":"https:\/\/www.gaveanews.com\/index.php\/wp-json\/wp\/v2\/posts\/253285\/revisions"}],"predecessor-version":[{"id":253286,"href":"https:\/\/www.gaveanews.com\/index.php\/wp-json\/wp\/v2\/posts\/253285\/revisions\/253286"}],"wp:featuredmedia":[{"embeddable":true,"href":"https:\/\/www.gaveanews.com\/index.php\/wp-json\/wp\/v2\/media\/244433"}],"wp:attachment":[{"href":"https:\/\/www.gaveanews.com\/index.php\/wp-json\/wp\/v2\/media?parent=253285"}],"wp:term":[{"taxonomy":"category","embeddable":true,"href":"https:\/\/www.gaveanews.com\/index.php\/wp-json\/wp\/v2\/categories?post=253285"},{"taxonomy":"post_tag","embeddable":true,"href":"https:\/\/www.gaveanews.com\/index.php\/wp-json\/wp\/v2\/tags?post=253285"}],"curies":[{"name":"wp","href":"https:\/\/api.w.org\/{rel}","templated":true}]}}