{"id":253294,"date":"2025-04-14T14:35:00","date_gmt":"2025-04-14T17:35:00","guid":{"rendered":"https:\/\/www.gaveanews.com\/?p=253294"},"modified":"2025-04-14T14:11:05","modified_gmt":"2025-04-14T17:11:05","slug":"video-a-provocacao-da-torcida-do-corinthians-direcionada-ao-palmeiras-durante-o-classico","status":"publish","type":"post","link":"https:\/\/www.gaveanews.com\/index.php\/2025\/04\/14\/video-a-provocacao-da-torcida-do-corinthians-direcionada-ao-palmeiras-durante-o-classico\/","title":{"rendered":"V\u00eddeo: a provoca\u00e7\u00e3o da torcida do Corinthians direcionada ao Palmeiras durante o cl\u00e1ssico"},"content":{"rendered":"\n<p>O cl\u00e1ssico paulista disputado no s\u00e1bado (12 de abril), na Arena Barueri, pela terceira rodada do Campeonato Brasileiro, foi marcado n\u00e3o apenas pelo desempenho dentro de campo, mas tamb\u00e9m por epis\u00f3dios extracampo que chamaram aten\u00e7\u00e3o dos torcedores. Em meio \u00e0 vit\u00f3ria do Palmeiras por 2 a 0 sobre o Corinthians, o duelo ficou marcado por provoca\u00e7\u00f5es vindas de ambos os lados.<\/p>\n\n\n\n<p>Aos 21 minutos do segundo tempo, uma pipa com os dizeres &#8220;51 \u00e9 pinga&#8221; foi lan\u00e7ada ao gramado. A a\u00e7\u00e3o, organizada por torcedores corintianos do lado de fora do est\u00e1dio, fez alus\u00e3o ao t\u00edtulo da Copa Rio de 1951, conquistado pelo Palmeiras. A provoca\u00e7\u00e3o gerou rea\u00e7\u00e3o imediata do zagueiro Gustavo G\u00f3mez, que recolheu e amassou a pipa antes de retir\u00e1-la do campo. Ali\u00e1s, esse tipo de gesto n\u00e3o \u00e9 in\u00e9dito: em 2023, epis\u00f3dio semelhante havia ocorrido na Neo Qu\u00edmica Arena.<\/p>\n\n\n\n<blockquote class=\"twitter-tweet\" data-media-max-width=\"560\"><p lang=\"pt\" dir=\"ltr\">AMASSANDO O MUNDIAL!<a href=\"https:\/\/twitter.com\/linpontoleite?ref_src=twsrc%5Etfw\">@linpontoleite<\/a> \/ Ag\u00eancia IDC<a href=\"https:\/\/twitter.com\/hashtag\/Corinthians?src=hash&amp;ref_src=twsrc%5Etfw\">#Corinthians<\/a> <a href=\"https:\/\/t.co\/nOSUPFfrro\">pic.twitter.com\/nOSUPFfrro<\/a><\/p>&mdash; Identidade Corinthiana (@IDCorinthiana) <a href=\"https:\/\/twitter.com\/IDCorinthiana\/status\/1911193413459812854?ref_src=twsrc%5Etfw\">April 12, 2025<\/a><\/blockquote> <script async src=\"https:\/\/platform.twitter.com\/widgets.js\" charset=\"utf-8\"><\/script>\n\n\n\n<p>Contudo, a torcida do Palmeiras tamb\u00e9m protagonizou provoca\u00e7\u00f5es. Durante o segundo tempo, duas cabe\u00e7as de galinha foram arremessadas no gramado. A atitude faz refer\u00eancia ao apelido usado pelos palmeirenses para se referirem aos corintianos. Em meio a essas manifesta\u00e7\u00f5es extracampo, a bola continuava rolando com dom\u00ednio alviverde.<\/p>\n\n\n\n<p>Dentro das quatro linhas, o Palmeiras mostrou superioridade ao longo da partida. Com maior volume de jogo e posse de bola, a equipe comandada por Abel Ferreira criou as melhores oportunidades. Os gols foram anotados por Piquerez e Emiliano Mart\u00ednez. O desempenho ofensivo incluiu ainda uma bola na trave de Felipe Anderson e um gol de Vitor Roque, que foi anulado ap\u00f3s revis\u00e3o do VAR. Facundo Torres tamb\u00e9m quase deixou o dele, acertando o travess\u00e3o.<\/p>\n\n\n\n<p>Enquanto isso, o Corinthians teve dificuldades para criar chances claras. A equipe apostou em lan\u00e7amentos longos para Yuri Alberto, mas sem efetividade. Memphis e Carrillo foram os que mais tentaram encontrar espa\u00e7o na defesa advers\u00e1ria, por\u00e9m a falta de criatividade no meio-campo limitou a produtividade ofensiva do time visitante.<\/p>\n\n\n\n<p>O cl\u00e1ssico ainda foi bastante disputado no aspecto disciplinar. Somente no primeiro tempo, o \u00e1rbitro distribuiu nove cart\u00f5es amarelos \u2014 cinco para o Palmeiras e quatro para o Corinthians. No fim do jogo, o clima nas arquibancadas foi de festa para os palmeirenses, embalado por gritos de &#8220;ol\u00e9&#8221; que acompanharam os toques de bola do time da casa.<\/p>\n\n\n\n<p>Por fim, uma das novidades foi o retorno de Paulinho. Recuperado de les\u00e3o, o jogador participou de pouco mais de 20 minutos e demonstrou entrosamento com os companheiros. Em campo e fora dele, o cl\u00e1ssico evidenciou a intensidade da rivalidade entre Palmeiras e Corinthians, tanto pelo futebol quanto pelas manifesta\u00e7\u00f5es simb\u00f3licas.<\/p>\n","protected":false},"excerpt":{"rendered":"<p>O cl\u00e1ssico paulista disputado no s\u00e1bado (12 de abril), na Arena Barueri, pela terceira rodada do Campeonato Brasileiro, foi marcado n\u00e3o apenas pelo desempenho dentro de campo, mas tamb\u00e9m por epis\u00f3dios extracampo que chamaram aten\u00e7\u00e3o dos torcedores. Em meio \u00e0 vit\u00f3ria do Palmeiras por 2 a 0 sobre o Corinthians, o duelo ficou marcado por [&hellip;]<\/p>\n","protected":false},"author":27,"featured_media":146953,"comment_status":"open","ping_status":"closed","sticky":false,"template":"","format":"standard","meta":{"footnotes":""},"categories":[141,150],"tags":[],"class_list":["post-253294","post","type-post","status-publish","format-standard","has-post-thumbnail","hentry","category-corinthians","category-palmeiras"],"yoast_head":"<!-- This site is optimized with the Yoast SEO Premium plugin v24.2 (Yoast SEO v26.9) - https:\/\/yoast.com\/product\/yoast-seo-premium-wordpress\/ -->\n<title>V\u00eddeo: a provoca\u00e7\u00e3o da torcida do Corinthians direcionada ao Palmeiras durante o cl\u00e1ssico<\/title>\n<meta name=\"robots\" content=\"index, follow, max-snippet:-1, max-image-preview:large, max-video-preview:-1\" \/>\n<link rel=\"canonical\" href=\"https:\/\/www.gaveanews.com\/index.php\/2025\/04\/14\/video-a-provocacao-da-torcida-do-corinthians-direcionada-ao-palmeiras-durante-o-classico\/\" \/>\n<meta property=\"og:locale\" content=\"pt_BR\" \/>\n<meta property=\"og:type\" content=\"article\" \/>\n<meta property=\"og:title\" content=\"V\u00eddeo: a provoca\u00e7\u00e3o da torcida do Corinthians direcionada ao Palmeiras durante o cl\u00e1ssico\" \/>\n<meta property=\"og:description\" content=\"O cl\u00e1ssico paulista disputado no s\u00e1bado (12 de abril), na Arena Barueri, pela terceira rodada do Campeonato Brasileiro, foi marcado n\u00e3o apenas pelo desempenho dentro de campo, mas tamb\u00e9m por epis\u00f3dios extracampo que chamaram aten\u00e7\u00e3o dos torcedores. Em meio \u00e0 vit\u00f3ria do Palmeiras por 2 a 0 sobre o Corinthians, o duelo ficou marcado por [&hellip;]\" \/>\n<meta property=\"og:url\" content=\"https:\/\/www.gaveanews.com\/index.php\/2025\/04\/14\/video-a-provocacao-da-torcida-do-corinthians-direcionada-ao-palmeiras-durante-o-classico\/\" \/>\n<meta property=\"og:site_name\" content=\"G\u00e1vea News\" \/>\n<meta property=\"article:publisher\" content=\"https:\/\/facebook.com\/gaveaNews\/\" \/>\n<meta property=\"article:published_time\" content=\"2025-04-14T17:35:00+00:00\" \/>\n<meta property=\"og:image\" content=\"https:\/\/www.gaveanews.com\/wp-content\/uploads\/Torcida-do-Corinthians.webp\" \/>\n\t<meta property=\"og:image:width\" content=\"1000\" \/>\n\t<meta property=\"og:image:height\" content=\"667\" \/>\n\t<meta property=\"og:image:type\" content=\"image\/webp\" \/>\n<meta name=\"author\" content=\"Matheus Felipe\" \/>\n<meta name=\"twitter:card\" content=\"summary_large_image\" \/>\n<meta name=\"twitter:label1\" content=\"Escrito por\" \/>\n\t<meta name=\"twitter:data1\" content=\"Matheus Felipe\" \/>\n\t<meta name=\"twitter:label2\" content=\"Est. tempo de leitura\" \/>\n\t<meta name=\"twitter:data2\" content=\"3 minutos\" \/>\n<script type=\"application\/ld+json\" class=\"yoast-schema-graph\">{\"@context\":\"https:\/\/schema.org\",\"@graph\":[{\"@type\":\"NewsArticle\",\"@id\":\"https:\/\/www.gaveanews.com\/index.php\/2025\/04\/14\/video-a-provocacao-da-torcida-do-corinthians-direcionada-ao-palmeiras-durante-o-classico\/#article\",\"isPartOf\":{\"@id\":\"https:\/\/www.gaveanews.com\/index.php\/2025\/04\/14\/video-a-provocacao-da-torcida-do-corinthians-direcionada-ao-palmeiras-durante-o-classico\/\"},\"author\":{\"name\":\"Matheus Felipe\",\"@id\":\"https:\/\/www.gaveanews.com\/#\/schema\/person\/8207cd4627f56151707418bfc835b2fb\"},\"headline\":\"V\u00eddeo: a provoca\u00e7\u00e3o da torcida do Corinthians direcionada ao Palmeiras durante o cl\u00e1ssico\",\"datePublished\":\"2025-04-14T17:35:00+00:00\",\"mainEntityOfPage\":{\"@id\":\"https:\/\/www.gaveanews.com\/index.php\/2025\/04\/14\/video-a-provocacao-da-torcida-do-corinthians-direcionada-ao-palmeiras-durante-o-classico\/\"},\"wordCount\":485,\"commentCount\":0,\"image\":{\"@id\":\"https:\/\/www.gaveanews.com\/index.php\/2025\/04\/14\/video-a-provocacao-da-torcida-do-corinthians-direcionada-ao-palmeiras-durante-o-classico\/#primaryimage\"},\"thumbnailUrl\":\"https:\/\/www.gaveanews.com\/wp-content\/uploads\/Torcida-do-Corinthians.webp\",\"articleSection\":[\"Corinthians\",\"Palmeiras\"],\"inLanguage\":\"pt-BR\",\"potentialAction\":[{\"@type\":\"CommentAction\",\"name\":\"Comment\",\"target\":[\"https:\/\/www.gaveanews.com\/index.php\/2025\/04\/14\/video-a-provocacao-da-torcida-do-corinthians-direcionada-ao-palmeiras-durante-o-classico\/#respond\"]}],\"copyrightYear\":\"2025\",\"copyrightHolder\":{\"@id\":\"https:\/\/www.gaveanews.com\/#organization\"}},{\"@type\":\"WebPage\",\"@id\":\"https:\/\/www.gaveanews.com\/index.php\/2025\/04\/14\/video-a-provocacao-da-torcida-do-corinthians-direcionada-ao-palmeiras-durante-o-classico\/\",\"url\":\"https:\/\/www.gaveanews.com\/index.php\/2025\/04\/14\/video-a-provocacao-da-torcida-do-corinthians-direcionada-ao-palmeiras-durante-o-classico\/\",\"name\":\"V\u00eddeo: a provoca\u00e7\u00e3o da torcida do Corinthians direcionada ao Palmeiras durante o cl\u00e1ssico\",\"isPartOf\":{\"@id\":\"https:\/\/www.gaveanews.com\/#website\"},\"primaryImageOfPage\":{\"@id\":\"https:\/\/www.gaveanews.com\/index.php\/2025\/04\/14\/video-a-provocacao-da-torcida-do-corinthians-direcionada-ao-palmeiras-durante-o-classico\/#primaryimage\"},\"image\":{\"@id\":\"https:\/\/www.gaveanews.com\/index.php\/2025\/04\/14\/video-a-provocacao-da-torcida-do-corinthians-direcionada-ao-palmeiras-durante-o-classico\/#primaryimage\"},\"thumbnailUrl\":\"https:\/\/www.gaveanews.com\/wp-content\/uploads\/Torcida-do-Corinthians.webp\",\"datePublished\":\"2025-04-14T17:35:00+00:00\",\"author\":{\"@id\":\"https:\/\/www.gaveanews.com\/#\/schema\/person\/8207cd4627f56151707418bfc835b2fb\"},\"breadcrumb\":{\"@id\":\"https:\/\/www.gaveanews.com\/index.php\/2025\/04\/14\/video-a-provocacao-da-torcida-do-corinthians-direcionada-ao-palmeiras-durante-o-classico\/#breadcrumb\"},\"inLanguage\":\"pt-BR\",\"potentialAction\":[{\"@type\":\"ReadAction\",\"target\":[\"https:\/\/www.gaveanews.com\/index.php\/2025\/04\/14\/video-a-provocacao-da-torcida-do-corinthians-direcionada-ao-palmeiras-durante-o-classico\/\"]}]},{\"@type\":\"ImageObject\",\"inLanguage\":\"pt-BR\",\"@id\":\"https:\/\/www.gaveanews.com\/index.php\/2025\/04\/14\/video-a-provocacao-da-torcida-do-corinthians-direcionada-ao-palmeiras-durante-o-classico\/#primaryimage\",\"url\":\"https:\/\/www.gaveanews.com\/wp-content\/uploads\/Torcida-do-Corinthians.webp\",\"contentUrl\":\"https:\/\/www.gaveanews.com\/wp-content\/uploads\/Torcida-do-Corinthians.webp\",\"width\":1000,\"height\":667,\"caption\":\"Torcida do Corinthians (Foto Reprodu\u00e7\u00e3o\/Instagram)\"},{\"@type\":\"BreadcrumbList\",\"@id\":\"https:\/\/www.gaveanews.com\/index.php\/2025\/04\/14\/video-a-provocacao-da-torcida-do-corinthians-direcionada-ao-palmeiras-durante-o-classico\/#breadcrumb\",\"itemListElement\":[{\"@type\":\"ListItem\",\"position\":1,\"name\":\"Home\",\"item\":\"https:\/\/www.gaveanews.com\/\"},{\"@type\":\"ListItem\",\"position\":2,\"name\":\"V\u00eddeo: a provoca\u00e7\u00e3o da torcida do Corinthians direcionada ao Palmeiras durante o cl\u00e1ssico\"}]},{\"@type\":\"WebSite\",\"@id\":\"https:\/\/www.gaveanews.com\/#website\",\"url\":\"https:\/\/www.gaveanews.com\/\",\"name\":\"G\u00e1vea News\",\"description\":\"Veja todas as not\u00edcias sobre o Flamengo: Contrata\u00e7\u00f5es, categorias de base, resultados das partidas, tabela de classifica\u00e7\u00e3o, pr\u00f3ximos jogos!\",\"potentialAction\":[{\"@type\":\"SearchAction\",\"target\":{\"@type\":\"EntryPoint\",\"urlTemplate\":\"https:\/\/www.gaveanews.com\/?s={search_term_string}\"},\"query-input\":{\"@type\":\"PropertyValueSpecification\",\"valueRequired\":true,\"valueName\":\"search_term_string\"}}],\"inLanguage\":\"pt-BR\"},{\"@type\":\"Person\",\"@id\":\"https:\/\/www.gaveanews.com\/#\/schema\/person\/8207cd4627f56151707418bfc835b2fb\",\"name\":\"Matheus Felipe\",\"image\":{\"@type\":\"ImageObject\",\"inLanguage\":\"pt-BR\",\"@id\":\"https:\/\/www.gaveanews.com\/#\/schema\/person\/image\/\",\"url\":\"https:\/\/secure.gravatar.com\/avatar\/a452ffbed9130f726358b298bb3a99ce4bd3c5338411f8440e87e14d74c7c087?s=96&d=mm&r=g\",\"contentUrl\":\"https:\/\/secure.gravatar.com\/avatar\/a452ffbed9130f726358b298bb3a99ce4bd3c5338411f8440e87e14d74c7c087?s=96&d=mm&r=g\",\"caption\":\"Matheus Felipe\"}}]}<\/script>\n<!-- \/ Yoast SEO Premium plugin. -->","yoast_head_json":{"title":"V\u00eddeo: a provoca\u00e7\u00e3o da torcida do Corinthians direcionada ao Palmeiras durante o cl\u00e1ssico","robots":{"index":"index","follow":"follow","max-snippet":"max-snippet:-1","max-image-preview":"max-image-preview:large","max-video-preview":"max-video-preview:-1"},"canonical":"https:\/\/www.gaveanews.com\/index.php\/2025\/04\/14\/video-a-provocacao-da-torcida-do-corinthians-direcionada-ao-palmeiras-durante-o-classico\/","og_locale":"pt_BR","og_type":"article","og_title":"V\u00eddeo: a provoca\u00e7\u00e3o da torcida do Corinthians direcionada ao Palmeiras durante o cl\u00e1ssico","og_description":"O cl\u00e1ssico paulista disputado no s\u00e1bado (12 de abril), na Arena Barueri, pela terceira rodada do Campeonato Brasileiro, foi marcado n\u00e3o apenas pelo desempenho dentro de campo, mas tamb\u00e9m por epis\u00f3dios extracampo que chamaram aten\u00e7\u00e3o dos torcedores. Em meio \u00e0 vit\u00f3ria do Palmeiras por 2 a 0 sobre o Corinthians, o duelo ficou marcado por [&hellip;]","og_url":"https:\/\/www.gaveanews.com\/index.php\/2025\/04\/14\/video-a-provocacao-da-torcida-do-corinthians-direcionada-ao-palmeiras-durante-o-classico\/","og_site_name":"G\u00e1vea News","article_publisher":"https:\/\/facebook.com\/gaveaNews\/","article_published_time":"2025-04-14T17:35:00+00:00","og_image":[{"width":1000,"height":667,"url":"https:\/\/www.gaveanews.com\/wp-content\/uploads\/Torcida-do-Corinthians.webp","type":"image\/webp"}],"author":"Matheus Felipe","twitter_card":"summary_large_image","twitter_misc":{"Escrito por":"Matheus Felipe","Est. tempo de leitura":"3 minutos"},"schema":{"@context":"https:\/\/schema.org","@graph":[{"@type":"NewsArticle","@id":"https:\/\/www.gaveanews.com\/index.php\/2025\/04\/14\/video-a-provocacao-da-torcida-do-corinthians-direcionada-ao-palmeiras-durante-o-classico\/#article","isPartOf":{"@id":"https:\/\/www.gaveanews.com\/index.php\/2025\/04\/14\/video-a-provocacao-da-torcida-do-corinthians-direcionada-ao-palmeiras-durante-o-classico\/"},"author":{"name":"Matheus Felipe","@id":"https:\/\/www.gaveanews.com\/#\/schema\/person\/8207cd4627f56151707418bfc835b2fb"},"headline":"V\u00eddeo: a provoca\u00e7\u00e3o da torcida do Corinthians direcionada ao Palmeiras durante o cl\u00e1ssico","datePublished":"2025-04-14T17:35:00+00:00","mainEntityOfPage":{"@id":"https:\/\/www.gaveanews.com\/index.php\/2025\/04\/14\/video-a-provocacao-da-torcida-do-corinthians-direcionada-ao-palmeiras-durante-o-classico\/"},"wordCount":485,"commentCount":0,"image":{"@id":"https:\/\/www.gaveanews.com\/index.php\/2025\/04\/14\/video-a-provocacao-da-torcida-do-corinthians-direcionada-ao-palmeiras-durante-o-classico\/#primaryimage"},"thumbnailUrl":"https:\/\/www.gaveanews.com\/wp-content\/uploads\/Torcida-do-Corinthians.webp","articleSection":["Corinthians","Palmeiras"],"inLanguage":"pt-BR","potentialAction":[{"@type":"CommentAction","name":"Comment","target":["https:\/\/www.gaveanews.com\/index.php\/2025\/04\/14\/video-a-provocacao-da-torcida-do-corinthians-direcionada-ao-palmeiras-durante-o-classico\/#respond"]}],"copyrightYear":"2025","copyrightHolder":{"@id":"https:\/\/www.gaveanews.com\/#organization"}},{"@type":"WebPage","@id":"https:\/\/www.gaveanews.com\/index.php\/2025\/04\/14\/video-a-provocacao-da-torcida-do-corinthians-direcionada-ao-palmeiras-durante-o-classico\/","url":"https:\/\/www.gaveanews.com\/index.php\/2025\/04\/14\/video-a-provocacao-da-torcida-do-corinthians-direcionada-ao-palmeiras-durante-o-classico\/","name":"V\u00eddeo: a provoca\u00e7\u00e3o da torcida do Corinthians direcionada ao Palmeiras durante o cl\u00e1ssico","isPartOf":{"@id":"https:\/\/www.gaveanews.com\/#website"},"primaryImageOfPage":{"@id":"https:\/\/www.gaveanews.com\/index.php\/2025\/04\/14\/video-a-provocacao-da-torcida-do-corinthians-direcionada-ao-palmeiras-durante-o-classico\/#primaryimage"},"image":{"@id":"https:\/\/www.gaveanews.com\/index.php\/2025\/04\/14\/video-a-provocacao-da-torcida-do-corinthians-direcionada-ao-palmeiras-durante-o-classico\/#primaryimage"},"thumbnailUrl":"https:\/\/www.gaveanews.com\/wp-content\/uploads\/Torcida-do-Corinthians.webp","datePublished":"2025-04-14T17:35:00+00:00","author":{"@id":"https:\/\/www.gaveanews.com\/#\/schema\/person\/8207cd4627f56151707418bfc835b2fb"},"breadcrumb":{"@id":"https:\/\/www.gaveanews.com\/index.php\/2025\/04\/14\/video-a-provocacao-da-torcida-do-corinthians-direcionada-ao-palmeiras-durante-o-classico\/#breadcrumb"},"inLanguage":"pt-BR","potentialAction":[{"@type":"ReadAction","target":["https:\/\/www.gaveanews.com\/index.php\/2025\/04\/14\/video-a-provocacao-da-torcida-do-corinthians-direcionada-ao-palmeiras-durante-o-classico\/"]}]},{"@type":"ImageObject","inLanguage":"pt-BR","@id":"https:\/\/www.gaveanews.com\/index.php\/2025\/04\/14\/video-a-provocacao-da-torcida-do-corinthians-direcionada-ao-palmeiras-durante-o-classico\/#primaryimage","url":"https:\/\/www.gaveanews.com\/wp-content\/uploads\/Torcida-do-Corinthians.webp","contentUrl":"https:\/\/www.gaveanews.com\/wp-content\/uploads\/Torcida-do-Corinthians.webp","width":1000,"height":667,"caption":"Torcida do Corinthians (Foto Reprodu\u00e7\u00e3o\/Instagram)"},{"@type":"BreadcrumbList","@id":"https:\/\/www.gaveanews.com\/index.php\/2025\/04\/14\/video-a-provocacao-da-torcida-do-corinthians-direcionada-ao-palmeiras-durante-o-classico\/#breadcrumb","itemListElement":[{"@type":"ListItem","position":1,"name":"Home","item":"https:\/\/www.gaveanews.com\/"},{"@type":"ListItem","position":2,"name":"V\u00eddeo: a provoca\u00e7\u00e3o da torcida do Corinthians direcionada ao Palmeiras durante o cl\u00e1ssico"}]},{"@type":"WebSite","@id":"https:\/\/www.gaveanews.com\/#website","url":"https:\/\/www.gaveanews.com\/","name":"G\u00e1vea News","description":"Veja todas as not\u00edcias sobre o Flamengo: Contrata\u00e7\u00f5es, categorias de base, resultados das partidas, tabela de classifica\u00e7\u00e3o, pr\u00f3ximos jogos!","potentialAction":[{"@type":"SearchAction","target":{"@type":"EntryPoint","urlTemplate":"https:\/\/www.gaveanews.com\/?s={search_term_string}"},"query-input":{"@type":"PropertyValueSpecification","valueRequired":true,"valueName":"search_term_string"}}],"inLanguage":"pt-BR"},{"@type":"Person","@id":"https:\/\/www.gaveanews.com\/#\/schema\/person\/8207cd4627f56151707418bfc835b2fb","name":"Matheus Felipe","image":{"@type":"ImageObject","inLanguage":"pt-BR","@id":"https:\/\/www.gaveanews.com\/#\/schema\/person\/image\/","url":"https:\/\/secure.gravatar.com\/avatar\/a452ffbed9130f726358b298bb3a99ce4bd3c5338411f8440e87e14d74c7c087?s=96&d=mm&r=g","contentUrl":"https:\/\/secure.gravatar.com\/avatar\/a452ffbed9130f726358b298bb3a99ce4bd3c5338411f8440e87e14d74c7c087?s=96&d=mm&r=g","caption":"Matheus Felipe"}}]}},"_links":{"self":[{"href":"https:\/\/www.gaveanews.com\/index.php\/wp-json\/wp\/v2\/posts\/253294","targetHints":{"allow":["GET"]}}],"collection":[{"href":"https:\/\/www.gaveanews.com\/index.php\/wp-json\/wp\/v2\/posts"}],"about":[{"href":"https:\/\/www.gaveanews.com\/index.php\/wp-json\/wp\/v2\/types\/post"}],"author":[{"embeddable":true,"href":"https:\/\/www.gaveanews.com\/index.php\/wp-json\/wp\/v2\/users\/27"}],"replies":[{"embeddable":true,"href":"https:\/\/www.gaveanews.com\/index.php\/wp-json\/wp\/v2\/comments?post=253294"}],"version-history":[{"count":1,"href":"https:\/\/www.gaveanews.com\/index.php\/wp-json\/wp\/v2\/posts\/253294\/revisions"}],"predecessor-version":[{"id":253295,"href":"https:\/\/www.gaveanews.com\/index.php\/wp-json\/wp\/v2\/posts\/253294\/revisions\/253295"}],"wp:featuredmedia":[{"embeddable":true,"href":"https:\/\/www.gaveanews.com\/index.php\/wp-json\/wp\/v2\/media\/146953"}],"wp:attachment":[{"href":"https:\/\/www.gaveanews.com\/index.php\/wp-json\/wp\/v2\/media?parent=253294"}],"wp:term":[{"taxonomy":"category","embeddable":true,"href":"https:\/\/www.gaveanews.com\/index.php\/wp-json\/wp\/v2\/categories?post=253294"},{"taxonomy":"post_tag","embeddable":true,"href":"https:\/\/www.gaveanews.com\/index.php\/wp-json\/wp\/v2\/tags?post=253294"}],"curies":[{"name":"wp","href":"https:\/\/api.w.org\/{rel}","templated":true}]}}