{"id":253297,"date":"2025-04-14T14:45:00","date_gmt":"2025-04-14T17:45:00","guid":{"rendered":"https:\/\/www.gaveanews.com\/?p=253297"},"modified":"2025-04-14T14:23:48","modified_gmt":"2025-04-14T17:23:48","slug":"alessandro-barcellos-do-internacional-manda-recado-para-cbf","status":"publish","type":"post","link":"https:\/\/www.gaveanews.com\/index.php\/2025\/04\/14\/alessandro-barcellos-do-internacional-manda-recado-para-cbf\/","title":{"rendered":"Alessandro Barcellos, do Internacional, manda recado para CBF"},"content":{"rendered":"\n<p>O empate sem gols entre Fortaleza e Internacional, no domingo (13), na Arena Castel\u00e3o, teve repercuss\u00f5es al\u00e9m do placar. Embora o resultado tenha mantido a invencibilidade da equipe ga\u00facha no Campeonato Brasileiro, tamb\u00e9m gerou insatisfa\u00e7\u00e3o nos bastidores. O clube acredita que foi prejudicado por uma falha de arbitragem em lance crucial da partida.<\/p>\n\n\n\n<p>A jogada que gerou controv\u00e9rsia aconteceu dentro da \u00e1rea do Fortaleza. Em cruzamento do lado esquerdo, o zagueiro David Luiz dividiu bola a\u00e9rea com Rogel, do Inter. O \u00e1rbitro Fl\u00e1vio Rodrigues entendeu que o lance seguiu de forma regular e n\u00e3o marcou p\u00eanalti, o que revoltou os torcedores e gerou reclama\u00e7\u00f5es incisivas da diretoria colorada.<\/p>\n\n\n\n<figure class=\"wp-block-image size-full\"><img loading=\"lazy\" decoding=\"async\" width=\"866\" height=\"543\" src=\"http:\/\/www.gaveanews.com\/wp-content\/uploads\/Internacional.webp\" alt=\"\" class=\"wp-image-252053\"\/><figcaption class=\"wp-element-caption\">Internacional  (Foto: Reprodu\u00e7\u00e3o\/Internacional)<\/figcaption><\/figure>\n\n\n\n<p>Enquanto o t\u00e9cnico Roger Machado preferiu manter um tom mais moderado em sua entrevista coletiva, o presidente Alessandro Barcellos foi direto ao criticar a condu\u00e7\u00e3o da arbitragem. \u201cNa nossa opini\u00e3o, foi clar\u00edssimo o p\u00eanalti. O jogador tamb\u00e9m j\u00e1 tinha amarelo, ent\u00e3o poderia ser expulso\u201d, afirmou o dirigente. Segundo ele, decis\u00f5es como essa comprometem o equil\u00edbrio do campeonato.<\/p>\n\n\n\n<p>Barcellos tamb\u00e9m relembrou um epis\u00f3dio anterior, ocorrido no confronto contra o Cruzeiro. Na ocasi\u00e3o, um jogador da equipe mineira foi expulso em lance posteriormente reconhecido pela CBF como erro. \u201cPrecisamos entender se ir\u00e1 funcionar como a CBF falou. O jogo de hoje merece ter o mesmo tratamento que teve o nosso jogo passado\u201d, declarou o presidente, cobrando isonomia da entidade.<\/p>\n\n\n\n<p>Atualmente, o Internacional soma uma vit\u00f3ria e dois empates no Brasileir\u00e3o. A equipe vive sua quinta maior sequ\u00eancia invicta no s\u00e9culo XXI, algo que ressalta a solidez do trabalho desenvolvido at\u00e9 aqui. Contudo, o sentimento de frustra\u00e7\u00e3o diante de poss\u00edveis equ\u00edvocos de arbitragem tem sido recorrente e tem levado a diretoria a se posicionar publicamente com frequ\u00eancia.<\/p>\n\n\n\n<p>O epis\u00f3dio refor\u00e7a o debate sobre a atua\u00e7\u00e3o da arbitragem no futebol brasileiro, especialmente em jogos equilibrados e decisivos. A expectativa da c\u00fapula colorada \u00e9 de que o caso seja analisado com o mesmo rigor adotado em partidas anteriores, a fim de garantir justi\u00e7a e coer\u00eancia nas decis\u00f5es. Afinal, como destacou Barcellos, \u201c\u00e9 importante falar quando h\u00e1 lances t\u00e3o cruciais\u201d.<\/p>\n","protected":false},"excerpt":{"rendered":"<p>O empate sem gols entre Fortaleza e Internacional, no domingo (13), na Arena Castel\u00e3o, teve repercuss\u00f5es al\u00e9m do placar. Embora o resultado tenha mantido a invencibilidade da equipe ga\u00facha no Campeonato Brasileiro, tamb\u00e9m gerou insatisfa\u00e7\u00e3o nos bastidores. O clube acredita que foi prejudicado por uma falha de arbitragem em lance crucial da partida. A jogada [&hellip;]<\/p>\n","protected":false},"author":27,"featured_media":172597,"comment_status":"open","ping_status":"closed","sticky":false,"template":"","format":"standard","meta":{"footnotes":""},"categories":[478,148],"tags":[],"class_list":["post-253297","post","type-post","status-publish","format-standard","has-post-thumbnail","hentry","category-brasil","category-internacional"],"yoast_head":"<!-- This site is optimized with the Yoast SEO Premium plugin v24.2 (Yoast SEO v26.9) - https:\/\/yoast.com\/product\/yoast-seo-premium-wordpress\/ -->\n<title>Alessandro Barcellos, do Internacional, manda recado para CBF<\/title>\n<meta name=\"robots\" content=\"index, follow, max-snippet:-1, max-image-preview:large, max-video-preview:-1\" \/>\n<link rel=\"canonical\" href=\"https:\/\/www.gaveanews.com\/index.php\/2025\/04\/14\/alessandro-barcellos-do-internacional-manda-recado-para-cbf\/\" \/>\n<meta property=\"og:locale\" content=\"pt_BR\" \/>\n<meta property=\"og:type\" content=\"article\" \/>\n<meta property=\"og:title\" content=\"Alessandro Barcellos, do Internacional, manda recado para CBF\" \/>\n<meta property=\"og:description\" content=\"O empate sem gols entre Fortaleza e Internacional, no domingo (13), na Arena Castel\u00e3o, teve repercuss\u00f5es al\u00e9m do placar. Embora o resultado tenha mantido a invencibilidade da equipe ga\u00facha no Campeonato Brasileiro, tamb\u00e9m gerou insatisfa\u00e7\u00e3o nos bastidores. O clube acredita que foi prejudicado por uma falha de arbitragem em lance crucial da partida. A jogada [&hellip;]\" \/>\n<meta property=\"og:url\" content=\"https:\/\/www.gaveanews.com\/index.php\/2025\/04\/14\/alessandro-barcellos-do-internacional-manda-recado-para-cbf\/\" \/>\n<meta property=\"og:site_name\" content=\"G\u00e1vea News\" \/>\n<meta property=\"article:publisher\" content=\"https:\/\/facebook.com\/gaveaNews\/\" \/>\n<meta property=\"article:published_time\" content=\"2025-04-14T17:45:00+00:00\" \/>\n<meta property=\"og:image\" content=\"https:\/\/www.gaveanews.com\/wp-content\/uploads\/Escudo-da-CBF.webp\" \/>\n\t<meta property=\"og:image:width\" content=\"1350\" \/>\n\t<meta property=\"og:image:height\" content=\"900\" \/>\n\t<meta property=\"og:image:type\" content=\"image\/webp\" \/>\n<meta name=\"author\" content=\"Matheus Felipe\" \/>\n<meta name=\"twitter:card\" content=\"summary_large_image\" \/>\n<meta name=\"twitter:label1\" content=\"Escrito por\" \/>\n\t<meta name=\"twitter:data1\" content=\"Matheus Felipe\" \/>\n\t<meta name=\"twitter:label2\" content=\"Est. tempo de leitura\" \/>\n\t<meta name=\"twitter:data2\" content=\"3 minutos\" \/>\n<script type=\"application\/ld+json\" class=\"yoast-schema-graph\">{\"@context\":\"https:\/\/schema.org\",\"@graph\":[{\"@type\":\"NewsArticle\",\"@id\":\"https:\/\/www.gaveanews.com\/index.php\/2025\/04\/14\/alessandro-barcellos-do-internacional-manda-recado-para-cbf\/#article\",\"isPartOf\":{\"@id\":\"https:\/\/www.gaveanews.com\/index.php\/2025\/04\/14\/alessandro-barcellos-do-internacional-manda-recado-para-cbf\/\"},\"author\":{\"name\":\"Matheus Felipe\",\"@id\":\"https:\/\/www.gaveanews.com\/#\/schema\/person\/8207cd4627f56151707418bfc835b2fb\"},\"headline\":\"Alessandro Barcellos, do Internacional, manda recado para CBF\",\"datePublished\":\"2025-04-14T17:45:00+00:00\",\"mainEntityOfPage\":{\"@id\":\"https:\/\/www.gaveanews.com\/index.php\/2025\/04\/14\/alessandro-barcellos-do-internacional-manda-recado-para-cbf\/\"},\"wordCount\":392,\"commentCount\":0,\"image\":{\"@id\":\"https:\/\/www.gaveanews.com\/index.php\/2025\/04\/14\/alessandro-barcellos-do-internacional-manda-recado-para-cbf\/#primaryimage\"},\"thumbnailUrl\":\"https:\/\/www.gaveanews.com\/wp-content\/uploads\/Escudo-da-CBF.webp\",\"articleSection\":[\"Brasil\",\"Internacional\"],\"inLanguage\":\"pt-BR\",\"potentialAction\":[{\"@type\":\"CommentAction\",\"name\":\"Comment\",\"target\":[\"https:\/\/www.gaveanews.com\/index.php\/2025\/04\/14\/alessandro-barcellos-do-internacional-manda-recado-para-cbf\/#respond\"]}],\"copyrightYear\":\"2025\",\"copyrightHolder\":{\"@id\":\"https:\/\/www.gaveanews.com\/#organization\"}},{\"@type\":\"WebPage\",\"@id\":\"https:\/\/www.gaveanews.com\/index.php\/2025\/04\/14\/alessandro-barcellos-do-internacional-manda-recado-para-cbf\/\",\"url\":\"https:\/\/www.gaveanews.com\/index.php\/2025\/04\/14\/alessandro-barcellos-do-internacional-manda-recado-para-cbf\/\",\"name\":\"Alessandro Barcellos, do Internacional, manda recado para CBF\",\"isPartOf\":{\"@id\":\"https:\/\/www.gaveanews.com\/#website\"},\"primaryImageOfPage\":{\"@id\":\"https:\/\/www.gaveanews.com\/index.php\/2025\/04\/14\/alessandro-barcellos-do-internacional-manda-recado-para-cbf\/#primaryimage\"},\"image\":{\"@id\":\"https:\/\/www.gaveanews.com\/index.php\/2025\/04\/14\/alessandro-barcellos-do-internacional-manda-recado-para-cbf\/#primaryimage\"},\"thumbnailUrl\":\"https:\/\/www.gaveanews.com\/wp-content\/uploads\/Escudo-da-CBF.webp\",\"datePublished\":\"2025-04-14T17:45:00+00:00\",\"author\":{\"@id\":\"https:\/\/www.gaveanews.com\/#\/schema\/person\/8207cd4627f56151707418bfc835b2fb\"},\"breadcrumb\":{\"@id\":\"https:\/\/www.gaveanews.com\/index.php\/2025\/04\/14\/alessandro-barcellos-do-internacional-manda-recado-para-cbf\/#breadcrumb\"},\"inLanguage\":\"pt-BR\",\"potentialAction\":[{\"@type\":\"ReadAction\",\"target\":[\"https:\/\/www.gaveanews.com\/index.php\/2025\/04\/14\/alessandro-barcellos-do-internacional-manda-recado-para-cbf\/\"]}]},{\"@type\":\"ImageObject\",\"inLanguage\":\"pt-BR\",\"@id\":\"https:\/\/www.gaveanews.com\/index.php\/2025\/04\/14\/alessandro-barcellos-do-internacional-manda-recado-para-cbf\/#primaryimage\",\"url\":\"https:\/\/www.gaveanews.com\/wp-content\/uploads\/Escudo-da-CBF.webp\",\"contentUrl\":\"https:\/\/www.gaveanews.com\/wp-content\/uploads\/Escudo-da-CBF.webp\",\"width\":1350,\"height\":900,\"caption\":\"Escudo da CBF (Foto: Reprodu\u00e7\u00e3o)\"},{\"@type\":\"BreadcrumbList\",\"@id\":\"https:\/\/www.gaveanews.com\/index.php\/2025\/04\/14\/alessandro-barcellos-do-internacional-manda-recado-para-cbf\/#breadcrumb\",\"itemListElement\":[{\"@type\":\"ListItem\",\"position\":1,\"name\":\"Home\",\"item\":\"https:\/\/www.gaveanews.com\/\"},{\"@type\":\"ListItem\",\"position\":2,\"name\":\"Alessandro Barcellos, do Internacional, manda recado para CBF\"}]},{\"@type\":\"WebSite\",\"@id\":\"https:\/\/www.gaveanews.com\/#website\",\"url\":\"https:\/\/www.gaveanews.com\/\",\"name\":\"G\u00e1vea News\",\"description\":\"Veja todas as not\u00edcias sobre o Flamengo: Contrata\u00e7\u00f5es, categorias de base, resultados das partidas, tabela de classifica\u00e7\u00e3o, pr\u00f3ximos jogos!\",\"potentialAction\":[{\"@type\":\"SearchAction\",\"target\":{\"@type\":\"EntryPoint\",\"urlTemplate\":\"https:\/\/www.gaveanews.com\/?s={search_term_string}\"},\"query-input\":{\"@type\":\"PropertyValueSpecification\",\"valueRequired\":true,\"valueName\":\"search_term_string\"}}],\"inLanguage\":\"pt-BR\"},{\"@type\":\"Person\",\"@id\":\"https:\/\/www.gaveanews.com\/#\/schema\/person\/8207cd4627f56151707418bfc835b2fb\",\"name\":\"Matheus Felipe\",\"image\":{\"@type\":\"ImageObject\",\"inLanguage\":\"pt-BR\",\"@id\":\"https:\/\/www.gaveanews.com\/#\/schema\/person\/image\/\",\"url\":\"https:\/\/secure.gravatar.com\/avatar\/a452ffbed9130f726358b298bb3a99ce4bd3c5338411f8440e87e14d74c7c087?s=96&d=mm&r=g\",\"contentUrl\":\"https:\/\/secure.gravatar.com\/avatar\/a452ffbed9130f726358b298bb3a99ce4bd3c5338411f8440e87e14d74c7c087?s=96&d=mm&r=g\",\"caption\":\"Matheus Felipe\"}}]}<\/script>\n<!-- \/ Yoast SEO Premium plugin. -->","yoast_head_json":{"title":"Alessandro Barcellos, do Internacional, manda recado para CBF","robots":{"index":"index","follow":"follow","max-snippet":"max-snippet:-1","max-image-preview":"max-image-preview:large","max-video-preview":"max-video-preview:-1"},"canonical":"https:\/\/www.gaveanews.com\/index.php\/2025\/04\/14\/alessandro-barcellos-do-internacional-manda-recado-para-cbf\/","og_locale":"pt_BR","og_type":"article","og_title":"Alessandro Barcellos, do Internacional, manda recado para CBF","og_description":"O empate sem gols entre Fortaleza e Internacional, no domingo (13), na Arena Castel\u00e3o, teve repercuss\u00f5es al\u00e9m do placar. Embora o resultado tenha mantido a invencibilidade da equipe ga\u00facha no Campeonato Brasileiro, tamb\u00e9m gerou insatisfa\u00e7\u00e3o nos bastidores. O clube acredita que foi prejudicado por uma falha de arbitragem em lance crucial da partida. A jogada [&hellip;]","og_url":"https:\/\/www.gaveanews.com\/index.php\/2025\/04\/14\/alessandro-barcellos-do-internacional-manda-recado-para-cbf\/","og_site_name":"G\u00e1vea News","article_publisher":"https:\/\/facebook.com\/gaveaNews\/","article_published_time":"2025-04-14T17:45:00+00:00","og_image":[{"width":1350,"height":900,"url":"https:\/\/www.gaveanews.com\/wp-content\/uploads\/Escudo-da-CBF.webp","type":"image\/webp"}],"author":"Matheus Felipe","twitter_card":"summary_large_image","twitter_misc":{"Escrito por":"Matheus Felipe","Est. tempo de leitura":"3 minutos"},"schema":{"@context":"https:\/\/schema.org","@graph":[{"@type":"NewsArticle","@id":"https:\/\/www.gaveanews.com\/index.php\/2025\/04\/14\/alessandro-barcellos-do-internacional-manda-recado-para-cbf\/#article","isPartOf":{"@id":"https:\/\/www.gaveanews.com\/index.php\/2025\/04\/14\/alessandro-barcellos-do-internacional-manda-recado-para-cbf\/"},"author":{"name":"Matheus Felipe","@id":"https:\/\/www.gaveanews.com\/#\/schema\/person\/8207cd4627f56151707418bfc835b2fb"},"headline":"Alessandro Barcellos, do Internacional, manda recado para CBF","datePublished":"2025-04-14T17:45:00+00:00","mainEntityOfPage":{"@id":"https:\/\/www.gaveanews.com\/index.php\/2025\/04\/14\/alessandro-barcellos-do-internacional-manda-recado-para-cbf\/"},"wordCount":392,"commentCount":0,"image":{"@id":"https:\/\/www.gaveanews.com\/index.php\/2025\/04\/14\/alessandro-barcellos-do-internacional-manda-recado-para-cbf\/#primaryimage"},"thumbnailUrl":"https:\/\/www.gaveanews.com\/wp-content\/uploads\/Escudo-da-CBF.webp","articleSection":["Brasil","Internacional"],"inLanguage":"pt-BR","potentialAction":[{"@type":"CommentAction","name":"Comment","target":["https:\/\/www.gaveanews.com\/index.php\/2025\/04\/14\/alessandro-barcellos-do-internacional-manda-recado-para-cbf\/#respond"]}],"copyrightYear":"2025","copyrightHolder":{"@id":"https:\/\/www.gaveanews.com\/#organization"}},{"@type":"WebPage","@id":"https:\/\/www.gaveanews.com\/index.php\/2025\/04\/14\/alessandro-barcellos-do-internacional-manda-recado-para-cbf\/","url":"https:\/\/www.gaveanews.com\/index.php\/2025\/04\/14\/alessandro-barcellos-do-internacional-manda-recado-para-cbf\/","name":"Alessandro Barcellos, do Internacional, manda recado para CBF","isPartOf":{"@id":"https:\/\/www.gaveanews.com\/#website"},"primaryImageOfPage":{"@id":"https:\/\/www.gaveanews.com\/index.php\/2025\/04\/14\/alessandro-barcellos-do-internacional-manda-recado-para-cbf\/#primaryimage"},"image":{"@id":"https:\/\/www.gaveanews.com\/index.php\/2025\/04\/14\/alessandro-barcellos-do-internacional-manda-recado-para-cbf\/#primaryimage"},"thumbnailUrl":"https:\/\/www.gaveanews.com\/wp-content\/uploads\/Escudo-da-CBF.webp","datePublished":"2025-04-14T17:45:00+00:00","author":{"@id":"https:\/\/www.gaveanews.com\/#\/schema\/person\/8207cd4627f56151707418bfc835b2fb"},"breadcrumb":{"@id":"https:\/\/www.gaveanews.com\/index.php\/2025\/04\/14\/alessandro-barcellos-do-internacional-manda-recado-para-cbf\/#breadcrumb"},"inLanguage":"pt-BR","potentialAction":[{"@type":"ReadAction","target":["https:\/\/www.gaveanews.com\/index.php\/2025\/04\/14\/alessandro-barcellos-do-internacional-manda-recado-para-cbf\/"]}]},{"@type":"ImageObject","inLanguage":"pt-BR","@id":"https:\/\/www.gaveanews.com\/index.php\/2025\/04\/14\/alessandro-barcellos-do-internacional-manda-recado-para-cbf\/#primaryimage","url":"https:\/\/www.gaveanews.com\/wp-content\/uploads\/Escudo-da-CBF.webp","contentUrl":"https:\/\/www.gaveanews.com\/wp-content\/uploads\/Escudo-da-CBF.webp","width":1350,"height":900,"caption":"Escudo da CBF (Foto: Reprodu\u00e7\u00e3o)"},{"@type":"BreadcrumbList","@id":"https:\/\/www.gaveanews.com\/index.php\/2025\/04\/14\/alessandro-barcellos-do-internacional-manda-recado-para-cbf\/#breadcrumb","itemListElement":[{"@type":"ListItem","position":1,"name":"Home","item":"https:\/\/www.gaveanews.com\/"},{"@type":"ListItem","position":2,"name":"Alessandro Barcellos, do Internacional, manda recado para CBF"}]},{"@type":"WebSite","@id":"https:\/\/www.gaveanews.com\/#website","url":"https:\/\/www.gaveanews.com\/","name":"G\u00e1vea News","description":"Veja todas as not\u00edcias sobre o Flamengo: Contrata\u00e7\u00f5es, categorias de base, resultados das partidas, tabela de classifica\u00e7\u00e3o, pr\u00f3ximos jogos!","potentialAction":[{"@type":"SearchAction","target":{"@type":"EntryPoint","urlTemplate":"https:\/\/www.gaveanews.com\/?s={search_term_string}"},"query-input":{"@type":"PropertyValueSpecification","valueRequired":true,"valueName":"search_term_string"}}],"inLanguage":"pt-BR"},{"@type":"Person","@id":"https:\/\/www.gaveanews.com\/#\/schema\/person\/8207cd4627f56151707418bfc835b2fb","name":"Matheus Felipe","image":{"@type":"ImageObject","inLanguage":"pt-BR","@id":"https:\/\/www.gaveanews.com\/#\/schema\/person\/image\/","url":"https:\/\/secure.gravatar.com\/avatar\/a452ffbed9130f726358b298bb3a99ce4bd3c5338411f8440e87e14d74c7c087?s=96&d=mm&r=g","contentUrl":"https:\/\/secure.gravatar.com\/avatar\/a452ffbed9130f726358b298bb3a99ce4bd3c5338411f8440e87e14d74c7c087?s=96&d=mm&r=g","caption":"Matheus Felipe"}}]}},"_links":{"self":[{"href":"https:\/\/www.gaveanews.com\/index.php\/wp-json\/wp\/v2\/posts\/253297","targetHints":{"allow":["GET"]}}],"collection":[{"href":"https:\/\/www.gaveanews.com\/index.php\/wp-json\/wp\/v2\/posts"}],"about":[{"href":"https:\/\/www.gaveanews.com\/index.php\/wp-json\/wp\/v2\/types\/post"}],"author":[{"embeddable":true,"href":"https:\/\/www.gaveanews.com\/index.php\/wp-json\/wp\/v2\/users\/27"}],"replies":[{"embeddable":true,"href":"https:\/\/www.gaveanews.com\/index.php\/wp-json\/wp\/v2\/comments?post=253297"}],"version-history":[{"count":1,"href":"https:\/\/www.gaveanews.com\/index.php\/wp-json\/wp\/v2\/posts\/253297\/revisions"}],"predecessor-version":[{"id":253298,"href":"https:\/\/www.gaveanews.com\/index.php\/wp-json\/wp\/v2\/posts\/253297\/revisions\/253298"}],"wp:featuredmedia":[{"embeddable":true,"href":"https:\/\/www.gaveanews.com\/index.php\/wp-json\/wp\/v2\/media\/172597"}],"wp:attachment":[{"href":"https:\/\/www.gaveanews.com\/index.php\/wp-json\/wp\/v2\/media?parent=253297"}],"wp:term":[{"taxonomy":"category","embeddable":true,"href":"https:\/\/www.gaveanews.com\/index.php\/wp-json\/wp\/v2\/categories?post=253297"},{"taxonomy":"post_tag","embeddable":true,"href":"https:\/\/www.gaveanews.com\/index.php\/wp-json\/wp\/v2\/tags?post=253297"}],"curies":[{"name":"wp","href":"https:\/\/api.w.org\/{rel}","templated":true}]}}