{"id":253300,"date":"2025-04-14T14:50:00","date_gmt":"2025-04-14T17:50:00","guid":{"rendered":"https:\/\/www.gaveanews.com\/?p=253300"},"modified":"2025-04-14T14:27:00","modified_gmt":"2025-04-14T17:27:00","slug":"torcida-do-palmeiras-provoca-matheus-donelli-goleiro-do-corinthians","status":"publish","type":"post","link":"https:\/\/www.gaveanews.com\/index.php\/2025\/04\/14\/torcida-do-palmeiras-provoca-matheus-donelli-goleiro-do-corinthians\/","title":{"rendered":"Torcida do Palmeiras provoca Matheus Donelli, goleiro do Corinthians"},"content":{"rendered":"\n<p>Matheus Donelli voltou a ganhar espa\u00e7o como titular no Corinthians devido \u00e0 aus\u00eancia de Hugo Souza, lesionado. No entanto, sua participa\u00e7\u00e3o no cl\u00e1ssico contra o Palmeiras no s\u00e1bado (12 de abril), pela terceira rodada do Campeonato Brasileiro, foi marcada por cr\u00edticas vindas das arquibancadas rivais. O confronto, realizado na Arena Barueri, terminou com vantagem do time alviverde ainda no primeiro tempo.<\/p>\n\n\n\n<p>Logo aos 13 minutos de jogo, Piquerez aproveitou uma falha na marca\u00e7\u00e3o corintiana na entrada da \u00e1rea e bateu com precis\u00e3o para abrir o placar. Pouco depois, Emiliano Mart\u00ednez acertou um chute de longa dist\u00e2ncia e ampliou o marcador, marcando seu primeiro gol com a camisa do Palmeiras. A performance defensiva do Corinthians, especialmente sob o comando de Donelli, passou a ser questionada por torcedores nas redes sociais.<\/p>\n\n\n\n<figure class=\"wp-block-image size-full\"><img loading=\"lazy\" decoding=\"async\" width=\"828\" height=\"552\" src=\"http:\/\/www.gaveanews.com\/wp-content\/uploads\/Matheus-Donelli-em-acao-pelo-Corinthians.webp\" alt=\"\" class=\"wp-image-146908\" srcset=\"https:\/\/www.gaveanews.com\/wp-content\/uploads\/Matheus-Donelli-em-acao-pelo-Corinthians.webp 828w, https:\/\/www.gaveanews.com\/wp-content\/uploads\/Matheus-Donelli-em-acao-pelo-Corinthians-300x200.webp 300w, https:\/\/www.gaveanews.com\/wp-content\/uploads\/Matheus-Donelli-em-acao-pelo-Corinthians-768x512.webp 768w, https:\/\/www.gaveanews.com\/wp-content\/uploads\/Matheus-Donelli-em-acao-pelo-Corinthians-630x420.webp 630w, https:\/\/www.gaveanews.com\/wp-content\/uploads\/Matheus-Donelli-em-acao-pelo-Corinthians-640x427.webp 640w, https:\/\/www.gaveanews.com\/wp-content\/uploads\/Matheus-Donelli-em-acao-pelo-Corinthians-681x454.webp 681w, https:\/\/www.gaveanews.com\/wp-content\/uploads\/Matheus-Donelli-em-acao-pelo-Corinthians-100x67.webp 100w\" sizes=\"auto, (max-width: 828px) 100vw, 828px\" \/><figcaption class=\"wp-element-caption\">Matheus Donelli, em a\u00e7\u00e3o pelo Corinthians (Foto Reprodu\u00e7\u00e3o\/Instagram)<\/figcaption><\/figure>\n\n\n\n<p>Durante o intervalo da partida, enquanto os jogadores retornavam para o segundo tempo, o goleiro do Corinthians foi alvo de provoca\u00e7\u00f5es. Torcedores do Palmeiras passaram a gritar \u201cfrangueiro\u201d em sua dire\u00e7\u00e3o, evidenciando o descontentamento com a atua\u00e7\u00e3o do arqueiro. As provoca\u00e7\u00f5es ecoaram nas arquibancadas da Arena Barueri, ganhando destaque tamb\u00e9m fora das quatro linhas.<\/p>\n\n\n\n<p>A escala\u00e7\u00e3o do Corinthians para o cl\u00e1ssico contou ainda com nomes como Memphis Depay, Yuri Alberto, Andr\u00e9 Ramalho e Raniele. A equipe foi comandada por Ram\u00f3n D\u00edaz, que teve de lidar com a press\u00e3o imposta pelo advers\u00e1rio desde os minutos iniciais. Do outro lado, Abel Ferreira escalou o Palmeiras com titulares como Weverton, Gustavo G\u00f3mez, Est\u00eav\u00e3o e Vitor Roque.<\/p>\n\n\n\n<p>Enquanto o Palmeiras volta a campo na quarta-feira (16 de abril), quando enfrenta o Internacional \u00e0s 19h30 (hor\u00e1rio de Bras\u00edlia), no Beira-Rio, o Corinthians tentar\u00e1 se reabilitar no mesmo dia, diante do Fluminense. A partida est\u00e1 marcada para as 16h (hor\u00e1rio de Bras\u00edlia), na Neo Qu\u00edmica Arena.<\/p>\n\n\n\n<p>A recep\u00e7\u00e3o hostil a Donelli reflete, em parte, a instabilidade defensiva do Corinthians nas primeiras rodadas do Brasileir\u00e3o. Embora a equipe busque uma recupera\u00e7\u00e3o no campeonato, epis\u00f3dios como esse destacam o desafio de manter a confian\u00e7a do elenco em meio \u00e0 press\u00e3o vinda das arquibancadas advers\u00e1rias.<\/p>\n","protected":false},"excerpt":{"rendered":"<p>Matheus Donelli voltou a ganhar espa\u00e7o como titular no Corinthians devido \u00e0 aus\u00eancia de Hugo Souza, lesionado. No entanto, sua participa\u00e7\u00e3o no cl\u00e1ssico contra o Palmeiras no s\u00e1bado (12 de abril), pela terceira rodada do Campeonato Brasileiro, foi marcada por cr\u00edticas vindas das arquibancadas rivais. O confronto, realizado na Arena Barueri, terminou com vantagem do [&hellip;]<\/p>\n","protected":false},"author":27,"featured_media":155979,"comment_status":"open","ping_status":"closed","sticky":false,"template":"","format":"standard","meta":{"footnotes":""},"categories":[141,150],"tags":[],"class_list":["post-253300","post","type-post","status-publish","format-standard","has-post-thumbnail","hentry","category-corinthians","category-palmeiras"],"yoast_head":"<!-- This site is optimized with the Yoast SEO Premium plugin v24.2 (Yoast SEO v26.9) - https:\/\/yoast.com\/product\/yoast-seo-premium-wordpress\/ -->\n<title>Torcida do Palmeiras provoca Matheus Donelli, goleiro do Corinthians<\/title>\n<meta name=\"robots\" content=\"index, follow, max-snippet:-1, max-image-preview:large, max-video-preview:-1\" \/>\n<link rel=\"canonical\" href=\"https:\/\/www.gaveanews.com\/index.php\/2025\/04\/14\/torcida-do-palmeiras-provoca-matheus-donelli-goleiro-do-corinthians\/\" \/>\n<meta property=\"og:locale\" content=\"pt_BR\" \/>\n<meta property=\"og:type\" content=\"article\" \/>\n<meta property=\"og:title\" content=\"Torcida do Palmeiras provoca Matheus Donelli, goleiro do Corinthians\" \/>\n<meta property=\"og:description\" content=\"Matheus Donelli voltou a ganhar espa\u00e7o como titular no Corinthians devido \u00e0 aus\u00eancia de Hugo Souza, lesionado. No entanto, sua participa\u00e7\u00e3o no cl\u00e1ssico contra o Palmeiras no s\u00e1bado (12 de abril), pela terceira rodada do Campeonato Brasileiro, foi marcada por cr\u00edticas vindas das arquibancadas rivais. O confronto, realizado na Arena Barueri, terminou com vantagem do [&hellip;]\" \/>\n<meta property=\"og:url\" content=\"https:\/\/www.gaveanews.com\/index.php\/2025\/04\/14\/torcida-do-palmeiras-provoca-matheus-donelli-goleiro-do-corinthians\/\" \/>\n<meta property=\"og:site_name\" content=\"G\u00e1vea News\" \/>\n<meta property=\"article:publisher\" content=\"https:\/\/facebook.com\/gaveaNews\/\" \/>\n<meta property=\"article:published_time\" content=\"2025-04-14T17:50:00+00:00\" \/>\n<meta property=\"og:image\" content=\"https:\/\/www.gaveanews.com\/wp-content\/uploads\/torcida-do-palmeiras.webp\" \/>\n\t<meta property=\"og:image:width\" content=\"640\" \/>\n\t<meta property=\"og:image:height\" content=\"360\" \/>\n\t<meta property=\"og:image:type\" content=\"image\/jpeg\" \/>\n<meta name=\"author\" content=\"Matheus Felipe\" \/>\n<meta name=\"twitter:card\" content=\"summary_large_image\" \/>\n<meta name=\"twitter:label1\" content=\"Escrito por\" \/>\n\t<meta name=\"twitter:data1\" content=\"Matheus Felipe\" \/>\n\t<meta name=\"twitter:label2\" content=\"Est. tempo de leitura\" \/>\n\t<meta name=\"twitter:data2\" content=\"3 minutos\" \/>\n<script type=\"application\/ld+json\" class=\"yoast-schema-graph\">{\"@context\":\"https:\/\/schema.org\",\"@graph\":[{\"@type\":\"NewsArticle\",\"@id\":\"https:\/\/www.gaveanews.com\/index.php\/2025\/04\/14\/torcida-do-palmeiras-provoca-matheus-donelli-goleiro-do-corinthians\/#article\",\"isPartOf\":{\"@id\":\"https:\/\/www.gaveanews.com\/index.php\/2025\/04\/14\/torcida-do-palmeiras-provoca-matheus-donelli-goleiro-do-corinthians\/\"},\"author\":{\"name\":\"Matheus Felipe\",\"@id\":\"https:\/\/www.gaveanews.com\/#\/schema\/person\/8207cd4627f56151707418bfc835b2fb\"},\"headline\":\"Torcida do Palmeiras provoca Matheus Donelli, goleiro do Corinthians\",\"datePublished\":\"2025-04-14T17:50:00+00:00\",\"mainEntityOfPage\":{\"@id\":\"https:\/\/www.gaveanews.com\/index.php\/2025\/04\/14\/torcida-do-palmeiras-provoca-matheus-donelli-goleiro-do-corinthians\/\"},\"wordCount\":386,\"commentCount\":0,\"image\":{\"@id\":\"https:\/\/www.gaveanews.com\/index.php\/2025\/04\/14\/torcida-do-palmeiras-provoca-matheus-donelli-goleiro-do-corinthians\/#primaryimage\"},\"thumbnailUrl\":\"https:\/\/www.gaveanews.com\/wp-content\/uploads\/torcida-do-palmeiras.webp\",\"articleSection\":[\"Corinthians\",\"Palmeiras\"],\"inLanguage\":\"pt-BR\",\"potentialAction\":[{\"@type\":\"CommentAction\",\"name\":\"Comment\",\"target\":[\"https:\/\/www.gaveanews.com\/index.php\/2025\/04\/14\/torcida-do-palmeiras-provoca-matheus-donelli-goleiro-do-corinthians\/#respond\"]}],\"copyrightYear\":\"2025\",\"copyrightHolder\":{\"@id\":\"https:\/\/www.gaveanews.com\/#organization\"}},{\"@type\":\"WebPage\",\"@id\":\"https:\/\/www.gaveanews.com\/index.php\/2025\/04\/14\/torcida-do-palmeiras-provoca-matheus-donelli-goleiro-do-corinthians\/\",\"url\":\"https:\/\/www.gaveanews.com\/index.php\/2025\/04\/14\/torcida-do-palmeiras-provoca-matheus-donelli-goleiro-do-corinthians\/\",\"name\":\"Torcida do Palmeiras provoca Matheus Donelli, goleiro do Corinthians\",\"isPartOf\":{\"@id\":\"https:\/\/www.gaveanews.com\/#website\"},\"primaryImageOfPage\":{\"@id\":\"https:\/\/www.gaveanews.com\/index.php\/2025\/04\/14\/torcida-do-palmeiras-provoca-matheus-donelli-goleiro-do-corinthians\/#primaryimage\"},\"image\":{\"@id\":\"https:\/\/www.gaveanews.com\/index.php\/2025\/04\/14\/torcida-do-palmeiras-provoca-matheus-donelli-goleiro-do-corinthians\/#primaryimage\"},\"thumbnailUrl\":\"https:\/\/www.gaveanews.com\/wp-content\/uploads\/torcida-do-palmeiras.webp\",\"datePublished\":\"2025-04-14T17:50:00+00:00\",\"author\":{\"@id\":\"https:\/\/www.gaveanews.com\/#\/schema\/person\/8207cd4627f56151707418bfc835b2fb\"},\"breadcrumb\":{\"@id\":\"https:\/\/www.gaveanews.com\/index.php\/2025\/04\/14\/torcida-do-palmeiras-provoca-matheus-donelli-goleiro-do-corinthians\/#breadcrumb\"},\"inLanguage\":\"pt-BR\",\"potentialAction\":[{\"@type\":\"ReadAction\",\"target\":[\"https:\/\/www.gaveanews.com\/index.php\/2025\/04\/14\/torcida-do-palmeiras-provoca-matheus-donelli-goleiro-do-corinthians\/\"]}]},{\"@type\":\"ImageObject\",\"inLanguage\":\"pt-BR\",\"@id\":\"https:\/\/www.gaveanews.com\/index.php\/2025\/04\/14\/torcida-do-palmeiras-provoca-matheus-donelli-goleiro-do-corinthians\/#primaryimage\",\"url\":\"https:\/\/www.gaveanews.com\/wp-content\/uploads\/torcida-do-palmeiras.webp\",\"contentUrl\":\"https:\/\/www.gaveanews.com\/wp-content\/uploads\/torcida-do-palmeiras.webp\",\"width\":640,\"height\":360,\"caption\":\"torcida do palmeiras (Foto: Cesar Greco\/Palmeiras)\"},{\"@type\":\"BreadcrumbList\",\"@id\":\"https:\/\/www.gaveanews.com\/index.php\/2025\/04\/14\/torcida-do-palmeiras-provoca-matheus-donelli-goleiro-do-corinthians\/#breadcrumb\",\"itemListElement\":[{\"@type\":\"ListItem\",\"position\":1,\"name\":\"Home\",\"item\":\"https:\/\/www.gaveanews.com\/\"},{\"@type\":\"ListItem\",\"position\":2,\"name\":\"Torcida do Palmeiras provoca Matheus Donelli, goleiro do Corinthians\"}]},{\"@type\":\"WebSite\",\"@id\":\"https:\/\/www.gaveanews.com\/#website\",\"url\":\"https:\/\/www.gaveanews.com\/\",\"name\":\"G\u00e1vea News\",\"description\":\"Veja todas as not\u00edcias sobre o Flamengo: Contrata\u00e7\u00f5es, categorias de base, resultados das partidas, tabela de classifica\u00e7\u00e3o, pr\u00f3ximos jogos!\",\"potentialAction\":[{\"@type\":\"SearchAction\",\"target\":{\"@type\":\"EntryPoint\",\"urlTemplate\":\"https:\/\/www.gaveanews.com\/?s={search_term_string}\"},\"query-input\":{\"@type\":\"PropertyValueSpecification\",\"valueRequired\":true,\"valueName\":\"search_term_string\"}}],\"inLanguage\":\"pt-BR\"},{\"@type\":\"Person\",\"@id\":\"https:\/\/www.gaveanews.com\/#\/schema\/person\/8207cd4627f56151707418bfc835b2fb\",\"name\":\"Matheus Felipe\",\"image\":{\"@type\":\"ImageObject\",\"inLanguage\":\"pt-BR\",\"@id\":\"https:\/\/www.gaveanews.com\/#\/schema\/person\/image\/\",\"url\":\"https:\/\/secure.gravatar.com\/avatar\/a452ffbed9130f726358b298bb3a99ce4bd3c5338411f8440e87e14d74c7c087?s=96&d=mm&r=g\",\"contentUrl\":\"https:\/\/secure.gravatar.com\/avatar\/a452ffbed9130f726358b298bb3a99ce4bd3c5338411f8440e87e14d74c7c087?s=96&d=mm&r=g\",\"caption\":\"Matheus Felipe\"}}]}<\/script>\n<!-- \/ Yoast SEO Premium plugin. -->","yoast_head_json":{"title":"Torcida do Palmeiras provoca Matheus Donelli, goleiro do Corinthians","robots":{"index":"index","follow":"follow","max-snippet":"max-snippet:-1","max-image-preview":"max-image-preview:large","max-video-preview":"max-video-preview:-1"},"canonical":"https:\/\/www.gaveanews.com\/index.php\/2025\/04\/14\/torcida-do-palmeiras-provoca-matheus-donelli-goleiro-do-corinthians\/","og_locale":"pt_BR","og_type":"article","og_title":"Torcida do Palmeiras provoca Matheus Donelli, goleiro do Corinthians","og_description":"Matheus Donelli voltou a ganhar espa\u00e7o como titular no Corinthians devido \u00e0 aus\u00eancia de Hugo Souza, lesionado. No entanto, sua participa\u00e7\u00e3o no cl\u00e1ssico contra o Palmeiras no s\u00e1bado (12 de abril), pela terceira rodada do Campeonato Brasileiro, foi marcada por cr\u00edticas vindas das arquibancadas rivais. O confronto, realizado na Arena Barueri, terminou com vantagem do [&hellip;]","og_url":"https:\/\/www.gaveanews.com\/index.php\/2025\/04\/14\/torcida-do-palmeiras-provoca-matheus-donelli-goleiro-do-corinthians\/","og_site_name":"G\u00e1vea News","article_publisher":"https:\/\/facebook.com\/gaveaNews\/","article_published_time":"2025-04-14T17:50:00+00:00","og_image":[{"width":640,"height":360,"url":"https:\/\/www.gaveanews.com\/wp-content\/uploads\/torcida-do-palmeiras.webp","type":"image\/jpeg"}],"author":"Matheus Felipe","twitter_card":"summary_large_image","twitter_misc":{"Escrito por":"Matheus Felipe","Est. tempo de leitura":"3 minutos"},"schema":{"@context":"https:\/\/schema.org","@graph":[{"@type":"NewsArticle","@id":"https:\/\/www.gaveanews.com\/index.php\/2025\/04\/14\/torcida-do-palmeiras-provoca-matheus-donelli-goleiro-do-corinthians\/#article","isPartOf":{"@id":"https:\/\/www.gaveanews.com\/index.php\/2025\/04\/14\/torcida-do-palmeiras-provoca-matheus-donelli-goleiro-do-corinthians\/"},"author":{"name":"Matheus Felipe","@id":"https:\/\/www.gaveanews.com\/#\/schema\/person\/8207cd4627f56151707418bfc835b2fb"},"headline":"Torcida do Palmeiras provoca Matheus Donelli, goleiro do Corinthians","datePublished":"2025-04-14T17:50:00+00:00","mainEntityOfPage":{"@id":"https:\/\/www.gaveanews.com\/index.php\/2025\/04\/14\/torcida-do-palmeiras-provoca-matheus-donelli-goleiro-do-corinthians\/"},"wordCount":386,"commentCount":0,"image":{"@id":"https:\/\/www.gaveanews.com\/index.php\/2025\/04\/14\/torcida-do-palmeiras-provoca-matheus-donelli-goleiro-do-corinthians\/#primaryimage"},"thumbnailUrl":"https:\/\/www.gaveanews.com\/wp-content\/uploads\/torcida-do-palmeiras.webp","articleSection":["Corinthians","Palmeiras"],"inLanguage":"pt-BR","potentialAction":[{"@type":"CommentAction","name":"Comment","target":["https:\/\/www.gaveanews.com\/index.php\/2025\/04\/14\/torcida-do-palmeiras-provoca-matheus-donelli-goleiro-do-corinthians\/#respond"]}],"copyrightYear":"2025","copyrightHolder":{"@id":"https:\/\/www.gaveanews.com\/#organization"}},{"@type":"WebPage","@id":"https:\/\/www.gaveanews.com\/index.php\/2025\/04\/14\/torcida-do-palmeiras-provoca-matheus-donelli-goleiro-do-corinthians\/","url":"https:\/\/www.gaveanews.com\/index.php\/2025\/04\/14\/torcida-do-palmeiras-provoca-matheus-donelli-goleiro-do-corinthians\/","name":"Torcida do Palmeiras provoca Matheus Donelli, goleiro do Corinthians","isPartOf":{"@id":"https:\/\/www.gaveanews.com\/#website"},"primaryImageOfPage":{"@id":"https:\/\/www.gaveanews.com\/index.php\/2025\/04\/14\/torcida-do-palmeiras-provoca-matheus-donelli-goleiro-do-corinthians\/#primaryimage"},"image":{"@id":"https:\/\/www.gaveanews.com\/index.php\/2025\/04\/14\/torcida-do-palmeiras-provoca-matheus-donelli-goleiro-do-corinthians\/#primaryimage"},"thumbnailUrl":"https:\/\/www.gaveanews.com\/wp-content\/uploads\/torcida-do-palmeiras.webp","datePublished":"2025-04-14T17:50:00+00:00","author":{"@id":"https:\/\/www.gaveanews.com\/#\/schema\/person\/8207cd4627f56151707418bfc835b2fb"},"breadcrumb":{"@id":"https:\/\/www.gaveanews.com\/index.php\/2025\/04\/14\/torcida-do-palmeiras-provoca-matheus-donelli-goleiro-do-corinthians\/#breadcrumb"},"inLanguage":"pt-BR","potentialAction":[{"@type":"ReadAction","target":["https:\/\/www.gaveanews.com\/index.php\/2025\/04\/14\/torcida-do-palmeiras-provoca-matheus-donelli-goleiro-do-corinthians\/"]}]},{"@type":"ImageObject","inLanguage":"pt-BR","@id":"https:\/\/www.gaveanews.com\/index.php\/2025\/04\/14\/torcida-do-palmeiras-provoca-matheus-donelli-goleiro-do-corinthians\/#primaryimage","url":"https:\/\/www.gaveanews.com\/wp-content\/uploads\/torcida-do-palmeiras.webp","contentUrl":"https:\/\/www.gaveanews.com\/wp-content\/uploads\/torcida-do-palmeiras.webp","width":640,"height":360,"caption":"torcida do palmeiras (Foto: Cesar Greco\/Palmeiras)"},{"@type":"BreadcrumbList","@id":"https:\/\/www.gaveanews.com\/index.php\/2025\/04\/14\/torcida-do-palmeiras-provoca-matheus-donelli-goleiro-do-corinthians\/#breadcrumb","itemListElement":[{"@type":"ListItem","position":1,"name":"Home","item":"https:\/\/www.gaveanews.com\/"},{"@type":"ListItem","position":2,"name":"Torcida do Palmeiras provoca Matheus Donelli, goleiro do Corinthians"}]},{"@type":"WebSite","@id":"https:\/\/www.gaveanews.com\/#website","url":"https:\/\/www.gaveanews.com\/","name":"G\u00e1vea News","description":"Veja todas as not\u00edcias sobre o Flamengo: Contrata\u00e7\u00f5es, categorias de base, resultados das partidas, tabela de classifica\u00e7\u00e3o, pr\u00f3ximos jogos!","potentialAction":[{"@type":"SearchAction","target":{"@type":"EntryPoint","urlTemplate":"https:\/\/www.gaveanews.com\/?s={search_term_string}"},"query-input":{"@type":"PropertyValueSpecification","valueRequired":true,"valueName":"search_term_string"}}],"inLanguage":"pt-BR"},{"@type":"Person","@id":"https:\/\/www.gaveanews.com\/#\/schema\/person\/8207cd4627f56151707418bfc835b2fb","name":"Matheus Felipe","image":{"@type":"ImageObject","inLanguage":"pt-BR","@id":"https:\/\/www.gaveanews.com\/#\/schema\/person\/image\/","url":"https:\/\/secure.gravatar.com\/avatar\/a452ffbed9130f726358b298bb3a99ce4bd3c5338411f8440e87e14d74c7c087?s=96&d=mm&r=g","contentUrl":"https:\/\/secure.gravatar.com\/avatar\/a452ffbed9130f726358b298bb3a99ce4bd3c5338411f8440e87e14d74c7c087?s=96&d=mm&r=g","caption":"Matheus Felipe"}}]}},"_links":{"self":[{"href":"https:\/\/www.gaveanews.com\/index.php\/wp-json\/wp\/v2\/posts\/253300","targetHints":{"allow":["GET"]}}],"collection":[{"href":"https:\/\/www.gaveanews.com\/index.php\/wp-json\/wp\/v2\/posts"}],"about":[{"href":"https:\/\/www.gaveanews.com\/index.php\/wp-json\/wp\/v2\/types\/post"}],"author":[{"embeddable":true,"href":"https:\/\/www.gaveanews.com\/index.php\/wp-json\/wp\/v2\/users\/27"}],"replies":[{"embeddable":true,"href":"https:\/\/www.gaveanews.com\/index.php\/wp-json\/wp\/v2\/comments?post=253300"}],"version-history":[{"count":1,"href":"https:\/\/www.gaveanews.com\/index.php\/wp-json\/wp\/v2\/posts\/253300\/revisions"}],"predecessor-version":[{"id":253301,"href":"https:\/\/www.gaveanews.com\/index.php\/wp-json\/wp\/v2\/posts\/253300\/revisions\/253301"}],"wp:featuredmedia":[{"embeddable":true,"href":"https:\/\/www.gaveanews.com\/index.php\/wp-json\/wp\/v2\/media\/155979"}],"wp:attachment":[{"href":"https:\/\/www.gaveanews.com\/index.php\/wp-json\/wp\/v2\/media?parent=253300"}],"wp:term":[{"taxonomy":"category","embeddable":true,"href":"https:\/\/www.gaveanews.com\/index.php\/wp-json\/wp\/v2\/categories?post=253300"},{"taxonomy":"post_tag","embeddable":true,"href":"https:\/\/www.gaveanews.com\/index.php\/wp-json\/wp\/v2\/tags?post=253300"}],"curies":[{"name":"wp","href":"https:\/\/api.w.org\/{rel}","templated":true}]}}