{"id":253305,"date":"2025-04-14T15:00:00","date_gmt":"2025-04-14T18:00:00","guid":{"rendered":"https:\/\/www.gaveanews.com\/?p=253305"},"modified":"2025-04-14T14:31:43","modified_gmt":"2025-04-14T17:31:43","slug":"sem-contrato-rafinha-pode-voltar-ao-sao-paulo-segundo-jornalista","status":"publish","type":"post","link":"https:\/\/www.gaveanews.com\/index.php\/2025\/04\/14\/sem-contrato-rafinha-pode-voltar-ao-sao-paulo-segundo-jornalista\/","title":{"rendered":"Sem contrato, Rafinha pode voltar ao S\u00e3o Paulo, segundo jornalista"},"content":{"rendered":"\n<p>O S\u00e3o Paulo estuda o retorno de um nome bastante familiar \u00e0 torcida tricolor. Trata-se de Rafinha, ex-lateral-direito e pe\u00e7a importante nas recentes conquistas do clube. Segundo apura\u00e7\u00e3o do jornalista Rafael Eliminado, o jogador pode voltar ao Morumbi para assumir um novo papel fora das quatro linhas: o de auxiliar-t\u00e9cnico.&nbsp;<\/p>\n\n\n\n<p>A possibilidade vem sendo avaliada internamente e j\u00e1 conta com o aval de nomes influentes nos bastidores do clube.<\/p>\n\n\n\n<h2 class=\"wp-block-heading\" id=\"h-de-lider-em-campo-a-referencia-no-banco\">De l\u00edder em campo a refer\u00eancia no banco?<\/h2>\n\n\n\n<figure class=\"wp-block-image size-full\"><img loading=\"lazy\" decoding=\"async\" width=\"800\" height=\"534\" src=\"http:\/\/www.gaveanews.com\/wp-content\/uploads\/Rafinha-durante-o-jogo-entre-Sao-Paulo-x-Flamengo-pelo-Brasileirao-2024-no-Morumbi.webp\" alt=\"\" class=\"wp-image-156438\" srcset=\"https:\/\/www.gaveanews.com\/wp-content\/uploads\/Rafinha-durante-o-jogo-entre-Sao-Paulo-x-Flamengo-pelo-Brasileirao-2024-no-Morumbi.webp 800w, https:\/\/www.gaveanews.com\/wp-content\/uploads\/Rafinha-durante-o-jogo-entre-Sao-Paulo-x-Flamengo-pelo-Brasileirao-2024-no-Morumbi-300x200.webp 300w, https:\/\/www.gaveanews.com\/wp-content\/uploads\/Rafinha-durante-o-jogo-entre-Sao-Paulo-x-Flamengo-pelo-Brasileirao-2024-no-Morumbi-768x513.webp 768w, https:\/\/www.gaveanews.com\/wp-content\/uploads\/Rafinha-durante-o-jogo-entre-Sao-Paulo-x-Flamengo-pelo-Brasileirao-2024-no-Morumbi-629x420.webp 629w, https:\/\/www.gaveanews.com\/wp-content\/uploads\/Rafinha-durante-o-jogo-entre-Sao-Paulo-x-Flamengo-pelo-Brasileirao-2024-no-Morumbi-640x427.webp 640w, https:\/\/www.gaveanews.com\/wp-content\/uploads\/Rafinha-durante-o-jogo-entre-Sao-Paulo-x-Flamengo-pelo-Brasileirao-2024-no-Morumbi-681x455.webp 681w, https:\/\/www.gaveanews.com\/wp-content\/uploads\/Rafinha-durante-o-jogo-entre-Sao-Paulo-x-Flamengo-pelo-Brasileirao-2024-no-Morumbi-100x67.webp 100w\" sizes=\"auto, (max-width: 800px) 100vw, 800px\" \/><figcaption class=\"wp-element-caption\">Rafinha durante o jogo entre S\u00e3o Paulo x Flamengo pelo Brasileir\u00e3o 2024 no Morumbi (Foto: Paulo Pinto\/ S\u00e3o Paulo)<\/figcaption><\/figure>\n\n\n\n<p>Rafinha teve passagem marcante pelo S\u00e3o Paulo, sendo considerado pe\u00e7a fundamental nos t\u00edtulos conquistados nos \u00faltimos anos. Sua lideran\u00e7a, experi\u00eancia internacional e qualidade t\u00e9cnica fizeram dele uma figura respeitada dentro do elenco. Ap\u00f3s o fim de seu ciclo, ele acertou com o Coritiba, clube que o revelou. No entanto, a passagem foi conturbada e terminou de forma pol\u00eamica.<\/p>\n\n\n\n<p>Agora, de acordo com o jornalista, h\u00e1 uma possibilidade do veterano retornar ao S\u00e3o Paulo em uma nova fun\u00e7\u00e3o: a de auxiliar-t\u00e9cnico. A informa\u00e7\u00e3o veio ap\u00f3s apura\u00e7\u00e3o com dois membros influentes da alta c\u00fapula tricolor, que revelaram o desejo da diretoria em t\u00ea-lo como parte da comiss\u00e3o permanente.&nbsp;<\/p>\n\n\n\n<p>Vale destacar que Muricy Ramalho, atual coordenador t\u00e9cnico, aprovaria totalmente a contrata\u00e7\u00e3o.<\/p>\n\n\n\n<h2 class=\"wp-block-heading\" id=\"h-experiencia-e-identificacao-pesam-a-favor\">Experi\u00eancia e identifica\u00e7\u00e3o pesam a favor<\/h2>\n\n\n\n<p>Caso a ideia avance, Rafinha trabalharia ao lado de Milton Cruz, outro nome tradicional do clube. A inten\u00e7\u00e3o seria aproveitar toda sua bagagem adquirida no Brasil e na Europa, al\u00e9m da grande identifica\u00e7\u00e3o com o S\u00e3o Paulo.&nbsp;<\/p>\n\n\n\n<p>Al\u00e9m disso, o ex-jogador j\u00e1 demonstrou interesse em seguir carreira fora das quatro linhas.<\/p>\n\n\n\n<h2 class=\"wp-block-heading\" id=\"h-nao-e-plano-para-substituir-zubeldia\">N\u00e3o \u00e9 plano para substituir Zubeld\u00eda<\/h2>\n\n\n\n<p>Por isso, \u00e9 importante frisar que, apesar das especula\u00e7\u00f5es, Rafinha n\u00e3o est\u00e1 cotado para substituir Luis Zubeld\u00eda, em caso de eventual sa\u00edda. Isso porque ele ainda n\u00e3o possui a licen\u00e7a exigida para comandar uma equipe profissional. Sendo assim, trata-se apenas de um projeto interno, sem encaminhamento oficial at\u00e9 o momento.<\/p>\n\n\n\n<p>Dessa maneira, o torcedor s\u00e3o-paulino acompanha de perto os pr\u00f3ximos passos, na expectativa de ver um \u00eddolo de volta, agora com nova miss\u00e3o.<\/p>\n","protected":false},"excerpt":{"rendered":"<p>O S\u00e3o Paulo estuda o retorno de um nome bastante familiar \u00e0 torcida tricolor. Trata-se de Rafinha, ex-lateral-direito e pe\u00e7a importante nas recentes conquistas do clube. Segundo apura\u00e7\u00e3o do jornalista Rafael Eliminado, o jogador pode voltar ao Morumbi para assumir um novo papel fora das quatro linhas: o de auxiliar-t\u00e9cnico.&nbsp; A possibilidade vem sendo avaliada [&hellip;]<\/p>\n","protected":false},"author":25,"featured_media":154249,"comment_status":"open","ping_status":"closed","sticky":false,"template":"","format":"standard","meta":{"footnotes":""},"categories":[151],"tags":[],"class_list":["post-253305","post","type-post","status-publish","format-standard","has-post-thumbnail","hentry","category-sao-paulo"],"yoast_head":"<!-- This site is optimized with the Yoast SEO Premium plugin v24.2 (Yoast SEO v26.9) - https:\/\/yoast.com\/product\/yoast-seo-premium-wordpress\/ -->\n<title>Sem contrato, Rafinha pode voltar ao S\u00e3o Paulo, segundo jornalista<\/title>\n<meta name=\"robots\" content=\"index, follow, max-snippet:-1, max-image-preview:large, max-video-preview:-1\" \/>\n<link rel=\"canonical\" href=\"https:\/\/www.gaveanews.com\/index.php\/2025\/04\/14\/sem-contrato-rafinha-pode-voltar-ao-sao-paulo-segundo-jornalista\/\" \/>\n<meta property=\"og:locale\" content=\"pt_BR\" \/>\n<meta property=\"og:type\" content=\"article\" \/>\n<meta property=\"og:title\" content=\"Sem contrato, Rafinha pode voltar ao S\u00e3o Paulo, segundo jornalista\" \/>\n<meta property=\"og:description\" content=\"O S\u00e3o Paulo estuda o retorno de um nome bastante familiar \u00e0 torcida tricolor. Trata-se de Rafinha, ex-lateral-direito e pe\u00e7a importante nas recentes conquistas do clube. Segundo apura\u00e7\u00e3o do jornalista Rafael Eliminado, o jogador pode voltar ao Morumbi para assumir um novo papel fora das quatro linhas: o de auxiliar-t\u00e9cnico.&nbsp; A possibilidade vem sendo avaliada [&hellip;]\" \/>\n<meta property=\"og:url\" content=\"https:\/\/www.gaveanews.com\/index.php\/2025\/04\/14\/sem-contrato-rafinha-pode-voltar-ao-sao-paulo-segundo-jornalista\/\" \/>\n<meta property=\"og:site_name\" content=\"G\u00e1vea News\" \/>\n<meta property=\"article:publisher\" content=\"https:\/\/facebook.com\/gaveaNews\/\" \/>\n<meta property=\"article:published_time\" content=\"2025-04-14T18:00:00+00:00\" \/>\n<meta property=\"og:image\" content=\"https:\/\/www.gaveanews.com\/wp-content\/uploads\/Bandeira-do-Sao-Paulo-no-Morumbis-em-2024.webp\" \/>\n\t<meta property=\"og:image:width\" content=\"1000\" \/>\n\t<meta property=\"og:image:height\" content=\"667\" \/>\n\t<meta property=\"og:image:type\" content=\"image\/webp\" \/>\n<meta name=\"author\" content=\"Rafaela Ladeira\" \/>\n<meta name=\"twitter:card\" content=\"summary_large_image\" \/>\n<meta name=\"twitter:label1\" content=\"Escrito por\" \/>\n\t<meta name=\"twitter:data1\" content=\"Rafaela Ladeira\" \/>\n\t<meta name=\"twitter:label2\" content=\"Est. tempo de leitura\" \/>\n\t<meta name=\"twitter:data2\" content=\"3 minutos\" \/>\n<script type=\"application\/ld+json\" class=\"yoast-schema-graph\">{\"@context\":\"https:\/\/schema.org\",\"@graph\":[{\"@type\":\"NewsArticle\",\"@id\":\"https:\/\/www.gaveanews.com\/index.php\/2025\/04\/14\/sem-contrato-rafinha-pode-voltar-ao-sao-paulo-segundo-jornalista\/#article\",\"isPartOf\":{\"@id\":\"https:\/\/www.gaveanews.com\/index.php\/2025\/04\/14\/sem-contrato-rafinha-pode-voltar-ao-sao-paulo-segundo-jornalista\/\"},\"author\":{\"name\":\"Rafaela Ladeira\",\"@id\":\"https:\/\/www.gaveanews.com\/#\/schema\/person\/0eb3e3fe1754f0205218538adbe8f5ed\"},\"headline\":\"Sem contrato, Rafinha pode voltar ao S\u00e3o Paulo, segundo jornalista\",\"datePublished\":\"2025-04-14T18:00:00+00:00\",\"mainEntityOfPage\":{\"@id\":\"https:\/\/www.gaveanews.com\/index.php\/2025\/04\/14\/sem-contrato-rafinha-pode-voltar-ao-sao-paulo-segundo-jornalista\/\"},\"wordCount\":406,\"commentCount\":0,\"image\":{\"@id\":\"https:\/\/www.gaveanews.com\/index.php\/2025\/04\/14\/sem-contrato-rafinha-pode-voltar-ao-sao-paulo-segundo-jornalista\/#primaryimage\"},\"thumbnailUrl\":\"https:\/\/www.gaveanews.com\/wp-content\/uploads\/Bandeira-do-Sao-Paulo-no-Morumbis-em-2024.webp\",\"articleSection\":[\"S\u00e3o Paulo\"],\"inLanguage\":\"pt-BR\",\"potentialAction\":[{\"@type\":\"CommentAction\",\"name\":\"Comment\",\"target\":[\"https:\/\/www.gaveanews.com\/index.php\/2025\/04\/14\/sem-contrato-rafinha-pode-voltar-ao-sao-paulo-segundo-jornalista\/#respond\"]}],\"copyrightYear\":\"2025\",\"copyrightHolder\":{\"@id\":\"https:\/\/www.gaveanews.com\/#organization\"}},{\"@type\":\"WebPage\",\"@id\":\"https:\/\/www.gaveanews.com\/index.php\/2025\/04\/14\/sem-contrato-rafinha-pode-voltar-ao-sao-paulo-segundo-jornalista\/\",\"url\":\"https:\/\/www.gaveanews.com\/index.php\/2025\/04\/14\/sem-contrato-rafinha-pode-voltar-ao-sao-paulo-segundo-jornalista\/\",\"name\":\"Sem contrato, Rafinha pode voltar ao S\u00e3o Paulo, segundo jornalista\",\"isPartOf\":{\"@id\":\"https:\/\/www.gaveanews.com\/#website\"},\"primaryImageOfPage\":{\"@id\":\"https:\/\/www.gaveanews.com\/index.php\/2025\/04\/14\/sem-contrato-rafinha-pode-voltar-ao-sao-paulo-segundo-jornalista\/#primaryimage\"},\"image\":{\"@id\":\"https:\/\/www.gaveanews.com\/index.php\/2025\/04\/14\/sem-contrato-rafinha-pode-voltar-ao-sao-paulo-segundo-jornalista\/#primaryimage\"},\"thumbnailUrl\":\"https:\/\/www.gaveanews.com\/wp-content\/uploads\/Bandeira-do-Sao-Paulo-no-Morumbis-em-2024.webp\",\"datePublished\":\"2025-04-14T18:00:00+00:00\",\"author\":{\"@id\":\"https:\/\/www.gaveanews.com\/#\/schema\/person\/0eb3e3fe1754f0205218538adbe8f5ed\"},\"breadcrumb\":{\"@id\":\"https:\/\/www.gaveanews.com\/index.php\/2025\/04\/14\/sem-contrato-rafinha-pode-voltar-ao-sao-paulo-segundo-jornalista\/#breadcrumb\"},\"inLanguage\":\"pt-BR\",\"potentialAction\":[{\"@type\":\"ReadAction\",\"target\":[\"https:\/\/www.gaveanews.com\/index.php\/2025\/04\/14\/sem-contrato-rafinha-pode-voltar-ao-sao-paulo-segundo-jornalista\/\"]}]},{\"@type\":\"ImageObject\",\"inLanguage\":\"pt-BR\",\"@id\":\"https:\/\/www.gaveanews.com\/index.php\/2025\/04\/14\/sem-contrato-rafinha-pode-voltar-ao-sao-paulo-segundo-jornalista\/#primaryimage\",\"url\":\"https:\/\/www.gaveanews.com\/wp-content\/uploads\/Bandeira-do-Sao-Paulo-no-Morumbis-em-2024.webp\",\"contentUrl\":\"https:\/\/www.gaveanews.com\/wp-content\/uploads\/Bandeira-do-Sao-Paulo-no-Morumbis-em-2024.webp\",\"width\":1000,\"height\":667,\"caption\":\"Bandeira do S\u00e3o Paulo no Morumbis em 2024 (Foto: Reprodu\u00e7\u00e3o\/S\u00e3o Paulo)\"},{\"@type\":\"BreadcrumbList\",\"@id\":\"https:\/\/www.gaveanews.com\/index.php\/2025\/04\/14\/sem-contrato-rafinha-pode-voltar-ao-sao-paulo-segundo-jornalista\/#breadcrumb\",\"itemListElement\":[{\"@type\":\"ListItem\",\"position\":1,\"name\":\"Home\",\"item\":\"https:\/\/www.gaveanews.com\/\"},{\"@type\":\"ListItem\",\"position\":2,\"name\":\"Sem contrato, Rafinha pode voltar ao S\u00e3o Paulo, segundo jornalista\"}]},{\"@type\":\"WebSite\",\"@id\":\"https:\/\/www.gaveanews.com\/#website\",\"url\":\"https:\/\/www.gaveanews.com\/\",\"name\":\"G\u00e1vea News\",\"description\":\"Veja todas as not\u00edcias sobre o Flamengo: Contrata\u00e7\u00f5es, categorias de base, resultados das partidas, tabela de classifica\u00e7\u00e3o, pr\u00f3ximos jogos!\",\"potentialAction\":[{\"@type\":\"SearchAction\",\"target\":{\"@type\":\"EntryPoint\",\"urlTemplate\":\"https:\/\/www.gaveanews.com\/?s={search_term_string}\"},\"query-input\":{\"@type\":\"PropertyValueSpecification\",\"valueRequired\":true,\"valueName\":\"search_term_string\"}}],\"inLanguage\":\"pt-BR\"},{\"@type\":\"Person\",\"@id\":\"https:\/\/www.gaveanews.com\/#\/schema\/person\/0eb3e3fe1754f0205218538adbe8f5ed\",\"name\":\"Rafaela Ladeira\",\"image\":{\"@type\":\"ImageObject\",\"inLanguage\":\"pt-BR\",\"@id\":\"https:\/\/www.gaveanews.com\/#\/schema\/person\/image\/\",\"url\":\"https:\/\/secure.gravatar.com\/avatar\/c31f513acffd85eacab5730cbdfdbbf59f21ba5aeada8cd890acea879fbb2455?s=96&d=mm&r=g\",\"contentUrl\":\"https:\/\/secure.gravatar.com\/avatar\/c31f513acffd85eacab5730cbdfdbbf59f21ba5aeada8cd890acea879fbb2455?s=96&d=mm&r=g\",\"caption\":\"Rafaela Ladeira\"}}]}<\/script>\n<!-- \/ Yoast SEO Premium plugin. -->","yoast_head_json":{"title":"Sem contrato, Rafinha pode voltar ao S\u00e3o Paulo, segundo jornalista","robots":{"index":"index","follow":"follow","max-snippet":"max-snippet:-1","max-image-preview":"max-image-preview:large","max-video-preview":"max-video-preview:-1"},"canonical":"https:\/\/www.gaveanews.com\/index.php\/2025\/04\/14\/sem-contrato-rafinha-pode-voltar-ao-sao-paulo-segundo-jornalista\/","og_locale":"pt_BR","og_type":"article","og_title":"Sem contrato, Rafinha pode voltar ao S\u00e3o Paulo, segundo jornalista","og_description":"O S\u00e3o Paulo estuda o retorno de um nome bastante familiar \u00e0 torcida tricolor. Trata-se de Rafinha, ex-lateral-direito e pe\u00e7a importante nas recentes conquistas do clube. Segundo apura\u00e7\u00e3o do jornalista Rafael Eliminado, o jogador pode voltar ao Morumbi para assumir um novo papel fora das quatro linhas: o de auxiliar-t\u00e9cnico.&nbsp; A possibilidade vem sendo avaliada [&hellip;]","og_url":"https:\/\/www.gaveanews.com\/index.php\/2025\/04\/14\/sem-contrato-rafinha-pode-voltar-ao-sao-paulo-segundo-jornalista\/","og_site_name":"G\u00e1vea News","article_publisher":"https:\/\/facebook.com\/gaveaNews\/","article_published_time":"2025-04-14T18:00:00+00:00","og_image":[{"width":1000,"height":667,"url":"https:\/\/www.gaveanews.com\/wp-content\/uploads\/Bandeira-do-Sao-Paulo-no-Morumbis-em-2024.webp","type":"image\/webp"}],"author":"Rafaela Ladeira","twitter_card":"summary_large_image","twitter_misc":{"Escrito por":"Rafaela Ladeira","Est. tempo de leitura":"3 minutos"},"schema":{"@context":"https:\/\/schema.org","@graph":[{"@type":"NewsArticle","@id":"https:\/\/www.gaveanews.com\/index.php\/2025\/04\/14\/sem-contrato-rafinha-pode-voltar-ao-sao-paulo-segundo-jornalista\/#article","isPartOf":{"@id":"https:\/\/www.gaveanews.com\/index.php\/2025\/04\/14\/sem-contrato-rafinha-pode-voltar-ao-sao-paulo-segundo-jornalista\/"},"author":{"name":"Rafaela Ladeira","@id":"https:\/\/www.gaveanews.com\/#\/schema\/person\/0eb3e3fe1754f0205218538adbe8f5ed"},"headline":"Sem contrato, Rafinha pode voltar ao S\u00e3o Paulo, segundo jornalista","datePublished":"2025-04-14T18:00:00+00:00","mainEntityOfPage":{"@id":"https:\/\/www.gaveanews.com\/index.php\/2025\/04\/14\/sem-contrato-rafinha-pode-voltar-ao-sao-paulo-segundo-jornalista\/"},"wordCount":406,"commentCount":0,"image":{"@id":"https:\/\/www.gaveanews.com\/index.php\/2025\/04\/14\/sem-contrato-rafinha-pode-voltar-ao-sao-paulo-segundo-jornalista\/#primaryimage"},"thumbnailUrl":"https:\/\/www.gaveanews.com\/wp-content\/uploads\/Bandeira-do-Sao-Paulo-no-Morumbis-em-2024.webp","articleSection":["S\u00e3o Paulo"],"inLanguage":"pt-BR","potentialAction":[{"@type":"CommentAction","name":"Comment","target":["https:\/\/www.gaveanews.com\/index.php\/2025\/04\/14\/sem-contrato-rafinha-pode-voltar-ao-sao-paulo-segundo-jornalista\/#respond"]}],"copyrightYear":"2025","copyrightHolder":{"@id":"https:\/\/www.gaveanews.com\/#organization"}},{"@type":"WebPage","@id":"https:\/\/www.gaveanews.com\/index.php\/2025\/04\/14\/sem-contrato-rafinha-pode-voltar-ao-sao-paulo-segundo-jornalista\/","url":"https:\/\/www.gaveanews.com\/index.php\/2025\/04\/14\/sem-contrato-rafinha-pode-voltar-ao-sao-paulo-segundo-jornalista\/","name":"Sem contrato, Rafinha pode voltar ao S\u00e3o Paulo, segundo jornalista","isPartOf":{"@id":"https:\/\/www.gaveanews.com\/#website"},"primaryImageOfPage":{"@id":"https:\/\/www.gaveanews.com\/index.php\/2025\/04\/14\/sem-contrato-rafinha-pode-voltar-ao-sao-paulo-segundo-jornalista\/#primaryimage"},"image":{"@id":"https:\/\/www.gaveanews.com\/index.php\/2025\/04\/14\/sem-contrato-rafinha-pode-voltar-ao-sao-paulo-segundo-jornalista\/#primaryimage"},"thumbnailUrl":"https:\/\/www.gaveanews.com\/wp-content\/uploads\/Bandeira-do-Sao-Paulo-no-Morumbis-em-2024.webp","datePublished":"2025-04-14T18:00:00+00:00","author":{"@id":"https:\/\/www.gaveanews.com\/#\/schema\/person\/0eb3e3fe1754f0205218538adbe8f5ed"},"breadcrumb":{"@id":"https:\/\/www.gaveanews.com\/index.php\/2025\/04\/14\/sem-contrato-rafinha-pode-voltar-ao-sao-paulo-segundo-jornalista\/#breadcrumb"},"inLanguage":"pt-BR","potentialAction":[{"@type":"ReadAction","target":["https:\/\/www.gaveanews.com\/index.php\/2025\/04\/14\/sem-contrato-rafinha-pode-voltar-ao-sao-paulo-segundo-jornalista\/"]}]},{"@type":"ImageObject","inLanguage":"pt-BR","@id":"https:\/\/www.gaveanews.com\/index.php\/2025\/04\/14\/sem-contrato-rafinha-pode-voltar-ao-sao-paulo-segundo-jornalista\/#primaryimage","url":"https:\/\/www.gaveanews.com\/wp-content\/uploads\/Bandeira-do-Sao-Paulo-no-Morumbis-em-2024.webp","contentUrl":"https:\/\/www.gaveanews.com\/wp-content\/uploads\/Bandeira-do-Sao-Paulo-no-Morumbis-em-2024.webp","width":1000,"height":667,"caption":"Bandeira do S\u00e3o Paulo no Morumbis em 2024 (Foto: Reprodu\u00e7\u00e3o\/S\u00e3o Paulo)"},{"@type":"BreadcrumbList","@id":"https:\/\/www.gaveanews.com\/index.php\/2025\/04\/14\/sem-contrato-rafinha-pode-voltar-ao-sao-paulo-segundo-jornalista\/#breadcrumb","itemListElement":[{"@type":"ListItem","position":1,"name":"Home","item":"https:\/\/www.gaveanews.com\/"},{"@type":"ListItem","position":2,"name":"Sem contrato, Rafinha pode voltar ao S\u00e3o Paulo, segundo jornalista"}]},{"@type":"WebSite","@id":"https:\/\/www.gaveanews.com\/#website","url":"https:\/\/www.gaveanews.com\/","name":"G\u00e1vea News","description":"Veja todas as not\u00edcias sobre o Flamengo: Contrata\u00e7\u00f5es, categorias de base, resultados das partidas, tabela de classifica\u00e7\u00e3o, pr\u00f3ximos jogos!","potentialAction":[{"@type":"SearchAction","target":{"@type":"EntryPoint","urlTemplate":"https:\/\/www.gaveanews.com\/?s={search_term_string}"},"query-input":{"@type":"PropertyValueSpecification","valueRequired":true,"valueName":"search_term_string"}}],"inLanguage":"pt-BR"},{"@type":"Person","@id":"https:\/\/www.gaveanews.com\/#\/schema\/person\/0eb3e3fe1754f0205218538adbe8f5ed","name":"Rafaela Ladeira","image":{"@type":"ImageObject","inLanguage":"pt-BR","@id":"https:\/\/www.gaveanews.com\/#\/schema\/person\/image\/","url":"https:\/\/secure.gravatar.com\/avatar\/c31f513acffd85eacab5730cbdfdbbf59f21ba5aeada8cd890acea879fbb2455?s=96&d=mm&r=g","contentUrl":"https:\/\/secure.gravatar.com\/avatar\/c31f513acffd85eacab5730cbdfdbbf59f21ba5aeada8cd890acea879fbb2455?s=96&d=mm&r=g","caption":"Rafaela Ladeira"}}]}},"_links":{"self":[{"href":"https:\/\/www.gaveanews.com\/index.php\/wp-json\/wp\/v2\/posts\/253305","targetHints":{"allow":["GET"]}}],"collection":[{"href":"https:\/\/www.gaveanews.com\/index.php\/wp-json\/wp\/v2\/posts"}],"about":[{"href":"https:\/\/www.gaveanews.com\/index.php\/wp-json\/wp\/v2\/types\/post"}],"author":[{"embeddable":true,"href":"https:\/\/www.gaveanews.com\/index.php\/wp-json\/wp\/v2\/users\/25"}],"replies":[{"embeddable":true,"href":"https:\/\/www.gaveanews.com\/index.php\/wp-json\/wp\/v2\/comments?post=253305"}],"version-history":[{"count":1,"href":"https:\/\/www.gaveanews.com\/index.php\/wp-json\/wp\/v2\/posts\/253305\/revisions"}],"predecessor-version":[{"id":253306,"href":"https:\/\/www.gaveanews.com\/index.php\/wp-json\/wp\/v2\/posts\/253305\/revisions\/253306"}],"wp:featuredmedia":[{"embeddable":true,"href":"https:\/\/www.gaveanews.com\/index.php\/wp-json\/wp\/v2\/media\/154249"}],"wp:attachment":[{"href":"https:\/\/www.gaveanews.com\/index.php\/wp-json\/wp\/v2\/media?parent=253305"}],"wp:term":[{"taxonomy":"category","embeddable":true,"href":"https:\/\/www.gaveanews.com\/index.php\/wp-json\/wp\/v2\/categories?post=253305"},{"taxonomy":"post_tag","embeddable":true,"href":"https:\/\/www.gaveanews.com\/index.php\/wp-json\/wp\/v2\/tags?post=253305"}],"curies":[{"name":"wp","href":"https:\/\/api.w.org\/{rel}","templated":true}]}}