{"id":253316,"date":"2025-04-14T15:05:00","date_gmt":"2025-04-14T18:05:00","guid":{"rendered":"https:\/\/www.gaveanews.com\/?p=253316"},"modified":"2025-04-14T14:38:08","modified_gmt":"2025-04-14T17:38:08","slug":"renato-paiva-faz-cobranca-aos-jogadores-do-botafogo-nao-me-interessa","status":"publish","type":"post","link":"https:\/\/www.gaveanews.com\/index.php\/2025\/04\/14\/renato-paiva-faz-cobranca-aos-jogadores-do-botafogo-nao-me-interessa\/","title":{"rendered":"Renato Paiva faz cobran\u00e7a aos jogadores do Botafogo: &#8220;N\u00e3o me interessa&#8230;&#8221;"},"content":{"rendered":"\n<p>A derrota para o Red Bull Bragantino por 1 a 0, neste s\u00e1bado (13), no Nabi Abi Chedid, gerou reflex\u00f5es e cobran\u00e7as diretas do t\u00e9cnico Renato Paiva ao elenco do Botafogo.&nbsp;<\/p>\n\n\n\n<p>Apesar da posse de bola superior, com mais de 60% de controle durante os 90 minutos, a equipe alvinegra n\u00e3o conseguiu transformar o dom\u00ednio em chances reais e isso incomodou profundamente o treinador.<\/p>\n\n\n\n<h2 class=\"wp-block-heading\" id=\"h-posse-de-bola-que-nao-agrada\">Posse de bola que n\u00e3o agrada<\/h2>\n\n\n\n<figure class=\"wp-block-image size-full\"><img loading=\"lazy\" decoding=\"async\" width=\"988\" height=\"615\" src=\"http:\/\/www.gaveanews.com\/wp-content\/uploads\/Renato-Paiva-pelo-Botafogo.webp\" alt=\"Renato Paiva pelo Botafogo (Foto: Vitor Silva\/Botafogo)\" class=\"wp-image-243531\"\/><figcaption class=\"wp-element-caption\">Renato Paiva pelo Botafogo (Foto: Vitor Silva\/Botafogo)<\/figcaption><\/figure>\n\n\n\n<p>\u201cSomos uma equipe que gosta de ter o controle do jogo\u201d, afirmou Paiva. \u201cMas \u00e9 fundamental que essa posse de bola resulte em algo concreto. Precisamos finalizar mais, transformar esse dom\u00ednio em chances reais.\u201d, disse o treinador.<\/p>\n\n\n\n<p>O discurso do t\u00e9cnico evidencia uma cobran\u00e7a clara: a posse n\u00e3o pode ser o \u00fanico objetivo. \u201cN\u00e3o me interessa ter a bola por ter. O que quero \u00e9 ver essa posse culminar em finaliza\u00e7\u00f5es. Se for para terminar um jogo com 10, 12 ou at\u00e9 15 finaliza\u00e7\u00f5es, ent\u00e3o sim, essa posse vale a pena.\u201d, declarou.<\/p>\n\n\n\n<p>Vale destacar que, apesar da postura ofensiva desejada, o Botafogo produziu pouco no ataque e esbarrou na organiza\u00e7\u00e3o t\u00e1tica do Bragantino. Por isso, Renato Paiva reconheceu o m\u00e9rito do advers\u00e1rio: \u201cN\u00e3o jogamos sozinhos. O Red Bull Bragantino teve uma postura extremamente competitiva, dificultando bastante nossa maneira de jogar.\u201d<\/p>\n\n\n\n<h2 class=\"wp-block-heading\" id=\"h-defesa-segura-nbsp\">Defesa segura&nbsp;<\/h2>\n\n\n\n<p>Apesar da derrota, o comandante fez quest\u00e3o de elogiar o sistema defensivo. \u201cDefensivamente, voltamos a mostrar uma equipe s\u00f3lida, compacta. O Bragantino n\u00e3o teve muitas chances claras, e o gol que sofremos veio de uma jogada de bola parada que, sinceramente, poder\u00edamos ter evitado.\u201d, disse Paiva.<\/p>\n\n\n\n<p>Sendo assim, o foco da comiss\u00e3o t\u00e9cnica est\u00e1 no ataque. \u201cMinha maior preocupa\u00e7\u00e3o agora \u00e9 o ataque. Precisamos criar mais, produzir mais. Finalizar com frequ\u00eancia. Esse \u00e9 o caminho para uma equipe que deseja lutar por t\u00edtulos.\u201d, comentou.<\/p>\n\n\n\n<p>Al\u00e9m disso, Paiva refor\u00e7ou que n\u00e3o h\u00e1 espa\u00e7o para depend\u00eancia de poucos lances: \u201cUma equipe campe\u00e3 n\u00e3o pode depender de duas finaliza\u00e7\u00f5es para fazer um gol.\u201d<\/p>\n\n\n\n<p>Com isso, o Botafogo deve buscar solu\u00e7\u00f5es urgentes no setor ofensivo. Dessa maneira, poder\u00e1 alinhar a posse de bola \u00e0 efetividade e, finalmente, conquistar os resultados esperados.<\/p>\n","protected":false},"excerpt":{"rendered":"<p>A derrota para o Red Bull Bragantino por 1 a 0, neste s\u00e1bado (13), no Nabi Abi Chedid, gerou reflex\u00f5es e cobran\u00e7as diretas do t\u00e9cnico Renato Paiva ao elenco do Botafogo.&nbsp; Apesar da posse de bola superior, com mais de 60% de controle durante os 90 minutos, a equipe alvinegra n\u00e3o conseguiu transformar o dom\u00ednio [&hellip;]<\/p>\n","protected":false},"author":25,"featured_media":244411,"comment_status":"open","ping_status":"closed","sticky":false,"template":"","format":"standard","meta":{"footnotes":""},"categories":[138],"tags":[],"class_list":["post-253316","post","type-post","status-publish","format-standard","has-post-thumbnail","hentry","category-botafogo"],"yoast_head":"<!-- This site is optimized with the Yoast SEO Premium plugin v24.2 (Yoast SEO v26.9) - https:\/\/yoast.com\/product\/yoast-seo-premium-wordpress\/ -->\n<title>Renato Paiva faz cobran\u00e7a aos jogadores do Botafogo: &quot;N\u00e3o me interessa...&quot;<\/title>\n<meta name=\"robots\" content=\"index, follow, max-snippet:-1, max-image-preview:large, max-video-preview:-1\" \/>\n<link rel=\"canonical\" href=\"https:\/\/www.gaveanews.com\/index.php\/2025\/04\/14\/renato-paiva-faz-cobranca-aos-jogadores-do-botafogo-nao-me-interessa\/\" \/>\n<meta property=\"og:locale\" content=\"pt_BR\" \/>\n<meta property=\"og:type\" content=\"article\" \/>\n<meta property=\"og:title\" content=\"Renato Paiva faz cobran\u00e7a aos jogadores do Botafogo: &quot;N\u00e3o me interessa...&quot;\" \/>\n<meta property=\"og:description\" content=\"A derrota para o Red Bull Bragantino por 1 a 0, neste s\u00e1bado (13), no Nabi Abi Chedid, gerou reflex\u00f5es e cobran\u00e7as diretas do t\u00e9cnico Renato Paiva ao elenco do Botafogo.&nbsp; Apesar da posse de bola superior, com mais de 60% de controle durante os 90 minutos, a equipe alvinegra n\u00e3o conseguiu transformar o dom\u00ednio [&hellip;]\" \/>\n<meta property=\"og:url\" content=\"https:\/\/www.gaveanews.com\/index.php\/2025\/04\/14\/renato-paiva-faz-cobranca-aos-jogadores-do-botafogo-nao-me-interessa\/\" \/>\n<meta property=\"og:site_name\" content=\"G\u00e1vea News\" \/>\n<meta property=\"article:publisher\" content=\"https:\/\/facebook.com\/gaveaNews\/\" \/>\n<meta property=\"article:published_time\" content=\"2025-04-14T18:05:00+00:00\" \/>\n<meta property=\"og:image\" content=\"https:\/\/www.gaveanews.com\/wp-content\/uploads\/Renato-Paiva-em-acao-pelo-Botafogo-em-2025.webp\" \/>\n\t<meta property=\"og:image:width\" content=\"900\" \/>\n\t<meta property=\"og:image:height\" content=\"600\" \/>\n\t<meta property=\"og:image:type\" content=\"image\/jpeg\" \/>\n<meta name=\"author\" content=\"Rafaela Ladeira\" \/>\n<meta name=\"twitter:card\" content=\"summary_large_image\" \/>\n<meta name=\"twitter:label1\" content=\"Escrito por\" \/>\n\t<meta name=\"twitter:data1\" content=\"Rafaela Ladeira\" \/>\n\t<meta name=\"twitter:label2\" content=\"Est. tempo de leitura\" \/>\n\t<meta name=\"twitter:data2\" content=\"3 minutos\" \/>\n<script type=\"application\/ld+json\" class=\"yoast-schema-graph\">{\"@context\":\"https:\/\/schema.org\",\"@graph\":[{\"@type\":\"NewsArticle\",\"@id\":\"https:\/\/www.gaveanews.com\/index.php\/2025\/04\/14\/renato-paiva-faz-cobranca-aos-jogadores-do-botafogo-nao-me-interessa\/#article\",\"isPartOf\":{\"@id\":\"https:\/\/www.gaveanews.com\/index.php\/2025\/04\/14\/renato-paiva-faz-cobranca-aos-jogadores-do-botafogo-nao-me-interessa\/\"},\"author\":{\"name\":\"Rafaela Ladeira\",\"@id\":\"https:\/\/www.gaveanews.com\/#\/schema\/person\/0eb3e3fe1754f0205218538adbe8f5ed\"},\"headline\":\"Renato Paiva faz cobran\u00e7a aos jogadores do Botafogo: &#8220;N\u00e3o me interessa&#8230;&#8221;\",\"datePublished\":\"2025-04-14T18:05:00+00:00\",\"mainEntityOfPage\":{\"@id\":\"https:\/\/www.gaveanews.com\/index.php\/2025\/04\/14\/renato-paiva-faz-cobranca-aos-jogadores-do-botafogo-nao-me-interessa\/\"},\"wordCount\":396,\"commentCount\":0,\"image\":{\"@id\":\"https:\/\/www.gaveanews.com\/index.php\/2025\/04\/14\/renato-paiva-faz-cobranca-aos-jogadores-do-botafogo-nao-me-interessa\/#primaryimage\"},\"thumbnailUrl\":\"https:\/\/www.gaveanews.com\/wp-content\/uploads\/Renato-Paiva-em-acao-pelo-Botafogo-em-2025.webp\",\"articleSection\":[\"Botafogo\"],\"inLanguage\":\"pt-BR\",\"potentialAction\":[{\"@type\":\"CommentAction\",\"name\":\"Comment\",\"target\":[\"https:\/\/www.gaveanews.com\/index.php\/2025\/04\/14\/renato-paiva-faz-cobranca-aos-jogadores-do-botafogo-nao-me-interessa\/#respond\"]}],\"copyrightYear\":\"2025\",\"copyrightHolder\":{\"@id\":\"https:\/\/www.gaveanews.com\/#organization\"}},{\"@type\":\"WebPage\",\"@id\":\"https:\/\/www.gaveanews.com\/index.php\/2025\/04\/14\/renato-paiva-faz-cobranca-aos-jogadores-do-botafogo-nao-me-interessa\/\",\"url\":\"https:\/\/www.gaveanews.com\/index.php\/2025\/04\/14\/renato-paiva-faz-cobranca-aos-jogadores-do-botafogo-nao-me-interessa\/\",\"name\":\"Renato Paiva faz cobran\u00e7a aos jogadores do Botafogo: \\\"N\u00e3o me interessa...\\\"\",\"isPartOf\":{\"@id\":\"https:\/\/www.gaveanews.com\/#website\"},\"primaryImageOfPage\":{\"@id\":\"https:\/\/www.gaveanews.com\/index.php\/2025\/04\/14\/renato-paiva-faz-cobranca-aos-jogadores-do-botafogo-nao-me-interessa\/#primaryimage\"},\"image\":{\"@id\":\"https:\/\/www.gaveanews.com\/index.php\/2025\/04\/14\/renato-paiva-faz-cobranca-aos-jogadores-do-botafogo-nao-me-interessa\/#primaryimage\"},\"thumbnailUrl\":\"https:\/\/www.gaveanews.com\/wp-content\/uploads\/Renato-Paiva-em-acao-pelo-Botafogo-em-2025.webp\",\"datePublished\":\"2025-04-14T18:05:00+00:00\",\"author\":{\"@id\":\"https:\/\/www.gaveanews.com\/#\/schema\/person\/0eb3e3fe1754f0205218538adbe8f5ed\"},\"breadcrumb\":{\"@id\":\"https:\/\/www.gaveanews.com\/index.php\/2025\/04\/14\/renato-paiva-faz-cobranca-aos-jogadores-do-botafogo-nao-me-interessa\/#breadcrumb\"},\"inLanguage\":\"pt-BR\",\"potentialAction\":[{\"@type\":\"ReadAction\",\"target\":[\"https:\/\/www.gaveanews.com\/index.php\/2025\/04\/14\/renato-paiva-faz-cobranca-aos-jogadores-do-botafogo-nao-me-interessa\/\"]}]},{\"@type\":\"ImageObject\",\"inLanguage\":\"pt-BR\",\"@id\":\"https:\/\/www.gaveanews.com\/index.php\/2025\/04\/14\/renato-paiva-faz-cobranca-aos-jogadores-do-botafogo-nao-me-interessa\/#primaryimage\",\"url\":\"https:\/\/www.gaveanews.com\/wp-content\/uploads\/Renato-Paiva-em-acao-pelo-Botafogo-em-2025.webp\",\"contentUrl\":\"https:\/\/www.gaveanews.com\/wp-content\/uploads\/Renato-Paiva-em-acao-pelo-Botafogo-em-2025.webp\",\"width\":900,\"height\":600,\"caption\":\"Renato Paiva em a\u00e7\u00e3o pelo Botafogo em 2025 (Foto: Vitor Silva\/Botafogo)\"},{\"@type\":\"BreadcrumbList\",\"@id\":\"https:\/\/www.gaveanews.com\/index.php\/2025\/04\/14\/renato-paiva-faz-cobranca-aos-jogadores-do-botafogo-nao-me-interessa\/#breadcrumb\",\"itemListElement\":[{\"@type\":\"ListItem\",\"position\":1,\"name\":\"Home\",\"item\":\"https:\/\/www.gaveanews.com\/\"},{\"@type\":\"ListItem\",\"position\":2,\"name\":\"Renato Paiva faz cobran\u00e7a aos jogadores do Botafogo: &#8220;N\u00e3o me interessa&#8230;&#8221;\"}]},{\"@type\":\"WebSite\",\"@id\":\"https:\/\/www.gaveanews.com\/#website\",\"url\":\"https:\/\/www.gaveanews.com\/\",\"name\":\"G\u00e1vea News\",\"description\":\"Veja todas as not\u00edcias sobre o Flamengo: Contrata\u00e7\u00f5es, categorias de base, resultados das partidas, tabela de classifica\u00e7\u00e3o, pr\u00f3ximos jogos!\",\"potentialAction\":[{\"@type\":\"SearchAction\",\"target\":{\"@type\":\"EntryPoint\",\"urlTemplate\":\"https:\/\/www.gaveanews.com\/?s={search_term_string}\"},\"query-input\":{\"@type\":\"PropertyValueSpecification\",\"valueRequired\":true,\"valueName\":\"search_term_string\"}}],\"inLanguage\":\"pt-BR\"},{\"@type\":\"Person\",\"@id\":\"https:\/\/www.gaveanews.com\/#\/schema\/person\/0eb3e3fe1754f0205218538adbe8f5ed\",\"name\":\"Rafaela Ladeira\",\"image\":{\"@type\":\"ImageObject\",\"inLanguage\":\"pt-BR\",\"@id\":\"https:\/\/www.gaveanews.com\/#\/schema\/person\/image\/\",\"url\":\"https:\/\/secure.gravatar.com\/avatar\/c31f513acffd85eacab5730cbdfdbbf59f21ba5aeada8cd890acea879fbb2455?s=96&d=mm&r=g\",\"contentUrl\":\"https:\/\/secure.gravatar.com\/avatar\/c31f513acffd85eacab5730cbdfdbbf59f21ba5aeada8cd890acea879fbb2455?s=96&d=mm&r=g\",\"caption\":\"Rafaela Ladeira\"}}]}<\/script>\n<!-- \/ Yoast SEO Premium plugin. -->","yoast_head_json":{"title":"Renato Paiva faz cobran\u00e7a aos jogadores do Botafogo: \"N\u00e3o me interessa...\"","robots":{"index":"index","follow":"follow","max-snippet":"max-snippet:-1","max-image-preview":"max-image-preview:large","max-video-preview":"max-video-preview:-1"},"canonical":"https:\/\/www.gaveanews.com\/index.php\/2025\/04\/14\/renato-paiva-faz-cobranca-aos-jogadores-do-botafogo-nao-me-interessa\/","og_locale":"pt_BR","og_type":"article","og_title":"Renato Paiva faz cobran\u00e7a aos jogadores do Botafogo: \"N\u00e3o me interessa...\"","og_description":"A derrota para o Red Bull Bragantino por 1 a 0, neste s\u00e1bado (13), no Nabi Abi Chedid, gerou reflex\u00f5es e cobran\u00e7as diretas do t\u00e9cnico Renato Paiva ao elenco do Botafogo.&nbsp; Apesar da posse de bola superior, com mais de 60% de controle durante os 90 minutos, a equipe alvinegra n\u00e3o conseguiu transformar o dom\u00ednio [&hellip;]","og_url":"https:\/\/www.gaveanews.com\/index.php\/2025\/04\/14\/renato-paiva-faz-cobranca-aos-jogadores-do-botafogo-nao-me-interessa\/","og_site_name":"G\u00e1vea News","article_publisher":"https:\/\/facebook.com\/gaveaNews\/","article_published_time":"2025-04-14T18:05:00+00:00","og_image":[{"width":900,"height":600,"url":"https:\/\/www.gaveanews.com\/wp-content\/uploads\/Renato-Paiva-em-acao-pelo-Botafogo-em-2025.webp","type":"image\/jpeg"}],"author":"Rafaela Ladeira","twitter_card":"summary_large_image","twitter_misc":{"Escrito por":"Rafaela Ladeira","Est. tempo de leitura":"3 minutos"},"schema":{"@context":"https:\/\/schema.org","@graph":[{"@type":"NewsArticle","@id":"https:\/\/www.gaveanews.com\/index.php\/2025\/04\/14\/renato-paiva-faz-cobranca-aos-jogadores-do-botafogo-nao-me-interessa\/#article","isPartOf":{"@id":"https:\/\/www.gaveanews.com\/index.php\/2025\/04\/14\/renato-paiva-faz-cobranca-aos-jogadores-do-botafogo-nao-me-interessa\/"},"author":{"name":"Rafaela Ladeira","@id":"https:\/\/www.gaveanews.com\/#\/schema\/person\/0eb3e3fe1754f0205218538adbe8f5ed"},"headline":"Renato Paiva faz cobran\u00e7a aos jogadores do Botafogo: &#8220;N\u00e3o me interessa&#8230;&#8221;","datePublished":"2025-04-14T18:05:00+00:00","mainEntityOfPage":{"@id":"https:\/\/www.gaveanews.com\/index.php\/2025\/04\/14\/renato-paiva-faz-cobranca-aos-jogadores-do-botafogo-nao-me-interessa\/"},"wordCount":396,"commentCount":0,"image":{"@id":"https:\/\/www.gaveanews.com\/index.php\/2025\/04\/14\/renato-paiva-faz-cobranca-aos-jogadores-do-botafogo-nao-me-interessa\/#primaryimage"},"thumbnailUrl":"https:\/\/www.gaveanews.com\/wp-content\/uploads\/Renato-Paiva-em-acao-pelo-Botafogo-em-2025.webp","articleSection":["Botafogo"],"inLanguage":"pt-BR","potentialAction":[{"@type":"CommentAction","name":"Comment","target":["https:\/\/www.gaveanews.com\/index.php\/2025\/04\/14\/renato-paiva-faz-cobranca-aos-jogadores-do-botafogo-nao-me-interessa\/#respond"]}],"copyrightYear":"2025","copyrightHolder":{"@id":"https:\/\/www.gaveanews.com\/#organization"}},{"@type":"WebPage","@id":"https:\/\/www.gaveanews.com\/index.php\/2025\/04\/14\/renato-paiva-faz-cobranca-aos-jogadores-do-botafogo-nao-me-interessa\/","url":"https:\/\/www.gaveanews.com\/index.php\/2025\/04\/14\/renato-paiva-faz-cobranca-aos-jogadores-do-botafogo-nao-me-interessa\/","name":"Renato Paiva faz cobran\u00e7a aos jogadores do Botafogo: \"N\u00e3o me interessa...\"","isPartOf":{"@id":"https:\/\/www.gaveanews.com\/#website"},"primaryImageOfPage":{"@id":"https:\/\/www.gaveanews.com\/index.php\/2025\/04\/14\/renato-paiva-faz-cobranca-aos-jogadores-do-botafogo-nao-me-interessa\/#primaryimage"},"image":{"@id":"https:\/\/www.gaveanews.com\/index.php\/2025\/04\/14\/renato-paiva-faz-cobranca-aos-jogadores-do-botafogo-nao-me-interessa\/#primaryimage"},"thumbnailUrl":"https:\/\/www.gaveanews.com\/wp-content\/uploads\/Renato-Paiva-em-acao-pelo-Botafogo-em-2025.webp","datePublished":"2025-04-14T18:05:00+00:00","author":{"@id":"https:\/\/www.gaveanews.com\/#\/schema\/person\/0eb3e3fe1754f0205218538adbe8f5ed"},"breadcrumb":{"@id":"https:\/\/www.gaveanews.com\/index.php\/2025\/04\/14\/renato-paiva-faz-cobranca-aos-jogadores-do-botafogo-nao-me-interessa\/#breadcrumb"},"inLanguage":"pt-BR","potentialAction":[{"@type":"ReadAction","target":["https:\/\/www.gaveanews.com\/index.php\/2025\/04\/14\/renato-paiva-faz-cobranca-aos-jogadores-do-botafogo-nao-me-interessa\/"]}]},{"@type":"ImageObject","inLanguage":"pt-BR","@id":"https:\/\/www.gaveanews.com\/index.php\/2025\/04\/14\/renato-paiva-faz-cobranca-aos-jogadores-do-botafogo-nao-me-interessa\/#primaryimage","url":"https:\/\/www.gaveanews.com\/wp-content\/uploads\/Renato-Paiva-em-acao-pelo-Botafogo-em-2025.webp","contentUrl":"https:\/\/www.gaveanews.com\/wp-content\/uploads\/Renato-Paiva-em-acao-pelo-Botafogo-em-2025.webp","width":900,"height":600,"caption":"Renato Paiva em a\u00e7\u00e3o pelo Botafogo em 2025 (Foto: Vitor Silva\/Botafogo)"},{"@type":"BreadcrumbList","@id":"https:\/\/www.gaveanews.com\/index.php\/2025\/04\/14\/renato-paiva-faz-cobranca-aos-jogadores-do-botafogo-nao-me-interessa\/#breadcrumb","itemListElement":[{"@type":"ListItem","position":1,"name":"Home","item":"https:\/\/www.gaveanews.com\/"},{"@type":"ListItem","position":2,"name":"Renato Paiva faz cobran\u00e7a aos jogadores do Botafogo: &#8220;N\u00e3o me interessa&#8230;&#8221;"}]},{"@type":"WebSite","@id":"https:\/\/www.gaveanews.com\/#website","url":"https:\/\/www.gaveanews.com\/","name":"G\u00e1vea News","description":"Veja todas as not\u00edcias sobre o Flamengo: Contrata\u00e7\u00f5es, categorias de base, resultados das partidas, tabela de classifica\u00e7\u00e3o, pr\u00f3ximos jogos!","potentialAction":[{"@type":"SearchAction","target":{"@type":"EntryPoint","urlTemplate":"https:\/\/www.gaveanews.com\/?s={search_term_string}"},"query-input":{"@type":"PropertyValueSpecification","valueRequired":true,"valueName":"search_term_string"}}],"inLanguage":"pt-BR"},{"@type":"Person","@id":"https:\/\/www.gaveanews.com\/#\/schema\/person\/0eb3e3fe1754f0205218538adbe8f5ed","name":"Rafaela Ladeira","image":{"@type":"ImageObject","inLanguage":"pt-BR","@id":"https:\/\/www.gaveanews.com\/#\/schema\/person\/image\/","url":"https:\/\/secure.gravatar.com\/avatar\/c31f513acffd85eacab5730cbdfdbbf59f21ba5aeada8cd890acea879fbb2455?s=96&d=mm&r=g","contentUrl":"https:\/\/secure.gravatar.com\/avatar\/c31f513acffd85eacab5730cbdfdbbf59f21ba5aeada8cd890acea879fbb2455?s=96&d=mm&r=g","caption":"Rafaela Ladeira"}}]}},"_links":{"self":[{"href":"https:\/\/www.gaveanews.com\/index.php\/wp-json\/wp\/v2\/posts\/253316","targetHints":{"allow":["GET"]}}],"collection":[{"href":"https:\/\/www.gaveanews.com\/index.php\/wp-json\/wp\/v2\/posts"}],"about":[{"href":"https:\/\/www.gaveanews.com\/index.php\/wp-json\/wp\/v2\/types\/post"}],"author":[{"embeddable":true,"href":"https:\/\/www.gaveanews.com\/index.php\/wp-json\/wp\/v2\/users\/25"}],"replies":[{"embeddable":true,"href":"https:\/\/www.gaveanews.com\/index.php\/wp-json\/wp\/v2\/comments?post=253316"}],"version-history":[{"count":1,"href":"https:\/\/www.gaveanews.com\/index.php\/wp-json\/wp\/v2\/posts\/253316\/revisions"}],"predecessor-version":[{"id":253317,"href":"https:\/\/www.gaveanews.com\/index.php\/wp-json\/wp\/v2\/posts\/253316\/revisions\/253317"}],"wp:featuredmedia":[{"embeddable":true,"href":"https:\/\/www.gaveanews.com\/index.php\/wp-json\/wp\/v2\/media\/244411"}],"wp:attachment":[{"href":"https:\/\/www.gaveanews.com\/index.php\/wp-json\/wp\/v2\/media?parent=253316"}],"wp:term":[{"taxonomy":"category","embeddable":true,"href":"https:\/\/www.gaveanews.com\/index.php\/wp-json\/wp\/v2\/categories?post=253316"},{"taxonomy":"post_tag","embeddable":true,"href":"https:\/\/www.gaveanews.com\/index.php\/wp-json\/wp\/v2\/tags?post=253316"}],"curies":[{"name":"wp","href":"https:\/\/api.w.org\/{rel}","templated":true}]}}