{"id":253578,"date":"2025-04-14T23:50:00","date_gmt":"2025-04-15T02:50:00","guid":{"rendered":"https:\/\/www.gaveanews.com\/?p=253578"},"modified":"2025-04-14T19:50:47","modified_gmt":"2025-04-14T22:50:47","slug":"sem-espaco-com-carlo-ancelotti-ponta-vai-jogar-no-manchester-united","status":"publish","type":"post","link":"https:\/\/www.gaveanews.com\/index.php\/2025\/04\/14\/sem-espaco-com-carlo-ancelotti-ponta-vai-jogar-no-manchester-united\/","title":{"rendered":"Sem espa\u00e7o com Carlo Ancelotti, ponta vai jogar no Manchester United"},"content":{"rendered":"\n<p>O Manchester United est\u00e1 se movimentando nos bastidores a fim de refor\u00e7ar seu elenco para a pr\u00f3xima temporada, e mira o jovem Arda G\u00fcler, atualmente no Real Madrid. Conforme informa\u00e7\u00f5es divulgadas nesta segunda-feira (14), o clube ingl\u00eas prepara uma proposta avaliada em 60 milh\u00f5es de euros, o que equivale a aproximadamente R$ 398 milh\u00f5es. A inten\u00e7\u00e3o \u00e9 oferecer ao jogador turco mais oportunidades de atuar e acelerar seu desenvolvimento em um novo cen\u00e1rio competitivo.<\/p>\n\n\n\n<p>A poss\u00edvel chegada de G\u00fcler a Manchester se insere no contexto do planejamento do clube de reformular o plantel. O meia-atacante de 19 anos, tido como uma promessa do futebol europeu, ainda busca espa\u00e7o e continuidade em Madrid. Entretanto, a concorr\u00eancia interna e as recorrentes les\u00f5es atrapalharam sua adapta\u00e7\u00e3o desde a chegada ao Real Madrid. O desempenho abaixo das expectativas tem levantado d\u00favidas sobre seu futuro na equipe.<\/p>\n\n\n\n<p>Enquanto isso, o Real Madrid analisa com cautela as movimenta\u00e7\u00f5es em torno do jogador. A continuidade de Carlo Ancelotti no comando t\u00e9cnico \u00e9 um fator que pode influenciar diretamente na perman\u00eancia de G\u00fcler. Caso o treinador italiano permane\u00e7a, a tend\u00eancia \u00e9 de que o jovem siga com pouco espa\u00e7o. Por outro lado, uma eventual chegada de Xabi Alonso pode mudar o cen\u00e1rio.<\/p>\n\n\n\n<p>Ali\u00e1s, Xabi Alonso tem se mostrado adepto de jogadores t\u00e9cnicos e com perfil semelhante ao de Arda G\u00fcler. Isso abre margem para especula\u00e7\u00f5es de que o atleta ganharia mais oportunidades sob o comando do atual treinador do Bayer Leverkusen. Por\u00e9m, at\u00e9 o momento, nenhuma decis\u00e3o oficial foi tomada pelo clube espanhol.<\/p>\n\n\n\n<p>O Manchester United, por sua vez, monitora atentamente os desdobramentos e deve formalizar sua proposta na janela de transfer\u00eancias do meio do ano. O interesse n\u00e3o \u00e9 novo, mas ganhou for\u00e7a nos \u00faltimos dias diante das incertezas vividas por G\u00fcler em Madri. A diretoria inglesa acredita que pode oferecer um ambiente mais prop\u00edcio ao crescimento do jogador.<\/p>\n\n\n\n<p>Portanto, o destino do meio-campista turco deve ser decidido nos pr\u00f3ximos meses, conforme o Real Madrid define seu treinador e avalia as propostas recebidas. A situa\u00e7\u00e3o permanece indefinida, mas o interesse do United \u00e9, inegavelmente, concreto.<\/p>\n","protected":false},"excerpt":{"rendered":"<p>O Manchester United est\u00e1 se movimentando nos bastidores a fim de refor\u00e7ar seu elenco para a pr\u00f3xima temporada, e mira o jovem Arda G\u00fcler, atualmente no Real Madrid. Conforme informa\u00e7\u00f5es divulgadas nesta segunda-feira (14), o clube ingl\u00eas prepara uma proposta avaliada em 60 milh\u00f5es de euros, o que equivale a aproximadamente R$ 398 milh\u00f5es. A [&hellip;]<\/p>\n","protected":false},"author":18,"featured_media":119614,"comment_status":"open","ping_status":"closed","sticky":false,"template":"","format":"standard","meta":{"footnotes":""},"categories":[90,88],"tags":[],"class_list":["post-253578","post","type-post","status-publish","format-standard","has-post-thumbnail","hentry","category-manchester-united","category-real-madrid"],"yoast_head":"<!-- This site is optimized with the Yoast SEO Premium plugin v24.2 (Yoast SEO v26.9) - https:\/\/yoast.com\/product\/yoast-seo-premium-wordpress\/ -->\n<title>Sem espa\u00e7o com Carlo Ancelotti, ponta vai jogar no Manchester United<\/title>\n<meta name=\"robots\" content=\"index, follow, max-snippet:-1, max-image-preview:large, max-video-preview:-1\" \/>\n<link rel=\"canonical\" href=\"https:\/\/www.gaveanews.com\/index.php\/2025\/04\/14\/sem-espaco-com-carlo-ancelotti-ponta-vai-jogar-no-manchester-united\/\" \/>\n<meta property=\"og:locale\" content=\"pt_BR\" \/>\n<meta property=\"og:type\" content=\"article\" \/>\n<meta property=\"og:title\" content=\"Sem espa\u00e7o com Carlo Ancelotti, ponta vai jogar no Manchester United\" \/>\n<meta property=\"og:description\" content=\"O Manchester United est\u00e1 se movimentando nos bastidores a fim de refor\u00e7ar seu elenco para a pr\u00f3xima temporada, e mira o jovem Arda G\u00fcler, atualmente no Real Madrid. Conforme informa\u00e7\u00f5es divulgadas nesta segunda-feira (14), o clube ingl\u00eas prepara uma proposta avaliada em 60 milh\u00f5es de euros, o que equivale a aproximadamente R$ 398 milh\u00f5es. A [&hellip;]\" \/>\n<meta property=\"og:url\" content=\"https:\/\/www.gaveanews.com\/index.php\/2025\/04\/14\/sem-espaco-com-carlo-ancelotti-ponta-vai-jogar-no-manchester-united\/\" \/>\n<meta property=\"og:site_name\" content=\"G\u00e1vea News\" \/>\n<meta property=\"article:publisher\" content=\"https:\/\/facebook.com\/gaveaNews\/\" \/>\n<meta property=\"article:published_time\" content=\"2025-04-15T02:50:00+00:00\" \/>\n<meta property=\"og:image\" content=\"https:\/\/www.gaveanews.com\/wp-content\/uploads\/Bandeirinha-escanteio-Manchester-United-edited.webp\" \/>\n\t<meta property=\"og:image:width\" content=\"1200\" \/>\n\t<meta property=\"og:image:height\" content=\"900\" \/>\n\t<meta property=\"og:image:type\" content=\"image\/webp\" \/>\n<meta name=\"author\" content=\"Paula Silva\" \/>\n<meta name=\"twitter:card\" content=\"summary_large_image\" \/>\n<meta name=\"twitter:label1\" content=\"Escrito por\" \/>\n\t<meta name=\"twitter:data1\" content=\"Paula Silva\" \/>\n\t<meta name=\"twitter:label2\" content=\"Est. tempo de leitura\" \/>\n\t<meta name=\"twitter:data2\" content=\"3 minutos\" \/>\n<script type=\"application\/ld+json\" class=\"yoast-schema-graph\">{\"@context\":\"https:\/\/schema.org\",\"@graph\":[{\"@type\":\"NewsArticle\",\"@id\":\"https:\/\/www.gaveanews.com\/index.php\/2025\/04\/14\/sem-espaco-com-carlo-ancelotti-ponta-vai-jogar-no-manchester-united\/#article\",\"isPartOf\":{\"@id\":\"https:\/\/www.gaveanews.com\/index.php\/2025\/04\/14\/sem-espaco-com-carlo-ancelotti-ponta-vai-jogar-no-manchester-united\/\"},\"author\":{\"name\":\"Paula Silva\",\"@id\":\"https:\/\/www.gaveanews.com\/#\/schema\/person\/daf63eec72e1164eb13dc35096c2b8da\"},\"headline\":\"Sem espa\u00e7o com Carlo Ancelotti, ponta vai jogar no Manchester United\",\"datePublished\":\"2025-04-15T02:50:00+00:00\",\"mainEntityOfPage\":{\"@id\":\"https:\/\/www.gaveanews.com\/index.php\/2025\/04\/14\/sem-espaco-com-carlo-ancelotti-ponta-vai-jogar-no-manchester-united\/\"},\"wordCount\":388,\"commentCount\":0,\"image\":{\"@id\":\"https:\/\/www.gaveanews.com\/index.php\/2025\/04\/14\/sem-espaco-com-carlo-ancelotti-ponta-vai-jogar-no-manchester-united\/#primaryimage\"},\"thumbnailUrl\":\"https:\/\/www.gaveanews.com\/wp-content\/uploads\/Bandeirinha-escanteio-Manchester-United-edited.webp\",\"articleSection\":[\"Manchester United\",\"Real Madrid\"],\"inLanguage\":\"pt-BR\",\"potentialAction\":[{\"@type\":\"CommentAction\",\"name\":\"Comment\",\"target\":[\"https:\/\/www.gaveanews.com\/index.php\/2025\/04\/14\/sem-espaco-com-carlo-ancelotti-ponta-vai-jogar-no-manchester-united\/#respond\"]}],\"copyrightYear\":\"2025\",\"copyrightHolder\":{\"@id\":\"https:\/\/www.gaveanews.com\/#organization\"}},{\"@type\":\"WebPage\",\"@id\":\"https:\/\/www.gaveanews.com\/index.php\/2025\/04\/14\/sem-espaco-com-carlo-ancelotti-ponta-vai-jogar-no-manchester-united\/\",\"url\":\"https:\/\/www.gaveanews.com\/index.php\/2025\/04\/14\/sem-espaco-com-carlo-ancelotti-ponta-vai-jogar-no-manchester-united\/\",\"name\":\"Sem espa\u00e7o com Carlo Ancelotti, ponta vai jogar no Manchester United\",\"isPartOf\":{\"@id\":\"https:\/\/www.gaveanews.com\/#website\"},\"primaryImageOfPage\":{\"@id\":\"https:\/\/www.gaveanews.com\/index.php\/2025\/04\/14\/sem-espaco-com-carlo-ancelotti-ponta-vai-jogar-no-manchester-united\/#primaryimage\"},\"image\":{\"@id\":\"https:\/\/www.gaveanews.com\/index.php\/2025\/04\/14\/sem-espaco-com-carlo-ancelotti-ponta-vai-jogar-no-manchester-united\/#primaryimage\"},\"thumbnailUrl\":\"https:\/\/www.gaveanews.com\/wp-content\/uploads\/Bandeirinha-escanteio-Manchester-United-edited.webp\",\"datePublished\":\"2025-04-15T02:50:00+00:00\",\"author\":{\"@id\":\"https:\/\/www.gaveanews.com\/#\/schema\/person\/daf63eec72e1164eb13dc35096c2b8da\"},\"breadcrumb\":{\"@id\":\"https:\/\/www.gaveanews.com\/index.php\/2025\/04\/14\/sem-espaco-com-carlo-ancelotti-ponta-vai-jogar-no-manchester-united\/#breadcrumb\"},\"inLanguage\":\"pt-BR\",\"potentialAction\":[{\"@type\":\"ReadAction\",\"target\":[\"https:\/\/www.gaveanews.com\/index.php\/2025\/04\/14\/sem-espaco-com-carlo-ancelotti-ponta-vai-jogar-no-manchester-united\/\"]}]},{\"@type\":\"ImageObject\",\"inLanguage\":\"pt-BR\",\"@id\":\"https:\/\/www.gaveanews.com\/index.php\/2025\/04\/14\/sem-espaco-com-carlo-ancelotti-ponta-vai-jogar-no-manchester-united\/#primaryimage\",\"url\":\"https:\/\/www.gaveanews.com\/wp-content\/uploads\/Bandeirinha-escanteio-Manchester-United-edited.webp\",\"contentUrl\":\"https:\/\/www.gaveanews.com\/wp-content\/uploads\/Bandeirinha-escanteio-Manchester-United-edited.webp\",\"width\":1200,\"height\":900,\"caption\":\"Bandeirinha escanteio Manchester United - Foto: Marc Atkins (2023 Getty Images, Getty Images Europe)\"},{\"@type\":\"BreadcrumbList\",\"@id\":\"https:\/\/www.gaveanews.com\/index.php\/2025\/04\/14\/sem-espaco-com-carlo-ancelotti-ponta-vai-jogar-no-manchester-united\/#breadcrumb\",\"itemListElement\":[{\"@type\":\"ListItem\",\"position\":1,\"name\":\"Home\",\"item\":\"https:\/\/www.gaveanews.com\/\"},{\"@type\":\"ListItem\",\"position\":2,\"name\":\"Sem espa\u00e7o com Carlo Ancelotti, ponta vai jogar no Manchester United\"}]},{\"@type\":\"WebSite\",\"@id\":\"https:\/\/www.gaveanews.com\/#website\",\"url\":\"https:\/\/www.gaveanews.com\/\",\"name\":\"G\u00e1vea News\",\"description\":\"Veja todas as not\u00edcias sobre o Flamengo: Contrata\u00e7\u00f5es, categorias de base, resultados das partidas, tabela de classifica\u00e7\u00e3o, pr\u00f3ximos jogos!\",\"potentialAction\":[{\"@type\":\"SearchAction\",\"target\":{\"@type\":\"EntryPoint\",\"urlTemplate\":\"https:\/\/www.gaveanews.com\/?s={search_term_string}\"},\"query-input\":{\"@type\":\"PropertyValueSpecification\",\"valueRequired\":true,\"valueName\":\"search_term_string\"}}],\"inLanguage\":\"pt-BR\"},{\"@type\":\"Person\",\"@id\":\"https:\/\/www.gaveanews.com\/#\/schema\/person\/daf63eec72e1164eb13dc35096c2b8da\",\"name\":\"Paula Silva\",\"image\":{\"@type\":\"ImageObject\",\"inLanguage\":\"pt-BR\",\"@id\":\"https:\/\/www.gaveanews.com\/#\/schema\/person\/image\/\",\"url\":\"https:\/\/secure.gravatar.com\/avatar\/eda381c845527cc5d64c13b901833cda29d97500ba040d3e6461f76f51d163bb?s=96&d=mm&r=g\",\"contentUrl\":\"https:\/\/secure.gravatar.com\/avatar\/eda381c845527cc5d64c13b901833cda29d97500ba040d3e6461f76f51d163bb?s=96&d=mm&r=g\",\"caption\":\"Paula Silva\"}}]}<\/script>\n<!-- \/ Yoast SEO Premium plugin. -->","yoast_head_json":{"title":"Sem espa\u00e7o com Carlo Ancelotti, ponta vai jogar no Manchester United","robots":{"index":"index","follow":"follow","max-snippet":"max-snippet:-1","max-image-preview":"max-image-preview:large","max-video-preview":"max-video-preview:-1"},"canonical":"https:\/\/www.gaveanews.com\/index.php\/2025\/04\/14\/sem-espaco-com-carlo-ancelotti-ponta-vai-jogar-no-manchester-united\/","og_locale":"pt_BR","og_type":"article","og_title":"Sem espa\u00e7o com Carlo Ancelotti, ponta vai jogar no Manchester United","og_description":"O Manchester United est\u00e1 se movimentando nos bastidores a fim de refor\u00e7ar seu elenco para a pr\u00f3xima temporada, e mira o jovem Arda G\u00fcler, atualmente no Real Madrid. Conforme informa\u00e7\u00f5es divulgadas nesta segunda-feira (14), o clube ingl\u00eas prepara uma proposta avaliada em 60 milh\u00f5es de euros, o que equivale a aproximadamente R$ 398 milh\u00f5es. A [&hellip;]","og_url":"https:\/\/www.gaveanews.com\/index.php\/2025\/04\/14\/sem-espaco-com-carlo-ancelotti-ponta-vai-jogar-no-manchester-united\/","og_site_name":"G\u00e1vea News","article_publisher":"https:\/\/facebook.com\/gaveaNews\/","article_published_time":"2025-04-15T02:50:00+00:00","og_image":[{"width":1200,"height":900,"url":"https:\/\/www.gaveanews.com\/wp-content\/uploads\/Bandeirinha-escanteio-Manchester-United-edited.webp","type":"image\/webp"}],"author":"Paula Silva","twitter_card":"summary_large_image","twitter_misc":{"Escrito por":"Paula Silva","Est. tempo de leitura":"3 minutos"},"schema":{"@context":"https:\/\/schema.org","@graph":[{"@type":"NewsArticle","@id":"https:\/\/www.gaveanews.com\/index.php\/2025\/04\/14\/sem-espaco-com-carlo-ancelotti-ponta-vai-jogar-no-manchester-united\/#article","isPartOf":{"@id":"https:\/\/www.gaveanews.com\/index.php\/2025\/04\/14\/sem-espaco-com-carlo-ancelotti-ponta-vai-jogar-no-manchester-united\/"},"author":{"name":"Paula Silva","@id":"https:\/\/www.gaveanews.com\/#\/schema\/person\/daf63eec72e1164eb13dc35096c2b8da"},"headline":"Sem espa\u00e7o com Carlo Ancelotti, ponta vai jogar no Manchester United","datePublished":"2025-04-15T02:50:00+00:00","mainEntityOfPage":{"@id":"https:\/\/www.gaveanews.com\/index.php\/2025\/04\/14\/sem-espaco-com-carlo-ancelotti-ponta-vai-jogar-no-manchester-united\/"},"wordCount":388,"commentCount":0,"image":{"@id":"https:\/\/www.gaveanews.com\/index.php\/2025\/04\/14\/sem-espaco-com-carlo-ancelotti-ponta-vai-jogar-no-manchester-united\/#primaryimage"},"thumbnailUrl":"https:\/\/www.gaveanews.com\/wp-content\/uploads\/Bandeirinha-escanteio-Manchester-United-edited.webp","articleSection":["Manchester United","Real Madrid"],"inLanguage":"pt-BR","potentialAction":[{"@type":"CommentAction","name":"Comment","target":["https:\/\/www.gaveanews.com\/index.php\/2025\/04\/14\/sem-espaco-com-carlo-ancelotti-ponta-vai-jogar-no-manchester-united\/#respond"]}],"copyrightYear":"2025","copyrightHolder":{"@id":"https:\/\/www.gaveanews.com\/#organization"}},{"@type":"WebPage","@id":"https:\/\/www.gaveanews.com\/index.php\/2025\/04\/14\/sem-espaco-com-carlo-ancelotti-ponta-vai-jogar-no-manchester-united\/","url":"https:\/\/www.gaveanews.com\/index.php\/2025\/04\/14\/sem-espaco-com-carlo-ancelotti-ponta-vai-jogar-no-manchester-united\/","name":"Sem espa\u00e7o com Carlo Ancelotti, ponta vai jogar no Manchester United","isPartOf":{"@id":"https:\/\/www.gaveanews.com\/#website"},"primaryImageOfPage":{"@id":"https:\/\/www.gaveanews.com\/index.php\/2025\/04\/14\/sem-espaco-com-carlo-ancelotti-ponta-vai-jogar-no-manchester-united\/#primaryimage"},"image":{"@id":"https:\/\/www.gaveanews.com\/index.php\/2025\/04\/14\/sem-espaco-com-carlo-ancelotti-ponta-vai-jogar-no-manchester-united\/#primaryimage"},"thumbnailUrl":"https:\/\/www.gaveanews.com\/wp-content\/uploads\/Bandeirinha-escanteio-Manchester-United-edited.webp","datePublished":"2025-04-15T02:50:00+00:00","author":{"@id":"https:\/\/www.gaveanews.com\/#\/schema\/person\/daf63eec72e1164eb13dc35096c2b8da"},"breadcrumb":{"@id":"https:\/\/www.gaveanews.com\/index.php\/2025\/04\/14\/sem-espaco-com-carlo-ancelotti-ponta-vai-jogar-no-manchester-united\/#breadcrumb"},"inLanguage":"pt-BR","potentialAction":[{"@type":"ReadAction","target":["https:\/\/www.gaveanews.com\/index.php\/2025\/04\/14\/sem-espaco-com-carlo-ancelotti-ponta-vai-jogar-no-manchester-united\/"]}]},{"@type":"ImageObject","inLanguage":"pt-BR","@id":"https:\/\/www.gaveanews.com\/index.php\/2025\/04\/14\/sem-espaco-com-carlo-ancelotti-ponta-vai-jogar-no-manchester-united\/#primaryimage","url":"https:\/\/www.gaveanews.com\/wp-content\/uploads\/Bandeirinha-escanteio-Manchester-United-edited.webp","contentUrl":"https:\/\/www.gaveanews.com\/wp-content\/uploads\/Bandeirinha-escanteio-Manchester-United-edited.webp","width":1200,"height":900,"caption":"Bandeirinha escanteio Manchester United - Foto: Marc Atkins (2023 Getty Images, Getty Images Europe)"},{"@type":"BreadcrumbList","@id":"https:\/\/www.gaveanews.com\/index.php\/2025\/04\/14\/sem-espaco-com-carlo-ancelotti-ponta-vai-jogar-no-manchester-united\/#breadcrumb","itemListElement":[{"@type":"ListItem","position":1,"name":"Home","item":"https:\/\/www.gaveanews.com\/"},{"@type":"ListItem","position":2,"name":"Sem espa\u00e7o com Carlo Ancelotti, ponta vai jogar no Manchester United"}]},{"@type":"WebSite","@id":"https:\/\/www.gaveanews.com\/#website","url":"https:\/\/www.gaveanews.com\/","name":"G\u00e1vea News","description":"Veja todas as not\u00edcias sobre o Flamengo: Contrata\u00e7\u00f5es, categorias de base, resultados das partidas, tabela de classifica\u00e7\u00e3o, pr\u00f3ximos jogos!","potentialAction":[{"@type":"SearchAction","target":{"@type":"EntryPoint","urlTemplate":"https:\/\/www.gaveanews.com\/?s={search_term_string}"},"query-input":{"@type":"PropertyValueSpecification","valueRequired":true,"valueName":"search_term_string"}}],"inLanguage":"pt-BR"},{"@type":"Person","@id":"https:\/\/www.gaveanews.com\/#\/schema\/person\/daf63eec72e1164eb13dc35096c2b8da","name":"Paula Silva","image":{"@type":"ImageObject","inLanguage":"pt-BR","@id":"https:\/\/www.gaveanews.com\/#\/schema\/person\/image\/","url":"https:\/\/secure.gravatar.com\/avatar\/eda381c845527cc5d64c13b901833cda29d97500ba040d3e6461f76f51d163bb?s=96&d=mm&r=g","contentUrl":"https:\/\/secure.gravatar.com\/avatar\/eda381c845527cc5d64c13b901833cda29d97500ba040d3e6461f76f51d163bb?s=96&d=mm&r=g","caption":"Paula Silva"}}]}},"_links":{"self":[{"href":"https:\/\/www.gaveanews.com\/index.php\/wp-json\/wp\/v2\/posts\/253578","targetHints":{"allow":["GET"]}}],"collection":[{"href":"https:\/\/www.gaveanews.com\/index.php\/wp-json\/wp\/v2\/posts"}],"about":[{"href":"https:\/\/www.gaveanews.com\/index.php\/wp-json\/wp\/v2\/types\/post"}],"author":[{"embeddable":true,"href":"https:\/\/www.gaveanews.com\/index.php\/wp-json\/wp\/v2\/users\/18"}],"replies":[{"embeddable":true,"href":"https:\/\/www.gaveanews.com\/index.php\/wp-json\/wp\/v2\/comments?post=253578"}],"version-history":[{"count":1,"href":"https:\/\/www.gaveanews.com\/index.php\/wp-json\/wp\/v2\/posts\/253578\/revisions"}],"predecessor-version":[{"id":253583,"href":"https:\/\/www.gaveanews.com\/index.php\/wp-json\/wp\/v2\/posts\/253578\/revisions\/253583"}],"wp:featuredmedia":[{"embeddable":true,"href":"https:\/\/www.gaveanews.com\/index.php\/wp-json\/wp\/v2\/media\/119614"}],"wp:attachment":[{"href":"https:\/\/www.gaveanews.com\/index.php\/wp-json\/wp\/v2\/media?parent=253578"}],"wp:term":[{"taxonomy":"category","embeddable":true,"href":"https:\/\/www.gaveanews.com\/index.php\/wp-json\/wp\/v2\/categories?post=253578"},{"taxonomy":"post_tag","embeddable":true,"href":"https:\/\/www.gaveanews.com\/index.php\/wp-json\/wp\/v2\/tags?post=253578"}],"curies":[{"name":"wp","href":"https:\/\/api.w.org\/{rel}","templated":true}]}}