{"id":253639,"date":"2025-04-15T00:55:00","date_gmt":"2025-04-15T03:55:00","guid":{"rendered":"https:\/\/www.gaveanews.com\/?p=253639"},"modified":"2025-04-14T21:13:23","modified_gmt":"2025-04-15T00:13:23","slug":"a-forte-declaracao-de-kfouri-direcionada-a-torcida-do-corinthans","status":"publish","type":"post","link":"https:\/\/www.gaveanews.com\/index.php\/2025\/04\/15\/a-forte-declaracao-de-kfouri-direcionada-a-torcida-do-corinthans\/","title":{"rendered":"A forte declara\u00e7\u00e3o de Kfouri direcionada a torcida do Corinthans"},"content":{"rendered":"\n<p>Durante participa\u00e7\u00e3o em um programa esportivo, Juca Kfouri expressou insatisfa\u00e7\u00e3o com a forma como parte da torcida do Corinthians recebeu a recente derrota para o Palmeiras. Segundo o jornalista, o rev\u00e9s no D\u00e9rbi foi minimizado por muitos torcedores, que preferiram valorizar a conquista do Campeonato Paulista, t\u00edtulo obtido justamente diante do rival alviverde.<\/p>\n\n\n\n<p>A avalia\u00e7\u00e3o de Kfouri \u00e9 que essa postura revela um certo conformismo, o que, conforme ele apontou, contribui para uma redu\u00e7\u00e3o simb\u00f3lica da grandeza do clube. \u201cEst\u00e3o comemorando at\u00e9 hoje o t\u00edtulo estadual, como se fosse suficiente. Isso reduz a ambi\u00e7\u00e3o corintiana\u201d, declarou, em tom cr\u00edtico.<\/p>\n\n\n\n<figure class=\"wp-block-image size-full\"><img loading=\"lazy\" decoding=\"async\" width=\"1000\" height=\"667\" src=\"http:\/\/www.gaveanews.com\/wp-content\/uploads\/Torcida-do-Corinthians.webp\" alt=\"\" class=\"wp-image-146953\" srcset=\"https:\/\/www.gaveanews.com\/wp-content\/uploads\/Torcida-do-Corinthians.webp 1000w, https:\/\/www.gaveanews.com\/wp-content\/uploads\/Torcida-do-Corinthians-300x200.webp 300w, https:\/\/www.gaveanews.com\/wp-content\/uploads\/Torcida-do-Corinthians-768x512.webp 768w, https:\/\/www.gaveanews.com\/wp-content\/uploads\/Torcida-do-Corinthians-630x420.webp 630w, https:\/\/www.gaveanews.com\/wp-content\/uploads\/Torcida-do-Corinthians-640x427.webp 640w, https:\/\/www.gaveanews.com\/wp-content\/uploads\/Torcida-do-Corinthians-681x454.webp 681w, https:\/\/www.gaveanews.com\/wp-content\/uploads\/Torcida-do-Corinthians-100x67.webp 100w\" sizes=\"auto, (max-width: 1000px) 100vw, 1000px\" \/><figcaption class=\"wp-element-caption\">Torcida do Corinthians (Foto Reprodu\u00e7\u00e3o\/Instagram)<\/figcaption><\/figure>\n\n\n\n<p>Ali\u00e1s, o jornalista usou de ironia ao mencionar a cria\u00e7\u00e3o da chamada \u201cNanoFiel\u201d, express\u00e3o usada para se referir a torcedores que, em sua vis\u00e3o, perderam o senso de exig\u00eancia. \u201cTem corintiano dizendo que 2 a 0 foi pouco, porque o que valeu foi o Paulist\u00e3o. Isso \u00e9 apequenar o clube\u201d, afirmou.<\/p>\n\n\n\n<p>Enquanto isso, a conquista do t\u00edtulo estadual teve consequ\u00eancias no elenco. Hugo Souza e Rodrigo Garro atuaram no sacrif\u00edcio na decis\u00e3o e, posteriormente, se tornaram desfalques importantes para a equipe. Essa aus\u00eancia foi sentida no confronto seguinte, j\u00e1 v\u00e1lido pelo Campeonato Brasileiro, no qual a defesa teve que ser reorganizada.<\/p>\n\n\n\n<p>A nova forma\u00e7\u00e3o defensiva contou com nomes como Matheus e Cac\u00e1, evidenciando a limita\u00e7\u00e3o de op\u00e7\u00f5es no elenco. Para Kfouri, o pre\u00e7o pago pela conquista do estadual foi alto, visto que os atletas lesionados eram considerados pe\u00e7as-chave no time titular.<\/p>\n\n\n\n<p>Por fim, o jornalista adotou um tom de pessimismo ao analisar o que espera do Corinthians para o restante da temporada. \u201cN\u00e3o \u00e9 um time para grandes ambi\u00e7\u00f5es em 2025\u201d, concluiu, indicando que, para ele, a ta\u00e7a estadual ser\u00e1 o ponto alto do ano alvinegro.<\/p>\n\n\n\n<p>Apesar das cr\u00edticas, o comportamento da torcida tamb\u00e9m pode ser interpretado como uma forma de valoriza\u00e7\u00e3o das conquistas poss\u00edveis diante de um cen\u00e1rio esportivo desafiador. Afinal, o t\u00edtulo estadual ainda representa um feito relevante, especialmente em um contexto de reformula\u00e7\u00e3o do elenco e instabilidade dentro de campo. Contudo, conforme destacou Kfouri, esse tipo de rea\u00e7\u00e3o pode revelar uma mudan\u00e7a no perfil de exig\u00eancia do torcedor corintiano, tradicionalmente conhecido por sua cobran\u00e7a intensa por grandes resultados.<\/p>\n","protected":false},"excerpt":{"rendered":"<p>Durante participa\u00e7\u00e3o em um programa esportivo, Juca Kfouri expressou insatisfa\u00e7\u00e3o com a forma como parte da torcida do Corinthians recebeu a recente derrota para o Palmeiras. Segundo o jornalista, o rev\u00e9s no D\u00e9rbi foi minimizado por muitos torcedores, que preferiram valorizar a conquista do Campeonato Paulista, t\u00edtulo obtido justamente diante do rival alviverde. A avalia\u00e7\u00e3o [&hellip;]<\/p>\n","protected":false},"author":27,"featured_media":249244,"comment_status":"open","ping_status":"closed","sticky":false,"template":"","format":"standard","meta":{"footnotes":""},"categories":[141],"tags":[],"class_list":["post-253639","post","type-post","status-publish","format-standard","has-post-thumbnail","hentry","category-corinthians"],"yoast_head":"<!-- This site is optimized with the Yoast SEO Premium plugin v24.2 (Yoast SEO v26.9) - https:\/\/yoast.com\/product\/yoast-seo-premium-wordpress\/ -->\n<title>A forte declara\u00e7\u00e3o de Kfouri direcionada a torcida do Corinthans<\/title>\n<meta name=\"robots\" content=\"index, follow, max-snippet:-1, max-image-preview:large, max-video-preview:-1\" \/>\n<link rel=\"canonical\" href=\"https:\/\/www.gaveanews.com\/index.php\/2025\/04\/15\/a-forte-declaracao-de-kfouri-direcionada-a-torcida-do-corinthans\/\" \/>\n<meta property=\"og:locale\" content=\"pt_BR\" \/>\n<meta property=\"og:type\" content=\"article\" \/>\n<meta property=\"og:title\" content=\"A forte declara\u00e7\u00e3o de Kfouri direcionada a torcida do Corinthans\" \/>\n<meta property=\"og:description\" content=\"Durante participa\u00e7\u00e3o em um programa esportivo, Juca Kfouri expressou insatisfa\u00e7\u00e3o com a forma como parte da torcida do Corinthians recebeu a recente derrota para o Palmeiras. Segundo o jornalista, o rev\u00e9s no D\u00e9rbi foi minimizado por muitos torcedores, que preferiram valorizar a conquista do Campeonato Paulista, t\u00edtulo obtido justamente diante do rival alviverde. A avalia\u00e7\u00e3o [&hellip;]\" \/>\n<meta property=\"og:url\" content=\"https:\/\/www.gaveanews.com\/index.php\/2025\/04\/15\/a-forte-declaracao-de-kfouri-direcionada-a-torcida-do-corinthans\/\" \/>\n<meta property=\"og:site_name\" content=\"G\u00e1vea News\" \/>\n<meta property=\"article:publisher\" content=\"https:\/\/facebook.com\/gaveaNews\/\" \/>\n<meta property=\"article:published_time\" content=\"2025-04-15T03:55:00+00:00\" \/>\n<meta property=\"og:image\" content=\"https:\/\/www.gaveanews.com\/wp-content\/uploads\/Torcida-do-Corinthians.webp\" \/>\n\t<meta property=\"og:image:width\" content=\"897\" \/>\n\t<meta property=\"og:image:height\" content=\"514\" \/>\n\t<meta property=\"og:image:type\" content=\"image\/jpeg\" \/>\n<meta name=\"author\" content=\"Matheus Felipe\" \/>\n<meta name=\"twitter:card\" content=\"summary_large_image\" \/>\n<meta name=\"twitter:label1\" content=\"Escrito por\" \/>\n\t<meta name=\"twitter:data1\" content=\"Matheus Felipe\" \/>\n\t<meta name=\"twitter:label2\" content=\"Est. tempo de leitura\" \/>\n\t<meta name=\"twitter:data2\" content=\"3 minutos\" \/>\n<script type=\"application\/ld+json\" class=\"yoast-schema-graph\">{\"@context\":\"https:\/\/schema.org\",\"@graph\":[{\"@type\":\"NewsArticle\",\"@id\":\"https:\/\/www.gaveanews.com\/index.php\/2025\/04\/15\/a-forte-declaracao-de-kfouri-direcionada-a-torcida-do-corinthans\/#article\",\"isPartOf\":{\"@id\":\"https:\/\/www.gaveanews.com\/index.php\/2025\/04\/15\/a-forte-declaracao-de-kfouri-direcionada-a-torcida-do-corinthans\/\"},\"author\":{\"name\":\"Matheus Felipe\",\"@id\":\"https:\/\/www.gaveanews.com\/#\/schema\/person\/8207cd4627f56151707418bfc835b2fb\"},\"headline\":\"A forte declara\u00e7\u00e3o de Kfouri direcionada a torcida do Corinthans\",\"datePublished\":\"2025-04-15T03:55:00+00:00\",\"mainEntityOfPage\":{\"@id\":\"https:\/\/www.gaveanews.com\/index.php\/2025\/04\/15\/a-forte-declaracao-de-kfouri-direcionada-a-torcida-do-corinthans\/\"},\"wordCount\":415,\"commentCount\":0,\"image\":{\"@id\":\"https:\/\/www.gaveanews.com\/index.php\/2025\/04\/15\/a-forte-declaracao-de-kfouri-direcionada-a-torcida-do-corinthans\/#primaryimage\"},\"thumbnailUrl\":\"https:\/\/www.gaveanews.com\/wp-content\/uploads\/Torcida-do-Corinthians.webp\",\"articleSection\":[\"Corinthians\"],\"inLanguage\":\"pt-BR\",\"potentialAction\":[{\"@type\":\"CommentAction\",\"name\":\"Comment\",\"target\":[\"https:\/\/www.gaveanews.com\/index.php\/2025\/04\/15\/a-forte-declaracao-de-kfouri-direcionada-a-torcida-do-corinthans\/#respond\"]}],\"copyrightYear\":\"2025\",\"copyrightHolder\":{\"@id\":\"https:\/\/www.gaveanews.com\/#organization\"}},{\"@type\":\"WebPage\",\"@id\":\"https:\/\/www.gaveanews.com\/index.php\/2025\/04\/15\/a-forte-declaracao-de-kfouri-direcionada-a-torcida-do-corinthans\/\",\"url\":\"https:\/\/www.gaveanews.com\/index.php\/2025\/04\/15\/a-forte-declaracao-de-kfouri-direcionada-a-torcida-do-corinthans\/\",\"name\":\"A forte declara\u00e7\u00e3o de Kfouri direcionada a torcida do Corinthans\",\"isPartOf\":{\"@id\":\"https:\/\/www.gaveanews.com\/#website\"},\"primaryImageOfPage\":{\"@id\":\"https:\/\/www.gaveanews.com\/index.php\/2025\/04\/15\/a-forte-declaracao-de-kfouri-direcionada-a-torcida-do-corinthans\/#primaryimage\"},\"image\":{\"@id\":\"https:\/\/www.gaveanews.com\/index.php\/2025\/04\/15\/a-forte-declaracao-de-kfouri-direcionada-a-torcida-do-corinthans\/#primaryimage\"},\"thumbnailUrl\":\"https:\/\/www.gaveanews.com\/wp-content\/uploads\/Torcida-do-Corinthians.webp\",\"datePublished\":\"2025-04-15T03:55:00+00:00\",\"author\":{\"@id\":\"https:\/\/www.gaveanews.com\/#\/schema\/person\/8207cd4627f56151707418bfc835b2fb\"},\"breadcrumb\":{\"@id\":\"https:\/\/www.gaveanews.com\/index.php\/2025\/04\/15\/a-forte-declaracao-de-kfouri-direcionada-a-torcida-do-corinthans\/#breadcrumb\"},\"inLanguage\":\"pt-BR\",\"potentialAction\":[{\"@type\":\"ReadAction\",\"target\":[\"https:\/\/www.gaveanews.com\/index.php\/2025\/04\/15\/a-forte-declaracao-de-kfouri-direcionada-a-torcida-do-corinthans\/\"]}]},{\"@type\":\"ImageObject\",\"inLanguage\":\"pt-BR\",\"@id\":\"https:\/\/www.gaveanews.com\/index.php\/2025\/04\/15\/a-forte-declaracao-de-kfouri-direcionada-a-torcida-do-corinthans\/#primaryimage\",\"url\":\"https:\/\/www.gaveanews.com\/wp-content\/uploads\/Torcida-do-Corinthians.webp\",\"contentUrl\":\"https:\/\/www.gaveanews.com\/wp-content\/uploads\/Torcida-do-Corinthians.webp\",\"width\":897,\"height\":514,\"caption\":\"Torcida do Corinthians (Foto: Rorigo Coca\/Ag\u00eancia Corinthians)\"},{\"@type\":\"BreadcrumbList\",\"@id\":\"https:\/\/www.gaveanews.com\/index.php\/2025\/04\/15\/a-forte-declaracao-de-kfouri-direcionada-a-torcida-do-corinthans\/#breadcrumb\",\"itemListElement\":[{\"@type\":\"ListItem\",\"position\":1,\"name\":\"Home\",\"item\":\"https:\/\/www.gaveanews.com\/\"},{\"@type\":\"ListItem\",\"position\":2,\"name\":\"A forte declara\u00e7\u00e3o de Kfouri direcionada a torcida do Corinthans\"}]},{\"@type\":\"WebSite\",\"@id\":\"https:\/\/www.gaveanews.com\/#website\",\"url\":\"https:\/\/www.gaveanews.com\/\",\"name\":\"G\u00e1vea News\",\"description\":\"Veja todas as not\u00edcias sobre o Flamengo: Contrata\u00e7\u00f5es, categorias de base, resultados das partidas, tabela de classifica\u00e7\u00e3o, pr\u00f3ximos jogos!\",\"potentialAction\":[{\"@type\":\"SearchAction\",\"target\":{\"@type\":\"EntryPoint\",\"urlTemplate\":\"https:\/\/www.gaveanews.com\/?s={search_term_string}\"},\"query-input\":{\"@type\":\"PropertyValueSpecification\",\"valueRequired\":true,\"valueName\":\"search_term_string\"}}],\"inLanguage\":\"pt-BR\"},{\"@type\":\"Person\",\"@id\":\"https:\/\/www.gaveanews.com\/#\/schema\/person\/8207cd4627f56151707418bfc835b2fb\",\"name\":\"Matheus Felipe\",\"image\":{\"@type\":\"ImageObject\",\"inLanguage\":\"pt-BR\",\"@id\":\"https:\/\/www.gaveanews.com\/#\/schema\/person\/image\/\",\"url\":\"https:\/\/secure.gravatar.com\/avatar\/a452ffbed9130f726358b298bb3a99ce4bd3c5338411f8440e87e14d74c7c087?s=96&d=mm&r=g\",\"contentUrl\":\"https:\/\/secure.gravatar.com\/avatar\/a452ffbed9130f726358b298bb3a99ce4bd3c5338411f8440e87e14d74c7c087?s=96&d=mm&r=g\",\"caption\":\"Matheus Felipe\"}}]}<\/script>\n<!-- \/ Yoast SEO Premium plugin. -->","yoast_head_json":{"title":"A forte declara\u00e7\u00e3o de Kfouri direcionada a torcida do Corinthans","robots":{"index":"index","follow":"follow","max-snippet":"max-snippet:-1","max-image-preview":"max-image-preview:large","max-video-preview":"max-video-preview:-1"},"canonical":"https:\/\/www.gaveanews.com\/index.php\/2025\/04\/15\/a-forte-declaracao-de-kfouri-direcionada-a-torcida-do-corinthans\/","og_locale":"pt_BR","og_type":"article","og_title":"A forte declara\u00e7\u00e3o de Kfouri direcionada a torcida do Corinthans","og_description":"Durante participa\u00e7\u00e3o em um programa esportivo, Juca Kfouri expressou insatisfa\u00e7\u00e3o com a forma como parte da torcida do Corinthians recebeu a recente derrota para o Palmeiras. Segundo o jornalista, o rev\u00e9s no D\u00e9rbi foi minimizado por muitos torcedores, que preferiram valorizar a conquista do Campeonato Paulista, t\u00edtulo obtido justamente diante do rival alviverde. A avalia\u00e7\u00e3o [&hellip;]","og_url":"https:\/\/www.gaveanews.com\/index.php\/2025\/04\/15\/a-forte-declaracao-de-kfouri-direcionada-a-torcida-do-corinthans\/","og_site_name":"G\u00e1vea News","article_publisher":"https:\/\/facebook.com\/gaveaNews\/","article_published_time":"2025-04-15T03:55:00+00:00","og_image":[{"width":897,"height":514,"url":"https:\/\/www.gaveanews.com\/wp-content\/uploads\/Torcida-do-Corinthians.webp","type":"image\/jpeg"}],"author":"Matheus Felipe","twitter_card":"summary_large_image","twitter_misc":{"Escrito por":"Matheus Felipe","Est. tempo de leitura":"3 minutos"},"schema":{"@context":"https:\/\/schema.org","@graph":[{"@type":"NewsArticle","@id":"https:\/\/www.gaveanews.com\/index.php\/2025\/04\/15\/a-forte-declaracao-de-kfouri-direcionada-a-torcida-do-corinthans\/#article","isPartOf":{"@id":"https:\/\/www.gaveanews.com\/index.php\/2025\/04\/15\/a-forte-declaracao-de-kfouri-direcionada-a-torcida-do-corinthans\/"},"author":{"name":"Matheus Felipe","@id":"https:\/\/www.gaveanews.com\/#\/schema\/person\/8207cd4627f56151707418bfc835b2fb"},"headline":"A forte declara\u00e7\u00e3o de Kfouri direcionada a torcida do Corinthans","datePublished":"2025-04-15T03:55:00+00:00","mainEntityOfPage":{"@id":"https:\/\/www.gaveanews.com\/index.php\/2025\/04\/15\/a-forte-declaracao-de-kfouri-direcionada-a-torcida-do-corinthans\/"},"wordCount":415,"commentCount":0,"image":{"@id":"https:\/\/www.gaveanews.com\/index.php\/2025\/04\/15\/a-forte-declaracao-de-kfouri-direcionada-a-torcida-do-corinthans\/#primaryimage"},"thumbnailUrl":"https:\/\/www.gaveanews.com\/wp-content\/uploads\/Torcida-do-Corinthians.webp","articleSection":["Corinthians"],"inLanguage":"pt-BR","potentialAction":[{"@type":"CommentAction","name":"Comment","target":["https:\/\/www.gaveanews.com\/index.php\/2025\/04\/15\/a-forte-declaracao-de-kfouri-direcionada-a-torcida-do-corinthans\/#respond"]}],"copyrightYear":"2025","copyrightHolder":{"@id":"https:\/\/www.gaveanews.com\/#organization"}},{"@type":"WebPage","@id":"https:\/\/www.gaveanews.com\/index.php\/2025\/04\/15\/a-forte-declaracao-de-kfouri-direcionada-a-torcida-do-corinthans\/","url":"https:\/\/www.gaveanews.com\/index.php\/2025\/04\/15\/a-forte-declaracao-de-kfouri-direcionada-a-torcida-do-corinthans\/","name":"A forte declara\u00e7\u00e3o de Kfouri direcionada a torcida do Corinthans","isPartOf":{"@id":"https:\/\/www.gaveanews.com\/#website"},"primaryImageOfPage":{"@id":"https:\/\/www.gaveanews.com\/index.php\/2025\/04\/15\/a-forte-declaracao-de-kfouri-direcionada-a-torcida-do-corinthans\/#primaryimage"},"image":{"@id":"https:\/\/www.gaveanews.com\/index.php\/2025\/04\/15\/a-forte-declaracao-de-kfouri-direcionada-a-torcida-do-corinthans\/#primaryimage"},"thumbnailUrl":"https:\/\/www.gaveanews.com\/wp-content\/uploads\/Torcida-do-Corinthians.webp","datePublished":"2025-04-15T03:55:00+00:00","author":{"@id":"https:\/\/www.gaveanews.com\/#\/schema\/person\/8207cd4627f56151707418bfc835b2fb"},"breadcrumb":{"@id":"https:\/\/www.gaveanews.com\/index.php\/2025\/04\/15\/a-forte-declaracao-de-kfouri-direcionada-a-torcida-do-corinthans\/#breadcrumb"},"inLanguage":"pt-BR","potentialAction":[{"@type":"ReadAction","target":["https:\/\/www.gaveanews.com\/index.php\/2025\/04\/15\/a-forte-declaracao-de-kfouri-direcionada-a-torcida-do-corinthans\/"]}]},{"@type":"ImageObject","inLanguage":"pt-BR","@id":"https:\/\/www.gaveanews.com\/index.php\/2025\/04\/15\/a-forte-declaracao-de-kfouri-direcionada-a-torcida-do-corinthans\/#primaryimage","url":"https:\/\/www.gaveanews.com\/wp-content\/uploads\/Torcida-do-Corinthians.webp","contentUrl":"https:\/\/www.gaveanews.com\/wp-content\/uploads\/Torcida-do-Corinthians.webp","width":897,"height":514,"caption":"Torcida do Corinthians (Foto: Rorigo Coca\/Ag\u00eancia Corinthians)"},{"@type":"BreadcrumbList","@id":"https:\/\/www.gaveanews.com\/index.php\/2025\/04\/15\/a-forte-declaracao-de-kfouri-direcionada-a-torcida-do-corinthans\/#breadcrumb","itemListElement":[{"@type":"ListItem","position":1,"name":"Home","item":"https:\/\/www.gaveanews.com\/"},{"@type":"ListItem","position":2,"name":"A forte declara\u00e7\u00e3o de Kfouri direcionada a torcida do Corinthans"}]},{"@type":"WebSite","@id":"https:\/\/www.gaveanews.com\/#website","url":"https:\/\/www.gaveanews.com\/","name":"G\u00e1vea News","description":"Veja todas as not\u00edcias sobre o Flamengo: Contrata\u00e7\u00f5es, categorias de base, resultados das partidas, tabela de classifica\u00e7\u00e3o, pr\u00f3ximos jogos!","potentialAction":[{"@type":"SearchAction","target":{"@type":"EntryPoint","urlTemplate":"https:\/\/www.gaveanews.com\/?s={search_term_string}"},"query-input":{"@type":"PropertyValueSpecification","valueRequired":true,"valueName":"search_term_string"}}],"inLanguage":"pt-BR"},{"@type":"Person","@id":"https:\/\/www.gaveanews.com\/#\/schema\/person\/8207cd4627f56151707418bfc835b2fb","name":"Matheus Felipe","image":{"@type":"ImageObject","inLanguage":"pt-BR","@id":"https:\/\/www.gaveanews.com\/#\/schema\/person\/image\/","url":"https:\/\/secure.gravatar.com\/avatar\/a452ffbed9130f726358b298bb3a99ce4bd3c5338411f8440e87e14d74c7c087?s=96&d=mm&r=g","contentUrl":"https:\/\/secure.gravatar.com\/avatar\/a452ffbed9130f726358b298bb3a99ce4bd3c5338411f8440e87e14d74c7c087?s=96&d=mm&r=g","caption":"Matheus Felipe"}}]}},"_links":{"self":[{"href":"https:\/\/www.gaveanews.com\/index.php\/wp-json\/wp\/v2\/posts\/253639","targetHints":{"allow":["GET"]}}],"collection":[{"href":"https:\/\/www.gaveanews.com\/index.php\/wp-json\/wp\/v2\/posts"}],"about":[{"href":"https:\/\/www.gaveanews.com\/index.php\/wp-json\/wp\/v2\/types\/post"}],"author":[{"embeddable":true,"href":"https:\/\/www.gaveanews.com\/index.php\/wp-json\/wp\/v2\/users\/27"}],"replies":[{"embeddable":true,"href":"https:\/\/www.gaveanews.com\/index.php\/wp-json\/wp\/v2\/comments?post=253639"}],"version-history":[{"count":1,"href":"https:\/\/www.gaveanews.com\/index.php\/wp-json\/wp\/v2\/posts\/253639\/revisions"}],"predecessor-version":[{"id":253644,"href":"https:\/\/www.gaveanews.com\/index.php\/wp-json\/wp\/v2\/posts\/253639\/revisions\/253644"}],"wp:featuredmedia":[{"embeddable":true,"href":"https:\/\/www.gaveanews.com\/index.php\/wp-json\/wp\/v2\/media\/249244"}],"wp:attachment":[{"href":"https:\/\/www.gaveanews.com\/index.php\/wp-json\/wp\/v2\/media?parent=253639"}],"wp:term":[{"taxonomy":"category","embeddable":true,"href":"https:\/\/www.gaveanews.com\/index.php\/wp-json\/wp\/v2\/categories?post=253639"},{"taxonomy":"post_tag","embeddable":true,"href":"https:\/\/www.gaveanews.com\/index.php\/wp-json\/wp\/v2\/tags?post=253639"}],"curies":[{"name":"wp","href":"https:\/\/api.w.org\/{rel}","templated":true}]}}